{"id":122363,"date":"2023-11-23T08:25:27","date_gmt":"2023-11-23T08:25:27","guid":{"rendered":"https:\/\/www.nettali.com\/?p=122363"},"modified":"2023-11-23T08:25:43","modified_gmt":"2023-11-23T08:25:43","slug":"en-coulisses-mourinho-repond-a-la-rumeur","status":"publish","type":"post","link":"https:\/\/www.nettali.com\/2023\/11\/23\/en-coulisses-mourinho-repond-a-la-rumeur\/","title":{"rendered":"EN COULISSES - Mourinho re\u0301pond  a\u0300 la rumeur"},"content":{"rendered":"<div class=\"page\" title=\"Page 12\">\n<div class=\"section\">\n<div class=\"layoutArea\">\n<div class=\"column\">\n<p><strong>NETTALI.COM -<\/strong> En fin de contrat avec l'AS Rome, Jose\u0301 Mourinho a e\u0301te\u0301 associe\u0301 au Real Madrid pour remplacer Carlo Ancelotti en cas de de\u0301part de l'Italien en fin de saison. Dans une interview accorde\u0301e a\u0300 la Rai, le technicien portugais a e\u0301voque\u0301 cette rumeur.<\/p>\n<p>\"<em>Florentino est quelqu'un de tre\u0300s intelligent. Il a de\u0301ja\u0300 un grand entrai\u0302neur alors pourquoi en chercherait-il un autre ? En tant que Madridista, j'espe\u0300re que Carlo sera encore pre\u0301sent la saison prochaine, car je pense qu'il est l'entrai\u0302neur parfait pour le Real Madrid. (...) A mon avis, seul un fou quitterait le Real Madrid quand le Real Madrid veut encore de lui. Et ce fou, c'est moi, le seul qui, apre\u0300s trois anne\u0301es (2010-2013) avec un pre\u0301sident que j'aimais tant, a de\u0301cide\u0301 de partir. Je suis su\u0302r qu'au premier signe de Florentino, Carlo dira qu\u2019il reste a\u0300 Madrid<\/em>\", a pre\u0301dit le \"<em>Special One<\/em>\".<\/p>\n<\/div>\n<\/div>\n<\/div>\n<\/div>\n<div class='share-to-whatsapp-wrapper'><div class='share-on-whsp'>PARTAGER SUR : <\/div><a data-text='EN COULISSES - Mourinho re\u0301pond  a\u0300 la rumeur' data-link='https:\/\/www.nettali.com\/2023\/11\/23\/en-coulisses-mourinho-repond-a-la-rumeur\/' class='whatsapp-button whatsapp-share'>WhatsApp<\/a><div class='clear '><\/div><\/div>","protected":false},"excerpt":{"rendered":"<p>NETTALI.COM - En fin de contrat avec l'AS Rome, Jose\u0301 Mourinho a e\u0301te\u0301 associe\u0301 au Real Madrid pour remplacer Carlo Ancelotti en cas de de\u0301part de l'Italien en fin de saison. Dans une interview accorde\u0301e a\u0300 la Rai, le technicien portugais a e\u0301voque\u0301 cette rumeur. \"Florentino est quelqu'un de tre\u0300s intelligent. Il a de\u0301ja\u0300 un [&hellip;]<\/p>\n","protected":false},"author":2,"featured_media":122364,"comment_status":"open","ping_status":"open","sticky":false,"template":"","format":"standard","meta":{"_et_pb_use_builder":"","_et_pb_old_content":""},"categories":[34945],"tags":[],"yoast_head":"<!-- This site is optimized with the Yoast SEO Premium plugin v17.8 (Yoast SEO v17.8) - https:\/\/yoast.com\/wordpress\/plugins\/seo\/ -->\n<title>EN COULISSES - Mourinho re\u0301pond a\u0300 la rumeur | Nettali.com<\/title>\n<meta name=\"robots\" content=\"index, follow, max-snippet:-1, max-image-preview:large, max-video-preview:-1\" \/>\n<link rel=\"canonical\" href=\"https:\/\/www.nettali.com\/2023\/11\/23\/en-coulisses-mourinho-repond-a-la-rumeur\/\" \/>\n<meta property=\"og:locale\" content=\"fr_FR\" \/>\n<meta property=\"og:type\" content=\"article\" \/>\n<meta property=\"og:title\" content=\"EN COULISSES - Mourinho re\u0301pond a\u0300 la rumeur\" \/>\n<meta property=\"og:description\" content=\"NETTALI.COM - En fin de contrat avec l&#039;AS Rome, Jose\u0301 Mourinho a e\u0301te\u0301 associe\u0301 au Real Madrid pour remplacer Carlo Ancelotti en cas de de\u0301part de l&#039;Italien en fin de saison. Dans une interview accorde\u0301e a\u0300 la Rai, le technicien portugais a e\u0301voque\u0301 cette rumeur. &quot;Florentino est quelqu&#039;un de tre\u0300s intelligent. Il a de\u0301ja\u0300 un [&hellip;]\" \/>\n<meta property=\"og:url\" content=\"https:\/\/www.nettali.com\/2023\/11\/23\/en-coulisses-mourinho-repond-a-la-rumeur\/\" \/>\n<meta property=\"og:site_name\" content=\"Nettali.com\" \/>\n<meta property=\"article:publisher\" content=\"https:\/\/www.facebook.com\/nettalicom\" \/>\n<meta property=\"article:published_time\" content=\"2023-11-23T08:25:27+00:00\" \/>\n<meta property=\"article:modified_time\" content=\"2023-11-23T08:25:43+00:00\" \/>\n<meta property=\"og:image\" content=\"https:\/\/www.nettali.com\/wp-content\/uploads\/2023\/11\/Jose-Mourinho-06112020-600\u00d7337.jpg\" \/>\n\t<meta property=\"og:image:width\" content=\"600\" \/>\n\t<meta property=\"og:image:height\" content=\"337\" \/>\n<meta name=\"twitter:card\" content=\"summary_large_image\" \/>\n<meta name=\"twitter:label1\" content=\"\u00c9crit par\" \/>\n\t<meta name=\"twitter:data1\" content=\"CK\" \/>\n\t<meta name=\"twitter:label2\" content=\"Dur\u00e9e de lecture estim\u00e9e\" \/>\n\t<meta name=\"twitter:data2\" content=\"1 minute\" \/>\n<script type=\"application\/ld+json\" class=\"yoast-schema-graph\">{\"@context\":\"https:\/\/schema.org\",\"@graph\":[{\"@type\":\"WebSite\",\"@id\":\"https:\/\/www.nettali.com\/#website\",\"url\":\"https:\/\/www.nettali.com\/\",\"name\":\"Nettali.com\",\"description\":\"Le rendez-vous critique du Net\",\"potentialAction\":[{\"@type\":\"SearchAction\",\"target\":{\"@type\":\"EntryPoint\",\"urlTemplate\":\"https:\/\/www.nettali.com\/?s={search_term_string}\"},\"query-input\":\"required name=search_term_string\"}],\"inLanguage\":\"fr-FR\"},{\"@type\":\"ImageObject\",\"@id\":\"https:\/\/www.nettali.com\/2023\/11\/23\/en-coulisses-mourinho-repond-a-la-rumeur\/#primaryimage\",\"inLanguage\":\"fr-FR\",\"url\":\"https:\/\/www.nettali.com\/wp-content\/uploads\/2023\/11\/Jose-Mourinho-06112020-600\\u00d7337.jpg\",\"contentUrl\":\"https:\/\/www.nettali.com\/wp-content\/uploads\/2023\/11\/Jose-Mourinho-06112020-600\\u00d7337.jpg\",\"width\":600,\"height\":337},{\"@type\":\"WebPage\",\"@id\":\"https:\/\/www.nettali.com\/2023\/11\/23\/en-coulisses-mourinho-repond-a-la-rumeur\/#webpage\",\"url\":\"https:\/\/www.nettali.com\/2023\/11\/23\/en-coulisses-mourinho-repond-a-la-rumeur\/\",\"name\":\"EN COULISSES - Mourinho re\\u0301pond a\\u0300 la rumeur | Nettali.com\",\"isPartOf\":{\"@id\":\"https:\/\/www.nettali.com\/#website\"},\"primaryImageOfPage\":{\"@id\":\"https:\/\/www.nettali.com\/2023\/11\/23\/en-coulisses-mourinho-repond-a-la-rumeur\/#primaryimage\"},\"datePublished\":\"2023-11-23T08:25:27+00:00\",\"dateModified\":\"2023-11-23T08:25:43+00:00\",\"author\":{\"@id\":\"https:\/\/www.nettali.com\/#\/schema\/person\/d8ac7b7e27ddad43f1c0d2ef090d7f71\"},\"breadcrumb\":{\"@id\":\"https:\/\/www.nettali.com\/2023\/11\/23\/en-coulisses-mourinho-repond-a-la-rumeur\/#breadcrumb\"},\"inLanguage\":\"fr-FR\",\"potentialAction\":[{\"@type\":\"ReadAction\",\"target\":[\"https:\/\/www.nettali.com\/2023\/11\/23\/en-coulisses-mourinho-repond-a-la-rumeur\/\"]}]},{\"@type\":\"BreadcrumbList\",\"@id\":\"https:\/\/www.nettali.com\/2023\/11\/23\/en-coulisses-mourinho-repond-a-la-rumeur\/#breadcrumb\",\"itemListElement\":[{\"@type\":\"ListItem\",\"position\":1,\"name\":\"Accueil\",\"item\":\"https:\/\/www.nettali.com\/\"},{\"@type\":\"ListItem\",\"position\":2,\"name\":\"EN COULISSES - Mourinho re\\u0301pond a\\u0300 la rumeur\"}]},{\"@type\":\"Person\",\"@id\":\"https:\/\/www.nettali.com\/#\/schema\/person\/d8ac7b7e27ddad43f1c0d2ef090d7f71\",\"name\":\"CK\",\"image\":{\"@type\":\"ImageObject\",\"@id\":\"https:\/\/www.nettali.com\/#personlogo\",\"inLanguage\":\"fr-FR\",\"url\":\"https:\/\/secure.gravatar.com\/avatar\/1d8d5118b9327d94da7cd4ce7f17fec2?s=96&d=mm&r=g\",\"contentUrl\":\"https:\/\/secure.gravatar.com\/avatar\/1d8d5118b9327d94da7cd4ce7f17fec2?s=96&d=mm&r=g\",\"caption\":\"CK\"},\"sameAs\":[\"https:\/\/www.nettali.com\"]}]}<\/script>\n<!-- \/ Yoast SEO Premium plugin. -->","yoast_head_json":{"title":"EN COULISSES - Mourinho re\u0301pond a\u0300 la rumeur | Nettali.com","robots":{"index":"index","follow":"follow","max-snippet":"max-snippet:-1","max-image-preview":"max-image-preview:large","max-video-preview":"max-video-preview:-1"},"canonical":"https:\/\/www.nettali.com\/2023\/11\/23\/en-coulisses-mourinho-repond-a-la-rumeur\/","og_locale":"fr_FR","og_type":"article","og_title":"EN COULISSES - Mourinho re\u0301pond a\u0300 la rumeur","og_description":"NETTALI.COM - En fin de contrat avec l'AS Rome, Jose\u0301 Mourinho a e\u0301te\u0301 associe\u0301 au Real Madrid pour remplacer Carlo Ancelotti en cas de de\u0301part de l'Italien en fin de saison. Dans une interview accorde\u0301e a\u0300 la Rai, le technicien portugais a e\u0301voque\u0301 cette rumeur. \"Florentino est quelqu'un de tre\u0300s intelligent. Il a de\u0301ja\u0300 un [&hellip;]","og_url":"https:\/\/www.nettali.com\/2023\/11\/23\/en-coulisses-mourinho-repond-a-la-rumeur\/","og_site_name":"Nettali.com","article_publisher":"https:\/\/www.facebook.com\/nettalicom","article_published_time":"2023-11-23T08:25:27+00:00","article_modified_time":"2023-11-23T08:25:43+00:00","og_image":[{"width":600,"height":337,"url":"https:\/\/www.nettali.com\/wp-content\/uploads\/2023\/11\/Jose-Mourinho-06112020-600\u00d7337.jpg","type":"image\/jpeg"}],"twitter_card":"summary_large_image","twitter_misc":{"\u00c9crit par":"CK","Dur\u00e9e de lecture estim\u00e9e":"1 minute"},"schema":{"@context":"https:\/\/schema.org","@graph":[{"@type":"WebSite","@id":"https:\/\/www.nettali.com\/#website","url":"https:\/\/www.nettali.com\/","name":"Nettali.com","description":"Le rendez-vous critique du Net","potentialAction":[{"@type":"SearchAction","target":{"@type":"EntryPoint","urlTemplate":"https:\/\/www.nettali.com\/?s={search_term_string}"},"query-input":"required name=search_term_string"}],"inLanguage":"fr-FR"},{"@type":"ImageObject","@id":"https:\/\/www.nettali.com\/2023\/11\/23\/en-coulisses-mourinho-repond-a-la-rumeur\/#primaryimage","inLanguage":"fr-FR","url":"https:\/\/www.nettali.com\/wp-content\/uploads\/2023\/11\/Jose-Mourinho-06112020-600\u00d7337.jpg","contentUrl":"https:\/\/www.nettali.com\/wp-content\/uploads\/2023\/11\/Jose-Mourinho-06112020-600\u00d7337.jpg","width":600,"height":337},{"@type":"WebPage","@id":"https:\/\/www.nettali.com\/2023\/11\/23\/en-coulisses-mourinho-repond-a-la-rumeur\/#webpage","url":"https:\/\/www.nettali.com\/2023\/11\/23\/en-coulisses-mourinho-repond-a-la-rumeur\/","name":"EN COULISSES - Mourinho re\u0301pond a\u0300 la rumeur | Nettali.com","isPartOf":{"@id":"https:\/\/www.nettali.com\/#website"},"primaryImageOfPage":{"@id":"https:\/\/www.nettali.com\/2023\/11\/23\/en-coulisses-mourinho-repond-a-la-rumeur\/#primaryimage"},"datePublished":"2023-11-23T08:25:27+00:00","dateModified":"2023-11-23T08:25:43+00:00","author":{"@id":"https:\/\/www.nettali.com\/#\/schema\/person\/d8ac7b7e27ddad43f1c0d2ef090d7f71"},"breadcrumb":{"@id":"https:\/\/www.nettali.com\/2023\/11\/23\/en-coulisses-mourinho-repond-a-la-rumeur\/#breadcrumb"},"inLanguage":"fr-FR","potentialAction":[{"@type":"ReadAction","target":["https:\/\/www.nettali.com\/2023\/11\/23\/en-coulisses-mourinho-repond-a-la-rumeur\/"]}]},{"@type":"BreadcrumbList","@id":"https:\/\/www.nettali.com\/2023\/11\/23\/en-coulisses-mourinho-repond-a-la-rumeur\/#breadcrumb","itemListElement":[{"@type":"ListItem","position":1,"name":"Accueil","item":"https:\/\/www.nettali.com\/"},{"@type":"ListItem","position":2,"name":"EN COULISSES - Mourinho re\u0301pond a\u0300 la rumeur"}]},{"@type":"Person","@id":"https:\/\/www.nettali.com\/#\/schema\/person\/d8ac7b7e27ddad43f1c0d2ef090d7f71","name":"CK","image":{"@type":"ImageObject","@id":"https:\/\/www.nettali.com\/#personlogo","inLanguage":"fr-FR","url":"https:\/\/secure.gravatar.com\/avatar\/1d8d5118b9327d94da7cd4ce7f17fec2?s=96&d=mm&r=g","contentUrl":"https:\/\/secure.gravatar.com\/avatar\/1d8d5118b9327d94da7cd4ce7f17fec2?s=96&d=mm&r=g","caption":"CK"},"sameAs":["https:\/\/www.nettali.com"]}]}},"_links":{"self":[{"href":"https:\/\/www.nettali.com\/rest\/wp\/v2\/posts\/122363"}],"collection":[{"href":"https:\/\/www.nettali.com\/rest\/wp\/v2\/posts"}],"about":[{"href":"https:\/\/www.nettali.com\/rest\/wp\/v2\/types\/post"}],"author":[{"embeddable":true,"href":"https:\/\/www.nettali.com\/rest\/wp\/v2\/users\/2"}],"replies":[{"embeddable":true,"href":"https:\/\/www.nettali.com\/rest\/wp\/v2\/comments?post=122363"}],"version-history":[{"count":2,"href":"https:\/\/www.nettali.com\/rest\/wp\/v2\/posts\/122363\/revisions"}],"predecessor-version":[{"id":122366,"href":"https:\/\/www.nettali.com\/rest\/wp\/v2\/posts\/122363\/revisions\/122366"}],"wp:featuredmedia":[{"embeddable":true,"href":"https:\/\/www.nettali.com\/rest\/wp\/v2\/media\/122364"}],"wp:attachment":[{"href":"https:\/\/www.nettali.com\/rest\/wp\/v2\/media?parent=122363"}],"wp:term":[{"taxonomy":"category","embeddable":true,"href":"https:\/\/www.nettali.com\/rest\/wp\/v2\/categories?post=122363"},{"taxonomy":"post_tag","embeddable":true,"href":"https:\/\/www.nettali.com\/rest\/wp\/v2\/tags?post=122363"}],"curies":[{"name":"wp","href":"https:\/\/api.w.org\/{rel}","templated":true}]}}