{"id":122207,"date":"2023-11-20T17:01:38","date_gmt":"2023-11-20T17:01:38","guid":{"rendered":"https:\/\/www.nettali.com\/?p=122207"},"modified":"2023-11-21T00:04:16","modified_gmt":"2023-11-21T00:04:16","slug":"macky-sall-a-la-conference-sur-le-compact-africa-a-berlin-la-cherte-du-credit-sur-les-marches-est-un-frein-pour-lactivite-en-afrique","status":"publish","type":"post","link":"https:\/\/www.nettali.com\/2023\/11\/20\/macky-sall-a-la-conference-sur-le-compact-africa-a-berlin-la-cherte-du-credit-sur-les-marches-est-un-frein-pour-lactivite-en-afrique\/","title":{"rendered":"MACKY SALL A LA CONF\u00c9RENCE SUR LE\u00a0 \"COMPACT AFRICA\" A BERLIN - \"La chert\u00e9 du cr\u00e9dit sur les march\u00e9s est un frein pour l\u2019activit\u00e9 en Afrique\""},"content":{"rendered":"<p><strong>NETTALI.COM-\u00a0Le pr\u00e9sident de la R\u00e9publique est au Berlin pour prendre part \u00e0 la Conf\u00e9rence sur le \u00ab Compact avec l\u2019Afrique \u00bb qui a d\u00e9marr\u00e9 ce lundi 20 novembre. Macky Sall a d\u00e9nonc\u00e9 d\u00e9nonce la chert\u00e9 du cr\u00e9dit sur les march\u00e9s financiers qui pour lui constitue un un frein pour l\u2019activit\u00e9 en Afrique.<\/strong><\/p>\n<p>Lanc\u00e9 en 2017 par l\u2019ex Chanceli\u00e8re allemande Angela Merkel, sous la Pr\u00e9sidence allemande du G20, la Conf\u00e9rence sur le \u00ab Compact avec l\u2019Afrique \u00bb vise \u00e0 promouvoir des r\u00e9formes dans les pays africains b\u00e9n\u00e9ficiaires dont le S\u00e9n\u00e9gal, en vue de stimuler le commerce et l\u2019investissement avec l\u2019Afrique. Le Pr\u00e9sident Macky Sall qui a pris part \u00e0 cette tribune a soulev\u00e9 la chert\u00e9 du cr\u00e9dit sur les march\u00e9s financiers. \u00ab <em>Nous devons si nous voulons renforcer les r\u00e9sultats du \u00ab compact with africa \u00bb qua la R\u00e9publique f\u00e9d\u00e9rale d\u2019Allemagne a lanc\u00e9 depuis 2017 et que le S\u00e9n\u00e9gal se r\u00e9jouit d\u2019\u00eatre membre de cette initiative depuis le d\u00e9but, c\u2019est de voir quelles sont les contraintes qui doivent \u00eatre lev\u00e9es pour renforcer l\u2019investissement et le commerce en Afrique. La premi\u00e8re contrainte, c\u2019est la chert\u00e9 du cr\u00e9dit. Quand quelqu\u2019un veut investir en Afrique il sera toujours confront\u00e9 aux m\u00eames probl\u00e8mes de la perception sur les risques d\u2019investissement en Afrique. Ce fait est d\u00fb au syst\u00e8me de natation qui sont appliqu\u00e9 aux pays africains de fa\u00e7on non distinctive parce qu\u2019on dit, c\u2019est l\u2019Afrique subsaharienne, c\u2019est L\u2019Afrique bon, on met des coefficients. Et puis \u00e7a se traduit par une n\u00e9cessit\u00e9 de prendre des primes d\u2019assurances tr\u00e8s \u00e9lev\u00e9s y compris, lorsque nous faisons aux agents de cr\u00e9dit export comme Herm\u00e8s ici en Allemagne ect. Le cr\u00e9dit devient cher du fait du prime d\u2019assurances qu\u2019on y ajoute qui peuvent aller jusqu\u2019\u00e0 15%. C\u2019est un vrai frein du d\u00e9veloppement du commerce entre l\u2019Allemagne, l\u2019Afrique entre l\u2019Europe et L\u2019Afrique. De fa\u00e7on globale, un frein pour l\u2019activit\u00e9 en Afrique<\/em> \u00bb a d\u00e9clar\u00e9 le Chef de l\u2019\u00c9tat.<\/p>\n<p>Il poursuit : \u00ab <em>l\u2019Afrique c\u2019est 54 pays avec toutes les nuances du nord au sud de l\u2019est \u00e0 l\u2019ouest, au centre. C\u2019est aussi 1 milliards 300 millions d\u2019habitants avec un march\u00e9 important de middle class au tour de bient\u00f4t 400 millions de consommateurs. C\u2019est donc un march\u00e9 important<\/em> \u00bb.<\/p>\n<div class='share-to-whatsapp-wrapper'><div class='share-on-whsp'>PARTAGER SUR : <\/div><a data-text='MACKY SALL A LA CONF\u00c9RENCE SUR LE\u00a0 \"COMPACT AFRICA\" A BERLIN - \"La chert\u00e9 du cr\u00e9dit sur les march\u00e9s est un frein pour l\u2019activit\u00e9 en Afrique\"' data-link='https:\/\/www.nettali.com\/2023\/11\/20\/macky-sall-a-la-conference-sur-le-compact-africa-a-berlin-la-cherte-du-credit-sur-les-marches-est-un-frein-pour-lactivite-en-afrique\/' class='whatsapp-button whatsapp-share'>WhatsApp<\/a><div class='clear '><\/div><\/div>","protected":false},"excerpt":{"rendered":"<p>NETTALI.COM-\u00a0Le pr\u00e9sident de la R\u00e9publique est au Berlin pour prendre part \u00e0 la Conf\u00e9rence sur le \u00ab Compact avec l\u2019Afrique \u00bb qui a d\u00e9marr\u00e9 ce lundi 20 novembre. Macky Sall a d\u00e9nonc\u00e9 d\u00e9nonce la chert\u00e9 du cr\u00e9dit sur les march\u00e9s financiers qui pour lui constitue un un frein pour l\u2019activit\u00e9 en Afrique. Lanc\u00e9 en 2017 [&hellip;]<\/p>\n","protected":false},"author":6,"featured_media":113648,"comment_status":"open","ping_status":"open","sticky":false,"template":"","format":"standard","meta":{"_et_pb_use_builder":"","_et_pb_old_content":""},"categories":[4],"tags":[],"yoast_head":"<!-- This site is optimized with the Yoast SEO Premium plugin v17.8 (Yoast SEO v17.8) - https:\/\/yoast.com\/wordpress\/plugins\/seo\/ -->\n<title>MACKY SALL A LA CONF\u00c9RENCE SUR LE\u00a0 &quot;COMPACT AFRICA&quot; A BERLIN - &quot;La chert\u00e9 du cr\u00e9dit sur les march\u00e9s est un frein pour l\u2019activit\u00e9 en Afrique&quot; | Nettali.com<\/title>\n<meta name=\"robots\" content=\"index, follow, max-snippet:-1, max-image-preview:large, max-video-preview:-1\" \/>\n<link rel=\"canonical\" href=\"https:\/\/www.nettali.com\/2023\/11\/20\/macky-sall-a-la-conference-sur-le-compact-africa-a-berlin-la-cherte-du-credit-sur-les-marches-est-un-frein-pour-lactivite-en-afrique\/\" \/>\n<meta property=\"og:locale\" content=\"fr_FR\" \/>\n<meta property=\"og:type\" content=\"article\" \/>\n<meta property=\"og:title\" content=\"MACKY SALL A LA CONF\u00c9RENCE SUR LE\u00a0 &quot;COMPACT AFRICA&quot; A BERLIN - &quot;La chert\u00e9 du cr\u00e9dit sur les march\u00e9s est un frein pour l\u2019activit\u00e9 en Afrique&quot;\" \/>\n<meta property=\"og:description\" content=\"NETTALI.COM-\u00a0Le pr\u00e9sident de la R\u00e9publique est au Berlin pour prendre part \u00e0 la Conf\u00e9rence sur le \u00ab Compact avec l\u2019Afrique \u00bb qui a d\u00e9marr\u00e9 ce lundi 20 novembre. Macky Sall a d\u00e9nonc\u00e9 d\u00e9nonce la chert\u00e9 du cr\u00e9dit sur les march\u00e9s financiers qui pour lui constitue un un frein pour l\u2019activit\u00e9 en Afrique. Lanc\u00e9 en 2017 [&hellip;]\" \/>\n<meta property=\"og:url\" content=\"https:\/\/www.nettali.com\/2023\/11\/20\/macky-sall-a-la-conference-sur-le-compact-africa-a-berlin-la-cherte-du-credit-sur-les-marches-est-un-frein-pour-lactivite-en-afrique\/\" \/>\n<meta property=\"og:site_name\" content=\"Nettali.com\" \/>\n<meta property=\"article:publisher\" content=\"https:\/\/www.facebook.com\/nettalicom\" \/>\n<meta property=\"article:published_time\" content=\"2023-11-20T17:01:38+00:00\" \/>\n<meta property=\"article:modified_time\" content=\"2023-11-21T00:04:16+00:00\" \/>\n<meta property=\"og:image\" content=\"https:\/\/www.nettali.com\/wp-content\/uploads\/2023\/07\/macky-sall1.jpeg\" \/>\n\t<meta property=\"og:image:width\" content=\"943\" \/>\n\t<meta property=\"og:image:height\" content=\"585\" \/>\n<meta name=\"twitter:card\" content=\"summary_large_image\" \/>\n<meta name=\"twitter:label1\" content=\"\u00c9crit par\" \/>\n\t<meta name=\"twitter:data1\" content=\"Fatou\" \/>\n\t<meta name=\"twitter:label2\" content=\"Dur\u00e9e de lecture estim\u00e9e\" \/>\n\t<meta name=\"twitter:data2\" content=\"2 minutes\" \/>\n<script type=\"application\/ld+json\" class=\"yoast-schema-graph\">{\"@context\":\"https:\/\/schema.org\",\"@graph\":[{\"@type\":\"WebSite\",\"@id\":\"https:\/\/www.nettali.com\/#website\",\"url\":\"https:\/\/www.nettali.com\/\",\"name\":\"Nettali.com\",\"description\":\"Le rendez-vous critique du Net\",\"potentialAction\":[{\"@type\":\"SearchAction\",\"target\":{\"@type\":\"EntryPoint\",\"urlTemplate\":\"https:\/\/www.nettali.com\/?s={search_term_string}\"},\"query-input\":\"required name=search_term_string\"}],\"inLanguage\":\"fr-FR\"},{\"@type\":\"ImageObject\",\"@id\":\"https:\/\/www.nettali.com\/2023\/11\/20\/macky-sall-a-la-conference-sur-le-compact-africa-a-berlin-la-cherte-du-credit-sur-les-marches-est-un-frein-pour-lactivite-en-afrique\/#primaryimage\",\"inLanguage\":\"fr-FR\",\"url\":\"https:\/\/www.nettali.com\/wp-content\/uploads\/2023\/07\/macky-sall1.jpeg\",\"contentUrl\":\"https:\/\/www.nettali.com\/wp-content\/uploads\/2023\/07\/macky-sall1.jpeg\",\"width\":943,\"height\":585},{\"@type\":\"WebPage\",\"@id\":\"https:\/\/www.nettali.com\/2023\/11\/20\/macky-sall-a-la-conference-sur-le-compact-africa-a-berlin-la-cherte-du-credit-sur-les-marches-est-un-frein-pour-lactivite-en-afrique\/#webpage\",\"url\":\"https:\/\/www.nettali.com\/2023\/11\/20\/macky-sall-a-la-conference-sur-le-compact-africa-a-berlin-la-cherte-du-credit-sur-les-marches-est-un-frein-pour-lactivite-en-afrique\/\",\"name\":\"MACKY SALL A LA CONF\\u00c9RENCE SUR LE\\u00a0 \\\"COMPACT AFRICA\\\" A BERLIN - \\\"La chert\\u00e9 du cr\\u00e9dit sur les march\\u00e9s est un frein pour l\\u2019activit\\u00e9 en Afrique\\\" | Nettali.com\",\"isPartOf\":{\"@id\":\"https:\/\/www.nettali.com\/#website\"},\"primaryImageOfPage\":{\"@id\":\"https:\/\/www.nettali.com\/2023\/11\/20\/macky-sall-a-la-conference-sur-le-compact-africa-a-berlin-la-cherte-du-credit-sur-les-marches-est-un-frein-pour-lactivite-en-afrique\/#primaryimage\"},\"datePublished\":\"2023-11-20T17:01:38+00:00\",\"dateModified\":\"2023-11-21T00:04:16+00:00\",\"author\":{\"@id\":\"https:\/\/www.nettali.com\/#\/schema\/person\/418274a86bdf87caff7a3ef476bd0bbf\"},\"breadcrumb\":{\"@id\":\"https:\/\/www.nettali.com\/2023\/11\/20\/macky-sall-a-la-conference-sur-le-compact-africa-a-berlin-la-cherte-du-credit-sur-les-marches-est-un-frein-pour-lactivite-en-afrique\/#breadcrumb\"},\"inLanguage\":\"fr-FR\",\"potentialAction\":[{\"@type\":\"ReadAction\",\"target\":[\"https:\/\/www.nettali.com\/2023\/11\/20\/macky-sall-a-la-conference-sur-le-compact-africa-a-berlin-la-cherte-du-credit-sur-les-marches-est-un-frein-pour-lactivite-en-afrique\/\"]}]},{\"@type\":\"BreadcrumbList\",\"@id\":\"https:\/\/www.nettali.com\/2023\/11\/20\/macky-sall-a-la-conference-sur-le-compact-africa-a-berlin-la-cherte-du-credit-sur-les-marches-est-un-frein-pour-lactivite-en-afrique\/#breadcrumb\",\"itemListElement\":[{\"@type\":\"ListItem\",\"position\":1,\"name\":\"Accueil\",\"item\":\"https:\/\/www.nettali.com\/\"},{\"@type\":\"ListItem\",\"position\":2,\"name\":\"MACKY SALL A LA CONF\\u00c9RENCE SUR LE\\u00a0 \\\"COMPACT AFRICA\\\" A BERLIN - \\\"La chert\\u00e9 du cr\\u00e9dit sur les march\\u00e9s est un frein pour l\\u2019activit\\u00e9 en Afrique\\\"\"}]},{\"@type\":\"Person\",\"@id\":\"https:\/\/www.nettali.com\/#\/schema\/person\/418274a86bdf87caff7a3ef476bd0bbf\",\"name\":\"Fatou\",\"image\":{\"@type\":\"ImageObject\",\"@id\":\"https:\/\/www.nettali.com\/#personlogo\",\"inLanguage\":\"fr-FR\",\"url\":\"https:\/\/secure.gravatar.com\/avatar\/5a9442a2bee7b4dcf167cab035858e9a?s=96&d=mm&r=g\",\"contentUrl\":\"https:\/\/secure.gravatar.com\/avatar\/5a9442a2bee7b4dcf167cab035858e9a?s=96&d=mm&r=g\",\"caption\":\"Fatou\"},\"sameAs\":[\"https:\/\/www.nettali.com\"]}]}<\/script>\n<!-- \/ Yoast SEO Premium plugin. -->","yoast_head_json":{"title":"MACKY SALL A LA CONF\u00c9RENCE SUR LE\u00a0 \"COMPACT AFRICA\" A BERLIN - \"La chert\u00e9 du cr\u00e9dit sur les march\u00e9s est un frein pour l\u2019activit\u00e9 en Afrique\" | Nettali.com","robots":{"index":"index","follow":"follow","max-snippet":"max-snippet:-1","max-image-preview":"max-image-preview:large","max-video-preview":"max-video-preview:-1"},"canonical":"https:\/\/www.nettali.com\/2023\/11\/20\/macky-sall-a-la-conference-sur-le-compact-africa-a-berlin-la-cherte-du-credit-sur-les-marches-est-un-frein-pour-lactivite-en-afrique\/","og_locale":"fr_FR","og_type":"article","og_title":"MACKY SALL A LA CONF\u00c9RENCE SUR LE\u00a0 \"COMPACT AFRICA\" A BERLIN - \"La chert\u00e9 du cr\u00e9dit sur les march\u00e9s est un frein pour l\u2019activit\u00e9 en Afrique\"","og_description":"NETTALI.COM-\u00a0Le pr\u00e9sident de la R\u00e9publique est au Berlin pour prendre part \u00e0 la Conf\u00e9rence sur le \u00ab Compact avec l\u2019Afrique \u00bb qui a d\u00e9marr\u00e9 ce lundi 20 novembre. Macky Sall a d\u00e9nonc\u00e9 d\u00e9nonce la chert\u00e9 du cr\u00e9dit sur les march\u00e9s financiers qui pour lui constitue un un frein pour l\u2019activit\u00e9 en Afrique. Lanc\u00e9 en 2017 [&hellip;]","og_url":"https:\/\/www.nettali.com\/2023\/11\/20\/macky-sall-a-la-conference-sur-le-compact-africa-a-berlin-la-cherte-du-credit-sur-les-marches-est-un-frein-pour-lactivite-en-afrique\/","og_site_name":"Nettali.com","article_publisher":"https:\/\/www.facebook.com\/nettalicom","article_published_time":"2023-11-20T17:01:38+00:00","article_modified_time":"2023-11-21T00:04:16+00:00","og_image":[{"width":943,"height":585,"url":"https:\/\/www.nettali.com\/wp-content\/uploads\/2023\/07\/macky-sall1.jpeg","type":"image\/jpeg"}],"twitter_card":"summary_large_image","twitter_misc":{"\u00c9crit par":"Fatou","Dur\u00e9e de lecture estim\u00e9e":"2 minutes"},"schema":{"@context":"https:\/\/schema.org","@graph":[{"@type":"WebSite","@id":"https:\/\/www.nettali.com\/#website","url":"https:\/\/www.nettali.com\/","name":"Nettali.com","description":"Le rendez-vous critique du Net","potentialAction":[{"@type":"SearchAction","target":{"@type":"EntryPoint","urlTemplate":"https:\/\/www.nettali.com\/?s={search_term_string}"},"query-input":"required name=search_term_string"}],"inLanguage":"fr-FR"},{"@type":"ImageObject","@id":"https:\/\/www.nettali.com\/2023\/11\/20\/macky-sall-a-la-conference-sur-le-compact-africa-a-berlin-la-cherte-du-credit-sur-les-marches-est-un-frein-pour-lactivite-en-afrique\/#primaryimage","inLanguage":"fr-FR","url":"https:\/\/www.nettali.com\/wp-content\/uploads\/2023\/07\/macky-sall1.jpeg","contentUrl":"https:\/\/www.nettali.com\/wp-content\/uploads\/2023\/07\/macky-sall1.jpeg","width":943,"height":585},{"@type":"WebPage","@id":"https:\/\/www.nettali.com\/2023\/11\/20\/macky-sall-a-la-conference-sur-le-compact-africa-a-berlin-la-cherte-du-credit-sur-les-marches-est-un-frein-pour-lactivite-en-afrique\/#webpage","url":"https:\/\/www.nettali.com\/2023\/11\/20\/macky-sall-a-la-conference-sur-le-compact-africa-a-berlin-la-cherte-du-credit-sur-les-marches-est-un-frein-pour-lactivite-en-afrique\/","name":"MACKY SALL A LA CONF\u00c9RENCE SUR LE\u00a0 \"COMPACT AFRICA\" A BERLIN - \"La chert\u00e9 du cr\u00e9dit sur les march\u00e9s est un frein pour l\u2019activit\u00e9 en Afrique\" | Nettali.com","isPartOf":{"@id":"https:\/\/www.nettali.com\/#website"},"primaryImageOfPage":{"@id":"https:\/\/www.nettali.com\/2023\/11\/20\/macky-sall-a-la-conference-sur-le-compact-africa-a-berlin-la-cherte-du-credit-sur-les-marches-est-un-frein-pour-lactivite-en-afrique\/#primaryimage"},"datePublished":"2023-11-20T17:01:38+00:00","dateModified":"2023-11-21T00:04:16+00:00","author":{"@id":"https:\/\/www.nettali.com\/#\/schema\/person\/418274a86bdf87caff7a3ef476bd0bbf"},"breadcrumb":{"@id":"https:\/\/www.nettali.com\/2023\/11\/20\/macky-sall-a-la-conference-sur-le-compact-africa-a-berlin-la-cherte-du-credit-sur-les-marches-est-un-frein-pour-lactivite-en-afrique\/#breadcrumb"},"inLanguage":"fr-FR","potentialAction":[{"@type":"ReadAction","target":["https:\/\/www.nettali.com\/2023\/11\/20\/macky-sall-a-la-conference-sur-le-compact-africa-a-berlin-la-cherte-du-credit-sur-les-marches-est-un-frein-pour-lactivite-en-afrique\/"]}]},{"@type":"BreadcrumbList","@id":"https:\/\/www.nettali.com\/2023\/11\/20\/macky-sall-a-la-conference-sur-le-compact-africa-a-berlin-la-cherte-du-credit-sur-les-marches-est-un-frein-pour-lactivite-en-afrique\/#breadcrumb","itemListElement":[{"@type":"ListItem","position":1,"name":"Accueil","item":"https:\/\/www.nettali.com\/"},{"@type":"ListItem","position":2,"name":"MACKY SALL A LA CONF\u00c9RENCE SUR LE\u00a0 \"COMPACT AFRICA\" A BERLIN - \"La chert\u00e9 du cr\u00e9dit sur les march\u00e9s est un frein pour l\u2019activit\u00e9 en Afrique\""}]},{"@type":"Person","@id":"https:\/\/www.nettali.com\/#\/schema\/person\/418274a86bdf87caff7a3ef476bd0bbf","name":"Fatou","image":{"@type":"ImageObject","@id":"https:\/\/www.nettali.com\/#personlogo","inLanguage":"fr-FR","url":"https:\/\/secure.gravatar.com\/avatar\/5a9442a2bee7b4dcf167cab035858e9a?s=96&d=mm&r=g","contentUrl":"https:\/\/secure.gravatar.com\/avatar\/5a9442a2bee7b4dcf167cab035858e9a?s=96&d=mm&r=g","caption":"Fatou"},"sameAs":["https:\/\/www.nettali.com"]}]}},"_links":{"self":[{"href":"https:\/\/www.nettali.com\/rest\/wp\/v2\/posts\/122207"}],"collection":[{"href":"https:\/\/www.nettali.com\/rest\/wp\/v2\/posts"}],"about":[{"href":"https:\/\/www.nettali.com\/rest\/wp\/v2\/types\/post"}],"author":[{"embeddable":true,"href":"https:\/\/www.nettali.com\/rest\/wp\/v2\/users\/6"}],"replies":[{"embeddable":true,"href":"https:\/\/www.nettali.com\/rest\/wp\/v2\/comments?post=122207"}],"version-history":[{"count":2,"href":"https:\/\/www.nettali.com\/rest\/wp\/v2\/posts\/122207\/revisions"}],"predecessor-version":[{"id":122243,"href":"https:\/\/www.nettali.com\/rest\/wp\/v2\/posts\/122207\/revisions\/122243"}],"wp:featuredmedia":[{"embeddable":true,"href":"https:\/\/www.nettali.com\/rest\/wp\/v2\/media\/113648"}],"wp:attachment":[{"href":"https:\/\/www.nettali.com\/rest\/wp\/v2\/media?parent=122207"}],"wp:term":[{"taxonomy":"category","embeddable":true,"href":"https:\/\/www.nettali.com\/rest\/wp\/v2\/categories?post=122207"},{"taxonomy":"post_tag","embeddable":true,"href":"https:\/\/www.nettali.com\/rest\/wp\/v2\/tags?post=122207"}],"curies":[{"name":"wp","href":"https:\/\/api.w.org\/{rel}","templated":true}]}}