{"id":122200,"date":"2023-11-20T13:28:07","date_gmt":"2023-11-20T13:28:07","guid":{"rendered":"https:\/\/www.nettali.com\/?p=122200"},"modified":"2023-11-21T00:04:41","modified_gmt":"2023-11-21T00:04:41","slug":"agression-amy-ndiaye-gniby-le-proces-en-appel-des-deputes-du-pur-renvoye-au-18-decembre","status":"publish","type":"post","link":"https:\/\/www.nettali.com\/2023\/11\/20\/agression-amy-ndiaye-gniby-le-proces-en-appel-des-deputes-du-pur-renvoye-au-18-decembre\/","title":{"rendered":"AGRESSION AMY NDIAYE GNIBY - Le proc\u00e8s en appel des d\u00e9put\u00e9s du Pur renvoy\u00e9 au 18 d\u00e9cembre"},"content":{"rendered":"<p><b>NETTALI.COM - <\/b><strong>Le proc\u00e8s en appel des deux d\u00e9put\u00e9s du Pur, Massata Samb et Mamadou Niang, condamn\u00e9s pour violences sur leur coll\u00e8gue Amy Ndiaye Gniby, est encore renvoy\u00e9 au 18 d\u00e9cembre \u00e0 la demande des avocats de la d\u00e9fense.<\/strong><\/p>\n<p>Pr\u00e9vu ce lundi 20 novembre 2023, le proc\u00e8s des deux d\u00e9put\u00e9s du Pur, Massata Samb et Mamadou Niang est renvoy\u00e9 au 18 d\u00e9cembre 2023 \u00e0 la demande de la d\u00e9fense. Le pr\u00e9sident a toutefois fait savoir que c'est un renvoi ferme.<\/p>\n<p>Pour rappel, les deux parlementaires ont \u00e9t\u00e9 condamn\u00e9s le lundi 2 janvier 2023 \u00e0 une peine de six mois fermes pour coups et blessures volontaires.\u00a0 Le tribunal des flagrants d\u00e9lits de Dakar les avait aussi condamn\u00e9s \u00e0 allouer \u00e0 la d\u00e9put\u00e9e de Bennoo Bokk Yaakaar, la somme de 5 millions de FCfa. Cette derni\u00e8re r\u00e9clamait, par le biais de ses avocats, la somme 500 millions de FCFA \u00e0 titre de dommages et int\u00e9r\u00eats. Les robes noires justifiaient leur demande par l'\u00e9tat de grossesse de leur cliente. Cela avait suscit\u00e9 beaucoup de pol\u00e9miques puisque beaucoup contestaient la grossesse, mais Amy Ndiaye Gniby a finalement accouch\u00e9, il y'a quelques semaines.<\/p>\n<p>Lors de leur proc\u00e8s en premi\u00e8re instance, les deux d\u00e9put\u00e9s avaient clam\u00e9 leur innocence. Massata Samb avait soutenu que la dame a insult\u00e9 son marabout et s'est attaqu\u00e9e \u00e0 son honneur. \u00ab <em>Je ne l'ai pas gifl\u00e9e. J'ai essay\u00e9 d'arracher son foulard<\/em> \u00bb, disait-il.<\/p>\n<p>Pour sa part, Mamadou Niang, a soutenu avoir \"<em>voulu \u00e9viter la chaise<\/em>\". \u00ab <em>J\u2019ai lev\u00e9 la main et le pied par r\u00e9flexe. Je ne l'ai pas frapp\u00e9e<\/em> \u00bb, s\u2019est-il d\u00e9fendu.<\/p>\n<p>Le ma\u00eetre des poursuites avait requis deux ans de prison ferme contre les deux d\u00e9put\u00e9s de l'opposition.<\/p>\n<div class='share-to-whatsapp-wrapper'><div class='share-on-whsp'>PARTAGER SUR : <\/div><a data-text='AGRESSION AMY NDIAYE GNIBY - Le proc\u00e8s en appel des d\u00e9put\u00e9s du Pur renvoy\u00e9 au 18 d\u00e9cembre' data-link='https:\/\/www.nettali.com\/2023\/11\/20\/agression-amy-ndiaye-gniby-le-proces-en-appel-des-deputes-du-pur-renvoye-au-18-decembre\/' class='whatsapp-button whatsapp-share'>WhatsApp<\/a><div class='clear '><\/div><\/div>","protected":false},"excerpt":{"rendered":"<p>NETTALI.COM - Le proc\u00e8s en appel des deux d\u00e9put\u00e9s du Pur, Massata Samb et Mamadou Niang, condamn\u00e9s pour violences sur leur coll\u00e8gue Amy Ndiaye Gniby, est encore renvoy\u00e9 au 18 d\u00e9cembre \u00e0 la demande des avocats de la d\u00e9fense. Pr\u00e9vu ce lundi 20 novembre 2023, le proc\u00e8s des deux d\u00e9put\u00e9s du Pur, Massata Samb et [&hellip;]<\/p>\n","protected":false},"author":6,"featured_media":101023,"comment_status":"open","ping_status":"open","sticky":false,"template":"","format":"standard","meta":{"_et_pb_use_builder":"","_et_pb_old_content":""},"categories":[3],"tags":[],"yoast_head":"<!-- This site is optimized with the Yoast SEO Premium plugin v17.8 (Yoast SEO v17.8) - https:\/\/yoast.com\/wordpress\/plugins\/seo\/ -->\n<title>AGRESSION AMY NDIAYE GNIBY - Le proc\u00e8s en appel des d\u00e9put\u00e9s du Pur renvoy\u00e9 au 18 d\u00e9cembre | Nettali.com<\/title>\n<meta name=\"robots\" content=\"index, follow, max-snippet:-1, max-image-preview:large, max-video-preview:-1\" \/>\n<link rel=\"canonical\" href=\"https:\/\/www.nettali.com\/2023\/11\/20\/agression-amy-ndiaye-gniby-le-proces-en-appel-des-deputes-du-pur-renvoye-au-18-decembre\/\" \/>\n<meta property=\"og:locale\" content=\"fr_FR\" \/>\n<meta property=\"og:type\" content=\"article\" \/>\n<meta property=\"og:title\" content=\"AGRESSION AMY NDIAYE GNIBY - Le proc\u00e8s en appel des d\u00e9put\u00e9s du Pur renvoy\u00e9 au 18 d\u00e9cembre\" \/>\n<meta property=\"og:description\" content=\"NETTALI.COM - Le proc\u00e8s en appel des deux d\u00e9put\u00e9s du Pur, Massata Samb et Mamadou Niang, condamn\u00e9s pour violences sur leur coll\u00e8gue Amy Ndiaye Gniby, est encore renvoy\u00e9 au 18 d\u00e9cembre \u00e0 la demande des avocats de la d\u00e9fense. Pr\u00e9vu ce lundi 20 novembre 2023, le proc\u00e8s des deux d\u00e9put\u00e9s du Pur, Massata Samb et [&hellip;]\" \/>\n<meta property=\"og:url\" content=\"https:\/\/www.nettali.com\/2023\/11\/20\/agression-amy-ndiaye-gniby-le-proces-en-appel-des-deputes-du-pur-renvoye-au-18-decembre\/\" \/>\n<meta property=\"og:site_name\" content=\"Nettali.com\" \/>\n<meta property=\"article:publisher\" content=\"https:\/\/www.facebook.com\/nettalicom\" \/>\n<meta property=\"article:published_time\" content=\"2023-11-20T13:28:07+00:00\" \/>\n<meta property=\"article:modified_time\" content=\"2023-11-21T00:04:41+00:00\" \/>\n<meta property=\"og:image\" content=\"https:\/\/www.nettali.com\/wp-content\/uploads\/2023\/01\/Violence-a-lHemicycle-Amy-Ndiaye-Gniby-visee-aussi-par-une-plainte.jpg\" \/>\n\t<meta property=\"og:image:width\" content=\"664\" \/>\n\t<meta property=\"og:image:height\" content=\"372\" \/>\n<meta name=\"twitter:card\" content=\"summary_large_image\" \/>\n<meta name=\"twitter:label1\" content=\"\u00c9crit par\" \/>\n\t<meta name=\"twitter:data1\" content=\"Fatou\" \/>\n\t<meta name=\"twitter:label2\" content=\"Dur\u00e9e de lecture estim\u00e9e\" \/>\n\t<meta name=\"twitter:data2\" content=\"2 minutes\" \/>\n<script type=\"application\/ld+json\" class=\"yoast-schema-graph\">{\"@context\":\"https:\/\/schema.org\",\"@graph\":[{\"@type\":\"WebSite\",\"@id\":\"https:\/\/www.nettali.com\/#website\",\"url\":\"https:\/\/www.nettali.com\/\",\"name\":\"Nettali.com\",\"description\":\"Le rendez-vous critique du Net\",\"potentialAction\":[{\"@type\":\"SearchAction\",\"target\":{\"@type\":\"EntryPoint\",\"urlTemplate\":\"https:\/\/www.nettali.com\/?s={search_term_string}\"},\"query-input\":\"required name=search_term_string\"}],\"inLanguage\":\"fr-FR\"},{\"@type\":\"ImageObject\",\"@id\":\"https:\/\/www.nettali.com\/2023\/11\/20\/agression-amy-ndiaye-gniby-le-proces-en-appel-des-deputes-du-pur-renvoye-au-18-decembre\/#primaryimage\",\"inLanguage\":\"fr-FR\",\"url\":\"https:\/\/www.nettali.com\/wp-content\/uploads\/2023\/01\/Violence-a-lHemicycle-Amy-Ndiaye-Gniby-visee-aussi-par-une-plainte.jpg\",\"contentUrl\":\"https:\/\/www.nettali.com\/wp-content\/uploads\/2023\/01\/Violence-a-lHemicycle-Amy-Ndiaye-Gniby-visee-aussi-par-une-plainte.jpg\",\"width\":664,\"height\":372},{\"@type\":\"WebPage\",\"@id\":\"https:\/\/www.nettali.com\/2023\/11\/20\/agression-amy-ndiaye-gniby-le-proces-en-appel-des-deputes-du-pur-renvoye-au-18-decembre\/#webpage\",\"url\":\"https:\/\/www.nettali.com\/2023\/11\/20\/agression-amy-ndiaye-gniby-le-proces-en-appel-des-deputes-du-pur-renvoye-au-18-decembre\/\",\"name\":\"AGRESSION AMY NDIAYE GNIBY - Le proc\\u00e8s en appel des d\\u00e9put\\u00e9s du Pur renvoy\\u00e9 au 18 d\\u00e9cembre | Nettali.com\",\"isPartOf\":{\"@id\":\"https:\/\/www.nettali.com\/#website\"},\"primaryImageOfPage\":{\"@id\":\"https:\/\/www.nettali.com\/2023\/11\/20\/agression-amy-ndiaye-gniby-le-proces-en-appel-des-deputes-du-pur-renvoye-au-18-decembre\/#primaryimage\"},\"datePublished\":\"2023-11-20T13:28:07+00:00\",\"dateModified\":\"2023-11-21T00:04:41+00:00\",\"author\":{\"@id\":\"https:\/\/www.nettali.com\/#\/schema\/person\/418274a86bdf87caff7a3ef476bd0bbf\"},\"breadcrumb\":{\"@id\":\"https:\/\/www.nettali.com\/2023\/11\/20\/agression-amy-ndiaye-gniby-le-proces-en-appel-des-deputes-du-pur-renvoye-au-18-decembre\/#breadcrumb\"},\"inLanguage\":\"fr-FR\",\"potentialAction\":[{\"@type\":\"ReadAction\",\"target\":[\"https:\/\/www.nettali.com\/2023\/11\/20\/agression-amy-ndiaye-gniby-le-proces-en-appel-des-deputes-du-pur-renvoye-au-18-decembre\/\"]}]},{\"@type\":\"BreadcrumbList\",\"@id\":\"https:\/\/www.nettali.com\/2023\/11\/20\/agression-amy-ndiaye-gniby-le-proces-en-appel-des-deputes-du-pur-renvoye-au-18-decembre\/#breadcrumb\",\"itemListElement\":[{\"@type\":\"ListItem\",\"position\":1,\"name\":\"Accueil\",\"item\":\"https:\/\/www.nettali.com\/\"},{\"@type\":\"ListItem\",\"position\":2,\"name\":\"AGRESSION AMY NDIAYE GNIBY - Le proc\\u00e8s en appel des d\\u00e9put\\u00e9s du Pur renvoy\\u00e9 au 18 d\\u00e9cembre\"}]},{\"@type\":\"Person\",\"@id\":\"https:\/\/www.nettali.com\/#\/schema\/person\/418274a86bdf87caff7a3ef476bd0bbf\",\"name\":\"Fatou\",\"image\":{\"@type\":\"ImageObject\",\"@id\":\"https:\/\/www.nettali.com\/#personlogo\",\"inLanguage\":\"fr-FR\",\"url\":\"https:\/\/secure.gravatar.com\/avatar\/5a9442a2bee7b4dcf167cab035858e9a?s=96&d=mm&r=g\",\"contentUrl\":\"https:\/\/secure.gravatar.com\/avatar\/5a9442a2bee7b4dcf167cab035858e9a?s=96&d=mm&r=g\",\"caption\":\"Fatou\"},\"sameAs\":[\"https:\/\/www.nettali.com\"]}]}<\/script>\n<!-- \/ Yoast SEO Premium plugin. -->","yoast_head_json":{"title":"AGRESSION AMY NDIAYE GNIBY - Le proc\u00e8s en appel des d\u00e9put\u00e9s du Pur renvoy\u00e9 au 18 d\u00e9cembre | Nettali.com","robots":{"index":"index","follow":"follow","max-snippet":"max-snippet:-1","max-image-preview":"max-image-preview:large","max-video-preview":"max-video-preview:-1"},"canonical":"https:\/\/www.nettali.com\/2023\/11\/20\/agression-amy-ndiaye-gniby-le-proces-en-appel-des-deputes-du-pur-renvoye-au-18-decembre\/","og_locale":"fr_FR","og_type":"article","og_title":"AGRESSION AMY NDIAYE GNIBY - Le proc\u00e8s en appel des d\u00e9put\u00e9s du Pur renvoy\u00e9 au 18 d\u00e9cembre","og_description":"NETTALI.COM - Le proc\u00e8s en appel des deux d\u00e9put\u00e9s du Pur, Massata Samb et Mamadou Niang, condamn\u00e9s pour violences sur leur coll\u00e8gue Amy Ndiaye Gniby, est encore renvoy\u00e9 au 18 d\u00e9cembre \u00e0 la demande des avocats de la d\u00e9fense. Pr\u00e9vu ce lundi 20 novembre 2023, le proc\u00e8s des deux d\u00e9put\u00e9s du Pur, Massata Samb et [&hellip;]","og_url":"https:\/\/www.nettali.com\/2023\/11\/20\/agression-amy-ndiaye-gniby-le-proces-en-appel-des-deputes-du-pur-renvoye-au-18-decembre\/","og_site_name":"Nettali.com","article_publisher":"https:\/\/www.facebook.com\/nettalicom","article_published_time":"2023-11-20T13:28:07+00:00","article_modified_time":"2023-11-21T00:04:41+00:00","og_image":[{"width":664,"height":372,"url":"https:\/\/www.nettali.com\/wp-content\/uploads\/2023\/01\/Violence-a-lHemicycle-Amy-Ndiaye-Gniby-visee-aussi-par-une-plainte.jpg","type":"image\/jpeg"}],"twitter_card":"summary_large_image","twitter_misc":{"\u00c9crit par":"Fatou","Dur\u00e9e de lecture estim\u00e9e":"2 minutes"},"schema":{"@context":"https:\/\/schema.org","@graph":[{"@type":"WebSite","@id":"https:\/\/www.nettali.com\/#website","url":"https:\/\/www.nettali.com\/","name":"Nettali.com","description":"Le rendez-vous critique du Net","potentialAction":[{"@type":"SearchAction","target":{"@type":"EntryPoint","urlTemplate":"https:\/\/www.nettali.com\/?s={search_term_string}"},"query-input":"required name=search_term_string"}],"inLanguage":"fr-FR"},{"@type":"ImageObject","@id":"https:\/\/www.nettali.com\/2023\/11\/20\/agression-amy-ndiaye-gniby-le-proces-en-appel-des-deputes-du-pur-renvoye-au-18-decembre\/#primaryimage","inLanguage":"fr-FR","url":"https:\/\/www.nettali.com\/wp-content\/uploads\/2023\/01\/Violence-a-lHemicycle-Amy-Ndiaye-Gniby-visee-aussi-par-une-plainte.jpg","contentUrl":"https:\/\/www.nettali.com\/wp-content\/uploads\/2023\/01\/Violence-a-lHemicycle-Amy-Ndiaye-Gniby-visee-aussi-par-une-plainte.jpg","width":664,"height":372},{"@type":"WebPage","@id":"https:\/\/www.nettali.com\/2023\/11\/20\/agression-amy-ndiaye-gniby-le-proces-en-appel-des-deputes-du-pur-renvoye-au-18-decembre\/#webpage","url":"https:\/\/www.nettali.com\/2023\/11\/20\/agression-amy-ndiaye-gniby-le-proces-en-appel-des-deputes-du-pur-renvoye-au-18-decembre\/","name":"AGRESSION AMY NDIAYE GNIBY - Le proc\u00e8s en appel des d\u00e9put\u00e9s du Pur renvoy\u00e9 au 18 d\u00e9cembre | Nettali.com","isPartOf":{"@id":"https:\/\/www.nettali.com\/#website"},"primaryImageOfPage":{"@id":"https:\/\/www.nettali.com\/2023\/11\/20\/agression-amy-ndiaye-gniby-le-proces-en-appel-des-deputes-du-pur-renvoye-au-18-decembre\/#primaryimage"},"datePublished":"2023-11-20T13:28:07+00:00","dateModified":"2023-11-21T00:04:41+00:00","author":{"@id":"https:\/\/www.nettali.com\/#\/schema\/person\/418274a86bdf87caff7a3ef476bd0bbf"},"breadcrumb":{"@id":"https:\/\/www.nettali.com\/2023\/11\/20\/agression-amy-ndiaye-gniby-le-proces-en-appel-des-deputes-du-pur-renvoye-au-18-decembre\/#breadcrumb"},"inLanguage":"fr-FR","potentialAction":[{"@type":"ReadAction","target":["https:\/\/www.nettali.com\/2023\/11\/20\/agression-amy-ndiaye-gniby-le-proces-en-appel-des-deputes-du-pur-renvoye-au-18-decembre\/"]}]},{"@type":"BreadcrumbList","@id":"https:\/\/www.nettali.com\/2023\/11\/20\/agression-amy-ndiaye-gniby-le-proces-en-appel-des-deputes-du-pur-renvoye-au-18-decembre\/#breadcrumb","itemListElement":[{"@type":"ListItem","position":1,"name":"Accueil","item":"https:\/\/www.nettali.com\/"},{"@type":"ListItem","position":2,"name":"AGRESSION AMY NDIAYE GNIBY - Le proc\u00e8s en appel des d\u00e9put\u00e9s du Pur renvoy\u00e9 au 18 d\u00e9cembre"}]},{"@type":"Person","@id":"https:\/\/www.nettali.com\/#\/schema\/person\/418274a86bdf87caff7a3ef476bd0bbf","name":"Fatou","image":{"@type":"ImageObject","@id":"https:\/\/www.nettali.com\/#personlogo","inLanguage":"fr-FR","url":"https:\/\/secure.gravatar.com\/avatar\/5a9442a2bee7b4dcf167cab035858e9a?s=96&d=mm&r=g","contentUrl":"https:\/\/secure.gravatar.com\/avatar\/5a9442a2bee7b4dcf167cab035858e9a?s=96&d=mm&r=g","caption":"Fatou"},"sameAs":["https:\/\/www.nettali.com"]}]}},"_links":{"self":[{"href":"https:\/\/www.nettali.com\/rest\/wp\/v2\/posts\/122200"}],"collection":[{"href":"https:\/\/www.nettali.com\/rest\/wp\/v2\/posts"}],"about":[{"href":"https:\/\/www.nettali.com\/rest\/wp\/v2\/types\/post"}],"author":[{"embeddable":true,"href":"https:\/\/www.nettali.com\/rest\/wp\/v2\/users\/6"}],"replies":[{"embeddable":true,"href":"https:\/\/www.nettali.com\/rest\/wp\/v2\/comments?post=122200"}],"version-history":[{"count":4,"href":"https:\/\/www.nettali.com\/rest\/wp\/v2\/posts\/122200\/revisions"}],"predecessor-version":[{"id":122244,"href":"https:\/\/www.nettali.com\/rest\/wp\/v2\/posts\/122200\/revisions\/122244"}],"wp:featuredmedia":[{"embeddable":true,"href":"https:\/\/www.nettali.com\/rest\/wp\/v2\/media\/101023"}],"wp:attachment":[{"href":"https:\/\/www.nettali.com\/rest\/wp\/v2\/media?parent=122200"}],"wp:term":[{"taxonomy":"category","embeddable":true,"href":"https:\/\/www.nettali.com\/rest\/wp\/v2\/categories?post=122200"},{"taxonomy":"post_tag","embeddable":true,"href":"https:\/\/www.nettali.com\/rest\/wp\/v2\/tags?post=122200"}],"curies":[{"name":"wp","href":"https:\/\/api.w.org\/{rel}","templated":true}]}}