{"id":122195,"date":"2023-11-20T11:20:55","date_gmt":"2023-11-20T11:20:55","guid":{"rendered":"https:\/\/www.nettali.com\/?p=122195"},"modified":"2023-11-20T13:12:37","modified_gmt":"2023-11-20T13:12:37","slug":"en-coulisses-colere-de-macky-sall-mimi-suggere-une-assistance-psychologique","status":"publish","type":"post","link":"https:\/\/www.nettali.com\/2023\/11\/20\/en-coulisses-colere-de-macky-sall-mimi-suggere-une-assistance-psychologique\/","title":{"rendered":"EN COULISSES - Col\u00e8re de Macky Sall : Mimi sugg\u00e8re une assistance psychologique"},"content":{"rendered":"<p><strong>NETTALI.COM\u00a0 - Selon l'ancien ministre Aminata Tour\u00e9, il faut une assistance psychologique au Pr\u00e9sident de la R\u00e9publique.\u00a0<\/strong><\/p>\n<p>La sortie muscl\u00e9e de Macky Sall le samedi 18 novembre \u00e0 Kaffrine continue de soulager des vagues. Une sortie interpr\u00e9t\u00e9e comme une col\u00e8re qui vaut des railleries au Chef de l\u2019\u00c9tat sur la toile et suscite des d\u00e9bats dans la classe politique.<\/p>\n<p>Analysant cette col\u00e8re sur Infos matin de la TFM, Aminata Tour\u00e9, d'un ton taquin estime que nos chefs d'Etat ont besoin d'assistance psychologique. \u00ab <em>Imaginez si nous avions le nucl\u00e9aire, la personne peut appuyer sur le bouton \u00e0 cause de la col\u00e8re. Nos Pr\u00e9sidents ont besoin d'assistance psychologique car ce n'est pas facile de quitter le pouvoir <\/em>\u00bb, a raill\u00e9 la candidate de Mimi 2023.<\/p>\n<p>En visite \u00e0 Kaffrine samedi, le Chef de l'Etat a menac\u00e9 ceux tentent d'installer le chaos au S\u00e9n\u00e9gal. \u00ab J<em>e suis connu pour \u00eatre un homme de paix et de dialogue, mais il y a des choses que je ne vais pas accepter de ma vie. On ne doit jamais accepter qu'on nous marche sur les pieds. Ceux qui pensent pouvoir semer le chaos dans ce pays. Ils n'ont qu'\u00e0 se tenir tranquilles. Ceux qui pensent que je vais capituler devant ces forces int\u00e9rieures ou ext\u00e9rieures n'ont rien compris. J'ai renonc\u00e9 au pouvoir mais jusqu'au jour o\u00f9 je vais passer le t\u00e9moin au futur Pr\u00e9sident, et j'esp\u00e8re que ce sera vous (Il d\u00e9signe Amadou B\u00e2), je n'accepterai jamais le chaos au S\u00e9n\u00e9gal. Ceux qui veulent le tenter n'ont qu'\u00e0 essayer, on verra. \u00c7a suffit<\/em> \u00bb, a martel\u00e9 Macky Sall.<\/p>\n<div class='share-to-whatsapp-wrapper'><div class='share-on-whsp'>PARTAGER SUR : <\/div><a data-text='EN COULISSES - Col\u00e8re de Macky Sall : Mimi sugg\u00e8re une assistance psychologique' data-link='https:\/\/www.nettali.com\/2023\/11\/20\/en-coulisses-colere-de-macky-sall-mimi-suggere-une-assistance-psychologique\/' class='whatsapp-button whatsapp-share'>WhatsApp<\/a><div class='clear '><\/div><\/div>","protected":false},"excerpt":{"rendered":"<p>NETTALI.COM\u00a0 - Selon l'ancien ministre Aminata Tour\u00e9, il faut une assistance psychologique au Pr\u00e9sident de la R\u00e9publique.\u00a0 La sortie muscl\u00e9e de Macky Sall le samedi 18 novembre \u00e0 Kaffrine continue de soulager des vagues. Une sortie interpr\u00e9t\u00e9e comme une col\u00e8re qui vaut des railleries au Chef de l\u2019\u00c9tat sur la toile et suscite des d\u00e9bats [&hellip;]<\/p>\n","protected":false},"author":6,"featured_media":106966,"comment_status":"open","ping_status":"open","sticky":false,"template":"","format":"standard","meta":{"_et_pb_use_builder":"","_et_pb_old_content":""},"categories":[34945],"tags":[],"yoast_head":"<!-- This site is optimized with the Yoast SEO Premium plugin v17.8 (Yoast SEO v17.8) - https:\/\/yoast.com\/wordpress\/plugins\/seo\/ -->\n<title>EN COULISSES - Col\u00e8re de Macky Sall : Mimi sugg\u00e8re une assistance psychologique | Nettali.com<\/title>\n<meta name=\"robots\" content=\"index, follow, max-snippet:-1, max-image-preview:large, max-video-preview:-1\" \/>\n<link rel=\"canonical\" href=\"https:\/\/www.nettali.com\/2023\/11\/20\/en-coulisses-colere-de-macky-sall-mimi-suggere-une-assistance-psychologique\/\" \/>\n<meta property=\"og:locale\" content=\"fr_FR\" \/>\n<meta property=\"og:type\" content=\"article\" \/>\n<meta property=\"og:title\" content=\"EN COULISSES - Col\u00e8re de Macky Sall : Mimi sugg\u00e8re une assistance psychologique\" \/>\n<meta property=\"og:description\" content=\"NETTALI.COM\u00a0 - Selon l&#039;ancien ministre Aminata Tour\u00e9, il faut une assistance psychologique au Pr\u00e9sident de la R\u00e9publique.\u00a0 La sortie muscl\u00e9e de Macky Sall le samedi 18 novembre \u00e0 Kaffrine continue de soulager des vagues. Une sortie interpr\u00e9t\u00e9e comme une col\u00e8re qui vaut des railleries au Chef de l\u2019\u00c9tat sur la toile et suscite des d\u00e9bats [&hellip;]\" \/>\n<meta property=\"og:url\" content=\"https:\/\/www.nettali.com\/2023\/11\/20\/en-coulisses-colere-de-macky-sall-mimi-suggere-une-assistance-psychologique\/\" \/>\n<meta property=\"og:site_name\" content=\"Nettali.com\" \/>\n<meta property=\"article:publisher\" content=\"https:\/\/www.facebook.com\/nettalicom\" \/>\n<meta property=\"article:published_time\" content=\"2023-11-20T11:20:55+00:00\" \/>\n<meta property=\"article:modified_time\" content=\"2023-11-20T13:12:37+00:00\" \/>\n<meta property=\"og:image\" content=\"https:\/\/www.nettali.com\/wp-content\/uploads\/2023\/03\/aminata-mimi-toure.jpg\" \/>\n\t<meta property=\"og:image:width\" content=\"837\" \/>\n\t<meta property=\"og:image:height\" content=\"472\" \/>\n<meta name=\"twitter:card\" content=\"summary_large_image\" \/>\n<meta name=\"twitter:label1\" content=\"\u00c9crit par\" \/>\n\t<meta name=\"twitter:data1\" content=\"Fatou\" \/>\n\t<meta name=\"twitter:label2\" content=\"Dur\u00e9e de lecture estim\u00e9e\" \/>\n\t<meta name=\"twitter:data2\" content=\"2 minutes\" \/>\n<script type=\"application\/ld+json\" class=\"yoast-schema-graph\">{\"@context\":\"https:\/\/schema.org\",\"@graph\":[{\"@type\":\"WebSite\",\"@id\":\"https:\/\/www.nettali.com\/#website\",\"url\":\"https:\/\/www.nettali.com\/\",\"name\":\"Nettali.com\",\"description\":\"Le rendez-vous critique du Net\",\"potentialAction\":[{\"@type\":\"SearchAction\",\"target\":{\"@type\":\"EntryPoint\",\"urlTemplate\":\"https:\/\/www.nettali.com\/?s={search_term_string}\"},\"query-input\":\"required name=search_term_string\"}],\"inLanguage\":\"fr-FR\"},{\"@type\":\"ImageObject\",\"@id\":\"https:\/\/www.nettali.com\/2023\/11\/20\/en-coulisses-colere-de-macky-sall-mimi-suggere-une-assistance-psychologique\/#primaryimage\",\"inLanguage\":\"fr-FR\",\"url\":\"https:\/\/www.nettali.com\/wp-content\/uploads\/2023\/03\/aminata-mimi-toure.jpg\",\"contentUrl\":\"https:\/\/www.nettali.com\/wp-content\/uploads\/2023\/03\/aminata-mimi-toure.jpg\",\"width\":837,\"height\":472},{\"@type\":\"WebPage\",\"@id\":\"https:\/\/www.nettali.com\/2023\/11\/20\/en-coulisses-colere-de-macky-sall-mimi-suggere-une-assistance-psychologique\/#webpage\",\"url\":\"https:\/\/www.nettali.com\/2023\/11\/20\/en-coulisses-colere-de-macky-sall-mimi-suggere-une-assistance-psychologique\/\",\"name\":\"EN COULISSES - Col\\u00e8re de Macky Sall : Mimi sugg\\u00e8re une assistance psychologique | Nettali.com\",\"isPartOf\":{\"@id\":\"https:\/\/www.nettali.com\/#website\"},\"primaryImageOfPage\":{\"@id\":\"https:\/\/www.nettali.com\/2023\/11\/20\/en-coulisses-colere-de-macky-sall-mimi-suggere-une-assistance-psychologique\/#primaryimage\"},\"datePublished\":\"2023-11-20T11:20:55+00:00\",\"dateModified\":\"2023-11-20T13:12:37+00:00\",\"author\":{\"@id\":\"https:\/\/www.nettali.com\/#\/schema\/person\/418274a86bdf87caff7a3ef476bd0bbf\"},\"breadcrumb\":{\"@id\":\"https:\/\/www.nettali.com\/2023\/11\/20\/en-coulisses-colere-de-macky-sall-mimi-suggere-une-assistance-psychologique\/#breadcrumb\"},\"inLanguage\":\"fr-FR\",\"potentialAction\":[{\"@type\":\"ReadAction\",\"target\":[\"https:\/\/www.nettali.com\/2023\/11\/20\/en-coulisses-colere-de-macky-sall-mimi-suggere-une-assistance-psychologique\/\"]}]},{\"@type\":\"BreadcrumbList\",\"@id\":\"https:\/\/www.nettali.com\/2023\/11\/20\/en-coulisses-colere-de-macky-sall-mimi-suggere-une-assistance-psychologique\/#breadcrumb\",\"itemListElement\":[{\"@type\":\"ListItem\",\"position\":1,\"name\":\"Accueil\",\"item\":\"https:\/\/www.nettali.com\/\"},{\"@type\":\"ListItem\",\"position\":2,\"name\":\"EN COULISSES - Col\\u00e8re de Macky Sall : Mimi sugg\\u00e8re une assistance psychologique\"}]},{\"@type\":\"Person\",\"@id\":\"https:\/\/www.nettali.com\/#\/schema\/person\/418274a86bdf87caff7a3ef476bd0bbf\",\"name\":\"Fatou\",\"image\":{\"@type\":\"ImageObject\",\"@id\":\"https:\/\/www.nettali.com\/#personlogo\",\"inLanguage\":\"fr-FR\",\"url\":\"https:\/\/secure.gravatar.com\/avatar\/5a9442a2bee7b4dcf167cab035858e9a?s=96&d=mm&r=g\",\"contentUrl\":\"https:\/\/secure.gravatar.com\/avatar\/5a9442a2bee7b4dcf167cab035858e9a?s=96&d=mm&r=g\",\"caption\":\"Fatou\"},\"sameAs\":[\"https:\/\/www.nettali.com\"]}]}<\/script>\n<!-- \/ Yoast SEO Premium plugin. -->","yoast_head_json":{"title":"EN COULISSES - Col\u00e8re de Macky Sall : Mimi sugg\u00e8re une assistance psychologique | Nettali.com","robots":{"index":"index","follow":"follow","max-snippet":"max-snippet:-1","max-image-preview":"max-image-preview:large","max-video-preview":"max-video-preview:-1"},"canonical":"https:\/\/www.nettali.com\/2023\/11\/20\/en-coulisses-colere-de-macky-sall-mimi-suggere-une-assistance-psychologique\/","og_locale":"fr_FR","og_type":"article","og_title":"EN COULISSES - Col\u00e8re de Macky Sall : Mimi sugg\u00e8re une assistance psychologique","og_description":"NETTALI.COM\u00a0 - Selon l'ancien ministre Aminata Tour\u00e9, il faut une assistance psychologique au Pr\u00e9sident de la R\u00e9publique.\u00a0 La sortie muscl\u00e9e de Macky Sall le samedi 18 novembre \u00e0 Kaffrine continue de soulager des vagues. Une sortie interpr\u00e9t\u00e9e comme une col\u00e8re qui vaut des railleries au Chef de l\u2019\u00c9tat sur la toile et suscite des d\u00e9bats [&hellip;]","og_url":"https:\/\/www.nettali.com\/2023\/11\/20\/en-coulisses-colere-de-macky-sall-mimi-suggere-une-assistance-psychologique\/","og_site_name":"Nettali.com","article_publisher":"https:\/\/www.facebook.com\/nettalicom","article_published_time":"2023-11-20T11:20:55+00:00","article_modified_time":"2023-11-20T13:12:37+00:00","og_image":[{"width":837,"height":472,"url":"https:\/\/www.nettali.com\/wp-content\/uploads\/2023\/03\/aminata-mimi-toure.jpg","type":"image\/jpeg"}],"twitter_card":"summary_large_image","twitter_misc":{"\u00c9crit par":"Fatou","Dur\u00e9e de lecture estim\u00e9e":"2 minutes"},"schema":{"@context":"https:\/\/schema.org","@graph":[{"@type":"WebSite","@id":"https:\/\/www.nettali.com\/#website","url":"https:\/\/www.nettali.com\/","name":"Nettali.com","description":"Le rendez-vous critique du Net","potentialAction":[{"@type":"SearchAction","target":{"@type":"EntryPoint","urlTemplate":"https:\/\/www.nettali.com\/?s={search_term_string}"},"query-input":"required name=search_term_string"}],"inLanguage":"fr-FR"},{"@type":"ImageObject","@id":"https:\/\/www.nettali.com\/2023\/11\/20\/en-coulisses-colere-de-macky-sall-mimi-suggere-une-assistance-psychologique\/#primaryimage","inLanguage":"fr-FR","url":"https:\/\/www.nettali.com\/wp-content\/uploads\/2023\/03\/aminata-mimi-toure.jpg","contentUrl":"https:\/\/www.nettali.com\/wp-content\/uploads\/2023\/03\/aminata-mimi-toure.jpg","width":837,"height":472},{"@type":"WebPage","@id":"https:\/\/www.nettali.com\/2023\/11\/20\/en-coulisses-colere-de-macky-sall-mimi-suggere-une-assistance-psychologique\/#webpage","url":"https:\/\/www.nettali.com\/2023\/11\/20\/en-coulisses-colere-de-macky-sall-mimi-suggere-une-assistance-psychologique\/","name":"EN COULISSES - Col\u00e8re de Macky Sall : Mimi sugg\u00e8re une assistance psychologique | Nettali.com","isPartOf":{"@id":"https:\/\/www.nettali.com\/#website"},"primaryImageOfPage":{"@id":"https:\/\/www.nettali.com\/2023\/11\/20\/en-coulisses-colere-de-macky-sall-mimi-suggere-une-assistance-psychologique\/#primaryimage"},"datePublished":"2023-11-20T11:20:55+00:00","dateModified":"2023-11-20T13:12:37+00:00","author":{"@id":"https:\/\/www.nettali.com\/#\/schema\/person\/418274a86bdf87caff7a3ef476bd0bbf"},"breadcrumb":{"@id":"https:\/\/www.nettali.com\/2023\/11\/20\/en-coulisses-colere-de-macky-sall-mimi-suggere-une-assistance-psychologique\/#breadcrumb"},"inLanguage":"fr-FR","potentialAction":[{"@type":"ReadAction","target":["https:\/\/www.nettali.com\/2023\/11\/20\/en-coulisses-colere-de-macky-sall-mimi-suggere-une-assistance-psychologique\/"]}]},{"@type":"BreadcrumbList","@id":"https:\/\/www.nettali.com\/2023\/11\/20\/en-coulisses-colere-de-macky-sall-mimi-suggere-une-assistance-psychologique\/#breadcrumb","itemListElement":[{"@type":"ListItem","position":1,"name":"Accueil","item":"https:\/\/www.nettali.com\/"},{"@type":"ListItem","position":2,"name":"EN COULISSES - Col\u00e8re de Macky Sall : Mimi sugg\u00e8re une assistance psychologique"}]},{"@type":"Person","@id":"https:\/\/www.nettali.com\/#\/schema\/person\/418274a86bdf87caff7a3ef476bd0bbf","name":"Fatou","image":{"@type":"ImageObject","@id":"https:\/\/www.nettali.com\/#personlogo","inLanguage":"fr-FR","url":"https:\/\/secure.gravatar.com\/avatar\/5a9442a2bee7b4dcf167cab035858e9a?s=96&d=mm&r=g","contentUrl":"https:\/\/secure.gravatar.com\/avatar\/5a9442a2bee7b4dcf167cab035858e9a?s=96&d=mm&r=g","caption":"Fatou"},"sameAs":["https:\/\/www.nettali.com"]}]}},"_links":{"self":[{"href":"https:\/\/www.nettali.com\/rest\/wp\/v2\/posts\/122195"}],"collection":[{"href":"https:\/\/www.nettali.com\/rest\/wp\/v2\/posts"}],"about":[{"href":"https:\/\/www.nettali.com\/rest\/wp\/v2\/types\/post"}],"author":[{"embeddable":true,"href":"https:\/\/www.nettali.com\/rest\/wp\/v2\/users\/6"}],"replies":[{"embeddable":true,"href":"https:\/\/www.nettali.com\/rest\/wp\/v2\/comments?post=122195"}],"version-history":[{"count":3,"href":"https:\/\/www.nettali.com\/rest\/wp\/v2\/posts\/122195\/revisions"}],"predecessor-version":[{"id":122203,"href":"https:\/\/www.nettali.com\/rest\/wp\/v2\/posts\/122195\/revisions\/122203"}],"wp:featuredmedia":[{"embeddable":true,"href":"https:\/\/www.nettali.com\/rest\/wp\/v2\/media\/106966"}],"wp:attachment":[{"href":"https:\/\/www.nettali.com\/rest\/wp\/v2\/media?parent=122195"}],"wp:term":[{"taxonomy":"category","embeddable":true,"href":"https:\/\/www.nettali.com\/rest\/wp\/v2\/categories?post=122195"},{"taxonomy":"post_tag","embeddable":true,"href":"https:\/\/www.nettali.com\/rest\/wp\/v2\/tags?post=122195"}],"curies":[{"name":"wp","href":"https:\/\/api.w.org\/{rel}","templated":true}]}}