{"id":122116,"date":"2023-11-18T19:12:06","date_gmt":"2023-11-18T19:12:06","guid":{"rendered":"https:\/\/www.nettali.com\/?p=122116"},"modified":"2023-11-18T19:12:06","modified_gmt":"2023-11-18T19:12:06","slug":"randonnee-pedestre-marathon-eiffage-2023-plus-de-6-000-participants-mobilises","status":"publish","type":"post","link":"https:\/\/www.nettali.com\/2023\/11\/18\/randonnee-pedestre-marathon-eiffage-2023-plus-de-6-000-participants-mobilises\/","title":{"rendered":"RANDONN\u00c9E P\u00c9DESTRE MARATHON EIFFAGE 2023 - Plus de 6.000 participants mobilis\u00e9s"},"content":{"rendered":"<p><strong>NETTALI.COM - La quatri\u00e8me \u00e9dition du Marathon Eiffage Dakar (18 et 19 novembre) a d\u00e9but\u00e9 ce samedi matin au Mus\u00e9e des Civilisations Noires avec une m\u00e9ga randonn\u00e9e p\u00e9destre. Plus de 6.000 participants ont parcouru un parcours long de 9 kilom\u00e8tres.<\/strong><\/p>\n<p>Comme toutes les pr\u00e9c\u00e9dentes \u00e9ditions, le Marathon Eiffage Dakar d\u00e9bute par une randonn\u00e9e p\u00e9destre. Et l'\u00e9dition 2023 n'a pas d\u00e9rog\u00e9 \u00e0 la r\u00e8gle. En collaboration avec la F\u00e9d\u00e9ration s\u00e9n\u00e9galaise de randonn\u00e9e p\u00e9destre (FSRP), Eiffage a r\u00e9ussi le pari de l\u2019organisation et de la mobilisation. Un village marathon, lieu de vie et d\u2019animations a \u00e9t\u00e9 install\u00e9 pour ce week-end au Mus\u00e9e des Civilisations Noires.<\/p>\n<p>\"<em>Avec tous mes coll\u00e8gues qui \u00e9taient l\u00e0 en 2016, nous avons lanc\u00e9 la premi\u00e8re \u00e9dition avec beaucoup d'\u00e9motions et beaucoup d'inqui\u00e9tudes. Et je m'aper\u00e7ois qu'aujourd'hui, d'ann\u00e9e en ann\u00e9e, de marathon en marathon, la quatri\u00e8me \u00e9dition est une valeur s\u00fbre et elle d\u00e9passera toutes les estimations. Nous esp\u00e9rons qu'ensemble \u00e0 avoir peut-\u00eatre d'ici quelques ann\u00e9es des champions en marathon<\/em>\", a d\u00e9clar\u00e9 le pr\u00e9sident directeur g\u00e9n\u00e9ral d'Eiffage S\u00e9n\u00e9gal, G\u00e9rard Senac.<\/p>\n<p>Parrain de cette 4\u00e8me \u00e9dition, Ladji Doucour\u00e9, champion du monde du 110 m haies en 2005 n'a pas cach\u00e9 sa joie.<br \/>\n\"<em>C\u2019est bien de donner un coup de main pour d\u00e9velopper le sport en Afrique de l\u2019Ouest. En tant que Franco-S\u00e9n\u00e9galo-Malien, je suis heureux de pouvoir mettre en valeur cet \u00e9v\u00e9nement, surtout que Dakar va accueillir en 2026 les Jeux Olympiques de la Jeunesse<\/em>\", a-t-il laiss\u00e9 entendre.<br \/>\n\"<em>Le sport et la culture, c\u2019est le partage, le respect. \u00c7a fait du bien \u00e0 tout le monde<\/em>\", ajoute-t-il.<\/p>\n<p>Pour la coordonnatrice du Marathon Eiffage Dakar 2023, Ma\u00efmouna D\u00e8me le bilan de cette premi\u00e8re journ\u00e9e est plus que satisfaisante avec les deux randonn\u00e9es p\u00e9destres, une de 9 kilom\u00e8tres et une randonn\u00e9e Kids de 3 kilom\u00e8tres.<br \/>\nA l'en croire, l'objectif de d\u00e9part \u00e9tait fix\u00e9 \u00e0 6.000 participants, un chiffre dit-elle, largement d\u00e9pass\u00e9<\/p>\n<p>\"<em>Nous sommes tr\u00e8s satisfaits de l'organisation. En plus des S\u00e9n\u00e9galais, nous avons 65 nationalit\u00e9s. Nous nous r\u00e9jouissons de la pr\u00e9sence de Ladj Doucour\u00e9, parrain de cette 4\u00e8me \u00e9dition<\/em>\", a-t-elle fait savoir.<\/p>\n<p>Apr\u00e8s la m\u00e9ga randonn\u00e9e p\u00e9destre et la journ\u00e9e culturelle de ce samedi ,cette quatri\u00e8me \u00e9dition du Marathon Eiffage Dakar 2023 sera boucl\u00e9e ce dimanche 19 novembre avec trois courses : un marathon de 42 kilom\u00e8tres, un semi-marathon de 21 kilom\u00e8tres et 10 kilom\u00e8tres.<\/p>\n<p>A noter que le premier S\u00e9n\u00e9galais au classement gagne un v\u00e9hicule, la premi\u00e8re S\u00e9n\u00e9galaise remporte \u00e9galement une voiture. Au niveau de la r\u00e9partition des trois courses, les prix vont jusqu'\u00e0 4 millions.<\/p>\n<div class='share-to-whatsapp-wrapper'><div class='share-on-whsp'>PARTAGER SUR : <\/div><a data-text='RANDONN\u00c9E P\u00c9DESTRE MARATHON EIFFAGE 2023 - Plus de 6.000 participants mobilis\u00e9s' data-link='https:\/\/www.nettali.com\/2023\/11\/18\/randonnee-pedestre-marathon-eiffage-2023-plus-de-6-000-participants-mobilises\/' class='whatsapp-button whatsapp-share'>WhatsApp<\/a><div class='clear '><\/div><\/div>","protected":false},"excerpt":{"rendered":"<p>NETTALI.COM - La quatri\u00e8me \u00e9dition du Marathon Eiffage Dakar (18 et 19 novembre) a d\u00e9but\u00e9 ce samedi matin au Mus\u00e9e des Civilisations Noires avec une m\u00e9ga randonn\u00e9e p\u00e9destre. Plus de 6.000 participants ont parcouru un parcours long de 9 kilom\u00e8tres. Comme toutes les pr\u00e9c\u00e9dentes \u00e9ditions, le Marathon Eiffage Dakar d\u00e9bute par une randonn\u00e9e p\u00e9destre. Et [&hellip;]<\/p>\n","protected":false},"author":5,"featured_media":122117,"comment_status":"open","ping_status":"open","sticky":false,"template":"","format":"standard","meta":{"_et_pb_use_builder":"","_et_pb_old_content":""},"categories":[6],"tags":[],"yoast_head":"<!-- This site is optimized with the Yoast SEO Premium plugin v17.8 (Yoast SEO v17.8) - https:\/\/yoast.com\/wordpress\/plugins\/seo\/ -->\n<title>RANDONN\u00c9E P\u00c9DESTRE MARATHON EIFFAGE 2023 - Plus de 6.000 participants mobilis\u00e9s | Nettali.com<\/title>\n<meta name=\"robots\" content=\"index, follow, max-snippet:-1, max-image-preview:large, max-video-preview:-1\" \/>\n<link rel=\"canonical\" href=\"https:\/\/www.nettali.com\/2023\/11\/18\/randonnee-pedestre-marathon-eiffage-2023-plus-de-6-000-participants-mobilises\/\" \/>\n<meta property=\"og:locale\" content=\"fr_FR\" \/>\n<meta property=\"og:type\" content=\"article\" \/>\n<meta property=\"og:title\" content=\"RANDONN\u00c9E P\u00c9DESTRE MARATHON EIFFAGE 2023 - Plus de 6.000 participants mobilis\u00e9s\" \/>\n<meta property=\"og:description\" content=\"NETTALI.COM - La quatri\u00e8me \u00e9dition du Marathon Eiffage Dakar (18 et 19 novembre) a d\u00e9but\u00e9 ce samedi matin au Mus\u00e9e des Civilisations Noires avec une m\u00e9ga randonn\u00e9e p\u00e9destre. Plus de 6.000 participants ont parcouru un parcours long de 9 kilom\u00e8tres. Comme toutes les pr\u00e9c\u00e9dentes \u00e9ditions, le Marathon Eiffage Dakar d\u00e9bute par une randonn\u00e9e p\u00e9destre. Et [&hellip;]\" \/>\n<meta property=\"og:url\" content=\"https:\/\/www.nettali.com\/2023\/11\/18\/randonnee-pedestre-marathon-eiffage-2023-plus-de-6-000-participants-mobilises\/\" \/>\n<meta property=\"og:site_name\" content=\"Nettali.com\" \/>\n<meta property=\"article:publisher\" content=\"https:\/\/www.facebook.com\/nettalicom\" \/>\n<meta property=\"article:published_time\" content=\"2023-11-18T19:12:06+00:00\" \/>\n<meta property=\"og:image\" content=\"https:\/\/www.nettali.com\/wp-content\/uploads\/2023\/11\/Photo_Vincent-Krieger_211120_083605_VK2_0248-bd.jpg\" \/>\n\t<meta property=\"og:image:width\" content=\"2000\" \/>\n\t<meta property=\"og:image:height\" content=\"1333\" \/>\n<meta name=\"twitter:card\" content=\"summary_large_image\" \/>\n<meta name=\"twitter:label1\" content=\"\u00c9crit par\" \/>\n\t<meta name=\"twitter:data1\" content=\"Ibrahima\" \/>\n\t<meta name=\"twitter:label2\" content=\"Dur\u00e9e de lecture estim\u00e9e\" \/>\n\t<meta name=\"twitter:data2\" content=\"3 minutes\" \/>\n<script type=\"application\/ld+json\" class=\"yoast-schema-graph\">{\"@context\":\"https:\/\/schema.org\",\"@graph\":[{\"@type\":\"WebSite\",\"@id\":\"https:\/\/www.nettali.com\/#website\",\"url\":\"https:\/\/www.nettali.com\/\",\"name\":\"Nettali.com\",\"description\":\"Le rendez-vous critique du Net\",\"potentialAction\":[{\"@type\":\"SearchAction\",\"target\":{\"@type\":\"EntryPoint\",\"urlTemplate\":\"https:\/\/www.nettali.com\/?s={search_term_string}\"},\"query-input\":\"required name=search_term_string\"}],\"inLanguage\":\"fr-FR\"},{\"@type\":\"ImageObject\",\"@id\":\"https:\/\/www.nettali.com\/2023\/11\/18\/randonnee-pedestre-marathon-eiffage-2023-plus-de-6-000-participants-mobilises\/#primaryimage\",\"inLanguage\":\"fr-FR\",\"url\":\"https:\/\/www.nettali.com\/wp-content\/uploads\/2023\/11\/Photo_Vincent-Krieger_211120_083605_VK2_0248-bd.jpg\",\"contentUrl\":\"https:\/\/www.nettali.com\/wp-content\/uploads\/2023\/11\/Photo_Vincent-Krieger_211120_083605_VK2_0248-bd.jpg\",\"width\":2000,\"height\":1333},{\"@type\":\"WebPage\",\"@id\":\"https:\/\/www.nettali.com\/2023\/11\/18\/randonnee-pedestre-marathon-eiffage-2023-plus-de-6-000-participants-mobilises\/#webpage\",\"url\":\"https:\/\/www.nettali.com\/2023\/11\/18\/randonnee-pedestre-marathon-eiffage-2023-plus-de-6-000-participants-mobilises\/\",\"name\":\"RANDONN\\u00c9E P\\u00c9DESTRE MARATHON EIFFAGE 2023 - Plus de 6.000 participants mobilis\\u00e9s | Nettali.com\",\"isPartOf\":{\"@id\":\"https:\/\/www.nettali.com\/#website\"},\"primaryImageOfPage\":{\"@id\":\"https:\/\/www.nettali.com\/2023\/11\/18\/randonnee-pedestre-marathon-eiffage-2023-plus-de-6-000-participants-mobilises\/#primaryimage\"},\"datePublished\":\"2023-11-18T19:12:06+00:00\",\"dateModified\":\"2023-11-18T19:12:06+00:00\",\"author\":{\"@id\":\"https:\/\/www.nettali.com\/#\/schema\/person\/bb147657c2986240405a608162b9bb23\"},\"breadcrumb\":{\"@id\":\"https:\/\/www.nettali.com\/2023\/11\/18\/randonnee-pedestre-marathon-eiffage-2023-plus-de-6-000-participants-mobilises\/#breadcrumb\"},\"inLanguage\":\"fr-FR\",\"potentialAction\":[{\"@type\":\"ReadAction\",\"target\":[\"https:\/\/www.nettali.com\/2023\/11\/18\/randonnee-pedestre-marathon-eiffage-2023-plus-de-6-000-participants-mobilises\/\"]}]},{\"@type\":\"BreadcrumbList\",\"@id\":\"https:\/\/www.nettali.com\/2023\/11\/18\/randonnee-pedestre-marathon-eiffage-2023-plus-de-6-000-participants-mobilises\/#breadcrumb\",\"itemListElement\":[{\"@type\":\"ListItem\",\"position\":1,\"name\":\"Accueil\",\"item\":\"https:\/\/www.nettali.com\/\"},{\"@type\":\"ListItem\",\"position\":2,\"name\":\"RANDONN\\u00c9E P\\u00c9DESTRE MARATHON EIFFAGE 2023 - Plus de 6.000 participants mobilis\\u00e9s\"}]},{\"@type\":\"Person\",\"@id\":\"https:\/\/www.nettali.com\/#\/schema\/person\/bb147657c2986240405a608162b9bb23\",\"name\":\"Ibrahima\",\"image\":{\"@type\":\"ImageObject\",\"@id\":\"https:\/\/www.nettali.com\/#personlogo\",\"inLanguage\":\"fr-FR\",\"url\":\"https:\/\/secure.gravatar.com\/avatar\/26a8a81f09f0dd7624c9d5c36c9ba3a2?s=96&d=mm&r=g\",\"contentUrl\":\"https:\/\/secure.gravatar.com\/avatar\/26a8a81f09f0dd7624c9d5c36c9ba3a2?s=96&d=mm&r=g\",\"caption\":\"Ibrahima\"},\"sameAs\":[\"https:\/\/www.nettali.com\"]}]}<\/script>\n<!-- \/ Yoast SEO Premium plugin. -->","yoast_head_json":{"title":"RANDONN\u00c9E P\u00c9DESTRE MARATHON EIFFAGE 2023 - Plus de 6.000 participants mobilis\u00e9s | Nettali.com","robots":{"index":"index","follow":"follow","max-snippet":"max-snippet:-1","max-image-preview":"max-image-preview:large","max-video-preview":"max-video-preview:-1"},"canonical":"https:\/\/www.nettali.com\/2023\/11\/18\/randonnee-pedestre-marathon-eiffage-2023-plus-de-6-000-participants-mobilises\/","og_locale":"fr_FR","og_type":"article","og_title":"RANDONN\u00c9E P\u00c9DESTRE MARATHON EIFFAGE 2023 - Plus de 6.000 participants mobilis\u00e9s","og_description":"NETTALI.COM - La quatri\u00e8me \u00e9dition du Marathon Eiffage Dakar (18 et 19 novembre) a d\u00e9but\u00e9 ce samedi matin au Mus\u00e9e des Civilisations Noires avec une m\u00e9ga randonn\u00e9e p\u00e9destre. Plus de 6.000 participants ont parcouru un parcours long de 9 kilom\u00e8tres. Comme toutes les pr\u00e9c\u00e9dentes \u00e9ditions, le Marathon Eiffage Dakar d\u00e9bute par une randonn\u00e9e p\u00e9destre. Et [&hellip;]","og_url":"https:\/\/www.nettali.com\/2023\/11\/18\/randonnee-pedestre-marathon-eiffage-2023-plus-de-6-000-participants-mobilises\/","og_site_name":"Nettali.com","article_publisher":"https:\/\/www.facebook.com\/nettalicom","article_published_time":"2023-11-18T19:12:06+00:00","og_image":[{"width":2000,"height":1333,"url":"https:\/\/www.nettali.com\/wp-content\/uploads\/2023\/11\/Photo_Vincent-Krieger_211120_083605_VK2_0248-bd.jpg","type":"image\/jpeg"}],"twitter_card":"summary_large_image","twitter_misc":{"\u00c9crit par":"Ibrahima","Dur\u00e9e de lecture estim\u00e9e":"3 minutes"},"schema":{"@context":"https:\/\/schema.org","@graph":[{"@type":"WebSite","@id":"https:\/\/www.nettali.com\/#website","url":"https:\/\/www.nettali.com\/","name":"Nettali.com","description":"Le rendez-vous critique du Net","potentialAction":[{"@type":"SearchAction","target":{"@type":"EntryPoint","urlTemplate":"https:\/\/www.nettali.com\/?s={search_term_string}"},"query-input":"required name=search_term_string"}],"inLanguage":"fr-FR"},{"@type":"ImageObject","@id":"https:\/\/www.nettali.com\/2023\/11\/18\/randonnee-pedestre-marathon-eiffage-2023-plus-de-6-000-participants-mobilises\/#primaryimage","inLanguage":"fr-FR","url":"https:\/\/www.nettali.com\/wp-content\/uploads\/2023\/11\/Photo_Vincent-Krieger_211120_083605_VK2_0248-bd.jpg","contentUrl":"https:\/\/www.nettali.com\/wp-content\/uploads\/2023\/11\/Photo_Vincent-Krieger_211120_083605_VK2_0248-bd.jpg","width":2000,"height":1333},{"@type":"WebPage","@id":"https:\/\/www.nettali.com\/2023\/11\/18\/randonnee-pedestre-marathon-eiffage-2023-plus-de-6-000-participants-mobilises\/#webpage","url":"https:\/\/www.nettali.com\/2023\/11\/18\/randonnee-pedestre-marathon-eiffage-2023-plus-de-6-000-participants-mobilises\/","name":"RANDONN\u00c9E P\u00c9DESTRE MARATHON EIFFAGE 2023 - Plus de 6.000 participants mobilis\u00e9s | Nettali.com","isPartOf":{"@id":"https:\/\/www.nettali.com\/#website"},"primaryImageOfPage":{"@id":"https:\/\/www.nettali.com\/2023\/11\/18\/randonnee-pedestre-marathon-eiffage-2023-plus-de-6-000-participants-mobilises\/#primaryimage"},"datePublished":"2023-11-18T19:12:06+00:00","dateModified":"2023-11-18T19:12:06+00:00","author":{"@id":"https:\/\/www.nettali.com\/#\/schema\/person\/bb147657c2986240405a608162b9bb23"},"breadcrumb":{"@id":"https:\/\/www.nettali.com\/2023\/11\/18\/randonnee-pedestre-marathon-eiffage-2023-plus-de-6-000-participants-mobilises\/#breadcrumb"},"inLanguage":"fr-FR","potentialAction":[{"@type":"ReadAction","target":["https:\/\/www.nettali.com\/2023\/11\/18\/randonnee-pedestre-marathon-eiffage-2023-plus-de-6-000-participants-mobilises\/"]}]},{"@type":"BreadcrumbList","@id":"https:\/\/www.nettali.com\/2023\/11\/18\/randonnee-pedestre-marathon-eiffage-2023-plus-de-6-000-participants-mobilises\/#breadcrumb","itemListElement":[{"@type":"ListItem","position":1,"name":"Accueil","item":"https:\/\/www.nettali.com\/"},{"@type":"ListItem","position":2,"name":"RANDONN\u00c9E P\u00c9DESTRE MARATHON EIFFAGE 2023 - Plus de 6.000 participants mobilis\u00e9s"}]},{"@type":"Person","@id":"https:\/\/www.nettali.com\/#\/schema\/person\/bb147657c2986240405a608162b9bb23","name":"Ibrahima","image":{"@type":"ImageObject","@id":"https:\/\/www.nettali.com\/#personlogo","inLanguage":"fr-FR","url":"https:\/\/secure.gravatar.com\/avatar\/26a8a81f09f0dd7624c9d5c36c9ba3a2?s=96&d=mm&r=g","contentUrl":"https:\/\/secure.gravatar.com\/avatar\/26a8a81f09f0dd7624c9d5c36c9ba3a2?s=96&d=mm&r=g","caption":"Ibrahima"},"sameAs":["https:\/\/www.nettali.com"]}]}},"_links":{"self":[{"href":"https:\/\/www.nettali.com\/rest\/wp\/v2\/posts\/122116"}],"collection":[{"href":"https:\/\/www.nettali.com\/rest\/wp\/v2\/posts"}],"about":[{"href":"https:\/\/www.nettali.com\/rest\/wp\/v2\/types\/post"}],"author":[{"embeddable":true,"href":"https:\/\/www.nettali.com\/rest\/wp\/v2\/users\/5"}],"replies":[{"embeddable":true,"href":"https:\/\/www.nettali.com\/rest\/wp\/v2\/comments?post=122116"}],"version-history":[{"count":1,"href":"https:\/\/www.nettali.com\/rest\/wp\/v2\/posts\/122116\/revisions"}],"predecessor-version":[{"id":122118,"href":"https:\/\/www.nettali.com\/rest\/wp\/v2\/posts\/122116\/revisions\/122118"}],"wp:featuredmedia":[{"embeddable":true,"href":"https:\/\/www.nettali.com\/rest\/wp\/v2\/media\/122117"}],"wp:attachment":[{"href":"https:\/\/www.nettali.com\/rest\/wp\/v2\/media?parent=122116"}],"wp:term":[{"taxonomy":"category","embeddable":true,"href":"https:\/\/www.nettali.com\/rest\/wp\/v2\/categories?post=122116"},{"taxonomy":"post_tag","embeddable":true,"href":"https:\/\/www.nettali.com\/rest\/wp\/v2\/tags?post=122116"}],"curies":[{"name":"wp","href":"https:\/\/api.w.org\/{rel}","templated":true}]}}