{"id":122113,"date":"2023-11-18T19:12:45","date_gmt":"2023-11-18T19:12:45","guid":{"rendered":"https:\/\/www.nettali.com\/?p=122113"},"modified":"2023-11-18T19:12:45","modified_gmt":"2023-11-18T19:12:45","slug":"coupe-du-monde-u17-le-senegal-herite-de-la-france-en-8es","status":"publish","type":"post","link":"https:\/\/www.nettali.com\/2023\/11\/18\/coupe-du-monde-u17-le-senegal-herite-de-la-france-en-8es\/","title":{"rendered":"COUPE DU MONDE U17 - Le S\u00e9n\u00e9gal h\u00e9rite de la France en 8\u00e8s"},"content":{"rendered":"<p><strong>NETTALI.COM - A l\u2019issue de la troisi\u00e8me et derni\u00e8re journ\u00e9e des phases de poule du Mondial U17, on connait l\u2019adversaire du S\u00e9n\u00e9gal pour les huiti\u00e8mes de finale. Il s\u2019agit de la France, premi\u00e8re de la poule E, devant le \u00c9tats-Unis et le Burkina Faso. Le match se jouera le mercredi 22 novembre \u00e0 12h GMT.<\/strong><\/p>\n<p>Apr\u00e8s deux premiers succ\u00e8s convaincant contre l\u2019Argentine (2-1, 1\u00e8re j.) et face \u00e0 la Pologne (4-1, 2\u00e8me j.), l\u2019\u00e9quipe U17 du S\u00e9n\u00e9gal a tr\u00e9buch\u00e9 devant le Japon (2-0), pour son troisi\u00e8me match dans la Coupe du monde Indon\u00e9sie 2023.<\/p>\n<p>Un parcours en phase de poule (D) qui lui assure une qualification pour les 8es de finale. Deux victoires coupl\u00e9es avec une d\u00e9faite lors de son dernier match de poule ont permis aux Lionceaux d\u2019\u00eatre \u00e0 la deuxi\u00e8me place de leur groupe derri\u00e8re l\u2019Argentine.<\/p>\n<p>Les Bleuets de leur c\u00f4t\u00e9 ont assur\u00e9 un sans-faute. La formation emmen\u00e9e par Jean-Luc Vannuchi, qui s\u2019\u00e9tait impos\u00e9 face au Burkina Faso (3-0, 1\u00e8re j.) et la Cor\u00e9e du Sud (1-0, 2\u00e8me j.), a termin\u00e9 sa phase de poules par une victoire s\u00e8che (3-0) face aux USA.<\/p>\n<div class='share-to-whatsapp-wrapper'><div class='share-on-whsp'>PARTAGER SUR : <\/div><a data-text='COUPE DU MONDE U17 - Le S\u00e9n\u00e9gal h\u00e9rite de la France en 8\u00e8s' data-link='https:\/\/www.nettali.com\/2023\/11\/18\/coupe-du-monde-u17-le-senegal-herite-de-la-france-en-8es\/' class='whatsapp-button whatsapp-share'>WhatsApp<\/a><div class='clear '><\/div><\/div>","protected":false},"excerpt":{"rendered":"<p>NETTALI.COM - A l\u2019issue de la troisi\u00e8me et derni\u00e8re journ\u00e9e des phases de poule du Mondial U17, on connait l\u2019adversaire du S\u00e9n\u00e9gal pour les huiti\u00e8mes de finale. Il s\u2019agit de la France, premi\u00e8re de la poule E, devant le \u00c9tats-Unis et le Burkina Faso. Le match se jouera le mercredi 22 novembre \u00e0 12h GMT. [&hellip;]<\/p>\n","protected":false},"author":5,"featured_media":122114,"comment_status":"open","ping_status":"open","sticky":false,"template":"","format":"standard","meta":{"_et_pb_use_builder":"","_et_pb_old_content":""},"categories":[6],"tags":[],"yoast_head":"<!-- This site is optimized with the Yoast SEO Premium plugin v17.8 (Yoast SEO v17.8) - https:\/\/yoast.com\/wordpress\/plugins\/seo\/ -->\n<title>COUPE DU MONDE U17 - Le S\u00e9n\u00e9gal h\u00e9rite de la France en 8\u00e8s | Nettali.com<\/title>\n<meta name=\"robots\" content=\"index, follow, max-snippet:-1, max-image-preview:large, max-video-preview:-1\" \/>\n<link rel=\"canonical\" href=\"https:\/\/www.nettali.com\/2023\/11\/18\/coupe-du-monde-u17-le-senegal-herite-de-la-france-en-8es\/\" \/>\n<meta property=\"og:locale\" content=\"fr_FR\" \/>\n<meta property=\"og:type\" content=\"article\" \/>\n<meta property=\"og:title\" content=\"COUPE DU MONDE U17 - Le S\u00e9n\u00e9gal h\u00e9rite de la France en 8\u00e8s\" \/>\n<meta property=\"og:description\" content=\"NETTALI.COM - A l\u2019issue de la troisi\u00e8me et derni\u00e8re journ\u00e9e des phases de poule du Mondial U17, on connait l\u2019adversaire du S\u00e9n\u00e9gal pour les huiti\u00e8mes de finale. Il s\u2019agit de la France, premi\u00e8re de la poule E, devant le \u00c9tats-Unis et le Burkina Faso. Le match se jouera le mercredi 22 novembre \u00e0 12h GMT. [&hellip;]\" \/>\n<meta property=\"og:url\" content=\"https:\/\/www.nettali.com\/2023\/11\/18\/coupe-du-monde-u17-le-senegal-herite-de-la-france-en-8es\/\" \/>\n<meta property=\"og:site_name\" content=\"Nettali.com\" \/>\n<meta property=\"article:publisher\" content=\"https:\/\/www.facebook.com\/nettalicom\" \/>\n<meta property=\"article:published_time\" content=\"2023-11-18T19:12:45+00:00\" \/>\n<meta property=\"og:image\" content=\"https:\/\/www.nettali.com\/wp-content\/uploads\/2023\/11\/20231117_152114-1024x683-1.jpg\" \/>\n\t<meta property=\"og:image:width\" content=\"1024\" \/>\n\t<meta property=\"og:image:height\" content=\"683\" \/>\n<meta name=\"twitter:card\" content=\"summary_large_image\" \/>\n<meta name=\"twitter:label1\" content=\"\u00c9crit par\" \/>\n\t<meta name=\"twitter:data1\" content=\"Ibrahima\" \/>\n\t<meta name=\"twitter:label2\" content=\"Dur\u00e9e de lecture estim\u00e9e\" \/>\n\t<meta name=\"twitter:data2\" content=\"1 minute\" \/>\n<script type=\"application\/ld+json\" class=\"yoast-schema-graph\">{\"@context\":\"https:\/\/schema.org\",\"@graph\":[{\"@type\":\"WebSite\",\"@id\":\"https:\/\/www.nettali.com\/#website\",\"url\":\"https:\/\/www.nettali.com\/\",\"name\":\"Nettali.com\",\"description\":\"Le rendez-vous critique du Net\",\"potentialAction\":[{\"@type\":\"SearchAction\",\"target\":{\"@type\":\"EntryPoint\",\"urlTemplate\":\"https:\/\/www.nettali.com\/?s={search_term_string}\"},\"query-input\":\"required name=search_term_string\"}],\"inLanguage\":\"fr-FR\"},{\"@type\":\"ImageObject\",\"@id\":\"https:\/\/www.nettali.com\/2023\/11\/18\/coupe-du-monde-u17-le-senegal-herite-de-la-france-en-8es\/#primaryimage\",\"inLanguage\":\"fr-FR\",\"url\":\"https:\/\/www.nettali.com\/wp-content\/uploads\/2023\/11\/20231117_152114-1024x683-1.jpg\",\"contentUrl\":\"https:\/\/www.nettali.com\/wp-content\/uploads\/2023\/11\/20231117_152114-1024x683-1.jpg\",\"width\":1024,\"height\":683},{\"@type\":\"WebPage\",\"@id\":\"https:\/\/www.nettali.com\/2023\/11\/18\/coupe-du-monde-u17-le-senegal-herite-de-la-france-en-8es\/#webpage\",\"url\":\"https:\/\/www.nettali.com\/2023\/11\/18\/coupe-du-monde-u17-le-senegal-herite-de-la-france-en-8es\/\",\"name\":\"COUPE DU MONDE U17 - Le S\\u00e9n\\u00e9gal h\\u00e9rite de la France en 8\\u00e8s | Nettali.com\",\"isPartOf\":{\"@id\":\"https:\/\/www.nettali.com\/#website\"},\"primaryImageOfPage\":{\"@id\":\"https:\/\/www.nettali.com\/2023\/11\/18\/coupe-du-monde-u17-le-senegal-herite-de-la-france-en-8es\/#primaryimage\"},\"datePublished\":\"2023-11-18T19:12:45+00:00\",\"dateModified\":\"2023-11-18T19:12:45+00:00\",\"author\":{\"@id\":\"https:\/\/www.nettali.com\/#\/schema\/person\/bb147657c2986240405a608162b9bb23\"},\"breadcrumb\":{\"@id\":\"https:\/\/www.nettali.com\/2023\/11\/18\/coupe-du-monde-u17-le-senegal-herite-de-la-france-en-8es\/#breadcrumb\"},\"inLanguage\":\"fr-FR\",\"potentialAction\":[{\"@type\":\"ReadAction\",\"target\":[\"https:\/\/www.nettali.com\/2023\/11\/18\/coupe-du-monde-u17-le-senegal-herite-de-la-france-en-8es\/\"]}]},{\"@type\":\"BreadcrumbList\",\"@id\":\"https:\/\/www.nettali.com\/2023\/11\/18\/coupe-du-monde-u17-le-senegal-herite-de-la-france-en-8es\/#breadcrumb\",\"itemListElement\":[{\"@type\":\"ListItem\",\"position\":1,\"name\":\"Accueil\",\"item\":\"https:\/\/www.nettali.com\/\"},{\"@type\":\"ListItem\",\"position\":2,\"name\":\"COUPE DU MONDE U17 - Le S\\u00e9n\\u00e9gal h\\u00e9rite de la France en 8\\u00e8s\"}]},{\"@type\":\"Person\",\"@id\":\"https:\/\/www.nettali.com\/#\/schema\/person\/bb147657c2986240405a608162b9bb23\",\"name\":\"Ibrahima\",\"image\":{\"@type\":\"ImageObject\",\"@id\":\"https:\/\/www.nettali.com\/#personlogo\",\"inLanguage\":\"fr-FR\",\"url\":\"https:\/\/secure.gravatar.com\/avatar\/26a8a81f09f0dd7624c9d5c36c9ba3a2?s=96&d=mm&r=g\",\"contentUrl\":\"https:\/\/secure.gravatar.com\/avatar\/26a8a81f09f0dd7624c9d5c36c9ba3a2?s=96&d=mm&r=g\",\"caption\":\"Ibrahima\"},\"sameAs\":[\"https:\/\/www.nettali.com\"]}]}<\/script>\n<!-- \/ Yoast SEO Premium plugin. -->","yoast_head_json":{"title":"COUPE DU MONDE U17 - Le S\u00e9n\u00e9gal h\u00e9rite de la France en 8\u00e8s | Nettali.com","robots":{"index":"index","follow":"follow","max-snippet":"max-snippet:-1","max-image-preview":"max-image-preview:large","max-video-preview":"max-video-preview:-1"},"canonical":"https:\/\/www.nettali.com\/2023\/11\/18\/coupe-du-monde-u17-le-senegal-herite-de-la-france-en-8es\/","og_locale":"fr_FR","og_type":"article","og_title":"COUPE DU MONDE U17 - Le S\u00e9n\u00e9gal h\u00e9rite de la France en 8\u00e8s","og_description":"NETTALI.COM - A l\u2019issue de la troisi\u00e8me et derni\u00e8re journ\u00e9e des phases de poule du Mondial U17, on connait l\u2019adversaire du S\u00e9n\u00e9gal pour les huiti\u00e8mes de finale. Il s\u2019agit de la France, premi\u00e8re de la poule E, devant le \u00c9tats-Unis et le Burkina Faso. Le match se jouera le mercredi 22 novembre \u00e0 12h GMT. [&hellip;]","og_url":"https:\/\/www.nettali.com\/2023\/11\/18\/coupe-du-monde-u17-le-senegal-herite-de-la-france-en-8es\/","og_site_name":"Nettali.com","article_publisher":"https:\/\/www.facebook.com\/nettalicom","article_published_time":"2023-11-18T19:12:45+00:00","og_image":[{"width":1024,"height":683,"url":"https:\/\/www.nettali.com\/wp-content\/uploads\/2023\/11\/20231117_152114-1024x683-1.jpg","type":"image\/jpeg"}],"twitter_card":"summary_large_image","twitter_misc":{"\u00c9crit par":"Ibrahima","Dur\u00e9e de lecture estim\u00e9e":"1 minute"},"schema":{"@context":"https:\/\/schema.org","@graph":[{"@type":"WebSite","@id":"https:\/\/www.nettali.com\/#website","url":"https:\/\/www.nettali.com\/","name":"Nettali.com","description":"Le rendez-vous critique du Net","potentialAction":[{"@type":"SearchAction","target":{"@type":"EntryPoint","urlTemplate":"https:\/\/www.nettali.com\/?s={search_term_string}"},"query-input":"required name=search_term_string"}],"inLanguage":"fr-FR"},{"@type":"ImageObject","@id":"https:\/\/www.nettali.com\/2023\/11\/18\/coupe-du-monde-u17-le-senegal-herite-de-la-france-en-8es\/#primaryimage","inLanguage":"fr-FR","url":"https:\/\/www.nettali.com\/wp-content\/uploads\/2023\/11\/20231117_152114-1024x683-1.jpg","contentUrl":"https:\/\/www.nettali.com\/wp-content\/uploads\/2023\/11\/20231117_152114-1024x683-1.jpg","width":1024,"height":683},{"@type":"WebPage","@id":"https:\/\/www.nettali.com\/2023\/11\/18\/coupe-du-monde-u17-le-senegal-herite-de-la-france-en-8es\/#webpage","url":"https:\/\/www.nettali.com\/2023\/11\/18\/coupe-du-monde-u17-le-senegal-herite-de-la-france-en-8es\/","name":"COUPE DU MONDE U17 - Le S\u00e9n\u00e9gal h\u00e9rite de la France en 8\u00e8s | Nettali.com","isPartOf":{"@id":"https:\/\/www.nettali.com\/#website"},"primaryImageOfPage":{"@id":"https:\/\/www.nettali.com\/2023\/11\/18\/coupe-du-monde-u17-le-senegal-herite-de-la-france-en-8es\/#primaryimage"},"datePublished":"2023-11-18T19:12:45+00:00","dateModified":"2023-11-18T19:12:45+00:00","author":{"@id":"https:\/\/www.nettali.com\/#\/schema\/person\/bb147657c2986240405a608162b9bb23"},"breadcrumb":{"@id":"https:\/\/www.nettali.com\/2023\/11\/18\/coupe-du-monde-u17-le-senegal-herite-de-la-france-en-8es\/#breadcrumb"},"inLanguage":"fr-FR","potentialAction":[{"@type":"ReadAction","target":["https:\/\/www.nettali.com\/2023\/11\/18\/coupe-du-monde-u17-le-senegal-herite-de-la-france-en-8es\/"]}]},{"@type":"BreadcrumbList","@id":"https:\/\/www.nettali.com\/2023\/11\/18\/coupe-du-monde-u17-le-senegal-herite-de-la-france-en-8es\/#breadcrumb","itemListElement":[{"@type":"ListItem","position":1,"name":"Accueil","item":"https:\/\/www.nettali.com\/"},{"@type":"ListItem","position":2,"name":"COUPE DU MONDE U17 - Le S\u00e9n\u00e9gal h\u00e9rite de la France en 8\u00e8s"}]},{"@type":"Person","@id":"https:\/\/www.nettali.com\/#\/schema\/person\/bb147657c2986240405a608162b9bb23","name":"Ibrahima","image":{"@type":"ImageObject","@id":"https:\/\/www.nettali.com\/#personlogo","inLanguage":"fr-FR","url":"https:\/\/secure.gravatar.com\/avatar\/26a8a81f09f0dd7624c9d5c36c9ba3a2?s=96&d=mm&r=g","contentUrl":"https:\/\/secure.gravatar.com\/avatar\/26a8a81f09f0dd7624c9d5c36c9ba3a2?s=96&d=mm&r=g","caption":"Ibrahima"},"sameAs":["https:\/\/www.nettali.com"]}]}},"_links":{"self":[{"href":"https:\/\/www.nettali.com\/rest\/wp\/v2\/posts\/122113"}],"collection":[{"href":"https:\/\/www.nettali.com\/rest\/wp\/v2\/posts"}],"about":[{"href":"https:\/\/www.nettali.com\/rest\/wp\/v2\/types\/post"}],"author":[{"embeddable":true,"href":"https:\/\/www.nettali.com\/rest\/wp\/v2\/users\/5"}],"replies":[{"embeddable":true,"href":"https:\/\/www.nettali.com\/rest\/wp\/v2\/comments?post=122113"}],"version-history":[{"count":2,"href":"https:\/\/www.nettali.com\/rest\/wp\/v2\/posts\/122113\/revisions"}],"predecessor-version":[{"id":122133,"href":"https:\/\/www.nettali.com\/rest\/wp\/v2\/posts\/122113\/revisions\/122133"}],"wp:featuredmedia":[{"embeddable":true,"href":"https:\/\/www.nettali.com\/rest\/wp\/v2\/media\/122114"}],"wp:attachment":[{"href":"https:\/\/www.nettali.com\/rest\/wp\/v2\/media?parent=122113"}],"wp:term":[{"taxonomy":"category","embeddable":true,"href":"https:\/\/www.nettali.com\/rest\/wp\/v2\/categories?post=122113"},{"taxonomy":"post_tag","embeddable":true,"href":"https:\/\/www.nettali.com\/rest\/wp\/v2\/tags?post=122113"}],"curies":[{"name":"wp","href":"https:\/\/api.w.org\/{rel}","templated":true}]}}