{"id":122099,"date":"2023-11-18T08:48:21","date_gmt":"2023-11-18T08:48:21","guid":{"rendered":"https:\/\/www.nettali.com\/?p=122099"},"modified":"2023-11-18T08:48:21","modified_gmt":"2023-11-18T08:48:21","slug":"fatick-483-milliards-de-fcfa-investis-dans-la-region-entre-2015-2023-macky-sall","status":"publish","type":"post","link":"https:\/\/www.nettali.com\/2023\/11\/18\/fatick-483-milliards-de-fcfa-investis-dans-la-region-entre-2015-2023-macky-sall\/","title":{"rendered":"FATICK - 483 milliards de FCFA investis dans la r\u00e9gion entre 2015-2023 (Macky Sall)"},"content":{"rendered":"<p><strong>NETTALI.COM - La r\u00e9gion de Fatick a b\u00e9n\u00e9fici\u00e9 d\u2019un investissement de 483 milliards de francs CFA sur la p\u00e9riode 2015-2023 , a indiqu\u00e9, vendredi, le chef de l\u2019Etat.<\/strong><\/p>\n<p><em>\"Sur la p\u00e9riode 2015- 2023, la r\u00e9gion de Fatick a b\u00e9n\u00e9fici\u00e9 d\u2019un montant de 483 milliards en termes d\u2019investissements soit 196% du montant retenu lors du Conseil des ministres d\u00e9localis\u00e9 du 22 juin 2015\u2019\u2019<\/em>, a dit Macky Sall lors des travaux du Conseil pr\u00e9sidentiel de d\u00e9veloppement de la r\u00e9gion de Fatick.<\/p>\n<p>Le pr\u00e9sident de la R\u00e9publique a soulign\u00e9 que gr\u00e2ce \u00e0 ces investissements, la r\u00e9gion de Fatick a connu <em>\"une transformation intense \u00bb<\/em> dans tous les domaines,\u00a0 <em>\"bien au-del\u00e0 des engagements retenus \u00bb.<\/em><\/p>\n<p><em>\"A titre illustratif, la r\u00e9gion de Fatick sera bient\u00f4t desservie par l\u2019autoroute Mbour- Fatick-Kaolack accentuant la mobilit\u00e9 et les opportunit\u00e9s \u00e9conomiques \u00bb<\/em>, a-t-il d\u00e9clar\u00e9.<\/p>\n<p>Parmi les r\u00e9alisations, le pr\u00e9sident de la R\u00e9publique a cit\u00e9 la construction du port de Ndakhonga-Foundiougne, le pont Nelson Mandela de Foundiougne et de nombreuses routes pour d\u00e9senclaver certaines localit\u00e9s de la r\u00e9gion.<\/p>\n<p><em>\"Ces investissements ont permis \u00e9galement l\u2019ex\u00e9cution de plusieurs programmes d\u2019\u00e9lectrification dans les zones rurales, de programmes dans le secteur de l\u2019\u00e9ducation, de la sant\u00e9 et du tourisme \u00bb<\/em>, a-t-il ajout\u00e9.<\/p>\n<p>Le pr\u00e9sident de la R\u00e9publique Macky Sall, accompagn\u00e9e de son \u00e9pouse, est arriv\u00e9, vendredi, \u00e0 Fatick, derni\u00e8re \u00e9tape de sa tourn\u00e9e \u00e9conomique.<\/p>\n<p>Macky Sall a \u00e9t\u00e9 accueilli vers 17h dans une grande effervescence par les populations.<\/p>\n<p>A l\u2019entr\u00e9e de la ville, il a \u00e9t\u00e9 salu\u00e9 par le maire Matar B\u00e2 et plusieurs responsables politiques de la r\u00e9gion.<\/p>\n<p><em>\"Le Sine a r\u00e9agi comme habitude, le Lion de Sine a rugi\u2019\u2019,<\/em>\u00a0 a d\u00e9clar\u00e9 Macky Sall devant de l\u2019h\u00f4tel de ville de Fatick.<\/p>\n<p><em>\"Ch\u00e8res populations de Fatick, je suis tr\u00e8s heureux de voir votre mobilisation, je viens d\u2019une tourn\u00e9e \u00e9conomique dans les r\u00e9gions de K\u00e9dougou, Kaffrine, Kaolack et me voil\u00e0 aujourd\u2019hui Fatick, ma terre natale, la terre qui m\u2019a vu na\u00eetre (\u2026)\u2019\u2019<\/em>, a-t-il ajout\u00e9.<\/p>\n<p>Selon Macky Sall, \u2018\u2019tout a commenc\u00e9 dans la capitale du Sine et tout va s\u2019achever dans sa belle r\u00e9gion de Fatick\u2019\u2019.<\/p>\n<p>Macky Sall a salu\u00e9 le travail de toutes les autorit\u00e9s administratives, politiques, religieuses.<\/p>\n<p><em>\"C\u2019est\u00a0 notre pr\u00e9sident, nous l\u2019attendons avec beaucoup de ferveur mais aussi avec beaucoup d\u2019espoirs. Nous sommes press\u00e9s de d\u00e9couvrir ce qu\u2019il r\u00e9serve \u00e0 la r\u00e9gion de Fatick pour les prochaines ann\u00e9es\u2019\u2019<\/em>, a d\u00e9clar\u00e9 une habitante de la commune de Fatick.<\/p>\n<p>Apr\u00e8s les \u00e9tapes de K\u00e9dougou, Kaolack, Kaffrine, le chef de l\u2019Etat va pr\u00e9sider un Conseil pr\u00e9sidentiel de d\u00e9veloppement de la r\u00e9gion de Fatick.<\/p>\n<p>La r\u00e9gion de Fatick constitue la derni\u00e8re \u00e9tape de sa tourn\u00e9e \u00e9conomique.<\/p>\n<p>Macky Sall a \u00e9t\u00e9 maire de Fatick.<\/p>\n<div class='share-to-whatsapp-wrapper'><div class='share-on-whsp'>PARTAGER SUR : <\/div><a data-text='FATICK - 483 milliards de FCFA investis dans la r\u00e9gion entre 2015-2023 (Macky Sall)' data-link='https:\/\/www.nettali.com\/2023\/11\/18\/fatick-483-milliards-de-fcfa-investis-dans-la-region-entre-2015-2023-macky-sall\/' class='whatsapp-button whatsapp-share'>WhatsApp<\/a><div class='clear '><\/div><\/div>","protected":false},"excerpt":{"rendered":"<p>NETTALI.COM - La r\u00e9gion de Fatick a b\u00e9n\u00e9fici\u00e9 d\u2019un investissement de 483 milliards de francs CFA sur la p\u00e9riode 2015-2023 , a indiqu\u00e9, vendredi, le chef de l\u2019Etat. \"Sur la p\u00e9riode 2015- 2023, la r\u00e9gion de Fatick a b\u00e9n\u00e9fici\u00e9 d\u2019un montant de 483 milliards en termes d\u2019investissements soit 196% du montant retenu lors du Conseil [&hellip;]<\/p>\n","protected":false},"author":4,"featured_media":122102,"comment_status":"open","ping_status":"open","sticky":false,"template":"","format":"standard","meta":{"_et_pb_use_builder":"","_et_pb_old_content":""},"categories":[2],"tags":[],"yoast_head":"<!-- This site is optimized with the Yoast SEO Premium plugin v17.8 (Yoast SEO v17.8) - https:\/\/yoast.com\/wordpress\/plugins\/seo\/ -->\n<title>FATICK - 483 milliards de FCFA investis dans la r\u00e9gion entre 2015-2023 (Macky Sall) | Nettali.com<\/title>\n<meta name=\"robots\" content=\"index, follow, max-snippet:-1, max-image-preview:large, max-video-preview:-1\" \/>\n<link rel=\"canonical\" href=\"https:\/\/www.nettali.com\/2023\/11\/18\/fatick-483-milliards-de-fcfa-investis-dans-la-region-entre-2015-2023-macky-sall\/\" \/>\n<meta property=\"og:locale\" content=\"fr_FR\" \/>\n<meta property=\"og:type\" content=\"article\" \/>\n<meta property=\"og:title\" content=\"FATICK - 483 milliards de FCFA investis dans la r\u00e9gion entre 2015-2023 (Macky Sall)\" \/>\n<meta property=\"og:description\" content=\"NETTALI.COM - La r\u00e9gion de Fatick a b\u00e9n\u00e9fici\u00e9 d\u2019un investissement de 483 milliards de francs CFA sur la p\u00e9riode 2015-2023 , a indiqu\u00e9, vendredi, le chef de l\u2019Etat. &quot;Sur la p\u00e9riode 2015- 2023, la r\u00e9gion de Fatick a b\u00e9n\u00e9fici\u00e9 d\u2019un montant de 483 milliards en termes d\u2019investissements soit 196% du montant retenu lors du Conseil [&hellip;]\" \/>\n<meta property=\"og:url\" content=\"https:\/\/www.nettali.com\/2023\/11\/18\/fatick-483-milliards-de-fcfa-investis-dans-la-region-entre-2015-2023-macky-sall\/\" \/>\n<meta property=\"og:site_name\" content=\"Nettali.com\" \/>\n<meta property=\"article:publisher\" content=\"https:\/\/www.facebook.com\/nettalicom\" \/>\n<meta property=\"article:published_time\" content=\"2023-11-18T08:48:21+00:00\" \/>\n<meta property=\"og:image\" content=\"https:\/\/www.nettali.com\/wp-content\/uploads\/2023\/11\/Macky-Fatick.jpeg\" \/>\n\t<meta property=\"og:image:width\" content=\"1683\" \/>\n\t<meta property=\"og:image:height\" content=\"907\" \/>\n<meta name=\"twitter:card\" content=\"summary_large_image\" \/>\n<meta name=\"twitter:label1\" content=\"\u00c9crit par\" \/>\n\t<meta name=\"twitter:data1\" content=\"Daouda\" \/>\n\t<meta name=\"twitter:label2\" content=\"Dur\u00e9e de lecture estim\u00e9e\" \/>\n\t<meta name=\"twitter:data2\" content=\"3 minutes\" \/>\n<script type=\"application\/ld+json\" class=\"yoast-schema-graph\">{\"@context\":\"https:\/\/schema.org\",\"@graph\":[{\"@type\":\"WebSite\",\"@id\":\"https:\/\/www.nettali.com\/#website\",\"url\":\"https:\/\/www.nettali.com\/\",\"name\":\"Nettali.com\",\"description\":\"Le rendez-vous critique du Net\",\"potentialAction\":[{\"@type\":\"SearchAction\",\"target\":{\"@type\":\"EntryPoint\",\"urlTemplate\":\"https:\/\/www.nettali.com\/?s={search_term_string}\"},\"query-input\":\"required name=search_term_string\"}],\"inLanguage\":\"fr-FR\"},{\"@type\":\"ImageObject\",\"@id\":\"https:\/\/www.nettali.com\/2023\/11\/18\/fatick-483-milliards-de-fcfa-investis-dans-la-region-entre-2015-2023-macky-sall\/#primaryimage\",\"inLanguage\":\"fr-FR\",\"url\":\"https:\/\/www.nettali.com\/wp-content\/uploads\/2023\/11\/Macky-Fatick.jpeg\",\"contentUrl\":\"https:\/\/www.nettali.com\/wp-content\/uploads\/2023\/11\/Macky-Fatick.jpeg\",\"width\":1683,\"height\":907},{\"@type\":\"WebPage\",\"@id\":\"https:\/\/www.nettali.com\/2023\/11\/18\/fatick-483-milliards-de-fcfa-investis-dans-la-region-entre-2015-2023-macky-sall\/#webpage\",\"url\":\"https:\/\/www.nettali.com\/2023\/11\/18\/fatick-483-milliards-de-fcfa-investis-dans-la-region-entre-2015-2023-macky-sall\/\",\"name\":\"FATICK - 483 milliards de FCFA investis dans la r\\u00e9gion entre 2015-2023 (Macky Sall) | Nettali.com\",\"isPartOf\":{\"@id\":\"https:\/\/www.nettali.com\/#website\"},\"primaryImageOfPage\":{\"@id\":\"https:\/\/www.nettali.com\/2023\/11\/18\/fatick-483-milliards-de-fcfa-investis-dans-la-region-entre-2015-2023-macky-sall\/#primaryimage\"},\"datePublished\":\"2023-11-18T08:48:21+00:00\",\"dateModified\":\"2023-11-18T08:48:21+00:00\",\"author\":{\"@id\":\"https:\/\/www.nettali.com\/#\/schema\/person\/3317e0bb3aa1da309fbf7b2780901bf4\"},\"breadcrumb\":{\"@id\":\"https:\/\/www.nettali.com\/2023\/11\/18\/fatick-483-milliards-de-fcfa-investis-dans-la-region-entre-2015-2023-macky-sall\/#breadcrumb\"},\"inLanguage\":\"fr-FR\",\"potentialAction\":[{\"@type\":\"ReadAction\",\"target\":[\"https:\/\/www.nettali.com\/2023\/11\/18\/fatick-483-milliards-de-fcfa-investis-dans-la-region-entre-2015-2023-macky-sall\/\"]}]},{\"@type\":\"BreadcrumbList\",\"@id\":\"https:\/\/www.nettali.com\/2023\/11\/18\/fatick-483-milliards-de-fcfa-investis-dans-la-region-entre-2015-2023-macky-sall\/#breadcrumb\",\"itemListElement\":[{\"@type\":\"ListItem\",\"position\":1,\"name\":\"Accueil\",\"item\":\"https:\/\/www.nettali.com\/\"},{\"@type\":\"ListItem\",\"position\":2,\"name\":\"FATICK - 483 milliards de FCFA investis dans la r\\u00e9gion entre 2015-2023 (Macky Sall)\"}]},{\"@type\":\"Person\",\"@id\":\"https:\/\/www.nettali.com\/#\/schema\/person\/3317e0bb3aa1da309fbf7b2780901bf4\",\"name\":\"Daouda\",\"image\":{\"@type\":\"ImageObject\",\"@id\":\"https:\/\/www.nettali.com\/#personlogo\",\"inLanguage\":\"fr-FR\",\"url\":\"https:\/\/secure.gravatar.com\/avatar\/8d143b5a49345098ddcfee1c49c2f47c?s=96&d=mm&r=g\",\"contentUrl\":\"https:\/\/secure.gravatar.com\/avatar\/8d143b5a49345098ddcfee1c49c2f47c?s=96&d=mm&r=g\",\"caption\":\"Daouda\"},\"sameAs\":[\"https:\/\/www.nettali.com\"]}]}<\/script>\n<!-- \/ Yoast SEO Premium plugin. -->","yoast_head_json":{"title":"FATICK - 483 milliards de FCFA investis dans la r\u00e9gion entre 2015-2023 (Macky Sall) | Nettali.com","robots":{"index":"index","follow":"follow","max-snippet":"max-snippet:-1","max-image-preview":"max-image-preview:large","max-video-preview":"max-video-preview:-1"},"canonical":"https:\/\/www.nettali.com\/2023\/11\/18\/fatick-483-milliards-de-fcfa-investis-dans-la-region-entre-2015-2023-macky-sall\/","og_locale":"fr_FR","og_type":"article","og_title":"FATICK - 483 milliards de FCFA investis dans la r\u00e9gion entre 2015-2023 (Macky Sall)","og_description":"NETTALI.COM - La r\u00e9gion de Fatick a b\u00e9n\u00e9fici\u00e9 d\u2019un investissement de 483 milliards de francs CFA sur la p\u00e9riode 2015-2023 , a indiqu\u00e9, vendredi, le chef de l\u2019Etat. \"Sur la p\u00e9riode 2015- 2023, la r\u00e9gion de Fatick a b\u00e9n\u00e9fici\u00e9 d\u2019un montant de 483 milliards en termes d\u2019investissements soit 196% du montant retenu lors du Conseil [&hellip;]","og_url":"https:\/\/www.nettali.com\/2023\/11\/18\/fatick-483-milliards-de-fcfa-investis-dans-la-region-entre-2015-2023-macky-sall\/","og_site_name":"Nettali.com","article_publisher":"https:\/\/www.facebook.com\/nettalicom","article_published_time":"2023-11-18T08:48:21+00:00","og_image":[{"width":1683,"height":907,"url":"https:\/\/www.nettali.com\/wp-content\/uploads\/2023\/11\/Macky-Fatick.jpeg","type":"image\/jpeg"}],"twitter_card":"summary_large_image","twitter_misc":{"\u00c9crit par":"Daouda","Dur\u00e9e de lecture estim\u00e9e":"3 minutes"},"schema":{"@context":"https:\/\/schema.org","@graph":[{"@type":"WebSite","@id":"https:\/\/www.nettali.com\/#website","url":"https:\/\/www.nettali.com\/","name":"Nettali.com","description":"Le rendez-vous critique du Net","potentialAction":[{"@type":"SearchAction","target":{"@type":"EntryPoint","urlTemplate":"https:\/\/www.nettali.com\/?s={search_term_string}"},"query-input":"required name=search_term_string"}],"inLanguage":"fr-FR"},{"@type":"ImageObject","@id":"https:\/\/www.nettali.com\/2023\/11\/18\/fatick-483-milliards-de-fcfa-investis-dans-la-region-entre-2015-2023-macky-sall\/#primaryimage","inLanguage":"fr-FR","url":"https:\/\/www.nettali.com\/wp-content\/uploads\/2023\/11\/Macky-Fatick.jpeg","contentUrl":"https:\/\/www.nettali.com\/wp-content\/uploads\/2023\/11\/Macky-Fatick.jpeg","width":1683,"height":907},{"@type":"WebPage","@id":"https:\/\/www.nettali.com\/2023\/11\/18\/fatick-483-milliards-de-fcfa-investis-dans-la-region-entre-2015-2023-macky-sall\/#webpage","url":"https:\/\/www.nettali.com\/2023\/11\/18\/fatick-483-milliards-de-fcfa-investis-dans-la-region-entre-2015-2023-macky-sall\/","name":"FATICK - 483 milliards de FCFA investis dans la r\u00e9gion entre 2015-2023 (Macky Sall) | Nettali.com","isPartOf":{"@id":"https:\/\/www.nettali.com\/#website"},"primaryImageOfPage":{"@id":"https:\/\/www.nettali.com\/2023\/11\/18\/fatick-483-milliards-de-fcfa-investis-dans-la-region-entre-2015-2023-macky-sall\/#primaryimage"},"datePublished":"2023-11-18T08:48:21+00:00","dateModified":"2023-11-18T08:48:21+00:00","author":{"@id":"https:\/\/www.nettali.com\/#\/schema\/person\/3317e0bb3aa1da309fbf7b2780901bf4"},"breadcrumb":{"@id":"https:\/\/www.nettali.com\/2023\/11\/18\/fatick-483-milliards-de-fcfa-investis-dans-la-region-entre-2015-2023-macky-sall\/#breadcrumb"},"inLanguage":"fr-FR","potentialAction":[{"@type":"ReadAction","target":["https:\/\/www.nettali.com\/2023\/11\/18\/fatick-483-milliards-de-fcfa-investis-dans-la-region-entre-2015-2023-macky-sall\/"]}]},{"@type":"BreadcrumbList","@id":"https:\/\/www.nettali.com\/2023\/11\/18\/fatick-483-milliards-de-fcfa-investis-dans-la-region-entre-2015-2023-macky-sall\/#breadcrumb","itemListElement":[{"@type":"ListItem","position":1,"name":"Accueil","item":"https:\/\/www.nettali.com\/"},{"@type":"ListItem","position":2,"name":"FATICK - 483 milliards de FCFA investis dans la r\u00e9gion entre 2015-2023 (Macky Sall)"}]},{"@type":"Person","@id":"https:\/\/www.nettali.com\/#\/schema\/person\/3317e0bb3aa1da309fbf7b2780901bf4","name":"Daouda","image":{"@type":"ImageObject","@id":"https:\/\/www.nettali.com\/#personlogo","inLanguage":"fr-FR","url":"https:\/\/secure.gravatar.com\/avatar\/8d143b5a49345098ddcfee1c49c2f47c?s=96&d=mm&r=g","contentUrl":"https:\/\/secure.gravatar.com\/avatar\/8d143b5a49345098ddcfee1c49c2f47c?s=96&d=mm&r=g","caption":"Daouda"},"sameAs":["https:\/\/www.nettali.com"]}]}},"_links":{"self":[{"href":"https:\/\/www.nettali.com\/rest\/wp\/v2\/posts\/122099"}],"collection":[{"href":"https:\/\/www.nettali.com\/rest\/wp\/v2\/posts"}],"about":[{"href":"https:\/\/www.nettali.com\/rest\/wp\/v2\/types\/post"}],"author":[{"embeddable":true,"href":"https:\/\/www.nettali.com\/rest\/wp\/v2\/users\/4"}],"replies":[{"embeddable":true,"href":"https:\/\/www.nettali.com\/rest\/wp\/v2\/comments?post=122099"}],"version-history":[{"count":1,"href":"https:\/\/www.nettali.com\/rest\/wp\/v2\/posts\/122099\/revisions"}],"predecessor-version":[{"id":122103,"href":"https:\/\/www.nettali.com\/rest\/wp\/v2\/posts\/122099\/revisions\/122103"}],"wp:featuredmedia":[{"embeddable":true,"href":"https:\/\/www.nettali.com\/rest\/wp\/v2\/media\/122102"}],"wp:attachment":[{"href":"https:\/\/www.nettali.com\/rest\/wp\/v2\/media?parent=122099"}],"wp:term":[{"taxonomy":"category","embeddable":true,"href":"https:\/\/www.nettali.com\/rest\/wp\/v2\/categories?post=122099"},{"taxonomy":"post_tag","embeddable":true,"href":"https:\/\/www.nettali.com\/rest\/wp\/v2\/tags?post=122099"}],"curies":[{"name":"wp","href":"https:\/\/api.w.org\/{rel}","templated":true}]}}