{"id":122079,"date":"2023-11-17T19:33:36","date_gmt":"2023-11-17T19:33:36","guid":{"rendered":"https:\/\/www.nettali.com\/?p=122079"},"modified":"2023-11-17T23:28:04","modified_gmt":"2023-11-17T23:28:04","slug":"me-el-hadji-diouf-on-a-gagne-a-abuja-ce-matin-on-a-gagne-a-la-cour-supreme-lapres-midi","status":"publish","type":"post","link":"https:\/\/www.nettali.com\/2023\/11\/17\/me-el-hadji-diouf-on-a-gagne-a-abuja-ce-matin-on-a-gagne-a-la-cour-supreme-lapres-midi\/","title":{"rendered":"ME EL HADJI DIOUF : \"On a gagn\u00e9 \u00e0 Abuja ce matin, on a gagn\u00e9 \u00e0 la Cour supr\u00eame l'apr\u00e8s-midi\""},"content":{"rendered":"<p><strong>NETTALI.COM - Me El Hadji Diouf jubile. L\u2019avocat de l\u2019Etat n\u2019a pas cach\u00e9 sa joie apr\u00e8s le d\u00e9lib\u00e9r\u00e9 rendu par la Cour supr\u00eame sur le recours introduit par l\u2019agent judiciaire de l'Etat (Aje) contre la d\u00e9cision du Juge Sabassy Faye sur la radiation de Ousmane Sonko des listes \u00e9lectorales.<\/strong><\/p>\n<p>A la Cour supr\u00eame, ce vendredi 17 novembre, le juge a cass\u00e9 et annul\u00e9 la d\u00e9cision rendue le 12 octobre par le Pr\u00e9sident du Tribunal de Ziguinchor, ordonnant la r\u00e9int\u00e9gration de Ousmane Sonko sur les listes \u00e9lectorales. L\u2019affaire devra \u00eatre examin\u00e9e, \u00e0 nouveau, au Tribunal de Dakar.<\/p>\n<p>De leur c\u00f4t\u00e9, les avocats de l\u2019Etat jubilent. \"<em>On a gagn\u00e9 ce matin, on a gagn\u00e9 dans l\u2019apr\u00e8s-midi. On a gagn\u00e9 \u00e0 Abuja on a gagn\u00e9 \u00e0 Dakar<\/em>\", scandait la robe noire au sortir de l\u2019audience.<br \/>\nPour lui, \"<em>le \u00a0juge Sabassy Faye de Ziguinchor a \u00e9t\u00e9 d\u00e9savou\u00e9<\/em>\" par la Cour supr\u00eame.<\/p>\n<div class='share-to-whatsapp-wrapper'><div class='share-on-whsp'>PARTAGER SUR : <\/div><a data-text='ME EL HADJI DIOUF : \"On a gagn\u00e9 \u00e0 Abuja ce matin, on a gagn\u00e9 \u00e0 la Cour supr\u00eame l'apr\u00e8s-midi\"' data-link='https:\/\/www.nettali.com\/2023\/11\/17\/me-el-hadji-diouf-on-a-gagne-a-abuja-ce-matin-on-a-gagne-a-la-cour-supreme-lapres-midi\/' class='whatsapp-button whatsapp-share'>WhatsApp<\/a><div class='clear '><\/div><\/div>","protected":false},"excerpt":{"rendered":"<p>NETTALI.COM - Me El Hadji Diouf jubile. L\u2019avocat de l\u2019Etat n\u2019a pas cach\u00e9 sa joie apr\u00e8s le d\u00e9lib\u00e9r\u00e9 rendu par la Cour supr\u00eame sur le recours introduit par l\u2019agent judiciaire de l'Etat (Aje) contre la d\u00e9cision du Juge Sabassy Faye sur la radiation de Ousmane Sonko des listes \u00e9lectorales. A la Cour supr\u00eame, ce vendredi [&hellip;]<\/p>\n","protected":false},"author":5,"featured_media":102417,"comment_status":"open","ping_status":"open","sticky":false,"template":"","format":"standard","meta":{"_et_pb_use_builder":"","_et_pb_old_content":""},"categories":[2],"tags":[],"yoast_head":"<!-- This site is optimized with the Yoast SEO Premium plugin v17.8 (Yoast SEO v17.8) - https:\/\/yoast.com\/wordpress\/plugins\/seo\/ -->\n<title>ME EL HADJI DIOUF : &quot;On a gagn\u00e9 \u00e0 Abuja ce matin, on a gagn\u00e9 \u00e0 la Cour supr\u00eame l&#039;apr\u00e8s-midi&quot; | Nettali.com<\/title>\n<meta name=\"robots\" content=\"index, follow, max-snippet:-1, max-image-preview:large, max-video-preview:-1\" \/>\n<link rel=\"canonical\" href=\"https:\/\/www.nettali.com\/2023\/11\/17\/me-el-hadji-diouf-on-a-gagne-a-abuja-ce-matin-on-a-gagne-a-la-cour-supreme-lapres-midi\/\" \/>\n<meta property=\"og:locale\" content=\"fr_FR\" \/>\n<meta property=\"og:type\" content=\"article\" \/>\n<meta property=\"og:title\" content=\"ME EL HADJI DIOUF : &quot;On a gagn\u00e9 \u00e0 Abuja ce matin, on a gagn\u00e9 \u00e0 la Cour supr\u00eame l&#039;apr\u00e8s-midi&quot;\" \/>\n<meta property=\"og:description\" content=\"NETTALI.COM - Me El Hadji Diouf jubile. L\u2019avocat de l\u2019Etat n\u2019a pas cach\u00e9 sa joie apr\u00e8s le d\u00e9lib\u00e9r\u00e9 rendu par la Cour supr\u00eame sur le recours introduit par l\u2019agent judiciaire de l&#039;Etat (Aje) contre la d\u00e9cision du Juge Sabassy Faye sur la radiation de Ousmane Sonko des listes \u00e9lectorales. A la Cour supr\u00eame, ce vendredi [&hellip;]\" \/>\n<meta property=\"og:url\" content=\"https:\/\/www.nettali.com\/2023\/11\/17\/me-el-hadji-diouf-on-a-gagne-a-abuja-ce-matin-on-a-gagne-a-la-cour-supreme-lapres-midi\/\" \/>\n<meta property=\"og:site_name\" content=\"Nettali.com\" \/>\n<meta property=\"article:publisher\" content=\"https:\/\/www.facebook.com\/nettalicom\" \/>\n<meta property=\"article:published_time\" content=\"2023-11-17T19:33:36+00:00\" \/>\n<meta property=\"article:modified_time\" content=\"2023-11-17T23:28:04+00:00\" \/>\n<meta property=\"og:image\" content=\"https:\/\/www.nettali.com\/wp-content\/uploads\/2023\/01\/me-el-hadji-diouf-696x391-1.jpg\" \/>\n\t<meta property=\"og:image:width\" content=\"696\" \/>\n\t<meta property=\"og:image:height\" content=\"391\" \/>\n<meta name=\"twitter:card\" content=\"summary_large_image\" \/>\n<meta name=\"twitter:label1\" content=\"\u00c9crit par\" \/>\n\t<meta name=\"twitter:data1\" content=\"Ibrahima\" \/>\n\t<meta name=\"twitter:label2\" content=\"Dur\u00e9e de lecture estim\u00e9e\" \/>\n\t<meta name=\"twitter:data2\" content=\"1 minute\" \/>\n<script type=\"application\/ld+json\" class=\"yoast-schema-graph\">{\"@context\":\"https:\/\/schema.org\",\"@graph\":[{\"@type\":\"WebSite\",\"@id\":\"https:\/\/www.nettali.com\/#website\",\"url\":\"https:\/\/www.nettali.com\/\",\"name\":\"Nettali.com\",\"description\":\"Le rendez-vous critique du Net\",\"potentialAction\":[{\"@type\":\"SearchAction\",\"target\":{\"@type\":\"EntryPoint\",\"urlTemplate\":\"https:\/\/www.nettali.com\/?s={search_term_string}\"},\"query-input\":\"required name=search_term_string\"}],\"inLanguage\":\"fr-FR\"},{\"@type\":\"ImageObject\",\"@id\":\"https:\/\/www.nettali.com\/2023\/11\/17\/me-el-hadji-diouf-on-a-gagne-a-abuja-ce-matin-on-a-gagne-a-la-cour-supreme-lapres-midi\/#primaryimage\",\"inLanguage\":\"fr-FR\",\"url\":\"https:\/\/www.nettali.com\/wp-content\/uploads\/2023\/01\/me-el-hadji-diouf-696x391-1.jpg\",\"contentUrl\":\"https:\/\/www.nettali.com\/wp-content\/uploads\/2023\/01\/me-el-hadji-diouf-696x391-1.jpg\",\"width\":696,\"height\":391},{\"@type\":\"WebPage\",\"@id\":\"https:\/\/www.nettali.com\/2023\/11\/17\/me-el-hadji-diouf-on-a-gagne-a-abuja-ce-matin-on-a-gagne-a-la-cour-supreme-lapres-midi\/#webpage\",\"url\":\"https:\/\/www.nettali.com\/2023\/11\/17\/me-el-hadji-diouf-on-a-gagne-a-abuja-ce-matin-on-a-gagne-a-la-cour-supreme-lapres-midi\/\",\"name\":\"ME EL HADJI DIOUF : \\\"On a gagn\\u00e9 \\u00e0 Abuja ce matin, on a gagn\\u00e9 \\u00e0 la Cour supr\\u00eame l'apr\\u00e8s-midi\\\" | Nettali.com\",\"isPartOf\":{\"@id\":\"https:\/\/www.nettali.com\/#website\"},\"primaryImageOfPage\":{\"@id\":\"https:\/\/www.nettali.com\/2023\/11\/17\/me-el-hadji-diouf-on-a-gagne-a-abuja-ce-matin-on-a-gagne-a-la-cour-supreme-lapres-midi\/#primaryimage\"},\"datePublished\":\"2023-11-17T19:33:36+00:00\",\"dateModified\":\"2023-11-17T23:28:04+00:00\",\"author\":{\"@id\":\"https:\/\/www.nettali.com\/#\/schema\/person\/bb147657c2986240405a608162b9bb23\"},\"breadcrumb\":{\"@id\":\"https:\/\/www.nettali.com\/2023\/11\/17\/me-el-hadji-diouf-on-a-gagne-a-abuja-ce-matin-on-a-gagne-a-la-cour-supreme-lapres-midi\/#breadcrumb\"},\"inLanguage\":\"fr-FR\",\"potentialAction\":[{\"@type\":\"ReadAction\",\"target\":[\"https:\/\/www.nettali.com\/2023\/11\/17\/me-el-hadji-diouf-on-a-gagne-a-abuja-ce-matin-on-a-gagne-a-la-cour-supreme-lapres-midi\/\"]}]},{\"@type\":\"BreadcrumbList\",\"@id\":\"https:\/\/www.nettali.com\/2023\/11\/17\/me-el-hadji-diouf-on-a-gagne-a-abuja-ce-matin-on-a-gagne-a-la-cour-supreme-lapres-midi\/#breadcrumb\",\"itemListElement\":[{\"@type\":\"ListItem\",\"position\":1,\"name\":\"Accueil\",\"item\":\"https:\/\/www.nettali.com\/\"},{\"@type\":\"ListItem\",\"position\":2,\"name\":\"ME EL HADJI DIOUF : \\\"On a gagn\\u00e9 \\u00e0 Abuja ce matin, on a gagn\\u00e9 \\u00e0 la Cour supr\\u00eame l'apr\\u00e8s-midi\\\"\"}]},{\"@type\":\"Person\",\"@id\":\"https:\/\/www.nettali.com\/#\/schema\/person\/bb147657c2986240405a608162b9bb23\",\"name\":\"Ibrahima\",\"image\":{\"@type\":\"ImageObject\",\"@id\":\"https:\/\/www.nettali.com\/#personlogo\",\"inLanguage\":\"fr-FR\",\"url\":\"https:\/\/secure.gravatar.com\/avatar\/26a8a81f09f0dd7624c9d5c36c9ba3a2?s=96&d=mm&r=g\",\"contentUrl\":\"https:\/\/secure.gravatar.com\/avatar\/26a8a81f09f0dd7624c9d5c36c9ba3a2?s=96&d=mm&r=g\",\"caption\":\"Ibrahima\"},\"sameAs\":[\"https:\/\/www.nettali.com\"]}]}<\/script>\n<!-- \/ Yoast SEO Premium plugin. -->","yoast_head_json":{"title":"ME EL HADJI DIOUF : \"On a gagn\u00e9 \u00e0 Abuja ce matin, on a gagn\u00e9 \u00e0 la Cour supr\u00eame l'apr\u00e8s-midi\" | Nettali.com","robots":{"index":"index","follow":"follow","max-snippet":"max-snippet:-1","max-image-preview":"max-image-preview:large","max-video-preview":"max-video-preview:-1"},"canonical":"https:\/\/www.nettali.com\/2023\/11\/17\/me-el-hadji-diouf-on-a-gagne-a-abuja-ce-matin-on-a-gagne-a-la-cour-supreme-lapres-midi\/","og_locale":"fr_FR","og_type":"article","og_title":"ME EL HADJI DIOUF : \"On a gagn\u00e9 \u00e0 Abuja ce matin, on a gagn\u00e9 \u00e0 la Cour supr\u00eame l'apr\u00e8s-midi\"","og_description":"NETTALI.COM - Me El Hadji Diouf jubile. L\u2019avocat de l\u2019Etat n\u2019a pas cach\u00e9 sa joie apr\u00e8s le d\u00e9lib\u00e9r\u00e9 rendu par la Cour supr\u00eame sur le recours introduit par l\u2019agent judiciaire de l'Etat (Aje) contre la d\u00e9cision du Juge Sabassy Faye sur la radiation de Ousmane Sonko des listes \u00e9lectorales. A la Cour supr\u00eame, ce vendredi [&hellip;]","og_url":"https:\/\/www.nettali.com\/2023\/11\/17\/me-el-hadji-diouf-on-a-gagne-a-abuja-ce-matin-on-a-gagne-a-la-cour-supreme-lapres-midi\/","og_site_name":"Nettali.com","article_publisher":"https:\/\/www.facebook.com\/nettalicom","article_published_time":"2023-11-17T19:33:36+00:00","article_modified_time":"2023-11-17T23:28:04+00:00","og_image":[{"width":696,"height":391,"url":"https:\/\/www.nettali.com\/wp-content\/uploads\/2023\/01\/me-el-hadji-diouf-696x391-1.jpg","type":"image\/jpeg"}],"twitter_card":"summary_large_image","twitter_misc":{"\u00c9crit par":"Ibrahima","Dur\u00e9e de lecture estim\u00e9e":"1 minute"},"schema":{"@context":"https:\/\/schema.org","@graph":[{"@type":"WebSite","@id":"https:\/\/www.nettali.com\/#website","url":"https:\/\/www.nettali.com\/","name":"Nettali.com","description":"Le rendez-vous critique du Net","potentialAction":[{"@type":"SearchAction","target":{"@type":"EntryPoint","urlTemplate":"https:\/\/www.nettali.com\/?s={search_term_string}"},"query-input":"required name=search_term_string"}],"inLanguage":"fr-FR"},{"@type":"ImageObject","@id":"https:\/\/www.nettali.com\/2023\/11\/17\/me-el-hadji-diouf-on-a-gagne-a-abuja-ce-matin-on-a-gagne-a-la-cour-supreme-lapres-midi\/#primaryimage","inLanguage":"fr-FR","url":"https:\/\/www.nettali.com\/wp-content\/uploads\/2023\/01\/me-el-hadji-diouf-696x391-1.jpg","contentUrl":"https:\/\/www.nettali.com\/wp-content\/uploads\/2023\/01\/me-el-hadji-diouf-696x391-1.jpg","width":696,"height":391},{"@type":"WebPage","@id":"https:\/\/www.nettali.com\/2023\/11\/17\/me-el-hadji-diouf-on-a-gagne-a-abuja-ce-matin-on-a-gagne-a-la-cour-supreme-lapres-midi\/#webpage","url":"https:\/\/www.nettali.com\/2023\/11\/17\/me-el-hadji-diouf-on-a-gagne-a-abuja-ce-matin-on-a-gagne-a-la-cour-supreme-lapres-midi\/","name":"ME EL HADJI DIOUF : \"On a gagn\u00e9 \u00e0 Abuja ce matin, on a gagn\u00e9 \u00e0 la Cour supr\u00eame l'apr\u00e8s-midi\" | Nettali.com","isPartOf":{"@id":"https:\/\/www.nettali.com\/#website"},"primaryImageOfPage":{"@id":"https:\/\/www.nettali.com\/2023\/11\/17\/me-el-hadji-diouf-on-a-gagne-a-abuja-ce-matin-on-a-gagne-a-la-cour-supreme-lapres-midi\/#primaryimage"},"datePublished":"2023-11-17T19:33:36+00:00","dateModified":"2023-11-17T23:28:04+00:00","author":{"@id":"https:\/\/www.nettali.com\/#\/schema\/person\/bb147657c2986240405a608162b9bb23"},"breadcrumb":{"@id":"https:\/\/www.nettali.com\/2023\/11\/17\/me-el-hadji-diouf-on-a-gagne-a-abuja-ce-matin-on-a-gagne-a-la-cour-supreme-lapres-midi\/#breadcrumb"},"inLanguage":"fr-FR","potentialAction":[{"@type":"ReadAction","target":["https:\/\/www.nettali.com\/2023\/11\/17\/me-el-hadji-diouf-on-a-gagne-a-abuja-ce-matin-on-a-gagne-a-la-cour-supreme-lapres-midi\/"]}]},{"@type":"BreadcrumbList","@id":"https:\/\/www.nettali.com\/2023\/11\/17\/me-el-hadji-diouf-on-a-gagne-a-abuja-ce-matin-on-a-gagne-a-la-cour-supreme-lapres-midi\/#breadcrumb","itemListElement":[{"@type":"ListItem","position":1,"name":"Accueil","item":"https:\/\/www.nettali.com\/"},{"@type":"ListItem","position":2,"name":"ME EL HADJI DIOUF : \"On a gagn\u00e9 \u00e0 Abuja ce matin, on a gagn\u00e9 \u00e0 la Cour supr\u00eame l'apr\u00e8s-midi\""}]},{"@type":"Person","@id":"https:\/\/www.nettali.com\/#\/schema\/person\/bb147657c2986240405a608162b9bb23","name":"Ibrahima","image":{"@type":"ImageObject","@id":"https:\/\/www.nettali.com\/#personlogo","inLanguage":"fr-FR","url":"https:\/\/secure.gravatar.com\/avatar\/26a8a81f09f0dd7624c9d5c36c9ba3a2?s=96&d=mm&r=g","contentUrl":"https:\/\/secure.gravatar.com\/avatar\/26a8a81f09f0dd7624c9d5c36c9ba3a2?s=96&d=mm&r=g","caption":"Ibrahima"},"sameAs":["https:\/\/www.nettali.com"]}]}},"_links":{"self":[{"href":"https:\/\/www.nettali.com\/rest\/wp\/v2\/posts\/122079"}],"collection":[{"href":"https:\/\/www.nettali.com\/rest\/wp\/v2\/posts"}],"about":[{"href":"https:\/\/www.nettali.com\/rest\/wp\/v2\/types\/post"}],"author":[{"embeddable":true,"href":"https:\/\/www.nettali.com\/rest\/wp\/v2\/users\/5"}],"replies":[{"embeddable":true,"href":"https:\/\/www.nettali.com\/rest\/wp\/v2\/comments?post=122079"}],"version-history":[{"count":4,"href":"https:\/\/www.nettali.com\/rest\/wp\/v2\/posts\/122079\/revisions"}],"predecessor-version":[{"id":122090,"href":"https:\/\/www.nettali.com\/rest\/wp\/v2\/posts\/122079\/revisions\/122090"}],"wp:featuredmedia":[{"embeddable":true,"href":"https:\/\/www.nettali.com\/rest\/wp\/v2\/media\/102417"}],"wp:attachment":[{"href":"https:\/\/www.nettali.com\/rest\/wp\/v2\/media?parent=122079"}],"wp:term":[{"taxonomy":"category","embeddable":true,"href":"https:\/\/www.nettali.com\/rest\/wp\/v2\/categories?post=122079"},{"taxonomy":"post_tag","embeddable":true,"href":"https:\/\/www.nettali.com\/rest\/wp\/v2\/tags?post=122079"}],"curies":[{"name":"wp","href":"https:\/\/api.w.org\/{rel}","templated":true}]}}