{"id":122055,"date":"2023-11-17T15:29:40","date_gmt":"2023-11-17T15:29:40","guid":{"rendered":"https:\/\/www.nettali.com\/?p=122055"},"modified":"2023-11-17T18:16:53","modified_gmt":"2023-11-17T18:16:53","slug":"cour-supreme-le-parquet-requiert-la-reintegration-de-sonko-sur-les-listes-electorales","status":"publish","type":"post","link":"https:\/\/www.nettali.com\/2023\/11\/17\/cour-supreme-le-parquet-requiert-la-reintegration-de-sonko-sur-les-listes-electorales\/","title":{"rendered":"COUR SUPR\u00caME \u2013 Le parquet requiert la r\u00e9int\u00e9gration de Sonko sur les listes \u00e9lectorales"},"content":{"rendered":"<p><strong>NETTALI.COM - Le procureur g\u00e9n\u00e9ral pr\u00e8s la Cour supr\u00eame, Ousmane Diagne, a requis la rejet de la requ\u00eate de l\u2019Etat et la confirmation de la d\u00e9cision du juge de Ziguinchor, Sabassy Faye. Ousmane Diagne estime que les moyens d\u00e9velopp\u00e9s par l\u2019Etat ne sont pas fond\u00e9s.<\/strong><\/p>\n<p>Le pr\u00e9sident de la Cour supr\u00eame a suspendu la s\u00e9ance et devra rendre son verdict \u00e0 16h 30. Avant cela, l'avocat g\u00e9n\u00e9ral, Ousmane Diagne, a demand\u00e9 au juge de rejeter tous les trois moyens d\u00e9velopp\u00e9s par l\u2019Agent judiciaire de l\u2019Etat. \u00a0\u00a0Il estime que le recours de l'Etat n'est pas fond\u00e9, aussi bien sur l'incomp\u00e9tence du Tribunal de Ziguinchor, la recevabilit\u00e9 du recours que sur la forclusion. Convoquant la jurisprudence Karim Wade, il a demand\u00e9 la confirmation du jugement du tribunal d\u2019instance de Ziguinchor qui a ordonn\u00e9 l\u2019annulation de la radiation d\u2019Ousmane Sonko \u00a0des listes \u00e9lectorales tout en ordonnant sa r\u00e9int\u00e9gration.<\/p>\n<p>Auparavant, les avocats d\u2019Ousmane Sonko ont expliqu\u00e9 que la d\u00e9cision de radiation de Sonko doit \u00eatre notifi\u00e9e. C'est ce que dit la loi. Et cela n\u2019a pas \u00e9t\u00e9 fait. \u00a0\u00ab<em>M. le juge, le peuple est \u00e0 votre \u00e9coute. La paix de ce pays est entre vos mains. Laissez le peuple choisir librement au scrutin. En mati\u00e8re \u00e9lectorale, c'est l'\u00e9lecteur qui est prot\u00e9g\u00e9<\/em>\u00bb, dira Me Bamba Ciss\u00e9.<\/p>\n<p>Pour leur part, les avocats de l\u2019Etat ont estim\u00e9 que nul ne peut se pr\u00e9valoir de sa propre turpitude. Annon\u00e7ant le Verdict de la Cour de justice de la Cedeao, Me El Hadji Diouf consid\u00e8re cela comme une grande victoire. \u00ab <em>Il (Ousmane Sonko) devait s'attendre \u00e0 \u00e7a. Parce qu\u2019il a refus\u00e9 de r\u00e9pondre \u00e0 la justice. Il a insult\u00e9 la magistrature. Cet homme se croyait \u00eatre le President. Il est celui de la rue<\/em> \u00bb, dit-il.<\/p>\n<p>A noter que des magistrats du si\u00e8ge statuant en coll\u00e8ge qui devront dire si la d\u00e9cision du juge Sabassy du tribunal de Ziguinchor est bonne ou pas. Soit elle confirme la d\u00e9cision, soit elle la casse, et dans ce cas de figure, elle devra renvoyer \u00e0 une autre cour pour juger \u00e0 nouveau l'affaire. Une affaire \u00e0 suivre.<\/p>\n<p>&nbsp;<\/p>\n<div class='share-to-whatsapp-wrapper'><div class='share-on-whsp'>PARTAGER SUR : <\/div><a data-text='COUR SUPR\u00caME \u2013 Le parquet requiert la r\u00e9int\u00e9gration de Sonko sur les listes \u00e9lectorales' data-link='https:\/\/www.nettali.com\/2023\/11\/17\/cour-supreme-le-parquet-requiert-la-reintegration-de-sonko-sur-les-listes-electorales\/' class='whatsapp-button whatsapp-share'>WhatsApp<\/a><div class='clear '><\/div><\/div>","protected":false},"excerpt":{"rendered":"<p>NETTALI.COM - Le procureur g\u00e9n\u00e9ral pr\u00e8s la Cour supr\u00eame, Ousmane Diagne, a requis la rejet de la requ\u00eate de l\u2019Etat et la confirmation de la d\u00e9cision du juge de Ziguinchor, Sabassy Faye. Ousmane Diagne estime que les moyens d\u00e9velopp\u00e9s par l\u2019Etat ne sont pas fond\u00e9s. Le pr\u00e9sident de la Cour supr\u00eame a suspendu la s\u00e9ance [&hellip;]<\/p>\n","protected":false},"author":4,"featured_media":122056,"comment_status":"open","ping_status":"open","sticky":false,"template":"","format":"standard","meta":{"_et_pb_use_builder":"","_et_pb_old_content":""},"categories":[3],"tags":[],"yoast_head":"<!-- This site is optimized with the Yoast SEO Premium plugin v17.8 (Yoast SEO v17.8) - https:\/\/yoast.com\/wordpress\/plugins\/seo\/ -->\n<title>COUR SUPR\u00caME \u2013 Le parquet requiert la r\u00e9int\u00e9gration de Sonko sur les listes \u00e9lectorales | Nettali.com<\/title>\n<meta name=\"robots\" content=\"index, follow, max-snippet:-1, max-image-preview:large, max-video-preview:-1\" \/>\n<link rel=\"canonical\" href=\"https:\/\/www.nettali.com\/2023\/11\/17\/cour-supreme-le-parquet-requiert-la-reintegration-de-sonko-sur-les-listes-electorales\/\" \/>\n<meta property=\"og:locale\" content=\"fr_FR\" \/>\n<meta property=\"og:type\" content=\"article\" \/>\n<meta property=\"og:title\" content=\"COUR SUPR\u00caME \u2013 Le parquet requiert la r\u00e9int\u00e9gration de Sonko sur les listes \u00e9lectorales\" \/>\n<meta property=\"og:description\" content=\"NETTALI.COM - Le procureur g\u00e9n\u00e9ral pr\u00e8s la Cour supr\u00eame, Ousmane Diagne, a requis la rejet de la requ\u00eate de l\u2019Etat et la confirmation de la d\u00e9cision du juge de Ziguinchor, Sabassy Faye. Ousmane Diagne estime que les moyens d\u00e9velopp\u00e9s par l\u2019Etat ne sont pas fond\u00e9s. Le pr\u00e9sident de la Cour supr\u00eame a suspendu la s\u00e9ance [&hellip;]\" \/>\n<meta property=\"og:url\" content=\"https:\/\/www.nettali.com\/2023\/11\/17\/cour-supreme-le-parquet-requiert-la-reintegration-de-sonko-sur-les-listes-electorales\/\" \/>\n<meta property=\"og:site_name\" content=\"Nettali.com\" \/>\n<meta property=\"article:publisher\" content=\"https:\/\/www.facebook.com\/nettalicom\" \/>\n<meta property=\"article:published_time\" content=\"2023-11-17T15:29:40+00:00\" \/>\n<meta property=\"article:modified_time\" content=\"2023-11-17T18:16:53+00:00\" \/>\n<meta property=\"og:image\" content=\"https:\/\/www.nettali.com\/wp-content\/uploads\/2023\/11\/Ousmane-Diagne.jpeg\" \/>\n\t<meta property=\"og:image:width\" content=\"700\" \/>\n\t<meta property=\"og:image:height\" content=\"598\" \/>\n<meta name=\"twitter:card\" content=\"summary_large_image\" \/>\n<meta name=\"twitter:label1\" content=\"\u00c9crit par\" \/>\n\t<meta name=\"twitter:data1\" content=\"Daouda\" \/>\n\t<meta name=\"twitter:label2\" content=\"Dur\u00e9e de lecture estim\u00e9e\" \/>\n\t<meta name=\"twitter:data2\" content=\"2 minutes\" \/>\n<script type=\"application\/ld+json\" class=\"yoast-schema-graph\">{\"@context\":\"https:\/\/schema.org\",\"@graph\":[{\"@type\":\"WebSite\",\"@id\":\"https:\/\/www.nettali.com\/#website\",\"url\":\"https:\/\/www.nettali.com\/\",\"name\":\"Nettali.com\",\"description\":\"Le rendez-vous critique du Net\",\"potentialAction\":[{\"@type\":\"SearchAction\",\"target\":{\"@type\":\"EntryPoint\",\"urlTemplate\":\"https:\/\/www.nettali.com\/?s={search_term_string}\"},\"query-input\":\"required name=search_term_string\"}],\"inLanguage\":\"fr-FR\"},{\"@type\":\"ImageObject\",\"@id\":\"https:\/\/www.nettali.com\/2023\/11\/17\/cour-supreme-le-parquet-requiert-la-reintegration-de-sonko-sur-les-listes-electorales\/#primaryimage\",\"inLanguage\":\"fr-FR\",\"url\":\"https:\/\/www.nettali.com\/wp-content\/uploads\/2023\/11\/Ousmane-Diagne.jpeg\",\"contentUrl\":\"https:\/\/www.nettali.com\/wp-content\/uploads\/2023\/11\/Ousmane-Diagne.jpeg\",\"width\":700,\"height\":598},{\"@type\":\"WebPage\",\"@id\":\"https:\/\/www.nettali.com\/2023\/11\/17\/cour-supreme-le-parquet-requiert-la-reintegration-de-sonko-sur-les-listes-electorales\/#webpage\",\"url\":\"https:\/\/www.nettali.com\/2023\/11\/17\/cour-supreme-le-parquet-requiert-la-reintegration-de-sonko-sur-les-listes-electorales\/\",\"name\":\"COUR SUPR\\u00caME \\u2013 Le parquet requiert la r\\u00e9int\\u00e9gration de Sonko sur les listes \\u00e9lectorales | Nettali.com\",\"isPartOf\":{\"@id\":\"https:\/\/www.nettali.com\/#website\"},\"primaryImageOfPage\":{\"@id\":\"https:\/\/www.nettali.com\/2023\/11\/17\/cour-supreme-le-parquet-requiert-la-reintegration-de-sonko-sur-les-listes-electorales\/#primaryimage\"},\"datePublished\":\"2023-11-17T15:29:40+00:00\",\"dateModified\":\"2023-11-17T18:16:53+00:00\",\"author\":{\"@id\":\"https:\/\/www.nettali.com\/#\/schema\/person\/3317e0bb3aa1da309fbf7b2780901bf4\"},\"breadcrumb\":{\"@id\":\"https:\/\/www.nettali.com\/2023\/11\/17\/cour-supreme-le-parquet-requiert-la-reintegration-de-sonko-sur-les-listes-electorales\/#breadcrumb\"},\"inLanguage\":\"fr-FR\",\"potentialAction\":[{\"@type\":\"ReadAction\",\"target\":[\"https:\/\/www.nettali.com\/2023\/11\/17\/cour-supreme-le-parquet-requiert-la-reintegration-de-sonko-sur-les-listes-electorales\/\"]}]},{\"@type\":\"BreadcrumbList\",\"@id\":\"https:\/\/www.nettali.com\/2023\/11\/17\/cour-supreme-le-parquet-requiert-la-reintegration-de-sonko-sur-les-listes-electorales\/#breadcrumb\",\"itemListElement\":[{\"@type\":\"ListItem\",\"position\":1,\"name\":\"Accueil\",\"item\":\"https:\/\/www.nettali.com\/\"},{\"@type\":\"ListItem\",\"position\":2,\"name\":\"COUR SUPR\\u00caME \\u2013 Le parquet requiert la r\\u00e9int\\u00e9gration de Sonko sur les listes \\u00e9lectorales\"}]},{\"@type\":\"Person\",\"@id\":\"https:\/\/www.nettali.com\/#\/schema\/person\/3317e0bb3aa1da309fbf7b2780901bf4\",\"name\":\"Daouda\",\"image\":{\"@type\":\"ImageObject\",\"@id\":\"https:\/\/www.nettali.com\/#personlogo\",\"inLanguage\":\"fr-FR\",\"url\":\"https:\/\/secure.gravatar.com\/avatar\/8d143b5a49345098ddcfee1c49c2f47c?s=96&d=mm&r=g\",\"contentUrl\":\"https:\/\/secure.gravatar.com\/avatar\/8d143b5a49345098ddcfee1c49c2f47c?s=96&d=mm&r=g\",\"caption\":\"Daouda\"},\"sameAs\":[\"https:\/\/www.nettali.com\"]}]}<\/script>\n<!-- \/ Yoast SEO Premium plugin. -->","yoast_head_json":{"title":"COUR SUPR\u00caME \u2013 Le parquet requiert la r\u00e9int\u00e9gration de Sonko sur les listes \u00e9lectorales | Nettali.com","robots":{"index":"index","follow":"follow","max-snippet":"max-snippet:-1","max-image-preview":"max-image-preview:large","max-video-preview":"max-video-preview:-1"},"canonical":"https:\/\/www.nettali.com\/2023\/11\/17\/cour-supreme-le-parquet-requiert-la-reintegration-de-sonko-sur-les-listes-electorales\/","og_locale":"fr_FR","og_type":"article","og_title":"COUR SUPR\u00caME \u2013 Le parquet requiert la r\u00e9int\u00e9gration de Sonko sur les listes \u00e9lectorales","og_description":"NETTALI.COM - Le procureur g\u00e9n\u00e9ral pr\u00e8s la Cour supr\u00eame, Ousmane Diagne, a requis la rejet de la requ\u00eate de l\u2019Etat et la confirmation de la d\u00e9cision du juge de Ziguinchor, Sabassy Faye. Ousmane Diagne estime que les moyens d\u00e9velopp\u00e9s par l\u2019Etat ne sont pas fond\u00e9s. Le pr\u00e9sident de la Cour supr\u00eame a suspendu la s\u00e9ance [&hellip;]","og_url":"https:\/\/www.nettali.com\/2023\/11\/17\/cour-supreme-le-parquet-requiert-la-reintegration-de-sonko-sur-les-listes-electorales\/","og_site_name":"Nettali.com","article_publisher":"https:\/\/www.facebook.com\/nettalicom","article_published_time":"2023-11-17T15:29:40+00:00","article_modified_time":"2023-11-17T18:16:53+00:00","og_image":[{"width":700,"height":598,"url":"https:\/\/www.nettali.com\/wp-content\/uploads\/2023\/11\/Ousmane-Diagne.jpeg","type":"image\/jpeg"}],"twitter_card":"summary_large_image","twitter_misc":{"\u00c9crit par":"Daouda","Dur\u00e9e de lecture estim\u00e9e":"2 minutes"},"schema":{"@context":"https:\/\/schema.org","@graph":[{"@type":"WebSite","@id":"https:\/\/www.nettali.com\/#website","url":"https:\/\/www.nettali.com\/","name":"Nettali.com","description":"Le rendez-vous critique du Net","potentialAction":[{"@type":"SearchAction","target":{"@type":"EntryPoint","urlTemplate":"https:\/\/www.nettali.com\/?s={search_term_string}"},"query-input":"required name=search_term_string"}],"inLanguage":"fr-FR"},{"@type":"ImageObject","@id":"https:\/\/www.nettali.com\/2023\/11\/17\/cour-supreme-le-parquet-requiert-la-reintegration-de-sonko-sur-les-listes-electorales\/#primaryimage","inLanguage":"fr-FR","url":"https:\/\/www.nettali.com\/wp-content\/uploads\/2023\/11\/Ousmane-Diagne.jpeg","contentUrl":"https:\/\/www.nettali.com\/wp-content\/uploads\/2023\/11\/Ousmane-Diagne.jpeg","width":700,"height":598},{"@type":"WebPage","@id":"https:\/\/www.nettali.com\/2023\/11\/17\/cour-supreme-le-parquet-requiert-la-reintegration-de-sonko-sur-les-listes-electorales\/#webpage","url":"https:\/\/www.nettali.com\/2023\/11\/17\/cour-supreme-le-parquet-requiert-la-reintegration-de-sonko-sur-les-listes-electorales\/","name":"COUR SUPR\u00caME \u2013 Le parquet requiert la r\u00e9int\u00e9gration de Sonko sur les listes \u00e9lectorales | Nettali.com","isPartOf":{"@id":"https:\/\/www.nettali.com\/#website"},"primaryImageOfPage":{"@id":"https:\/\/www.nettali.com\/2023\/11\/17\/cour-supreme-le-parquet-requiert-la-reintegration-de-sonko-sur-les-listes-electorales\/#primaryimage"},"datePublished":"2023-11-17T15:29:40+00:00","dateModified":"2023-11-17T18:16:53+00:00","author":{"@id":"https:\/\/www.nettali.com\/#\/schema\/person\/3317e0bb3aa1da309fbf7b2780901bf4"},"breadcrumb":{"@id":"https:\/\/www.nettali.com\/2023\/11\/17\/cour-supreme-le-parquet-requiert-la-reintegration-de-sonko-sur-les-listes-electorales\/#breadcrumb"},"inLanguage":"fr-FR","potentialAction":[{"@type":"ReadAction","target":["https:\/\/www.nettali.com\/2023\/11\/17\/cour-supreme-le-parquet-requiert-la-reintegration-de-sonko-sur-les-listes-electorales\/"]}]},{"@type":"BreadcrumbList","@id":"https:\/\/www.nettali.com\/2023\/11\/17\/cour-supreme-le-parquet-requiert-la-reintegration-de-sonko-sur-les-listes-electorales\/#breadcrumb","itemListElement":[{"@type":"ListItem","position":1,"name":"Accueil","item":"https:\/\/www.nettali.com\/"},{"@type":"ListItem","position":2,"name":"COUR SUPR\u00caME \u2013 Le parquet requiert la r\u00e9int\u00e9gration de Sonko sur les listes \u00e9lectorales"}]},{"@type":"Person","@id":"https:\/\/www.nettali.com\/#\/schema\/person\/3317e0bb3aa1da309fbf7b2780901bf4","name":"Daouda","image":{"@type":"ImageObject","@id":"https:\/\/www.nettali.com\/#personlogo","inLanguage":"fr-FR","url":"https:\/\/secure.gravatar.com\/avatar\/8d143b5a49345098ddcfee1c49c2f47c?s=96&d=mm&r=g","contentUrl":"https:\/\/secure.gravatar.com\/avatar\/8d143b5a49345098ddcfee1c49c2f47c?s=96&d=mm&r=g","caption":"Daouda"},"sameAs":["https:\/\/www.nettali.com"]}]}},"_links":{"self":[{"href":"https:\/\/www.nettali.com\/rest\/wp\/v2\/posts\/122055"}],"collection":[{"href":"https:\/\/www.nettali.com\/rest\/wp\/v2\/posts"}],"about":[{"href":"https:\/\/www.nettali.com\/rest\/wp\/v2\/types\/post"}],"author":[{"embeddable":true,"href":"https:\/\/www.nettali.com\/rest\/wp\/v2\/users\/4"}],"replies":[{"embeddable":true,"href":"https:\/\/www.nettali.com\/rest\/wp\/v2\/comments?post=122055"}],"version-history":[{"count":4,"href":"https:\/\/www.nettali.com\/rest\/wp\/v2\/posts\/122055\/revisions"}],"predecessor-version":[{"id":122074,"href":"https:\/\/www.nettali.com\/rest\/wp\/v2\/posts\/122055\/revisions\/122074"}],"wp:featuredmedia":[{"embeddable":true,"href":"https:\/\/www.nettali.com\/rest\/wp\/v2\/media\/122056"}],"wp:attachment":[{"href":"https:\/\/www.nettali.com\/rest\/wp\/v2\/media?parent=122055"}],"wp:term":[{"taxonomy":"category","embeddable":true,"href":"https:\/\/www.nettali.com\/rest\/wp\/v2\/categories?post=122055"},{"taxonomy":"post_tag","embeddable":true,"href":"https:\/\/www.nettali.com\/rest\/wp\/v2\/tags?post=122055"}],"curies":[{"name":"wp","href":"https:\/\/api.w.org\/{rel}","templated":true}]}}