{"id":122016,"date":"2023-11-17T09:10:53","date_gmt":"2023-11-17T09:10:53","guid":{"rendered":"https:\/\/www.nettali.com\/?p=122016"},"modified":"2023-11-17T10:08:00","modified_gmt":"2023-11-17T10:08:00","slug":"demande-de-mise-en-liberte-provisoire-la-chambre-daccusation-maintient-bassirou-diomaye-faye-en-detention","status":"publish","type":"post","link":"https:\/\/www.nettali.com\/2023\/11\/17\/demande-de-mise-en-liberte-provisoire-la-chambre-daccusation-maintient-bassirou-diomaye-faye-en-detention\/","title":{"rendered":"DEMANDE DE MISE EN LIBERT\u00c9 PROVISOIRE - La Chambre d\u2019accusation maintient Bassirou Diomaye Faye en d\u00e9tention"},"content":{"rendered":"<p><strong>NETTALI.COM-\u00a0Le num\u00e9ro II de l'ex-Pastef, Bassirou\u00a0 Diomaye Faye reste en prison. Ainsi en a d\u00e9cid\u00e9 la Chambre d\u2019accusation de la Cour d\u2019appel de Dakar qui a confirm\u00e9 l'ordonnance de refus du juge de lui accorder la libert\u00e9 provisoire.<\/strong><\/p>\n<p>\u00c9ni\u00e8me refus de mise en libert\u00e9 provisoire pour Bassirou Diomaye Faye. Ce jeudi 16 novembre 2023, la chambre d'accusation de la Cour d'appel de Dakar a rejet\u00e9 sa demande confirmant l\u2019ordonnance du juge d'instruction de refus de le lib\u00e9rer provisoirement.<\/p>\n<p>Le num\u00e9ro 2 de l'ex-Pastef a \u00e9t\u00e9 arr\u00eat\u00e9 par la Dic devant le si\u00e8ge de la Direction g\u00e9n\u00e9rale des imp\u00f4ts et domaines (Dgid). D\u00e9f\u00e9r\u00e9 au parquet, Bassirou Diomaye Faye a \u00e9t\u00e9 inculp\u00e9 et plac\u00e9 sous mandat de d\u00e9p\u00f4t le 18 avril 2023 pour \u00ab actes de nature \u00e0 compromettre la paix publique \u00bb, \u00aboutrage \u00e0 magistrat \u00bb et \u00abdiffamation \u00e0 l\u2019encontre d\u2019un corps constitu\u00e9 \u00bb.<\/p>\n<p>Suite \u00e0 un r\u00e9quisitoire suppl\u00e9tif du parquet, le doyen des juges avait pris une ordonnance de jonction des proc\u00e9dures suivies contre Ousmane Sonko et Bassirou Diomaye Faye accus\u00e9 d\u00e9sormais des m\u00eames chefs que le leader de Pastef.<\/p>\n<p>En effet,Ousmane Sonko avait \u00e9t\u00e9 inculp\u00e9 pour man\u0153uvres et actes de nature \u00e0 compromettre la s\u00e9curit\u00e9 publique ou \u00e0 occasionner des trou\u2010 bles politiques graves, \u00e0 en\u2010 freindre les lois, association de malfaiteurs en relation avec une entreprise terroriste, attentat et complot contre l\u2019autorit\u00e9 de l\u2019Etat en relation avec une entreprise terroriste, financement du terrorisme, provocation di\u2010 recte \u00e0 un attroupement arm\u00e9, diffusion de fausses nouvelles, vol en r\u00e9union avec violence et mise en danger de la vie d\u2019autrui, complicit\u00e9 d\u2019homicide vo\u2010 lontaire par instigation et provocation.<\/p>\n<div class='share-to-whatsapp-wrapper'><div class='share-on-whsp'>PARTAGER SUR : <\/div><a data-text='DEMANDE DE MISE EN LIBERT\u00c9 PROVISOIRE - La Chambre d\u2019accusation maintient Bassirou Diomaye Faye en d\u00e9tention' data-link='https:\/\/www.nettali.com\/2023\/11\/17\/demande-de-mise-en-liberte-provisoire-la-chambre-daccusation-maintient-bassirou-diomaye-faye-en-detention\/' class='whatsapp-button whatsapp-share'>WhatsApp<\/a><div class='clear '><\/div><\/div>","protected":false},"excerpt":{"rendered":"<p>NETTALI.COM-\u00a0Le num\u00e9ro II de l'ex-Pastef, Bassirou\u00a0 Diomaye Faye reste en prison. Ainsi en a d\u00e9cid\u00e9 la Chambre d\u2019accusation de la Cour d\u2019appel de Dakar qui a confirm\u00e9 l'ordonnance de refus du juge de lui accorder la libert\u00e9 provisoire. \u00c9ni\u00e8me refus de mise en libert\u00e9 provisoire pour Bassirou Diomaye Faye. Ce jeudi 16 novembre 2023, la [&hellip;]<\/p>\n","protected":false},"author":6,"featured_media":76295,"comment_status":"open","ping_status":"open","sticky":false,"template":"","format":"standard","meta":{"_et_pb_use_builder":"","_et_pb_old_content":""},"categories":[2],"tags":[],"yoast_head":"<!-- This site is optimized with the Yoast SEO Premium plugin v17.8 (Yoast SEO v17.8) - https:\/\/yoast.com\/wordpress\/plugins\/seo\/ -->\n<title>DEMANDE DE MISE EN LIBERT\u00c9 PROVISOIRE - La Chambre d\u2019accusation maintient Bassirou Diomaye Faye en d\u00e9tention | Nettali.com<\/title>\n<meta name=\"robots\" content=\"index, follow, max-snippet:-1, max-image-preview:large, max-video-preview:-1\" \/>\n<link rel=\"canonical\" href=\"https:\/\/www.nettali.com\/2023\/11\/17\/demande-de-mise-en-liberte-provisoire-la-chambre-daccusation-maintient-bassirou-diomaye-faye-en-detention\/\" \/>\n<meta property=\"og:locale\" content=\"fr_FR\" \/>\n<meta property=\"og:type\" content=\"article\" \/>\n<meta property=\"og:title\" content=\"DEMANDE DE MISE EN LIBERT\u00c9 PROVISOIRE - La Chambre d\u2019accusation maintient Bassirou Diomaye Faye en d\u00e9tention\" \/>\n<meta property=\"og:description\" content=\"NETTALI.COM-\u00a0Le num\u00e9ro II de l&#039;ex-Pastef, Bassirou\u00a0 Diomaye Faye reste en prison. Ainsi en a d\u00e9cid\u00e9 la Chambre d\u2019accusation de la Cour d\u2019appel de Dakar qui a confirm\u00e9 l&#039;ordonnance de refus du juge de lui accorder la libert\u00e9 provisoire. \u00c9ni\u00e8me refus de mise en libert\u00e9 provisoire pour Bassirou Diomaye Faye. Ce jeudi 16 novembre 2023, la [&hellip;]\" \/>\n<meta property=\"og:url\" content=\"https:\/\/www.nettali.com\/2023\/11\/17\/demande-de-mise-en-liberte-provisoire-la-chambre-daccusation-maintient-bassirou-diomaye-faye-en-detention\/\" \/>\n<meta property=\"og:site_name\" content=\"Nettali.com\" \/>\n<meta property=\"article:publisher\" content=\"https:\/\/www.facebook.com\/nettalicom\" \/>\n<meta property=\"article:published_time\" content=\"2023-11-17T09:10:53+00:00\" \/>\n<meta property=\"article:modified_time\" content=\"2023-11-17T10:08:00+00:00\" \/>\n<meta property=\"og:image\" content=\"https:\/\/www.nettali.com\/wp-content\/uploads\/2021\/11\/bassirou-diomaye-faye.jpg\" \/>\n\t<meta property=\"og:image:width\" content=\"723\" \/>\n\t<meta property=\"og:image:height\" content=\"437\" \/>\n<meta name=\"twitter:card\" content=\"summary_large_image\" \/>\n<meta name=\"twitter:label1\" content=\"\u00c9crit par\" \/>\n\t<meta name=\"twitter:data1\" content=\"Fatou\" \/>\n\t<meta name=\"twitter:label2\" content=\"Dur\u00e9e de lecture estim\u00e9e\" \/>\n\t<meta name=\"twitter:data2\" content=\"2 minutes\" \/>\n<script type=\"application\/ld+json\" class=\"yoast-schema-graph\">{\"@context\":\"https:\/\/schema.org\",\"@graph\":[{\"@type\":\"WebSite\",\"@id\":\"https:\/\/www.nettali.com\/#website\",\"url\":\"https:\/\/www.nettali.com\/\",\"name\":\"Nettali.com\",\"description\":\"Le rendez-vous critique du Net\",\"potentialAction\":[{\"@type\":\"SearchAction\",\"target\":{\"@type\":\"EntryPoint\",\"urlTemplate\":\"https:\/\/www.nettali.com\/?s={search_term_string}\"},\"query-input\":\"required name=search_term_string\"}],\"inLanguage\":\"fr-FR\"},{\"@type\":\"ImageObject\",\"@id\":\"https:\/\/www.nettali.com\/2023\/11\/17\/demande-de-mise-en-liberte-provisoire-la-chambre-daccusation-maintient-bassirou-diomaye-faye-en-detention\/#primaryimage\",\"inLanguage\":\"fr-FR\",\"url\":\"https:\/\/www.nettali.com\/wp-content\/uploads\/2021\/11\/bassirou-diomaye-faye.jpg\",\"contentUrl\":\"https:\/\/www.nettali.com\/wp-content\/uploads\/2021\/11\/bassirou-diomaye-faye.jpg\",\"width\":723,\"height\":437},{\"@type\":\"WebPage\",\"@id\":\"https:\/\/www.nettali.com\/2023\/11\/17\/demande-de-mise-en-liberte-provisoire-la-chambre-daccusation-maintient-bassirou-diomaye-faye-en-detention\/#webpage\",\"url\":\"https:\/\/www.nettali.com\/2023\/11\/17\/demande-de-mise-en-liberte-provisoire-la-chambre-daccusation-maintient-bassirou-diomaye-faye-en-detention\/\",\"name\":\"DEMANDE DE MISE EN LIBERT\\u00c9 PROVISOIRE - La Chambre d\\u2019accusation maintient Bassirou Diomaye Faye en d\\u00e9tention | Nettali.com\",\"isPartOf\":{\"@id\":\"https:\/\/www.nettali.com\/#website\"},\"primaryImageOfPage\":{\"@id\":\"https:\/\/www.nettali.com\/2023\/11\/17\/demande-de-mise-en-liberte-provisoire-la-chambre-daccusation-maintient-bassirou-diomaye-faye-en-detention\/#primaryimage\"},\"datePublished\":\"2023-11-17T09:10:53+00:00\",\"dateModified\":\"2023-11-17T10:08:00+00:00\",\"author\":{\"@id\":\"https:\/\/www.nettali.com\/#\/schema\/person\/418274a86bdf87caff7a3ef476bd0bbf\"},\"breadcrumb\":{\"@id\":\"https:\/\/www.nettali.com\/2023\/11\/17\/demande-de-mise-en-liberte-provisoire-la-chambre-daccusation-maintient-bassirou-diomaye-faye-en-detention\/#breadcrumb\"},\"inLanguage\":\"fr-FR\",\"potentialAction\":[{\"@type\":\"ReadAction\",\"target\":[\"https:\/\/www.nettali.com\/2023\/11\/17\/demande-de-mise-en-liberte-provisoire-la-chambre-daccusation-maintient-bassirou-diomaye-faye-en-detention\/\"]}]},{\"@type\":\"BreadcrumbList\",\"@id\":\"https:\/\/www.nettali.com\/2023\/11\/17\/demande-de-mise-en-liberte-provisoire-la-chambre-daccusation-maintient-bassirou-diomaye-faye-en-detention\/#breadcrumb\",\"itemListElement\":[{\"@type\":\"ListItem\",\"position\":1,\"name\":\"Accueil\",\"item\":\"https:\/\/www.nettali.com\/\"},{\"@type\":\"ListItem\",\"position\":2,\"name\":\"DEMANDE DE MISE EN LIBERT\\u00c9 PROVISOIRE - La Chambre d\\u2019accusation maintient Bassirou Diomaye Faye en d\\u00e9tention\"}]},{\"@type\":\"Person\",\"@id\":\"https:\/\/www.nettali.com\/#\/schema\/person\/418274a86bdf87caff7a3ef476bd0bbf\",\"name\":\"Fatou\",\"image\":{\"@type\":\"ImageObject\",\"@id\":\"https:\/\/www.nettali.com\/#personlogo\",\"inLanguage\":\"fr-FR\",\"url\":\"https:\/\/secure.gravatar.com\/avatar\/5a9442a2bee7b4dcf167cab035858e9a?s=96&d=mm&r=g\",\"contentUrl\":\"https:\/\/secure.gravatar.com\/avatar\/5a9442a2bee7b4dcf167cab035858e9a?s=96&d=mm&r=g\",\"caption\":\"Fatou\"},\"sameAs\":[\"https:\/\/www.nettali.com\"]}]}<\/script>\n<!-- \/ Yoast SEO Premium plugin. -->","yoast_head_json":{"title":"DEMANDE DE MISE EN LIBERT\u00c9 PROVISOIRE - La Chambre d\u2019accusation maintient Bassirou Diomaye Faye en d\u00e9tention | Nettali.com","robots":{"index":"index","follow":"follow","max-snippet":"max-snippet:-1","max-image-preview":"max-image-preview:large","max-video-preview":"max-video-preview:-1"},"canonical":"https:\/\/www.nettali.com\/2023\/11\/17\/demande-de-mise-en-liberte-provisoire-la-chambre-daccusation-maintient-bassirou-diomaye-faye-en-detention\/","og_locale":"fr_FR","og_type":"article","og_title":"DEMANDE DE MISE EN LIBERT\u00c9 PROVISOIRE - La Chambre d\u2019accusation maintient Bassirou Diomaye Faye en d\u00e9tention","og_description":"NETTALI.COM-\u00a0Le num\u00e9ro II de l'ex-Pastef, Bassirou\u00a0 Diomaye Faye reste en prison. Ainsi en a d\u00e9cid\u00e9 la Chambre d\u2019accusation de la Cour d\u2019appel de Dakar qui a confirm\u00e9 l'ordonnance de refus du juge de lui accorder la libert\u00e9 provisoire. \u00c9ni\u00e8me refus de mise en libert\u00e9 provisoire pour Bassirou Diomaye Faye. Ce jeudi 16 novembre 2023, la [&hellip;]","og_url":"https:\/\/www.nettali.com\/2023\/11\/17\/demande-de-mise-en-liberte-provisoire-la-chambre-daccusation-maintient-bassirou-diomaye-faye-en-detention\/","og_site_name":"Nettali.com","article_publisher":"https:\/\/www.facebook.com\/nettalicom","article_published_time":"2023-11-17T09:10:53+00:00","article_modified_time":"2023-11-17T10:08:00+00:00","og_image":[{"width":723,"height":437,"url":"https:\/\/www.nettali.com\/wp-content\/uploads\/2021\/11\/bassirou-diomaye-faye.jpg","type":"image\/jpeg"}],"twitter_card":"summary_large_image","twitter_misc":{"\u00c9crit par":"Fatou","Dur\u00e9e de lecture estim\u00e9e":"2 minutes"},"schema":{"@context":"https:\/\/schema.org","@graph":[{"@type":"WebSite","@id":"https:\/\/www.nettali.com\/#website","url":"https:\/\/www.nettali.com\/","name":"Nettali.com","description":"Le rendez-vous critique du Net","potentialAction":[{"@type":"SearchAction","target":{"@type":"EntryPoint","urlTemplate":"https:\/\/www.nettali.com\/?s={search_term_string}"},"query-input":"required name=search_term_string"}],"inLanguage":"fr-FR"},{"@type":"ImageObject","@id":"https:\/\/www.nettali.com\/2023\/11\/17\/demande-de-mise-en-liberte-provisoire-la-chambre-daccusation-maintient-bassirou-diomaye-faye-en-detention\/#primaryimage","inLanguage":"fr-FR","url":"https:\/\/www.nettali.com\/wp-content\/uploads\/2021\/11\/bassirou-diomaye-faye.jpg","contentUrl":"https:\/\/www.nettali.com\/wp-content\/uploads\/2021\/11\/bassirou-diomaye-faye.jpg","width":723,"height":437},{"@type":"WebPage","@id":"https:\/\/www.nettali.com\/2023\/11\/17\/demande-de-mise-en-liberte-provisoire-la-chambre-daccusation-maintient-bassirou-diomaye-faye-en-detention\/#webpage","url":"https:\/\/www.nettali.com\/2023\/11\/17\/demande-de-mise-en-liberte-provisoire-la-chambre-daccusation-maintient-bassirou-diomaye-faye-en-detention\/","name":"DEMANDE DE MISE EN LIBERT\u00c9 PROVISOIRE - La Chambre d\u2019accusation maintient Bassirou Diomaye Faye en d\u00e9tention | Nettali.com","isPartOf":{"@id":"https:\/\/www.nettali.com\/#website"},"primaryImageOfPage":{"@id":"https:\/\/www.nettali.com\/2023\/11\/17\/demande-de-mise-en-liberte-provisoire-la-chambre-daccusation-maintient-bassirou-diomaye-faye-en-detention\/#primaryimage"},"datePublished":"2023-11-17T09:10:53+00:00","dateModified":"2023-11-17T10:08:00+00:00","author":{"@id":"https:\/\/www.nettali.com\/#\/schema\/person\/418274a86bdf87caff7a3ef476bd0bbf"},"breadcrumb":{"@id":"https:\/\/www.nettali.com\/2023\/11\/17\/demande-de-mise-en-liberte-provisoire-la-chambre-daccusation-maintient-bassirou-diomaye-faye-en-detention\/#breadcrumb"},"inLanguage":"fr-FR","potentialAction":[{"@type":"ReadAction","target":["https:\/\/www.nettali.com\/2023\/11\/17\/demande-de-mise-en-liberte-provisoire-la-chambre-daccusation-maintient-bassirou-diomaye-faye-en-detention\/"]}]},{"@type":"BreadcrumbList","@id":"https:\/\/www.nettali.com\/2023\/11\/17\/demande-de-mise-en-liberte-provisoire-la-chambre-daccusation-maintient-bassirou-diomaye-faye-en-detention\/#breadcrumb","itemListElement":[{"@type":"ListItem","position":1,"name":"Accueil","item":"https:\/\/www.nettali.com\/"},{"@type":"ListItem","position":2,"name":"DEMANDE DE MISE EN LIBERT\u00c9 PROVISOIRE - La Chambre d\u2019accusation maintient Bassirou Diomaye Faye en d\u00e9tention"}]},{"@type":"Person","@id":"https:\/\/www.nettali.com\/#\/schema\/person\/418274a86bdf87caff7a3ef476bd0bbf","name":"Fatou","image":{"@type":"ImageObject","@id":"https:\/\/www.nettali.com\/#personlogo","inLanguage":"fr-FR","url":"https:\/\/secure.gravatar.com\/avatar\/5a9442a2bee7b4dcf167cab035858e9a?s=96&d=mm&r=g","contentUrl":"https:\/\/secure.gravatar.com\/avatar\/5a9442a2bee7b4dcf167cab035858e9a?s=96&d=mm&r=g","caption":"Fatou"},"sameAs":["https:\/\/www.nettali.com"]}]}},"_links":{"self":[{"href":"https:\/\/www.nettali.com\/rest\/wp\/v2\/posts\/122016"}],"collection":[{"href":"https:\/\/www.nettali.com\/rest\/wp\/v2\/posts"}],"about":[{"href":"https:\/\/www.nettali.com\/rest\/wp\/v2\/types\/post"}],"author":[{"embeddable":true,"href":"https:\/\/www.nettali.com\/rest\/wp\/v2\/users\/6"}],"replies":[{"embeddable":true,"href":"https:\/\/www.nettali.com\/rest\/wp\/v2\/comments?post=122016"}],"version-history":[{"count":2,"href":"https:\/\/www.nettali.com\/rest\/wp\/v2\/posts\/122016\/revisions"}],"predecessor-version":[{"id":122028,"href":"https:\/\/www.nettali.com\/rest\/wp\/v2\/posts\/122016\/revisions\/122028"}],"wp:featuredmedia":[{"embeddable":true,"href":"https:\/\/www.nettali.com\/rest\/wp\/v2\/media\/76295"}],"wp:attachment":[{"href":"https:\/\/www.nettali.com\/rest\/wp\/v2\/media?parent=122016"}],"wp:term":[{"taxonomy":"category","embeddable":true,"href":"https:\/\/www.nettali.com\/rest\/wp\/v2\/categories?post=122016"},{"taxonomy":"post_tag","embeddable":true,"href":"https:\/\/www.nettali.com\/rest\/wp\/v2\/tags?post=122016"}],"curies":[{"name":"wp","href":"https:\/\/api.w.org\/{rel}","templated":true}]}}