{"id":122008,"date":"2023-11-17T08:10:40","date_gmt":"2023-11-17T08:10:40","guid":{"rendered":"https:\/\/www.nettali.com\/?p=122008"},"modified":"2023-11-17T10:08:26","modified_gmt":"2023-11-17T10:08:26","slug":"mory-diaw-je-reve-de-jouer-la-can","status":"publish","type":"post","link":"https:\/\/www.nettali.com\/2023\/11\/17\/mory-diaw-je-reve-de-jouer-la-can\/","title":{"rendered":"MORY DIAW : \"Je r\u00eave de jouer la CAN\""},"content":{"rendered":"<p><strong>NETTALI.COM - Auteur d\u2019un excellent d\u00e9but de saison avec Clermont Foot en Ligue 1, Mory Diaw r\u00eave de participer \u00e0 la prochaine coupe d'Afrique des nations pr\u00e9vue en C\u00f4te d'Ivoire au mois de janvier. En conf\u00e9rence de presse le jeudi 16 novembre, \u00e0 l\u2019issue de la quatri\u00e8me s\u00e9ance d\u2019entra\u00eenement des Lions du S\u00e9n\u00e9gal, le portier de 30 ans a \u00e9galement \u00e9voqu\u00e9 la question relative aux d\u00e9bats sur le gardien num\u00e9ro 1 des Lions.<\/strong><\/p>\n<p>\"<em>Pour moi, la CAN est un r\u00eave, un objectif, mais c\u2019est pas encore fait (rire...). Je fais le maximum. C\u2019est au coach de d\u00e9cider. J\u2019ai envie d\u2019y \u00eatre<\/em>\", a-t-il fait savoir, jeudi \u00e0 Diamniadio, lors d'une conf\u00e9rence de presse de l'\u00e9quipe du S\u00e9n\u00e9gal.<\/p>\n<p>Interrog\u00e9 sur la poule des Lions compos\u00e9e du Cameroun, de la Guin\u00e9e et de la Gambie, le gardien de Clermont Foot 63 analyse : \"<em>C\u2019est un groupe tr\u00e8s relev\u00e9. Apr\u00e8s on a confiance en nos qualit\u00e9s. M\u00eame \u00e0 la CAN, il faudra prendre match apr\u00e8s match<\/em>\". Le troisi\u00e8me gardien des Lions invite tout de m\u00eame ses partenaires \u00e0 \"<em>mettre tous les ingr\u00e9dients et fructifier le travail \u00e0 l\u2019entra\u00eenement<\/em>\" \u00e0 l'occasion de la 34e \u00e9dition de la Coupe d'Afrique des Nations de football.<\/p>\n<p><strong>Concurrence dans les cages<\/strong><\/p>\n<p>Par ailleurs, Mory Diaw a \u00e9voqu\u00e9 la question relative aux d\u00e9bats sur le gardien num\u00e9ro 1 des Lions. Une concurrence qui se fait de plus en plus ressentir dans la cage o\u00f9 \u00c9douard Mendy, Seny Dieng et Mory Diaw jouent des coudes pour se positionner.<\/p>\n<p>\"<em>Gardien de but, ce n\u2019est pas comme un joueur, il y a une hi\u00e9rarchie qu'il faut respecter. Si celui qui joue est performant, il doit jouer et mon r\u00f4le c'est de tout faire pour qu'il soit le mieux possible le jour du match pour aider la nation<\/em>\", a analys\u00e9 le gardien de Clermont Foot.<\/p>\n<p>Actuellement consid\u00e9r\u00e9 comme l\u2019un des meilleurs portiers de la ligue 1 fran\u00e7aise, Mory entend poursuivre sa progression dans le haut niveau et pourquoi pas s\u2019imposer en \u00e9quipe nationale A.<\/p>\n<p>\"<em>Il faut que je continue comme \u00e7a en jouant dans un des cinq grands championnats et que je continue \u00e0 \u00eatre performant. Puis apr\u00e8s, attendre mon tour et quand il viendra il faudra saisir la chance et montrer \u00e0 tout le monde que je peux aussi aider l'\u00e9quipe nationale<\/em>\", a-t-il expliqu\u00e9.<\/p>\n<p><strong>Qualifications coupe du monde<\/strong><\/p>\n<p>Le portier de 30 ans s'est aussi exprim\u00e9 sur les qualifications \u00e0 la Coupe du monde 2026 qui d\u00e9marrent, ce samedi pour le S\u00e9n\u00e9gal avec la r\u00e9ception du Soudan du Sud.<\/p>\n<p>\"<em>On met certaines choses en place \u00e0 l\u2019entra\u00eenement et le but est d\u2019arriver pr\u00eat \u00e0 la CAN. On va prendre les matchs les uns apr\u00e8s les autres. Le Soudant du Sud et le Togo pour arriver en pleine confiance \u00e0 la Coupe d\u2019Afrique. Avant la CAN, il y a deux gros tests avant de penser \u00e0 la pr\u00e9paration<\/em>\", a-t-il martel\u00e9. Avant d'\u00e9voquer le huis clos. \"<em>On a parl\u00e9 avec tout le monde. Le coach, une fois. C\u2019est sur qu\u2019on aurait pr\u00e9f\u00e9r\u00e9 jouer avec les supporters. On va faire en sorte de gagner pour eux. Ils \u00e9taient l\u00e0 aujourd\u2019hui \u00e0 l\u2019entra\u00eenement.<\/em>\"<\/p>\n<div class='share-to-whatsapp-wrapper'><div class='share-on-whsp'>PARTAGER SUR : <\/div><a data-text='MORY DIAW : \"Je r\u00eave de jouer la CAN\"' data-link='https:\/\/www.nettali.com\/2023\/11\/17\/mory-diaw-je-reve-de-jouer-la-can\/' class='whatsapp-button whatsapp-share'>WhatsApp<\/a><div class='clear '><\/div><\/div>","protected":false},"excerpt":{"rendered":"<p>NETTALI.COM - Auteur d\u2019un excellent d\u00e9but de saison avec Clermont Foot en Ligue 1, Mory Diaw r\u00eave de participer \u00e0 la prochaine coupe d'Afrique des nations pr\u00e9vue en C\u00f4te d'Ivoire au mois de janvier. En conf\u00e9rence de presse le jeudi 16 novembre, \u00e0 l\u2019issue de la quatri\u00e8me s\u00e9ance d\u2019entra\u00eenement des Lions du S\u00e9n\u00e9gal, le portier [&hellip;]<\/p>\n","protected":false},"author":5,"featured_media":122009,"comment_status":"open","ping_status":"open","sticky":false,"template":"","format":"standard","meta":{"_et_pb_use_builder":"","_et_pb_old_content":""},"categories":[6],"tags":[],"yoast_head":"<!-- This site is optimized with the Yoast SEO Premium plugin v17.8 (Yoast SEO v17.8) - https:\/\/yoast.com\/wordpress\/plugins\/seo\/ -->\n<title>MORY DIAW : &quot;Je r\u00eave de jouer la CAN&quot; | Nettali.com<\/title>\n<meta name=\"robots\" content=\"index, follow, max-snippet:-1, max-image-preview:large, max-video-preview:-1\" \/>\n<link rel=\"canonical\" href=\"https:\/\/www.nettali.com\/2023\/11\/17\/mory-diaw-je-reve-de-jouer-la-can\/\" \/>\n<meta property=\"og:locale\" content=\"fr_FR\" \/>\n<meta property=\"og:type\" content=\"article\" \/>\n<meta property=\"og:title\" content=\"MORY DIAW : &quot;Je r\u00eave de jouer la CAN&quot;\" \/>\n<meta property=\"og:description\" content=\"NETTALI.COM - Auteur d\u2019un excellent d\u00e9but de saison avec Clermont Foot en Ligue 1, Mory Diaw r\u00eave de participer \u00e0 la prochaine coupe d&#039;Afrique des nations pr\u00e9vue en C\u00f4te d&#039;Ivoire au mois de janvier. En conf\u00e9rence de presse le jeudi 16 novembre, \u00e0 l\u2019issue de la quatri\u00e8me s\u00e9ance d\u2019entra\u00eenement des Lions du S\u00e9n\u00e9gal, le portier [&hellip;]\" \/>\n<meta property=\"og:url\" content=\"https:\/\/www.nettali.com\/2023\/11\/17\/mory-diaw-je-reve-de-jouer-la-can\/\" \/>\n<meta property=\"og:site_name\" content=\"Nettali.com\" \/>\n<meta property=\"article:publisher\" content=\"https:\/\/www.facebook.com\/nettalicom\" \/>\n<meta property=\"article:published_time\" content=\"2023-11-17T08:10:40+00:00\" \/>\n<meta property=\"article:modified_time\" content=\"2023-11-17T10:08:26+00:00\" \/>\n<meta property=\"og:image\" content=\"https:\/\/www.nettali.com\/wp-content\/uploads\/2023\/11\/Screenshot_20231117-075827_1.jpg\" \/>\n\t<meta property=\"og:image:width\" content=\"1080\" \/>\n\t<meta property=\"og:image:height\" content=\"756\" \/>\n<meta name=\"twitter:card\" content=\"summary_large_image\" \/>\n<meta name=\"twitter:label1\" content=\"\u00c9crit par\" \/>\n\t<meta name=\"twitter:data1\" content=\"Ibrahima\" \/>\n\t<meta name=\"twitter:label2\" content=\"Dur\u00e9e de lecture estim\u00e9e\" \/>\n\t<meta name=\"twitter:data2\" content=\"3 minutes\" \/>\n<script type=\"application\/ld+json\" class=\"yoast-schema-graph\">{\"@context\":\"https:\/\/schema.org\",\"@graph\":[{\"@type\":\"WebSite\",\"@id\":\"https:\/\/www.nettali.com\/#website\",\"url\":\"https:\/\/www.nettali.com\/\",\"name\":\"Nettali.com\",\"description\":\"Le rendez-vous critique du Net\",\"potentialAction\":[{\"@type\":\"SearchAction\",\"target\":{\"@type\":\"EntryPoint\",\"urlTemplate\":\"https:\/\/www.nettali.com\/?s={search_term_string}\"},\"query-input\":\"required name=search_term_string\"}],\"inLanguage\":\"fr-FR\"},{\"@type\":\"ImageObject\",\"@id\":\"https:\/\/www.nettali.com\/2023\/11\/17\/mory-diaw-je-reve-de-jouer-la-can\/#primaryimage\",\"inLanguage\":\"fr-FR\",\"url\":\"https:\/\/www.nettali.com\/wp-content\/uploads\/2023\/11\/Screenshot_20231117-075827_1.jpg\",\"contentUrl\":\"https:\/\/www.nettali.com\/wp-content\/uploads\/2023\/11\/Screenshot_20231117-075827_1.jpg\",\"width\":1080,\"height\":756},{\"@type\":\"WebPage\",\"@id\":\"https:\/\/www.nettali.com\/2023\/11\/17\/mory-diaw-je-reve-de-jouer-la-can\/#webpage\",\"url\":\"https:\/\/www.nettali.com\/2023\/11\/17\/mory-diaw-je-reve-de-jouer-la-can\/\",\"name\":\"MORY DIAW : \\\"Je r\\u00eave de jouer la CAN\\\" | Nettali.com\",\"isPartOf\":{\"@id\":\"https:\/\/www.nettali.com\/#website\"},\"primaryImageOfPage\":{\"@id\":\"https:\/\/www.nettali.com\/2023\/11\/17\/mory-diaw-je-reve-de-jouer-la-can\/#primaryimage\"},\"datePublished\":\"2023-11-17T08:10:40+00:00\",\"dateModified\":\"2023-11-17T10:08:26+00:00\",\"author\":{\"@id\":\"https:\/\/www.nettali.com\/#\/schema\/person\/bb147657c2986240405a608162b9bb23\"},\"breadcrumb\":{\"@id\":\"https:\/\/www.nettali.com\/2023\/11\/17\/mory-diaw-je-reve-de-jouer-la-can\/#breadcrumb\"},\"inLanguage\":\"fr-FR\",\"potentialAction\":[{\"@type\":\"ReadAction\",\"target\":[\"https:\/\/www.nettali.com\/2023\/11\/17\/mory-diaw-je-reve-de-jouer-la-can\/\"]}]},{\"@type\":\"BreadcrumbList\",\"@id\":\"https:\/\/www.nettali.com\/2023\/11\/17\/mory-diaw-je-reve-de-jouer-la-can\/#breadcrumb\",\"itemListElement\":[{\"@type\":\"ListItem\",\"position\":1,\"name\":\"Accueil\",\"item\":\"https:\/\/www.nettali.com\/\"},{\"@type\":\"ListItem\",\"position\":2,\"name\":\"MORY DIAW : \\\"Je r\\u00eave de jouer la CAN\\\"\"}]},{\"@type\":\"Person\",\"@id\":\"https:\/\/www.nettali.com\/#\/schema\/person\/bb147657c2986240405a608162b9bb23\",\"name\":\"Ibrahima\",\"image\":{\"@type\":\"ImageObject\",\"@id\":\"https:\/\/www.nettali.com\/#personlogo\",\"inLanguage\":\"fr-FR\",\"url\":\"https:\/\/secure.gravatar.com\/avatar\/26a8a81f09f0dd7624c9d5c36c9ba3a2?s=96&d=mm&r=g\",\"contentUrl\":\"https:\/\/secure.gravatar.com\/avatar\/26a8a81f09f0dd7624c9d5c36c9ba3a2?s=96&d=mm&r=g\",\"caption\":\"Ibrahima\"},\"sameAs\":[\"https:\/\/www.nettali.com\"]}]}<\/script>\n<!-- \/ Yoast SEO Premium plugin. -->","yoast_head_json":{"title":"MORY DIAW : \"Je r\u00eave de jouer la CAN\" | Nettali.com","robots":{"index":"index","follow":"follow","max-snippet":"max-snippet:-1","max-image-preview":"max-image-preview:large","max-video-preview":"max-video-preview:-1"},"canonical":"https:\/\/www.nettali.com\/2023\/11\/17\/mory-diaw-je-reve-de-jouer-la-can\/","og_locale":"fr_FR","og_type":"article","og_title":"MORY DIAW : \"Je r\u00eave de jouer la CAN\"","og_description":"NETTALI.COM - Auteur d\u2019un excellent d\u00e9but de saison avec Clermont Foot en Ligue 1, Mory Diaw r\u00eave de participer \u00e0 la prochaine coupe d'Afrique des nations pr\u00e9vue en C\u00f4te d'Ivoire au mois de janvier. En conf\u00e9rence de presse le jeudi 16 novembre, \u00e0 l\u2019issue de la quatri\u00e8me s\u00e9ance d\u2019entra\u00eenement des Lions du S\u00e9n\u00e9gal, le portier [&hellip;]","og_url":"https:\/\/www.nettali.com\/2023\/11\/17\/mory-diaw-je-reve-de-jouer-la-can\/","og_site_name":"Nettali.com","article_publisher":"https:\/\/www.facebook.com\/nettalicom","article_published_time":"2023-11-17T08:10:40+00:00","article_modified_time":"2023-11-17T10:08:26+00:00","og_image":[{"width":1080,"height":756,"url":"https:\/\/www.nettali.com\/wp-content\/uploads\/2023\/11\/Screenshot_20231117-075827_1.jpg","type":"image\/jpeg"}],"twitter_card":"summary_large_image","twitter_misc":{"\u00c9crit par":"Ibrahima","Dur\u00e9e de lecture estim\u00e9e":"3 minutes"},"schema":{"@context":"https:\/\/schema.org","@graph":[{"@type":"WebSite","@id":"https:\/\/www.nettali.com\/#website","url":"https:\/\/www.nettali.com\/","name":"Nettali.com","description":"Le rendez-vous critique du Net","potentialAction":[{"@type":"SearchAction","target":{"@type":"EntryPoint","urlTemplate":"https:\/\/www.nettali.com\/?s={search_term_string}"},"query-input":"required name=search_term_string"}],"inLanguage":"fr-FR"},{"@type":"ImageObject","@id":"https:\/\/www.nettali.com\/2023\/11\/17\/mory-diaw-je-reve-de-jouer-la-can\/#primaryimage","inLanguage":"fr-FR","url":"https:\/\/www.nettali.com\/wp-content\/uploads\/2023\/11\/Screenshot_20231117-075827_1.jpg","contentUrl":"https:\/\/www.nettali.com\/wp-content\/uploads\/2023\/11\/Screenshot_20231117-075827_1.jpg","width":1080,"height":756},{"@type":"WebPage","@id":"https:\/\/www.nettali.com\/2023\/11\/17\/mory-diaw-je-reve-de-jouer-la-can\/#webpage","url":"https:\/\/www.nettali.com\/2023\/11\/17\/mory-diaw-je-reve-de-jouer-la-can\/","name":"MORY DIAW : \"Je r\u00eave de jouer la CAN\" | Nettali.com","isPartOf":{"@id":"https:\/\/www.nettali.com\/#website"},"primaryImageOfPage":{"@id":"https:\/\/www.nettali.com\/2023\/11\/17\/mory-diaw-je-reve-de-jouer-la-can\/#primaryimage"},"datePublished":"2023-11-17T08:10:40+00:00","dateModified":"2023-11-17T10:08:26+00:00","author":{"@id":"https:\/\/www.nettali.com\/#\/schema\/person\/bb147657c2986240405a608162b9bb23"},"breadcrumb":{"@id":"https:\/\/www.nettali.com\/2023\/11\/17\/mory-diaw-je-reve-de-jouer-la-can\/#breadcrumb"},"inLanguage":"fr-FR","potentialAction":[{"@type":"ReadAction","target":["https:\/\/www.nettali.com\/2023\/11\/17\/mory-diaw-je-reve-de-jouer-la-can\/"]}]},{"@type":"BreadcrumbList","@id":"https:\/\/www.nettali.com\/2023\/11\/17\/mory-diaw-je-reve-de-jouer-la-can\/#breadcrumb","itemListElement":[{"@type":"ListItem","position":1,"name":"Accueil","item":"https:\/\/www.nettali.com\/"},{"@type":"ListItem","position":2,"name":"MORY DIAW : \"Je r\u00eave de jouer la CAN\""}]},{"@type":"Person","@id":"https:\/\/www.nettali.com\/#\/schema\/person\/bb147657c2986240405a608162b9bb23","name":"Ibrahima","image":{"@type":"ImageObject","@id":"https:\/\/www.nettali.com\/#personlogo","inLanguage":"fr-FR","url":"https:\/\/secure.gravatar.com\/avatar\/26a8a81f09f0dd7624c9d5c36c9ba3a2?s=96&d=mm&r=g","contentUrl":"https:\/\/secure.gravatar.com\/avatar\/26a8a81f09f0dd7624c9d5c36c9ba3a2?s=96&d=mm&r=g","caption":"Ibrahima"},"sameAs":["https:\/\/www.nettali.com"]}]}},"_links":{"self":[{"href":"https:\/\/www.nettali.com\/rest\/wp\/v2\/posts\/122008"}],"collection":[{"href":"https:\/\/www.nettali.com\/rest\/wp\/v2\/posts"}],"about":[{"href":"https:\/\/www.nettali.com\/rest\/wp\/v2\/types\/post"}],"author":[{"embeddable":true,"href":"https:\/\/www.nettali.com\/rest\/wp\/v2\/users\/5"}],"replies":[{"embeddable":true,"href":"https:\/\/www.nettali.com\/rest\/wp\/v2\/comments?post=122008"}],"version-history":[{"count":4,"href":"https:\/\/www.nettali.com\/rest\/wp\/v2\/posts\/122008\/revisions"}],"predecessor-version":[{"id":122029,"href":"https:\/\/www.nettali.com\/rest\/wp\/v2\/posts\/122008\/revisions\/122029"}],"wp:featuredmedia":[{"embeddable":true,"href":"https:\/\/www.nettali.com\/rest\/wp\/v2\/media\/122009"}],"wp:attachment":[{"href":"https:\/\/www.nettali.com\/rest\/wp\/v2\/media?parent=122008"}],"wp:term":[{"taxonomy":"category","embeddable":true,"href":"https:\/\/www.nettali.com\/rest\/wp\/v2\/categories?post=122008"},{"taxonomy":"post_tag","embeddable":true,"href":"https:\/\/www.nettali.com\/rest\/wp\/v2\/tags?post=122008"}],"curies":[{"name":"wp","href":"https:\/\/api.w.org\/{rel}","templated":true}]}}