{"id":121903,"date":"2023-11-15T11:54:41","date_gmt":"2023-11-15T11:54:41","guid":{"rendered":"https:\/\/www.nettali.com\/?p=121903"},"modified":"2023-11-15T11:54:41","modified_gmt":"2023-11-15T11:54:41","slug":"france-la-justice-emet-un-mandat-darret-contre-bachar-al-assad","status":"publish","type":"post","link":"https:\/\/www.nettali.com\/2023\/11\/15\/france-la-justice-emet-un-mandat-darret-contre-bachar-al-assad\/","title":{"rendered":"FRANCE - La justice \u00e9met un mandat d'arr\u00eat contre Bachar al-Assad"},"content":{"rendered":"<p><strong>NETTALI.COM - La justice fran\u00e7aise a \u00e9mis un mandat d'arr\u00eat international contre Bachar al-Assad, ont annonc\u00e9, mercredi, des plaignants. Le pr\u00e9sident syrien est accus\u00e9 de complicit\u00e9 de crimes contre l'humanit\u00e9 pour les attaques chimiques perp\u00e9tr\u00e9es \u00e0 l'\u00e9t\u00e9 2013 en Syrie.<\/strong><\/p>\n<p>Bachar al-Assad\u00a0dans le viseur de la justice fran\u00e7aise. Des plaignants ont annonc\u00e9, mercredi 15 novembre, qu'un mandat d'arr\u00eat international a \u00e9t\u00e9 \u00e9mis mardi contre le pr\u00e9sident syrien, accus\u00e9 de complicit\u00e9 de crimes contre l'humanit\u00e9 pour les attaques chimiques perp\u00e9tr\u00e9es \u00e0 l'\u00e9t\u00e9 2013 en\u00a0Syrie.<\/p>\n<p>Une source judiciaire a confirm\u00e9 l'\u00e9mission de quatre mandats d'arr\u00eat pour complicit\u00e9 de crimes contre l'humanit\u00e9 et pour complicit\u00e9 de crimes de guerre pour ces attaques au gaz sarin, qui avaient notamment fait plus de 1\u00a0000 morts dans la\u00a0Ghouta orientale\u00a0le 21 ao\u00fbt 2013, selon les renseignements am\u00e9ricains.<\/p>\n<p>Ces mandats visent \u00e9galement le fr\u00e8re redout\u00e9 de Bachar al-Assad, Maher, chef de facto de la Quatri\u00e8me division \u2013 unit\u00e9 d'\u00e9lite de l'arm\u00e9e syrienne \u2013 ainsi que deux g\u00e9n\u00e9raux, Ghassan Abbas, directeur de la branche 450 du CERS, et Bassam al-Hassan, officier de liaison et chef de la s\u00e9curit\u00e9.<\/p>\n<p>Des juges d'instruction du p\u00f4le crimes contre l'humanit\u00e9 du Tribunal judiciaire de Paris enqu\u00eatent depuis avril 2021 sur ces attaques chimiques perp\u00e9tr\u00e9es en 2013 en Syrie et imput\u00e9es au r\u00e9gime de Bachar al-Assad.<\/p>\n<p>L'enqu\u00eate avait \u00e9t\u00e9 ouverte apr\u00e8s une plainte avec constitution de partie civile par le Centre syrien pour les m\u00e9dias et la libert\u00e9 d'expression (SCM), Open Society Justice Initiative (OSJI) et Syrian Archive.<\/p>\n<h2>\"Un pr\u00e9c\u00e9dent judiciaire historique\"<\/h2>\n<p>Ces investigations, men\u00e9es au titre de la \"comp\u00e9tence extraterritoriale\" de la justice fran\u00e7aise, portent \u00e9galement sur les attaques perp\u00e9tr\u00e9es dans la nuit du 4 au 5 ao\u00fbt \u00e0 Adra et Douma \u2013 450\u00a0bless\u00e9s.<\/p>\n<p><em>\"Cette d\u00e9cision constitue un pr\u00e9c\u00e9dent judiciaire historique. C'est une nouvelle victoire pour les victimes, leurs familles et les survivants, ainsi qu'un pas vers la justice et une paix durable en Syrie\"<\/em>, a r\u00e9agi dans un communiqu\u00e9 Mazen Darwish, fondateur et directeur g\u00e9n\u00e9ral du SCM.<\/p>\n<p>Il rappelle que la plainte \u00e9tait accompagn\u00e9e de \"t\u00e9moignages de premi\u00e8re main venant de nombreuses victimes\", d'une \"analyse approfondie de la cha\u00eene de commandement militaire syrienne\", ainsi que \"de centaines de documents, parmi lesquels des photos et vid\u00e9os\".<\/p>\n<div id=\"tms-block-9376761147908366\" class=\"o-self-promo o-self-promo--nl\" data-selfpromo-newsletter=\"\">\n<div class=\"o-self-promo-wrapper\"><\/div>\n<\/div>\n<p>Le r\u00e9gime syrien est la cible de plusieurs actions en justice lanc\u00e9es en Europe, en particulier en Allemagne.<\/p>\n<p>En France, le premier proc\u00e8s de responsables du r\u00e9gime syrien aura lieu du 21 au 24 mai \u00e0 Paris : trois hauts responsables du r\u00e9gime de Bachar al-Assad seront jug\u00e9s pour complicit\u00e9 de crimes contre l'humanit\u00e9 et de d\u00e9lit de guerre, pour la mort de deux citoyens franco-syriens, Mazzen Dabbagh et son fils Patrick, arr\u00eat\u00e9s en 2013.<\/p>\n<p>Dans une autre proc\u00e9dure, concernant un bombardement \u00e0 Deraa en 2017, des mandats d'arr\u00eat ont \u00e9t\u00e9 \u00e9mis en octobre contre quatre ex-hauts dirigeants de l'arm\u00e9e syrienne.<\/p>\n<p>D\u00e9clench\u00e9 en 2011, le conflit en Syrie a fait plus d'un demi-million de morts et morcel\u00e9 le pays.<\/p>\n<p><strong><em>Avec AFP<\/em><\/strong><\/p>\n<div class='share-to-whatsapp-wrapper'><div class='share-on-whsp'>PARTAGER SUR : <\/div><a data-text='FRANCE - La justice \u00e9met un mandat d'arr\u00eat contre Bachar al-Assad' data-link='https:\/\/www.nettali.com\/2023\/11\/15\/france-la-justice-emet-un-mandat-darret-contre-bachar-al-assad\/' class='whatsapp-button whatsapp-share'>WhatsApp<\/a><div class='clear '><\/div><\/div>","protected":false},"excerpt":{"rendered":"<p>NETTALI.COM - La justice fran\u00e7aise a \u00e9mis un mandat d'arr\u00eat international contre Bachar al-Assad, ont annonc\u00e9, mercredi, des plaignants. Le pr\u00e9sident syrien est accus\u00e9 de complicit\u00e9 de crimes contre l'humanit\u00e9 pour les attaques chimiques perp\u00e9tr\u00e9es \u00e0 l'\u00e9t\u00e9 2013 en Syrie. Bachar al-Assad\u00a0dans le viseur de la justice fran\u00e7aise. Des plaignants ont annonc\u00e9, mercredi 15 novembre, [&hellip;]<\/p>\n","protected":false},"author":4,"featured_media":121904,"comment_status":"open","ping_status":"open","sticky":false,"template":"","format":"standard","meta":{"_et_pb_use_builder":"","_et_pb_old_content":""},"categories":[8],"tags":[],"yoast_head":"<!-- This site is optimized with the Yoast SEO Premium plugin v17.8 (Yoast SEO v17.8) - https:\/\/yoast.com\/wordpress\/plugins\/seo\/ -->\n<title>FRANCE - La justice \u00e9met un mandat d&#039;arr\u00eat contre Bachar al-Assad | Nettali.com<\/title>\n<meta name=\"robots\" content=\"index, follow, max-snippet:-1, max-image-preview:large, max-video-preview:-1\" \/>\n<link rel=\"canonical\" href=\"https:\/\/www.nettali.com\/2023\/11\/15\/france-la-justice-emet-un-mandat-darret-contre-bachar-al-assad\/\" \/>\n<meta property=\"og:locale\" content=\"fr_FR\" \/>\n<meta property=\"og:type\" content=\"article\" \/>\n<meta property=\"og:title\" content=\"FRANCE - La justice \u00e9met un mandat d&#039;arr\u00eat contre Bachar al-Assad\" \/>\n<meta property=\"og:description\" content=\"NETTALI.COM - La justice fran\u00e7aise a \u00e9mis un mandat d&#039;arr\u00eat international contre Bachar al-Assad, ont annonc\u00e9, mercredi, des plaignants. Le pr\u00e9sident syrien est accus\u00e9 de complicit\u00e9 de crimes contre l&#039;humanit\u00e9 pour les attaques chimiques perp\u00e9tr\u00e9es \u00e0 l&#039;\u00e9t\u00e9 2013 en Syrie. Bachar al-Assad\u00a0dans le viseur de la justice fran\u00e7aise. Des plaignants ont annonc\u00e9, mercredi 15 novembre, [&hellip;]\" \/>\n<meta property=\"og:url\" content=\"https:\/\/www.nettali.com\/2023\/11\/15\/france-la-justice-emet-un-mandat-darret-contre-bachar-al-assad\/\" \/>\n<meta property=\"og:site_name\" content=\"Nettali.com\" \/>\n<meta property=\"article:publisher\" content=\"https:\/\/www.facebook.com\/nettalicom\" \/>\n<meta property=\"article:published_time\" content=\"2023-11-15T11:54:41+00:00\" \/>\n<meta property=\"og:image\" content=\"https:\/\/www.nettali.com\/wp-content\/uploads\/2023\/11\/Capture-de\u0301cran-2023-11-15-a\u0300-11.52.55.png\" \/>\n\t<meta property=\"og:image:width\" content=\"848\" \/>\n\t<meta property=\"og:image:height\" content=\"494\" \/>\n<meta name=\"twitter:card\" content=\"summary_large_image\" \/>\n<meta name=\"twitter:label1\" content=\"\u00c9crit par\" \/>\n\t<meta name=\"twitter:data1\" content=\"Daouda\" \/>\n\t<meta name=\"twitter:label2\" content=\"Dur\u00e9e de lecture estim\u00e9e\" \/>\n\t<meta name=\"twitter:data2\" content=\"3 minutes\" \/>\n<script type=\"application\/ld+json\" class=\"yoast-schema-graph\">{\"@context\":\"https:\/\/schema.org\",\"@graph\":[{\"@type\":\"WebSite\",\"@id\":\"https:\/\/www.nettali.com\/#website\",\"url\":\"https:\/\/www.nettali.com\/\",\"name\":\"Nettali.com\",\"description\":\"Le rendez-vous critique du Net\",\"potentialAction\":[{\"@type\":\"SearchAction\",\"target\":{\"@type\":\"EntryPoint\",\"urlTemplate\":\"https:\/\/www.nettali.com\/?s={search_term_string}\"},\"query-input\":\"required name=search_term_string\"}],\"inLanguage\":\"fr-FR\"},{\"@type\":\"ImageObject\",\"@id\":\"https:\/\/www.nettali.com\/2023\/11\/15\/france-la-justice-emet-un-mandat-darret-contre-bachar-al-assad\/#primaryimage\",\"inLanguage\":\"fr-FR\",\"url\":\"https:\/\/www.nettali.com\/wp-content\/uploads\/2023\/11\/Capture-de\\u0301cran-2023-11-15-a\\u0300-11.52.55.png\",\"contentUrl\":\"https:\/\/www.nettali.com\/wp-content\/uploads\/2023\/11\/Capture-de\\u0301cran-2023-11-15-a\\u0300-11.52.55.png\",\"width\":848,\"height\":494},{\"@type\":\"WebPage\",\"@id\":\"https:\/\/www.nettali.com\/2023\/11\/15\/france-la-justice-emet-un-mandat-darret-contre-bachar-al-assad\/#webpage\",\"url\":\"https:\/\/www.nettali.com\/2023\/11\/15\/france-la-justice-emet-un-mandat-darret-contre-bachar-al-assad\/\",\"name\":\"FRANCE - La justice \\u00e9met un mandat d'arr\\u00eat contre Bachar al-Assad | Nettali.com\",\"isPartOf\":{\"@id\":\"https:\/\/www.nettali.com\/#website\"},\"primaryImageOfPage\":{\"@id\":\"https:\/\/www.nettali.com\/2023\/11\/15\/france-la-justice-emet-un-mandat-darret-contre-bachar-al-assad\/#primaryimage\"},\"datePublished\":\"2023-11-15T11:54:41+00:00\",\"dateModified\":\"2023-11-15T11:54:41+00:00\",\"author\":{\"@id\":\"https:\/\/www.nettali.com\/#\/schema\/person\/3317e0bb3aa1da309fbf7b2780901bf4\"},\"breadcrumb\":{\"@id\":\"https:\/\/www.nettali.com\/2023\/11\/15\/france-la-justice-emet-un-mandat-darret-contre-bachar-al-assad\/#breadcrumb\"},\"inLanguage\":\"fr-FR\",\"potentialAction\":[{\"@type\":\"ReadAction\",\"target\":[\"https:\/\/www.nettali.com\/2023\/11\/15\/france-la-justice-emet-un-mandat-darret-contre-bachar-al-assad\/\"]}]},{\"@type\":\"BreadcrumbList\",\"@id\":\"https:\/\/www.nettali.com\/2023\/11\/15\/france-la-justice-emet-un-mandat-darret-contre-bachar-al-assad\/#breadcrumb\",\"itemListElement\":[{\"@type\":\"ListItem\",\"position\":1,\"name\":\"Accueil\",\"item\":\"https:\/\/www.nettali.com\/\"},{\"@type\":\"ListItem\",\"position\":2,\"name\":\"FRANCE - La justice \\u00e9met un mandat d'arr\\u00eat contre Bachar al-Assad\"}]},{\"@type\":\"Person\",\"@id\":\"https:\/\/www.nettali.com\/#\/schema\/person\/3317e0bb3aa1da309fbf7b2780901bf4\",\"name\":\"Daouda\",\"image\":{\"@type\":\"ImageObject\",\"@id\":\"https:\/\/www.nettali.com\/#personlogo\",\"inLanguage\":\"fr-FR\",\"url\":\"https:\/\/secure.gravatar.com\/avatar\/8d143b5a49345098ddcfee1c49c2f47c?s=96&d=mm&r=g\",\"contentUrl\":\"https:\/\/secure.gravatar.com\/avatar\/8d143b5a49345098ddcfee1c49c2f47c?s=96&d=mm&r=g\",\"caption\":\"Daouda\"},\"sameAs\":[\"https:\/\/www.nettali.com\"]}]}<\/script>\n<!-- \/ Yoast SEO Premium plugin. -->","yoast_head_json":{"title":"FRANCE - La justice \u00e9met un mandat d'arr\u00eat contre Bachar al-Assad | Nettali.com","robots":{"index":"index","follow":"follow","max-snippet":"max-snippet:-1","max-image-preview":"max-image-preview:large","max-video-preview":"max-video-preview:-1"},"canonical":"https:\/\/www.nettali.com\/2023\/11\/15\/france-la-justice-emet-un-mandat-darret-contre-bachar-al-assad\/","og_locale":"fr_FR","og_type":"article","og_title":"FRANCE - La justice \u00e9met un mandat d'arr\u00eat contre Bachar al-Assad","og_description":"NETTALI.COM - La justice fran\u00e7aise a \u00e9mis un mandat d'arr\u00eat international contre Bachar al-Assad, ont annonc\u00e9, mercredi, des plaignants. Le pr\u00e9sident syrien est accus\u00e9 de complicit\u00e9 de crimes contre l'humanit\u00e9 pour les attaques chimiques perp\u00e9tr\u00e9es \u00e0 l'\u00e9t\u00e9 2013 en Syrie. Bachar al-Assad\u00a0dans le viseur de la justice fran\u00e7aise. Des plaignants ont annonc\u00e9, mercredi 15 novembre, [&hellip;]","og_url":"https:\/\/www.nettali.com\/2023\/11\/15\/france-la-justice-emet-un-mandat-darret-contre-bachar-al-assad\/","og_site_name":"Nettali.com","article_publisher":"https:\/\/www.facebook.com\/nettalicom","article_published_time":"2023-11-15T11:54:41+00:00","og_image":[{"width":848,"height":494,"url":"https:\/\/www.nettali.com\/wp-content\/uploads\/2023\/11\/Capture-de\u0301cran-2023-11-15-a\u0300-11.52.55.png","type":"image\/png"}],"twitter_card":"summary_large_image","twitter_misc":{"\u00c9crit par":"Daouda","Dur\u00e9e de lecture estim\u00e9e":"3 minutes"},"schema":{"@context":"https:\/\/schema.org","@graph":[{"@type":"WebSite","@id":"https:\/\/www.nettali.com\/#website","url":"https:\/\/www.nettali.com\/","name":"Nettali.com","description":"Le rendez-vous critique du Net","potentialAction":[{"@type":"SearchAction","target":{"@type":"EntryPoint","urlTemplate":"https:\/\/www.nettali.com\/?s={search_term_string}"},"query-input":"required name=search_term_string"}],"inLanguage":"fr-FR"},{"@type":"ImageObject","@id":"https:\/\/www.nettali.com\/2023\/11\/15\/france-la-justice-emet-un-mandat-darret-contre-bachar-al-assad\/#primaryimage","inLanguage":"fr-FR","url":"https:\/\/www.nettali.com\/wp-content\/uploads\/2023\/11\/Capture-de\u0301cran-2023-11-15-a\u0300-11.52.55.png","contentUrl":"https:\/\/www.nettali.com\/wp-content\/uploads\/2023\/11\/Capture-de\u0301cran-2023-11-15-a\u0300-11.52.55.png","width":848,"height":494},{"@type":"WebPage","@id":"https:\/\/www.nettali.com\/2023\/11\/15\/france-la-justice-emet-un-mandat-darret-contre-bachar-al-assad\/#webpage","url":"https:\/\/www.nettali.com\/2023\/11\/15\/france-la-justice-emet-un-mandat-darret-contre-bachar-al-assad\/","name":"FRANCE - La justice \u00e9met un mandat d'arr\u00eat contre Bachar al-Assad | Nettali.com","isPartOf":{"@id":"https:\/\/www.nettali.com\/#website"},"primaryImageOfPage":{"@id":"https:\/\/www.nettali.com\/2023\/11\/15\/france-la-justice-emet-un-mandat-darret-contre-bachar-al-assad\/#primaryimage"},"datePublished":"2023-11-15T11:54:41+00:00","dateModified":"2023-11-15T11:54:41+00:00","author":{"@id":"https:\/\/www.nettali.com\/#\/schema\/person\/3317e0bb3aa1da309fbf7b2780901bf4"},"breadcrumb":{"@id":"https:\/\/www.nettali.com\/2023\/11\/15\/france-la-justice-emet-un-mandat-darret-contre-bachar-al-assad\/#breadcrumb"},"inLanguage":"fr-FR","potentialAction":[{"@type":"ReadAction","target":["https:\/\/www.nettali.com\/2023\/11\/15\/france-la-justice-emet-un-mandat-darret-contre-bachar-al-assad\/"]}]},{"@type":"BreadcrumbList","@id":"https:\/\/www.nettali.com\/2023\/11\/15\/france-la-justice-emet-un-mandat-darret-contre-bachar-al-assad\/#breadcrumb","itemListElement":[{"@type":"ListItem","position":1,"name":"Accueil","item":"https:\/\/www.nettali.com\/"},{"@type":"ListItem","position":2,"name":"FRANCE - La justice \u00e9met un mandat d'arr\u00eat contre Bachar al-Assad"}]},{"@type":"Person","@id":"https:\/\/www.nettali.com\/#\/schema\/person\/3317e0bb3aa1da309fbf7b2780901bf4","name":"Daouda","image":{"@type":"ImageObject","@id":"https:\/\/www.nettali.com\/#personlogo","inLanguage":"fr-FR","url":"https:\/\/secure.gravatar.com\/avatar\/8d143b5a49345098ddcfee1c49c2f47c?s=96&d=mm&r=g","contentUrl":"https:\/\/secure.gravatar.com\/avatar\/8d143b5a49345098ddcfee1c49c2f47c?s=96&d=mm&r=g","caption":"Daouda"},"sameAs":["https:\/\/www.nettali.com"]}]}},"_links":{"self":[{"href":"https:\/\/www.nettali.com\/rest\/wp\/v2\/posts\/121903"}],"collection":[{"href":"https:\/\/www.nettali.com\/rest\/wp\/v2\/posts"}],"about":[{"href":"https:\/\/www.nettali.com\/rest\/wp\/v2\/types\/post"}],"author":[{"embeddable":true,"href":"https:\/\/www.nettali.com\/rest\/wp\/v2\/users\/4"}],"replies":[{"embeddable":true,"href":"https:\/\/www.nettali.com\/rest\/wp\/v2\/comments?post=121903"}],"version-history":[{"count":1,"href":"https:\/\/www.nettali.com\/rest\/wp\/v2\/posts\/121903\/revisions"}],"predecessor-version":[{"id":121905,"href":"https:\/\/www.nettali.com\/rest\/wp\/v2\/posts\/121903\/revisions\/121905"}],"wp:featuredmedia":[{"embeddable":true,"href":"https:\/\/www.nettali.com\/rest\/wp\/v2\/media\/121904"}],"wp:attachment":[{"href":"https:\/\/www.nettali.com\/rest\/wp\/v2\/media?parent=121903"}],"wp:term":[{"taxonomy":"category","embeddable":true,"href":"https:\/\/www.nettali.com\/rest\/wp\/v2\/categories?post=121903"},{"taxonomy":"post_tag","embeddable":true,"href":"https:\/\/www.nettali.com\/rest\/wp\/v2\/tags?post=121903"}],"curies":[{"name":"wp","href":"https:\/\/api.w.org\/{rel}","templated":true}]}}