{"id":121785,"date":"2023-11-14T08:13:52","date_gmt":"2023-11-14T08:13:52","guid":{"rendered":"https:\/\/www.nettali.com\/?p=121785"},"modified":"2023-11-15T09:05:18","modified_gmt":"2023-11-15T09:05:18","slug":"lettre-fuitee-de-sonko-deux-cadres-de-ladministration-penitentiaire-places-sous-mandat-de-depot","status":"publish","type":"post","link":"https:\/\/www.nettali.com\/2023\/11\/14\/lettre-fuitee-de-sonko-deux-cadres-de-ladministration-penitentiaire-places-sous-mandat-de-depot\/","title":{"rendered":"LETTRE FUITEE DE SONKO - Deux cadres de l\u2019administration p\u00e9nitentiaire plac\u00e9s sous mandat de d\u00e9p\u00f4t"},"content":{"rendered":"<p><strong>NETTALI.COM - Les deux cadres de l\u2019administration p\u00e9nitentiaire arr\u00eat\u00e9s dans le cadre de l\u2019enqu\u00eate sur la fuite de la lettre sur l\u2019\u00e9tat de sant\u00e9 d\u2019Ousmane Sonko, ont \u00e9t\u00e9 plac\u00e9s sous mandat de d\u00e9p\u00f4t. Il s\u2019agit de l\u2019Inspecteur Idrissa Sow, directeur des affaires juridiques, de la planification et des statistiques et de l\u2019adjudant Issa Ndione.<\/strong><\/p>\n<p>Deux gardes p\u00e9nitentiaires derri\u00e8re les barreaux.<strong>.<\/strong> Il s\u2019agit de l\u2019Inspecteur Idrissa Sow, directeur des affaires juridiques, de la planification et des statistiques, et de l\u2019adjudant Issa Ndione arr\u00eat\u00e9s depuis le 7 novembre 2023. Ils ont \u00e9t\u00e9 plac\u00e9s sous mandat de d\u00e9p\u00f4t ce lundi 13 novembre 2023 par le juge du deuxi\u00e8me cabinet d'instruction du tribunal de grande instance de Dakar. Ils sont \u00e9crou\u00e9s pour violation du secret professionnel, d\u00e9tournement de donn\u00e9es \u00e0 caract\u00e8re personnel et actes et man\u0153uvres de nature \u00e0 compromettre la s\u00e9curit\u00e9 publique.<\/p>\n<p>On se rappelle qu\u2019une correspondance du directeur de l\u2019Administration p\u00e9nitentiaire adress\u00e9e au ministre de la Justice et rendant compte de l\u2019\u00e9tat de sant\u00e9 de Ousmane Sonko, s\u2019est retrouv\u00e9e sur les r\u00e9seaux sociaux. Le document a \u00e9t\u00e9 largement comment\u00e9 par Juan Branco, un des avocats du pr\u00e9sident de Pastef.<\/p>\n<p>Dans le cadre de l\u2019enqu\u00eate pour d\u00e9terminer l\u2019origine et les auteurs de la fuite, Amadou Ba de Pastef et Fatoumata Bintou Kane avaient \u00e9t\u00e9 arr\u00eat\u00e9s. Ils ont \u00e9t\u00e9 plac\u00e9s sous contr\u00f4le judiciaire.<\/p>\n<div class='share-to-whatsapp-wrapper'><div class='share-on-whsp'>PARTAGER SUR : <\/div><a data-text='LETTRE FUITEE DE SONKO - Deux cadres de l\u2019administration p\u00e9nitentiaire plac\u00e9s sous mandat de d\u00e9p\u00f4t' data-link='https:\/\/www.nettali.com\/2023\/11\/14\/lettre-fuitee-de-sonko-deux-cadres-de-ladministration-penitentiaire-places-sous-mandat-de-depot\/' class='whatsapp-button whatsapp-share'>WhatsApp<\/a><div class='clear '><\/div><\/div>","protected":false},"excerpt":{"rendered":"<p>NETTALI.COM - Les deux cadres de l\u2019administration p\u00e9nitentiaire arr\u00eat\u00e9s dans le cadre de l\u2019enqu\u00eate sur la fuite de la lettre sur l\u2019\u00e9tat de sant\u00e9 d\u2019Ousmane Sonko, ont \u00e9t\u00e9 plac\u00e9s sous mandat de d\u00e9p\u00f4t. Il s\u2019agit de l\u2019Inspecteur Idrissa Sow, directeur des affaires juridiques, de la planification et des statistiques et de l\u2019adjudant Issa Ndione. Deux [&hellip;]<\/p>\n","protected":false},"author":6,"featured_media":121793,"comment_status":"open","ping_status":"open","sticky":false,"template":"","format":"standard","meta":{"_et_pb_use_builder":"","_et_pb_old_content":""},"categories":[3],"tags":[],"yoast_head":"<!-- This site is optimized with the Yoast SEO Premium plugin v17.8 (Yoast SEO v17.8) - https:\/\/yoast.com\/wordpress\/plugins\/seo\/ -->\n<title>LETTRE FUITEE DE SONKO - Deux cadres de l\u2019administration p\u00e9nitentiaire plac\u00e9s sous mandat de d\u00e9p\u00f4t | Nettali.com<\/title>\n<meta name=\"robots\" content=\"index, follow, max-snippet:-1, max-image-preview:large, max-video-preview:-1\" \/>\n<link rel=\"canonical\" href=\"https:\/\/www.nettali.com\/2023\/11\/14\/lettre-fuitee-de-sonko-deux-cadres-de-ladministration-penitentiaire-places-sous-mandat-de-depot\/\" \/>\n<meta property=\"og:locale\" content=\"fr_FR\" \/>\n<meta property=\"og:type\" content=\"article\" \/>\n<meta property=\"og:title\" content=\"LETTRE FUITEE DE SONKO - Deux cadres de l\u2019administration p\u00e9nitentiaire plac\u00e9s sous mandat de d\u00e9p\u00f4t\" \/>\n<meta property=\"og:description\" content=\"NETTALI.COM - Les deux cadres de l\u2019administration p\u00e9nitentiaire arr\u00eat\u00e9s dans le cadre de l\u2019enqu\u00eate sur la fuite de la lettre sur l\u2019\u00e9tat de sant\u00e9 d\u2019Ousmane Sonko, ont \u00e9t\u00e9 plac\u00e9s sous mandat de d\u00e9p\u00f4t. Il s\u2019agit de l\u2019Inspecteur Idrissa Sow, directeur des affaires juridiques, de la planification et des statistiques et de l\u2019adjudant Issa Ndione. Deux [&hellip;]\" \/>\n<meta property=\"og:url\" content=\"https:\/\/www.nettali.com\/2023\/11\/14\/lettre-fuitee-de-sonko-deux-cadres-de-ladministration-penitentiaire-places-sous-mandat-de-depot\/\" \/>\n<meta property=\"og:site_name\" content=\"Nettali.com\" \/>\n<meta property=\"article:publisher\" content=\"https:\/\/www.facebook.com\/nettalicom\" \/>\n<meta property=\"article:published_time\" content=\"2023-11-14T08:13:52+00:00\" \/>\n<meta property=\"article:modified_time\" content=\"2023-11-15T09:05:18+00:00\" \/>\n<meta property=\"og:image\" content=\"https:\/\/www.nettali.com\/wp-content\/uploads\/2023\/11\/palais-de-justice_1.jpg\" \/>\n\t<meta property=\"og:image:width\" content=\"640\" \/>\n\t<meta property=\"og:image:height\" content=\"427\" \/>\n<meta name=\"twitter:card\" content=\"summary_large_image\" \/>\n<meta name=\"twitter:label1\" content=\"\u00c9crit par\" \/>\n\t<meta name=\"twitter:data1\" content=\"Fatou\" \/>\n\t<meta name=\"twitter:label2\" content=\"Dur\u00e9e de lecture estim\u00e9e\" \/>\n\t<meta name=\"twitter:data2\" content=\"2 minutes\" \/>\n<script type=\"application\/ld+json\" class=\"yoast-schema-graph\">{\"@context\":\"https:\/\/schema.org\",\"@graph\":[{\"@type\":\"WebSite\",\"@id\":\"https:\/\/www.nettali.com\/#website\",\"url\":\"https:\/\/www.nettali.com\/\",\"name\":\"Nettali.com\",\"description\":\"Le rendez-vous critique du Net\",\"potentialAction\":[{\"@type\":\"SearchAction\",\"target\":{\"@type\":\"EntryPoint\",\"urlTemplate\":\"https:\/\/www.nettali.com\/?s={search_term_string}\"},\"query-input\":\"required name=search_term_string\"}],\"inLanguage\":\"fr-FR\"},{\"@type\":\"ImageObject\",\"@id\":\"https:\/\/www.nettali.com\/2023\/11\/14\/lettre-fuitee-de-sonko-deux-cadres-de-ladministration-penitentiaire-places-sous-mandat-de-depot\/#primaryimage\",\"inLanguage\":\"fr-FR\",\"url\":\"https:\/\/www.nettali.com\/wp-content\/uploads\/2023\/11\/palais-de-justice_1.jpg\",\"contentUrl\":\"https:\/\/www.nettali.com\/wp-content\/uploads\/2023\/11\/palais-de-justice_1.jpg\",\"width\":640,\"height\":427},{\"@type\":\"WebPage\",\"@id\":\"https:\/\/www.nettali.com\/2023\/11\/14\/lettre-fuitee-de-sonko-deux-cadres-de-ladministration-penitentiaire-places-sous-mandat-de-depot\/#webpage\",\"url\":\"https:\/\/www.nettali.com\/2023\/11\/14\/lettre-fuitee-de-sonko-deux-cadres-de-ladministration-penitentiaire-places-sous-mandat-de-depot\/\",\"name\":\"LETTRE FUITEE DE SONKO - Deux cadres de l\\u2019administration p\\u00e9nitentiaire plac\\u00e9s sous mandat de d\\u00e9p\\u00f4t | Nettali.com\",\"isPartOf\":{\"@id\":\"https:\/\/www.nettali.com\/#website\"},\"primaryImageOfPage\":{\"@id\":\"https:\/\/www.nettali.com\/2023\/11\/14\/lettre-fuitee-de-sonko-deux-cadres-de-ladministration-penitentiaire-places-sous-mandat-de-depot\/#primaryimage\"},\"datePublished\":\"2023-11-14T08:13:52+00:00\",\"dateModified\":\"2023-11-15T09:05:18+00:00\",\"author\":{\"@id\":\"https:\/\/www.nettali.com\/#\/schema\/person\/418274a86bdf87caff7a3ef476bd0bbf\"},\"breadcrumb\":{\"@id\":\"https:\/\/www.nettali.com\/2023\/11\/14\/lettre-fuitee-de-sonko-deux-cadres-de-ladministration-penitentiaire-places-sous-mandat-de-depot\/#breadcrumb\"},\"inLanguage\":\"fr-FR\",\"potentialAction\":[{\"@type\":\"ReadAction\",\"target\":[\"https:\/\/www.nettali.com\/2023\/11\/14\/lettre-fuitee-de-sonko-deux-cadres-de-ladministration-penitentiaire-places-sous-mandat-de-depot\/\"]}]},{\"@type\":\"BreadcrumbList\",\"@id\":\"https:\/\/www.nettali.com\/2023\/11\/14\/lettre-fuitee-de-sonko-deux-cadres-de-ladministration-penitentiaire-places-sous-mandat-de-depot\/#breadcrumb\",\"itemListElement\":[{\"@type\":\"ListItem\",\"position\":1,\"name\":\"Accueil\",\"item\":\"https:\/\/www.nettali.com\/\"},{\"@type\":\"ListItem\",\"position\":2,\"name\":\"LETTRE FUITEE DE SONKO - Deux cadres de l\\u2019administration p\\u00e9nitentiaire plac\\u00e9s sous mandat de d\\u00e9p\\u00f4t\"}]},{\"@type\":\"Person\",\"@id\":\"https:\/\/www.nettali.com\/#\/schema\/person\/418274a86bdf87caff7a3ef476bd0bbf\",\"name\":\"Fatou\",\"image\":{\"@type\":\"ImageObject\",\"@id\":\"https:\/\/www.nettali.com\/#personlogo\",\"inLanguage\":\"fr-FR\",\"url\":\"https:\/\/secure.gravatar.com\/avatar\/5a9442a2bee7b4dcf167cab035858e9a?s=96&d=mm&r=g\",\"contentUrl\":\"https:\/\/secure.gravatar.com\/avatar\/5a9442a2bee7b4dcf167cab035858e9a?s=96&d=mm&r=g\",\"caption\":\"Fatou\"},\"sameAs\":[\"https:\/\/www.nettali.com\"]}]}<\/script>\n<!-- \/ Yoast SEO Premium plugin. -->","yoast_head_json":{"title":"LETTRE FUITEE DE SONKO - Deux cadres de l\u2019administration p\u00e9nitentiaire plac\u00e9s sous mandat de d\u00e9p\u00f4t | Nettali.com","robots":{"index":"index","follow":"follow","max-snippet":"max-snippet:-1","max-image-preview":"max-image-preview:large","max-video-preview":"max-video-preview:-1"},"canonical":"https:\/\/www.nettali.com\/2023\/11\/14\/lettre-fuitee-de-sonko-deux-cadres-de-ladministration-penitentiaire-places-sous-mandat-de-depot\/","og_locale":"fr_FR","og_type":"article","og_title":"LETTRE FUITEE DE SONKO - Deux cadres de l\u2019administration p\u00e9nitentiaire plac\u00e9s sous mandat de d\u00e9p\u00f4t","og_description":"NETTALI.COM - Les deux cadres de l\u2019administration p\u00e9nitentiaire arr\u00eat\u00e9s dans le cadre de l\u2019enqu\u00eate sur la fuite de la lettre sur l\u2019\u00e9tat de sant\u00e9 d\u2019Ousmane Sonko, ont \u00e9t\u00e9 plac\u00e9s sous mandat de d\u00e9p\u00f4t. Il s\u2019agit de l\u2019Inspecteur Idrissa Sow, directeur des affaires juridiques, de la planification et des statistiques et de l\u2019adjudant Issa Ndione. Deux [&hellip;]","og_url":"https:\/\/www.nettali.com\/2023\/11\/14\/lettre-fuitee-de-sonko-deux-cadres-de-ladministration-penitentiaire-places-sous-mandat-de-depot\/","og_site_name":"Nettali.com","article_publisher":"https:\/\/www.facebook.com\/nettalicom","article_published_time":"2023-11-14T08:13:52+00:00","article_modified_time":"2023-11-15T09:05:18+00:00","og_image":[{"width":640,"height":427,"url":"https:\/\/www.nettali.com\/wp-content\/uploads\/2023\/11\/palais-de-justice_1.jpg","type":"image\/jpeg"}],"twitter_card":"summary_large_image","twitter_misc":{"\u00c9crit par":"Fatou","Dur\u00e9e de lecture estim\u00e9e":"2 minutes"},"schema":{"@context":"https:\/\/schema.org","@graph":[{"@type":"WebSite","@id":"https:\/\/www.nettali.com\/#website","url":"https:\/\/www.nettali.com\/","name":"Nettali.com","description":"Le rendez-vous critique du Net","potentialAction":[{"@type":"SearchAction","target":{"@type":"EntryPoint","urlTemplate":"https:\/\/www.nettali.com\/?s={search_term_string}"},"query-input":"required name=search_term_string"}],"inLanguage":"fr-FR"},{"@type":"ImageObject","@id":"https:\/\/www.nettali.com\/2023\/11\/14\/lettre-fuitee-de-sonko-deux-cadres-de-ladministration-penitentiaire-places-sous-mandat-de-depot\/#primaryimage","inLanguage":"fr-FR","url":"https:\/\/www.nettali.com\/wp-content\/uploads\/2023\/11\/palais-de-justice_1.jpg","contentUrl":"https:\/\/www.nettali.com\/wp-content\/uploads\/2023\/11\/palais-de-justice_1.jpg","width":640,"height":427},{"@type":"WebPage","@id":"https:\/\/www.nettali.com\/2023\/11\/14\/lettre-fuitee-de-sonko-deux-cadres-de-ladministration-penitentiaire-places-sous-mandat-de-depot\/#webpage","url":"https:\/\/www.nettali.com\/2023\/11\/14\/lettre-fuitee-de-sonko-deux-cadres-de-ladministration-penitentiaire-places-sous-mandat-de-depot\/","name":"LETTRE FUITEE DE SONKO - Deux cadres de l\u2019administration p\u00e9nitentiaire plac\u00e9s sous mandat de d\u00e9p\u00f4t | Nettali.com","isPartOf":{"@id":"https:\/\/www.nettali.com\/#website"},"primaryImageOfPage":{"@id":"https:\/\/www.nettali.com\/2023\/11\/14\/lettre-fuitee-de-sonko-deux-cadres-de-ladministration-penitentiaire-places-sous-mandat-de-depot\/#primaryimage"},"datePublished":"2023-11-14T08:13:52+00:00","dateModified":"2023-11-15T09:05:18+00:00","author":{"@id":"https:\/\/www.nettali.com\/#\/schema\/person\/418274a86bdf87caff7a3ef476bd0bbf"},"breadcrumb":{"@id":"https:\/\/www.nettali.com\/2023\/11\/14\/lettre-fuitee-de-sonko-deux-cadres-de-ladministration-penitentiaire-places-sous-mandat-de-depot\/#breadcrumb"},"inLanguage":"fr-FR","potentialAction":[{"@type":"ReadAction","target":["https:\/\/www.nettali.com\/2023\/11\/14\/lettre-fuitee-de-sonko-deux-cadres-de-ladministration-penitentiaire-places-sous-mandat-de-depot\/"]}]},{"@type":"BreadcrumbList","@id":"https:\/\/www.nettali.com\/2023\/11\/14\/lettre-fuitee-de-sonko-deux-cadres-de-ladministration-penitentiaire-places-sous-mandat-de-depot\/#breadcrumb","itemListElement":[{"@type":"ListItem","position":1,"name":"Accueil","item":"https:\/\/www.nettali.com\/"},{"@type":"ListItem","position":2,"name":"LETTRE FUITEE DE SONKO - Deux cadres de l\u2019administration p\u00e9nitentiaire plac\u00e9s sous mandat de d\u00e9p\u00f4t"}]},{"@type":"Person","@id":"https:\/\/www.nettali.com\/#\/schema\/person\/418274a86bdf87caff7a3ef476bd0bbf","name":"Fatou","image":{"@type":"ImageObject","@id":"https:\/\/www.nettali.com\/#personlogo","inLanguage":"fr-FR","url":"https:\/\/secure.gravatar.com\/avatar\/5a9442a2bee7b4dcf167cab035858e9a?s=96&d=mm&r=g","contentUrl":"https:\/\/secure.gravatar.com\/avatar\/5a9442a2bee7b4dcf167cab035858e9a?s=96&d=mm&r=g","caption":"Fatou"},"sameAs":["https:\/\/www.nettali.com"]}]}},"_links":{"self":[{"href":"https:\/\/www.nettali.com\/rest\/wp\/v2\/posts\/121785"}],"collection":[{"href":"https:\/\/www.nettali.com\/rest\/wp\/v2\/posts"}],"about":[{"href":"https:\/\/www.nettali.com\/rest\/wp\/v2\/types\/post"}],"author":[{"embeddable":true,"href":"https:\/\/www.nettali.com\/rest\/wp\/v2\/users\/6"}],"replies":[{"embeddable":true,"href":"https:\/\/www.nettali.com\/rest\/wp\/v2\/comments?post=121785"}],"version-history":[{"count":6,"href":"https:\/\/www.nettali.com\/rest\/wp\/v2\/posts\/121785\/revisions"}],"predecessor-version":[{"id":121859,"href":"https:\/\/www.nettali.com\/rest\/wp\/v2\/posts\/121785\/revisions\/121859"}],"wp:featuredmedia":[{"embeddable":true,"href":"https:\/\/www.nettali.com\/rest\/wp\/v2\/media\/121793"}],"wp:attachment":[{"href":"https:\/\/www.nettali.com\/rest\/wp\/v2\/media?parent=121785"}],"wp:term":[{"taxonomy":"category","embeddable":true,"href":"https:\/\/www.nettali.com\/rest\/wp\/v2\/categories?post=121785"},{"taxonomy":"post_tag","embeddable":true,"href":"https:\/\/www.nettali.com\/rest\/wp\/v2\/tags?post=121785"}],"curies":[{"name":"wp","href":"https:\/\/api.w.org\/{rel}","templated":true}]}}