{"id":121676,"date":"2023-11-12T19:26:10","date_gmt":"2023-11-12T19:26:10","guid":{"rendered":"https:\/\/www.nettali.com\/?p=121676"},"modified":"2023-11-12T23:52:03","modified_gmt":"2023-11-12T23:52:03","slug":"amar-kane-on-ne-peut-pas-developper-lenseignement-technique-sans-les-enseignants","status":"publish","type":"post","link":"https:\/\/www.nettali.com\/2023\/11\/12\/amar-kane-on-ne-peut-pas-developper-lenseignement-technique-sans-les-enseignants\/","title":{"rendered":"AMAR KANE : \"On ne peut pas d\u00e9velopper l'enseignement technique sans les enseignants\""},"content":{"rendered":"<p><strong>NETTALI.COM - Le bureau r\u00e9gional du Syndicat de l'Enseignement Professionnel et Technique (SEPT), section Dakar a tenu son assembl\u00e9e g\u00e9n\u00e9rale ce samedi 11 novembre, au Lyc\u00e9e Seydina Limamoulaye de Gu\u00e9diawaye. Une occasion pour le SEPT de rappeler \u00e0 l'\u00c9tat du S\u00e9n\u00e9gal les sujets cruciaux relatifs \u00e0 l'\u00e9ducation et \u00e0 la formation professionnelle et technique.<\/strong><\/p>\n<p>Lors du conseil interminist\u00e9riel consacr\u00e9 \u00e0 la rentr\u00e9e scolaire 2023-2024, le premier ministre, Amadou Ba avait annonc\u00e9 la finalisation et la mise en \u0153uvre la strat\u00e9gie d\u2019orientation des 30% d\u2019\u00e9l\u00e8ves issus du cycle fondamental dans la formation professionnelle et technique. Une belle initiative certes mais qui reste toujours une th\u00e9orie.<\/p>\n<p>\"<em>L\u00e0 nous sommes encore dans les v\u0153ux pieux. Entre les annonces publiques et la r\u00e9alit\u00e9, il y a un grand d\u00e9calage. \u00c7a c'est la volont\u00e9 politique qui s'est exprim\u00e9e. 30 % des apprenants qui devront \u00eatre dans la formation professionnelle, \u00e7a c'est toujours un v\u0153u. Mais nous rencontrons d'\u00e9normes difficult\u00e9s dans la formation professionnelle<\/em>\", a laiss\u00e9 entendre le secr\u00e9taire g\u00e9n\u00e9ral du SEPT, Amar Kane ce samedi en marge de l'assembl\u00e9e g\u00e9n\u00e9rale du bureau r\u00e9gional du Syndicat de l'Enseignement Professionnel et Technique (SEPT), section Dakar.<\/p>\n<p>\"<em>Aujourd'hui, les formations ont commenc\u00e9 au niveau de Pastef mais les enseignants de la formation professionnelle courent toujours derri\u00e8re ces formations l\u00e0. En dehors cel\u00e0, il y a la question des MEPT qui reste toujours en suspens. Il faut que ces probl\u00e8mes puissent trouver des r\u00e9sultats tr\u00e8s rapidement. On ne peut pas d\u00e9velopper l'enseignement technique sans les enseignants. Les enseignants sont le socle de la formation professionnelle. Or ils sont aujourd'hui compl\u00e8tement laiss\u00e9s en rade. Raison pour laquelle, il est important en dehors des infrastructures qu'ils sont en train de construire, de mettre l'accent sur la formation des formateurs. Et pour une formation de qualit\u00e9, il faut des formateurs de qualit\u00e9<\/em>\", ont not\u00e9 les camarades de Cheikhouna Gu\u00e8ye.<\/p>\n<p>Point besoin de rappeler les points de revendications qui gangr\u00e8nent la carri\u00e8re des enseignants communs \u00e0 tous les syndicats. Le\u00a0SEPT\u00a0se veut d\u2019\u00eatre un syndicat d\u2019action et non de r\u00e9action. Avec l\u2019\u00e9mergence du secteur, la formation professionnelle est aujourd\u2019hui confront\u00e9e \u00e0 de nombreux probl\u00e8mes.<\/p>\n<p>\"<em>Nous savons que dans le secteur il y a \u00e9norm\u00e9ment de probl\u00e8mes. On peut citer le probl\u00e8me des METP, le probl\u00e8me des contractuels qui ne disposent pas de formations dipl\u00f4mantes. Nous pouvons aussi parler des contrats d'engagements et des glissements cat\u00e9goriels...Ce qui veut dire qu'en r\u00e9alit\u00e9, pour cette volont\u00e9 politique politique se manifeste sur le terrain, en dehors du discours, il faut des actes concrets et ces actes devront commencer par les enseignants<\/em>\", a fait savoir le secr\u00e9taire g\u00e9n\u00e9ral du SEPT.<\/p>\n<div class='share-to-whatsapp-wrapper'><div class='share-on-whsp'>PARTAGER SUR : <\/div><a data-text='AMAR KANE : \"On ne peut pas d\u00e9velopper l'enseignement technique sans les enseignants\"' data-link='https:\/\/www.nettali.com\/2023\/11\/12\/amar-kane-on-ne-peut-pas-developper-lenseignement-technique-sans-les-enseignants\/' class='whatsapp-button whatsapp-share'>WhatsApp<\/a><div class='clear '><\/div><\/div>","protected":false},"excerpt":{"rendered":"<p>NETTALI.COM - Le bureau r\u00e9gional du Syndicat de l'Enseignement Professionnel et Technique (SEPT), section Dakar a tenu son assembl\u00e9e g\u00e9n\u00e9rale ce samedi 11 novembre, au Lyc\u00e9e Seydina Limamoulaye de Gu\u00e9diawaye. Une occasion pour le SEPT de rappeler \u00e0 l'\u00c9tat du S\u00e9n\u00e9gal les sujets cruciaux relatifs \u00e0 l'\u00e9ducation et \u00e0 la formation professionnelle et technique. Lors [&hellip;]<\/p>\n","protected":false},"author":5,"featured_media":121677,"comment_status":"open","ping_status":"open","sticky":false,"template":"","format":"standard","meta":{"_et_pb_use_builder":"","_et_pb_old_content":""},"categories":[3],"tags":[],"yoast_head":"<!-- This site is optimized with the Yoast SEO Premium plugin v17.8 (Yoast SEO v17.8) - https:\/\/yoast.com\/wordpress\/plugins\/seo\/ -->\n<title>AMAR KANE : &quot;On ne peut pas d\u00e9velopper l&#039;enseignement technique sans les enseignants&quot; | Nettali.com<\/title>\n<meta name=\"robots\" content=\"index, follow, max-snippet:-1, max-image-preview:large, max-video-preview:-1\" \/>\n<link rel=\"canonical\" href=\"https:\/\/www.nettali.com\/2023\/11\/12\/amar-kane-on-ne-peut-pas-developper-lenseignement-technique-sans-les-enseignants\/\" \/>\n<meta property=\"og:locale\" content=\"fr_FR\" \/>\n<meta property=\"og:type\" content=\"article\" \/>\n<meta property=\"og:title\" content=\"AMAR KANE : &quot;On ne peut pas d\u00e9velopper l&#039;enseignement technique sans les enseignants&quot;\" \/>\n<meta property=\"og:description\" content=\"NETTALI.COM - Le bureau r\u00e9gional du Syndicat de l&#039;Enseignement Professionnel et Technique (SEPT), section Dakar a tenu son assembl\u00e9e g\u00e9n\u00e9rale ce samedi 11 novembre, au Lyc\u00e9e Seydina Limamoulaye de Gu\u00e9diawaye. Une occasion pour le SEPT de rappeler \u00e0 l&#039;\u00c9tat du S\u00e9n\u00e9gal les sujets cruciaux relatifs \u00e0 l&#039;\u00e9ducation et \u00e0 la formation professionnelle et technique. Lors [&hellip;]\" \/>\n<meta property=\"og:url\" content=\"https:\/\/www.nettali.com\/2023\/11\/12\/amar-kane-on-ne-peut-pas-developper-lenseignement-technique-sans-les-enseignants\/\" \/>\n<meta property=\"og:site_name\" content=\"Nettali.com\" \/>\n<meta property=\"article:publisher\" content=\"https:\/\/www.facebook.com\/nettalicom\" \/>\n<meta property=\"article:published_time\" content=\"2023-11-12T19:26:10+00:00\" \/>\n<meta property=\"article:modified_time\" content=\"2023-11-12T23:52:03+00:00\" \/>\n<meta property=\"og:image\" content=\"https:\/\/www.nettali.com\/wp-content\/uploads\/2023\/11\/62006025-45066448_2.jpg\" \/>\n\t<meta property=\"og:image:width\" content=\"900\" \/>\n\t<meta property=\"og:image:height\" content=\"560\" \/>\n<meta name=\"twitter:card\" content=\"summary_large_image\" \/>\n<meta name=\"twitter:label1\" content=\"\u00c9crit par\" \/>\n\t<meta name=\"twitter:data1\" content=\"Ibrahima\" \/>\n\t<meta name=\"twitter:label2\" content=\"Dur\u00e9e de lecture estim\u00e9e\" \/>\n\t<meta name=\"twitter:data2\" content=\"3 minutes\" \/>\n<script type=\"application\/ld+json\" class=\"yoast-schema-graph\">{\"@context\":\"https:\/\/schema.org\",\"@graph\":[{\"@type\":\"WebSite\",\"@id\":\"https:\/\/www.nettali.com\/#website\",\"url\":\"https:\/\/www.nettali.com\/\",\"name\":\"Nettali.com\",\"description\":\"Le rendez-vous critique du Net\",\"potentialAction\":[{\"@type\":\"SearchAction\",\"target\":{\"@type\":\"EntryPoint\",\"urlTemplate\":\"https:\/\/www.nettali.com\/?s={search_term_string}\"},\"query-input\":\"required name=search_term_string\"}],\"inLanguage\":\"fr-FR\"},{\"@type\":\"ImageObject\",\"@id\":\"https:\/\/www.nettali.com\/2023\/11\/12\/amar-kane-on-ne-peut-pas-developper-lenseignement-technique-sans-les-enseignants\/#primaryimage\",\"inLanguage\":\"fr-FR\",\"url\":\"https:\/\/www.nettali.com\/wp-content\/uploads\/2023\/11\/62006025-45066448_2.jpg\",\"contentUrl\":\"https:\/\/www.nettali.com\/wp-content\/uploads\/2023\/11\/62006025-45066448_2.jpg\",\"width\":900,\"height\":560},{\"@type\":\"WebPage\",\"@id\":\"https:\/\/www.nettali.com\/2023\/11\/12\/amar-kane-on-ne-peut-pas-developper-lenseignement-technique-sans-les-enseignants\/#webpage\",\"url\":\"https:\/\/www.nettali.com\/2023\/11\/12\/amar-kane-on-ne-peut-pas-developper-lenseignement-technique-sans-les-enseignants\/\",\"name\":\"AMAR KANE : \\\"On ne peut pas d\\u00e9velopper l'enseignement technique sans les enseignants\\\" | Nettali.com\",\"isPartOf\":{\"@id\":\"https:\/\/www.nettali.com\/#website\"},\"primaryImageOfPage\":{\"@id\":\"https:\/\/www.nettali.com\/2023\/11\/12\/amar-kane-on-ne-peut-pas-developper-lenseignement-technique-sans-les-enseignants\/#primaryimage\"},\"datePublished\":\"2023-11-12T19:26:10+00:00\",\"dateModified\":\"2023-11-12T23:52:03+00:00\",\"author\":{\"@id\":\"https:\/\/www.nettali.com\/#\/schema\/person\/bb147657c2986240405a608162b9bb23\"},\"breadcrumb\":{\"@id\":\"https:\/\/www.nettali.com\/2023\/11\/12\/amar-kane-on-ne-peut-pas-developper-lenseignement-technique-sans-les-enseignants\/#breadcrumb\"},\"inLanguage\":\"fr-FR\",\"potentialAction\":[{\"@type\":\"ReadAction\",\"target\":[\"https:\/\/www.nettali.com\/2023\/11\/12\/amar-kane-on-ne-peut-pas-developper-lenseignement-technique-sans-les-enseignants\/\"]}]},{\"@type\":\"BreadcrumbList\",\"@id\":\"https:\/\/www.nettali.com\/2023\/11\/12\/amar-kane-on-ne-peut-pas-developper-lenseignement-technique-sans-les-enseignants\/#breadcrumb\",\"itemListElement\":[{\"@type\":\"ListItem\",\"position\":1,\"name\":\"Accueil\",\"item\":\"https:\/\/www.nettali.com\/\"},{\"@type\":\"ListItem\",\"position\":2,\"name\":\"AMAR KANE : \\\"On ne peut pas d\\u00e9velopper l'enseignement technique sans les enseignants\\\"\"}]},{\"@type\":\"Person\",\"@id\":\"https:\/\/www.nettali.com\/#\/schema\/person\/bb147657c2986240405a608162b9bb23\",\"name\":\"Ibrahima\",\"image\":{\"@type\":\"ImageObject\",\"@id\":\"https:\/\/www.nettali.com\/#personlogo\",\"inLanguage\":\"fr-FR\",\"url\":\"https:\/\/secure.gravatar.com\/avatar\/26a8a81f09f0dd7624c9d5c36c9ba3a2?s=96&d=mm&r=g\",\"contentUrl\":\"https:\/\/secure.gravatar.com\/avatar\/26a8a81f09f0dd7624c9d5c36c9ba3a2?s=96&d=mm&r=g\",\"caption\":\"Ibrahima\"},\"sameAs\":[\"https:\/\/www.nettali.com\"]}]}<\/script>\n<!-- \/ Yoast SEO Premium plugin. -->","yoast_head_json":{"title":"AMAR KANE : \"On ne peut pas d\u00e9velopper l'enseignement technique sans les enseignants\" | Nettali.com","robots":{"index":"index","follow":"follow","max-snippet":"max-snippet:-1","max-image-preview":"max-image-preview:large","max-video-preview":"max-video-preview:-1"},"canonical":"https:\/\/www.nettali.com\/2023\/11\/12\/amar-kane-on-ne-peut-pas-developper-lenseignement-technique-sans-les-enseignants\/","og_locale":"fr_FR","og_type":"article","og_title":"AMAR KANE : \"On ne peut pas d\u00e9velopper l'enseignement technique sans les enseignants\"","og_description":"NETTALI.COM - Le bureau r\u00e9gional du Syndicat de l'Enseignement Professionnel et Technique (SEPT), section Dakar a tenu son assembl\u00e9e g\u00e9n\u00e9rale ce samedi 11 novembre, au Lyc\u00e9e Seydina Limamoulaye de Gu\u00e9diawaye. Une occasion pour le SEPT de rappeler \u00e0 l'\u00c9tat du S\u00e9n\u00e9gal les sujets cruciaux relatifs \u00e0 l'\u00e9ducation et \u00e0 la formation professionnelle et technique. Lors [&hellip;]","og_url":"https:\/\/www.nettali.com\/2023\/11\/12\/amar-kane-on-ne-peut-pas-developper-lenseignement-technique-sans-les-enseignants\/","og_site_name":"Nettali.com","article_publisher":"https:\/\/www.facebook.com\/nettalicom","article_published_time":"2023-11-12T19:26:10+00:00","article_modified_time":"2023-11-12T23:52:03+00:00","og_image":[{"width":900,"height":560,"url":"https:\/\/www.nettali.com\/wp-content\/uploads\/2023\/11\/62006025-45066448_2.jpg","type":"image\/jpeg"}],"twitter_card":"summary_large_image","twitter_misc":{"\u00c9crit par":"Ibrahima","Dur\u00e9e de lecture estim\u00e9e":"3 minutes"},"schema":{"@context":"https:\/\/schema.org","@graph":[{"@type":"WebSite","@id":"https:\/\/www.nettali.com\/#website","url":"https:\/\/www.nettali.com\/","name":"Nettali.com","description":"Le rendez-vous critique du Net","potentialAction":[{"@type":"SearchAction","target":{"@type":"EntryPoint","urlTemplate":"https:\/\/www.nettali.com\/?s={search_term_string}"},"query-input":"required name=search_term_string"}],"inLanguage":"fr-FR"},{"@type":"ImageObject","@id":"https:\/\/www.nettali.com\/2023\/11\/12\/amar-kane-on-ne-peut-pas-developper-lenseignement-technique-sans-les-enseignants\/#primaryimage","inLanguage":"fr-FR","url":"https:\/\/www.nettali.com\/wp-content\/uploads\/2023\/11\/62006025-45066448_2.jpg","contentUrl":"https:\/\/www.nettali.com\/wp-content\/uploads\/2023\/11\/62006025-45066448_2.jpg","width":900,"height":560},{"@type":"WebPage","@id":"https:\/\/www.nettali.com\/2023\/11\/12\/amar-kane-on-ne-peut-pas-developper-lenseignement-technique-sans-les-enseignants\/#webpage","url":"https:\/\/www.nettali.com\/2023\/11\/12\/amar-kane-on-ne-peut-pas-developper-lenseignement-technique-sans-les-enseignants\/","name":"AMAR KANE : \"On ne peut pas d\u00e9velopper l'enseignement technique sans les enseignants\" | Nettali.com","isPartOf":{"@id":"https:\/\/www.nettali.com\/#website"},"primaryImageOfPage":{"@id":"https:\/\/www.nettali.com\/2023\/11\/12\/amar-kane-on-ne-peut-pas-developper-lenseignement-technique-sans-les-enseignants\/#primaryimage"},"datePublished":"2023-11-12T19:26:10+00:00","dateModified":"2023-11-12T23:52:03+00:00","author":{"@id":"https:\/\/www.nettali.com\/#\/schema\/person\/bb147657c2986240405a608162b9bb23"},"breadcrumb":{"@id":"https:\/\/www.nettali.com\/2023\/11\/12\/amar-kane-on-ne-peut-pas-developper-lenseignement-technique-sans-les-enseignants\/#breadcrumb"},"inLanguage":"fr-FR","potentialAction":[{"@type":"ReadAction","target":["https:\/\/www.nettali.com\/2023\/11\/12\/amar-kane-on-ne-peut-pas-developper-lenseignement-technique-sans-les-enseignants\/"]}]},{"@type":"BreadcrumbList","@id":"https:\/\/www.nettali.com\/2023\/11\/12\/amar-kane-on-ne-peut-pas-developper-lenseignement-technique-sans-les-enseignants\/#breadcrumb","itemListElement":[{"@type":"ListItem","position":1,"name":"Accueil","item":"https:\/\/www.nettali.com\/"},{"@type":"ListItem","position":2,"name":"AMAR KANE : \"On ne peut pas d\u00e9velopper l'enseignement technique sans les enseignants\""}]},{"@type":"Person","@id":"https:\/\/www.nettali.com\/#\/schema\/person\/bb147657c2986240405a608162b9bb23","name":"Ibrahima","image":{"@type":"ImageObject","@id":"https:\/\/www.nettali.com\/#personlogo","inLanguage":"fr-FR","url":"https:\/\/secure.gravatar.com\/avatar\/26a8a81f09f0dd7624c9d5c36c9ba3a2?s=96&d=mm&r=g","contentUrl":"https:\/\/secure.gravatar.com\/avatar\/26a8a81f09f0dd7624c9d5c36c9ba3a2?s=96&d=mm&r=g","caption":"Ibrahima"},"sameAs":["https:\/\/www.nettali.com"]}]}},"_links":{"self":[{"href":"https:\/\/www.nettali.com\/rest\/wp\/v2\/posts\/121676"}],"collection":[{"href":"https:\/\/www.nettali.com\/rest\/wp\/v2\/posts"}],"about":[{"href":"https:\/\/www.nettali.com\/rest\/wp\/v2\/types\/post"}],"author":[{"embeddable":true,"href":"https:\/\/www.nettali.com\/rest\/wp\/v2\/users\/5"}],"replies":[{"embeddable":true,"href":"https:\/\/www.nettali.com\/rest\/wp\/v2\/comments?post=121676"}],"version-history":[{"count":3,"href":"https:\/\/www.nettali.com\/rest\/wp\/v2\/posts\/121676\/revisions"}],"predecessor-version":[{"id":121703,"href":"https:\/\/www.nettali.com\/rest\/wp\/v2\/posts\/121676\/revisions\/121703"}],"wp:featuredmedia":[{"embeddable":true,"href":"https:\/\/www.nettali.com\/rest\/wp\/v2\/media\/121677"}],"wp:attachment":[{"href":"https:\/\/www.nettali.com\/rest\/wp\/v2\/media?parent=121676"}],"wp:term":[{"taxonomy":"category","embeddable":true,"href":"https:\/\/www.nettali.com\/rest\/wp\/v2\/categories?post=121676"},{"taxonomy":"post_tag","embeddable":true,"href":"https:\/\/www.nettali.com\/rest\/wp\/v2\/tags?post=121676"}],"curies":[{"name":"wp","href":"https:\/\/api.w.org\/{rel}","templated":true}]}}