{"id":121462,"date":"2023-11-08T16:41:34","date_gmt":"2023-11-08T16:41:34","guid":{"rendered":"https:\/\/www.nettali.com\/?p=121462"},"modified":"2023-11-08T16:41:34","modified_gmt":"2023-11-08T16:41:34","slug":"cour-supreme-les-avocats-de-sonko-recusent-un-juge","status":"publish","type":"post","link":"https:\/\/www.nettali.com\/2023\/11\/08\/cour-supreme-les-avocats-de-sonko-recusent-un-juge\/","title":{"rendered":"COUR SUPR\u00caME \u2013 Les avocats de Sonko r\u00e9cusent un juge"},"content":{"rendered":"<p><strong>NETTALI.COM - La Cour supr\u00eame devra se pencher, le 17 novembre, sur le recours de l\u2019Agent judiciaire de l\u2019\u00c9tat (AJE) contestant l\u2019ordonnance du tribunal de Ziguinchor favorable \u00e0 la r\u00e9int\u00e9gration de Ousmane Sonko sur les listes \u00e9lectorales. Mais les avocats d\u2019Ousmane Sonko ne sont pas d\u2019accord avec la composition qui devra statuer sur l\u2019affaire. Aussi ont-ils d\u00e9cid\u00e9 de r\u00e9cuser l\u2019un des juges.<\/strong><\/p>\n<p>L\u2019audience de la Cour supr\u00eame devant statuer sur le recours de l\u2019Agent judiciaire de l\u2019Etat est pr\u00e9vue le 17 novembre prochain. Elle sera pr\u00e9sid\u00e9e par le pr\u00e9sident de la haute juridiction, Aly Cir\u00e9 Ba. Ce dernier sera assist\u00e9 d\u2019Abdoulaye Ndiaye, A\u00efssatou Diallo, Fatou Faye et Ibrahima Samb.<\/p>\n<p>Mais cet attelage n'est pas du go\u00fbt des avocats du pr\u00e9sident de Pastef. Ces derniers contestent la pr\u00e9sence de l\u2019un de ses membres. Il s\u2019agit de Abdoulaye Ndiaye. Les conseils du chef de file des Patriotes ont ainsi introduit une demande de r\u00e9cusation de ce magistrat, doutant de son \u00abimpartialit\u00e9 objective\u00bb.<\/p>\n<p>On se rappelle que pr\u00e9sident la premi\u00e8re chambre de la Cour supr\u00eame, Abdoulaye Ndiaye avait r\u00e9cemment d\u00e9bout\u00e9 le camp de Sonko qui avait demand\u00e9 \u00e0 la Haute juridiction d\u2019ordonner \u00e0 la Direction g\u00e9n\u00e9rale des \u00e9lections (DGE) de remettre des fiches de parrainages au mandataire du leader de Pastef, Ayip Daff\u00e9.<\/p>\n<p>Selon Me Cir\u00e9 Cl\u00e9dor Ly et Cie, le magistrat en question \u00abne peut pas se d\u00e9juger puisqu\u2019il a d\u00e9j\u00e0 donn\u00e9 son point de vue en ordonnant le rejet dans l\u2019autre affaire\u00bb. Les conseils du maire de Ziguinchor veulent qu\u2019Abdoulaye Ndiaye soit ainsi remplac\u00e9 par le pr\u00e9sident Kor S\u00e8ne.<\/p>\n<p>&nbsp;<\/p>\n<div class='share-to-whatsapp-wrapper'><div class='share-on-whsp'>PARTAGER SUR : <\/div><a data-text='COUR SUPR\u00caME \u2013 Les avocats de Sonko r\u00e9cusent un juge' data-link='https:\/\/www.nettali.com\/2023\/11\/08\/cour-supreme-les-avocats-de-sonko-recusent-un-juge\/' class='whatsapp-button whatsapp-share'>WhatsApp<\/a><div class='clear '><\/div><\/div>","protected":false},"excerpt":{"rendered":"<p>NETTALI.COM - La Cour supr\u00eame devra se pencher, le 17 novembre, sur le recours de l\u2019Agent judiciaire de l\u2019\u00c9tat (AJE) contestant l\u2019ordonnance du tribunal de Ziguinchor favorable \u00e0 la r\u00e9int\u00e9gration de Ousmane Sonko sur les listes \u00e9lectorales. Mais les avocats d\u2019Ousmane Sonko ne sont pas d\u2019accord avec la composition qui devra statuer sur l\u2019affaire. Aussi [&hellip;]<\/p>\n","protected":false},"author":4,"featured_media":47891,"comment_status":"open","ping_status":"open","sticky":false,"template":"","format":"standard","meta":{"_et_pb_use_builder":"","_et_pb_old_content":""},"categories":[2],"tags":[],"yoast_head":"<!-- This site is optimized with the Yoast SEO Premium plugin v17.8 (Yoast SEO v17.8) - https:\/\/yoast.com\/wordpress\/plugins\/seo\/ -->\n<title>COUR SUPR\u00caME \u2013 Les avocats de Sonko r\u00e9cusent un juge | Nettali.com<\/title>\n<meta name=\"robots\" content=\"index, follow, max-snippet:-1, max-image-preview:large, max-video-preview:-1\" \/>\n<link rel=\"canonical\" href=\"https:\/\/www.nettali.com\/2023\/11\/08\/cour-supreme-les-avocats-de-sonko-recusent-un-juge\/\" \/>\n<meta property=\"og:locale\" content=\"fr_FR\" \/>\n<meta property=\"og:type\" content=\"article\" \/>\n<meta property=\"og:title\" content=\"COUR SUPR\u00caME \u2013 Les avocats de Sonko r\u00e9cusent un juge\" \/>\n<meta property=\"og:description\" content=\"NETTALI.COM - La Cour supr\u00eame devra se pencher, le 17 novembre, sur le recours de l\u2019Agent judiciaire de l\u2019\u00c9tat (AJE) contestant l\u2019ordonnance du tribunal de Ziguinchor favorable \u00e0 la r\u00e9int\u00e9gration de Ousmane Sonko sur les listes \u00e9lectorales. Mais les avocats d\u2019Ousmane Sonko ne sont pas d\u2019accord avec la composition qui devra statuer sur l\u2019affaire. Aussi [&hellip;]\" \/>\n<meta property=\"og:url\" content=\"https:\/\/www.nettali.com\/2023\/11\/08\/cour-supreme-les-avocats-de-sonko-recusent-un-juge\/\" \/>\n<meta property=\"og:site_name\" content=\"Nettali.com\" \/>\n<meta property=\"article:publisher\" content=\"https:\/\/www.facebook.com\/nettalicom\" \/>\n<meta property=\"article:published_time\" content=\"2023-11-08T16:41:34+00:00\" \/>\n<meta property=\"og:image\" content=\"https:\/\/www.nettali.com\/wp-content\/uploads\/2020\/10\/COUR-SUPREME-DAKAR.jpg\" \/>\n\t<meta property=\"og:image:width\" content=\"650\" \/>\n\t<meta property=\"og:image:height\" content=\"433\" \/>\n<meta name=\"twitter:card\" content=\"summary_large_image\" \/>\n<meta name=\"twitter:label1\" content=\"\u00c9crit par\" \/>\n\t<meta name=\"twitter:data1\" content=\"Daouda\" \/>\n\t<meta name=\"twitter:label2\" content=\"Dur\u00e9e de lecture estim\u00e9e\" \/>\n\t<meta name=\"twitter:data2\" content=\"2 minutes\" \/>\n<script type=\"application\/ld+json\" class=\"yoast-schema-graph\">{\"@context\":\"https:\/\/schema.org\",\"@graph\":[{\"@type\":\"WebSite\",\"@id\":\"https:\/\/www.nettali.com\/#website\",\"url\":\"https:\/\/www.nettali.com\/\",\"name\":\"Nettali.com\",\"description\":\"Le rendez-vous critique du Net\",\"potentialAction\":[{\"@type\":\"SearchAction\",\"target\":{\"@type\":\"EntryPoint\",\"urlTemplate\":\"https:\/\/www.nettali.com\/?s={search_term_string}\"},\"query-input\":\"required name=search_term_string\"}],\"inLanguage\":\"fr-FR\"},{\"@type\":\"ImageObject\",\"@id\":\"https:\/\/www.nettali.com\/2023\/11\/08\/cour-supreme-les-avocats-de-sonko-recusent-un-juge\/#primaryimage\",\"inLanguage\":\"fr-FR\",\"url\":\"https:\/\/www.nettali.com\/wp-content\/uploads\/2020\/10\/COUR-SUPREME-DAKAR.jpg\",\"contentUrl\":\"https:\/\/www.nettali.com\/wp-content\/uploads\/2020\/10\/COUR-SUPREME-DAKAR.jpg\",\"width\":650,\"height\":433},{\"@type\":\"WebPage\",\"@id\":\"https:\/\/www.nettali.com\/2023\/11\/08\/cour-supreme-les-avocats-de-sonko-recusent-un-juge\/#webpage\",\"url\":\"https:\/\/www.nettali.com\/2023\/11\/08\/cour-supreme-les-avocats-de-sonko-recusent-un-juge\/\",\"name\":\"COUR SUPR\\u00caME \\u2013 Les avocats de Sonko r\\u00e9cusent un juge | Nettali.com\",\"isPartOf\":{\"@id\":\"https:\/\/www.nettali.com\/#website\"},\"primaryImageOfPage\":{\"@id\":\"https:\/\/www.nettali.com\/2023\/11\/08\/cour-supreme-les-avocats-de-sonko-recusent-un-juge\/#primaryimage\"},\"datePublished\":\"2023-11-08T16:41:34+00:00\",\"dateModified\":\"2023-11-08T16:41:34+00:00\",\"author\":{\"@id\":\"https:\/\/www.nettali.com\/#\/schema\/person\/3317e0bb3aa1da309fbf7b2780901bf4\"},\"breadcrumb\":{\"@id\":\"https:\/\/www.nettali.com\/2023\/11\/08\/cour-supreme-les-avocats-de-sonko-recusent-un-juge\/#breadcrumb\"},\"inLanguage\":\"fr-FR\",\"potentialAction\":[{\"@type\":\"ReadAction\",\"target\":[\"https:\/\/www.nettali.com\/2023\/11\/08\/cour-supreme-les-avocats-de-sonko-recusent-un-juge\/\"]}]},{\"@type\":\"BreadcrumbList\",\"@id\":\"https:\/\/www.nettali.com\/2023\/11\/08\/cour-supreme-les-avocats-de-sonko-recusent-un-juge\/#breadcrumb\",\"itemListElement\":[{\"@type\":\"ListItem\",\"position\":1,\"name\":\"Accueil\",\"item\":\"https:\/\/www.nettali.com\/\"},{\"@type\":\"ListItem\",\"position\":2,\"name\":\"COUR SUPR\\u00caME \\u2013 Les avocats de Sonko r\\u00e9cusent un juge\"}]},{\"@type\":\"Person\",\"@id\":\"https:\/\/www.nettali.com\/#\/schema\/person\/3317e0bb3aa1da309fbf7b2780901bf4\",\"name\":\"Daouda\",\"image\":{\"@type\":\"ImageObject\",\"@id\":\"https:\/\/www.nettali.com\/#personlogo\",\"inLanguage\":\"fr-FR\",\"url\":\"https:\/\/secure.gravatar.com\/avatar\/8d143b5a49345098ddcfee1c49c2f47c?s=96&d=mm&r=g\",\"contentUrl\":\"https:\/\/secure.gravatar.com\/avatar\/8d143b5a49345098ddcfee1c49c2f47c?s=96&d=mm&r=g\",\"caption\":\"Daouda\"},\"sameAs\":[\"https:\/\/www.nettali.com\"]}]}<\/script>\n<!-- \/ Yoast SEO Premium plugin. -->","yoast_head_json":{"title":"COUR SUPR\u00caME \u2013 Les avocats de Sonko r\u00e9cusent un juge | Nettali.com","robots":{"index":"index","follow":"follow","max-snippet":"max-snippet:-1","max-image-preview":"max-image-preview:large","max-video-preview":"max-video-preview:-1"},"canonical":"https:\/\/www.nettali.com\/2023\/11\/08\/cour-supreme-les-avocats-de-sonko-recusent-un-juge\/","og_locale":"fr_FR","og_type":"article","og_title":"COUR SUPR\u00caME \u2013 Les avocats de Sonko r\u00e9cusent un juge","og_description":"NETTALI.COM - La Cour supr\u00eame devra se pencher, le 17 novembre, sur le recours de l\u2019Agent judiciaire de l\u2019\u00c9tat (AJE) contestant l\u2019ordonnance du tribunal de Ziguinchor favorable \u00e0 la r\u00e9int\u00e9gration de Ousmane Sonko sur les listes \u00e9lectorales. Mais les avocats d\u2019Ousmane Sonko ne sont pas d\u2019accord avec la composition qui devra statuer sur l\u2019affaire. Aussi [&hellip;]","og_url":"https:\/\/www.nettali.com\/2023\/11\/08\/cour-supreme-les-avocats-de-sonko-recusent-un-juge\/","og_site_name":"Nettali.com","article_publisher":"https:\/\/www.facebook.com\/nettalicom","article_published_time":"2023-11-08T16:41:34+00:00","og_image":[{"width":650,"height":433,"url":"https:\/\/www.nettali.com\/wp-content\/uploads\/2020\/10\/COUR-SUPREME-DAKAR.jpg","type":"image\/jpeg"}],"twitter_card":"summary_large_image","twitter_misc":{"\u00c9crit par":"Daouda","Dur\u00e9e de lecture estim\u00e9e":"2 minutes"},"schema":{"@context":"https:\/\/schema.org","@graph":[{"@type":"WebSite","@id":"https:\/\/www.nettali.com\/#website","url":"https:\/\/www.nettali.com\/","name":"Nettali.com","description":"Le rendez-vous critique du Net","potentialAction":[{"@type":"SearchAction","target":{"@type":"EntryPoint","urlTemplate":"https:\/\/www.nettali.com\/?s={search_term_string}"},"query-input":"required name=search_term_string"}],"inLanguage":"fr-FR"},{"@type":"ImageObject","@id":"https:\/\/www.nettali.com\/2023\/11\/08\/cour-supreme-les-avocats-de-sonko-recusent-un-juge\/#primaryimage","inLanguage":"fr-FR","url":"https:\/\/www.nettali.com\/wp-content\/uploads\/2020\/10\/COUR-SUPREME-DAKAR.jpg","contentUrl":"https:\/\/www.nettali.com\/wp-content\/uploads\/2020\/10\/COUR-SUPREME-DAKAR.jpg","width":650,"height":433},{"@type":"WebPage","@id":"https:\/\/www.nettali.com\/2023\/11\/08\/cour-supreme-les-avocats-de-sonko-recusent-un-juge\/#webpage","url":"https:\/\/www.nettali.com\/2023\/11\/08\/cour-supreme-les-avocats-de-sonko-recusent-un-juge\/","name":"COUR SUPR\u00caME \u2013 Les avocats de Sonko r\u00e9cusent un juge | Nettali.com","isPartOf":{"@id":"https:\/\/www.nettali.com\/#website"},"primaryImageOfPage":{"@id":"https:\/\/www.nettali.com\/2023\/11\/08\/cour-supreme-les-avocats-de-sonko-recusent-un-juge\/#primaryimage"},"datePublished":"2023-11-08T16:41:34+00:00","dateModified":"2023-11-08T16:41:34+00:00","author":{"@id":"https:\/\/www.nettali.com\/#\/schema\/person\/3317e0bb3aa1da309fbf7b2780901bf4"},"breadcrumb":{"@id":"https:\/\/www.nettali.com\/2023\/11\/08\/cour-supreme-les-avocats-de-sonko-recusent-un-juge\/#breadcrumb"},"inLanguage":"fr-FR","potentialAction":[{"@type":"ReadAction","target":["https:\/\/www.nettali.com\/2023\/11\/08\/cour-supreme-les-avocats-de-sonko-recusent-un-juge\/"]}]},{"@type":"BreadcrumbList","@id":"https:\/\/www.nettali.com\/2023\/11\/08\/cour-supreme-les-avocats-de-sonko-recusent-un-juge\/#breadcrumb","itemListElement":[{"@type":"ListItem","position":1,"name":"Accueil","item":"https:\/\/www.nettali.com\/"},{"@type":"ListItem","position":2,"name":"COUR SUPR\u00caME \u2013 Les avocats de Sonko r\u00e9cusent un juge"}]},{"@type":"Person","@id":"https:\/\/www.nettali.com\/#\/schema\/person\/3317e0bb3aa1da309fbf7b2780901bf4","name":"Daouda","image":{"@type":"ImageObject","@id":"https:\/\/www.nettali.com\/#personlogo","inLanguage":"fr-FR","url":"https:\/\/secure.gravatar.com\/avatar\/8d143b5a49345098ddcfee1c49c2f47c?s=96&d=mm&r=g","contentUrl":"https:\/\/secure.gravatar.com\/avatar\/8d143b5a49345098ddcfee1c49c2f47c?s=96&d=mm&r=g","caption":"Daouda"},"sameAs":["https:\/\/www.nettali.com"]}]}},"_links":{"self":[{"href":"https:\/\/www.nettali.com\/rest\/wp\/v2\/posts\/121462"}],"collection":[{"href":"https:\/\/www.nettali.com\/rest\/wp\/v2\/posts"}],"about":[{"href":"https:\/\/www.nettali.com\/rest\/wp\/v2\/types\/post"}],"author":[{"embeddable":true,"href":"https:\/\/www.nettali.com\/rest\/wp\/v2\/users\/4"}],"replies":[{"embeddable":true,"href":"https:\/\/www.nettali.com\/rest\/wp\/v2\/comments?post=121462"}],"version-history":[{"count":1,"href":"https:\/\/www.nettali.com\/rest\/wp\/v2\/posts\/121462\/revisions"}],"predecessor-version":[{"id":121463,"href":"https:\/\/www.nettali.com\/rest\/wp\/v2\/posts\/121462\/revisions\/121463"}],"wp:featuredmedia":[{"embeddable":true,"href":"https:\/\/www.nettali.com\/rest\/wp\/v2\/media\/47891"}],"wp:attachment":[{"href":"https:\/\/www.nettali.com\/rest\/wp\/v2\/media?parent=121462"}],"wp:term":[{"taxonomy":"category","embeddable":true,"href":"https:\/\/www.nettali.com\/rest\/wp\/v2\/categories?post=121462"},{"taxonomy":"post_tag","embeddable":true,"href":"https:\/\/www.nettali.com\/rest\/wp\/v2\/tags?post=121462"}],"curies":[{"name":"wp","href":"https:\/\/api.w.org\/{rel}","templated":true}]}}