{"id":121397,"date":"2023-11-07T15:54:44","date_gmt":"2023-11-07T15:54:44","guid":{"rendered":"https:\/\/www.nettali.com\/?p=121397"},"modified":"2023-11-07T15:54:44","modified_gmt":"2023-11-07T15:54:44","slug":"journee-nationale-des-forces-armees-macky-sall-fait-ses-adieux-aux-militaires","status":"publish","type":"post","link":"https:\/\/www.nettali.com\/2023\/11\/07\/journee-nationale-des-forces-armees-macky-sall-fait-ses-adieux-aux-militaires\/","title":{"rendered":"JOURN\u00c9E NATIONALE DES FORCES ARM\u00c9ES- Macky Sall fait ses adieux aux militaires"},"content":{"rendered":"<p><strong>NETTALI.COM- Le chef de l\u2019\u00c9tat a pr\u00e9sid\u00e9 ce matin la journ\u00e9e des forces arm\u00e9es, c\u00e9l\u00e9br\u00e9e ce mardi 07 octobre 2023 au quartier Dial Diop. Macky Sall a ainsi confirm\u00e9 aux militaires que l'\u00e9dition de l\u2019ann\u00e9e prochaine sera pr\u00e9sid\u00e9e par son successeur. Par ailleurs, il a relev\u00e9 que le budget de la d\u00e9fense a connu une hausse de 250% entre 2012 \u00e0 2023.<\/strong><\/p>\n<p>La journ\u00e9e des forces arm\u00e9es est c\u00e9l\u00e9br\u00e9e ce mardi 07 octobre 2023 au quartier Dial Diop. Le chef supr\u00eame de l\u2019arm\u00e9e, qui a pr\u00e9sid\u00e9 la c\u00e9r\u00e9monie, a fait ses au-revoirs aux militaires. Le Pr\u00e9sident a annonc\u00e9 que l\u2019\u00e9dition de l\u2019ann\u00e9e prochaine sera pr\u00e9sid\u00e9e par son successeur \u00e0 la t\u00eate de l\u2019\u00c9tat. Non sans f\u00e9liciter les arm\u00e9es tout en les remerciant pour le service rendu. \u00ab <em>En tant que chef supr\u00eame des arm\u00e9es, j\u2019ai partag\u00e9 avec vous pendant plus d\u2019une d\u00e9cennie ma vision et ma passion de servir notre pays. Je voudrais en cet instants solennelle vous redire\u00a0 ma confiance et ma satisfaction, vous remercier et vous f\u00e9liciter vivement pour le travail que nous avons accompli ensemble. L\u2019ann\u00e9e prochaine, s\u2019il pla\u00eet \u00e0 Dieu, mon successeur sera l\u00e0 devant vous assurant la continuit\u00e9 de l\u2019\u00c9tat de la nation et de la R\u00e9publique. Je vous remercie par notre devise, on nous tue mais on ne nous d\u00e9shonore pas<\/em> \u00bb, a lanc\u00e9 Macky \u00e0 l\u2019endroit des militaires.<\/p>\n<p>Par ailleurs, le chef de l\u2019\u00c9tat a r\u00e9v\u00e9l\u00e9 que le budget de la d\u00e9fense a connu une hausse de 250% depuis 2012. Non sans annoncer que les effectifs vont augmenter de plus de 60%. Il a soulign\u00e9 \u00e9galement que le programme de modernisation et de rel\u00e8vement des capacit\u00e9s va se poursuivre. \u00ab <em>Les chiffres parlent d\u2019eux-m\u00eames. Notre budget de d\u00e9fense a connu une hausse sans pr\u00e9c\u00e9dent de 250% entre 2012 et 2023. Ce qui nous a permis de renforcer consid\u00e9rablement les moyens op\u00e9rationnels de nos forces de d\u00e9fenses et de s\u00e9curit\u00e9 dans leur composante terrestre, maritime et a\u00e9rienne. Quant aux effectifs, ils vont augmenter de plus de 60% offrant ainsi un maillage complet du territoire national. Dans la m\u00eame dynamique, nous avons un centre de haute \u00e9tude de d\u00e9fense, un institut de d\u00e9fense et plusieurs \u00e9coles de formation et d\u2019application pour doter nos forces arm\u00e9es des meilleures comp\u00e9tences en ressources humaines. En soutien au moral de la de troupe et de la condition militaire, d\u2019importantes mesures ont permis d\u2019am\u00e9liorer le traitement salarial des militaires et des conditions de vie y compris les bless\u00e9s de guerre. Les logements de nos forces de d\u00e9fenses et de s\u00e9curit\u00e9 me tiennent \u00e9galement \u00e0 c\u0153ur<\/em> \u00bb, a d\u00e9clar\u00e9 son excellence.<\/p>\n<p>Il poursuit : \u00ab <em>Je me r\u00e9jouis des efforts consid\u00e9rables que nous avons d\u00e9ploy\u00e9s dans ce sens avec des projets d\u00e9j\u00e0 achev\u00e9s ou en cours \u00e0 Dakar \u00e0 Tivaouane peulh, Bignona et Saraya, entres autres sites. Cette mont\u00e9e en puissance tous azimuts de nos forces arm\u00e9es traduit ma conviction que le premier investissement d\u2019un pays consiste \u00e0 assurer la paix, la s\u00e9curit\u00e9 et la stabilit\u00e9 sans lequel rien n'est possible \u00bb.<\/em><\/p>\n<div class='share-to-whatsapp-wrapper'><div class='share-on-whsp'>PARTAGER SUR : <\/div><a data-text='JOURN\u00c9E NATIONALE DES FORCES ARM\u00c9ES- Macky Sall fait ses adieux aux militaires' data-link='https:\/\/www.nettali.com\/2023\/11\/07\/journee-nationale-des-forces-armees-macky-sall-fait-ses-adieux-aux-militaires\/' class='whatsapp-button whatsapp-share'>WhatsApp<\/a><div class='clear '><\/div><\/div>","protected":false},"excerpt":{"rendered":"<p>NETTALI.COM- Le chef de l\u2019\u00c9tat a pr\u00e9sid\u00e9 ce matin la journ\u00e9e des forces arm\u00e9es, c\u00e9l\u00e9br\u00e9e ce mardi 07 octobre 2023 au quartier Dial Diop. Macky Sall a ainsi confirm\u00e9 aux militaires que l'\u00e9dition de l\u2019ann\u00e9e prochaine sera pr\u00e9sid\u00e9e par son successeur. Par ailleurs, il a relev\u00e9 que le budget de la d\u00e9fense a connu une [&hellip;]<\/p>\n","protected":false},"author":6,"featured_media":121403,"comment_status":"open","ping_status":"open","sticky":false,"template":"","format":"standard","meta":{"_et_pb_use_builder":"","_et_pb_old_content":""},"categories":[3],"tags":[],"yoast_head":"<!-- This site is optimized with the Yoast SEO Premium plugin v17.8 (Yoast SEO v17.8) - https:\/\/yoast.com\/wordpress\/plugins\/seo\/ -->\n<title>JOURN\u00c9E NATIONALE DES FORCES ARM\u00c9ES- Macky Sall fait ses adieux aux militaires | Nettali.com<\/title>\n<meta name=\"robots\" content=\"index, follow, max-snippet:-1, max-image-preview:large, max-video-preview:-1\" \/>\n<link rel=\"canonical\" href=\"https:\/\/www.nettali.com\/2023\/11\/07\/journee-nationale-des-forces-armees-macky-sall-fait-ses-adieux-aux-militaires\/\" \/>\n<meta property=\"og:locale\" content=\"fr_FR\" \/>\n<meta property=\"og:type\" content=\"article\" \/>\n<meta property=\"og:title\" content=\"JOURN\u00c9E NATIONALE DES FORCES ARM\u00c9ES- Macky Sall fait ses adieux aux militaires\" \/>\n<meta property=\"og:description\" content=\"NETTALI.COM- Le chef de l\u2019\u00c9tat a pr\u00e9sid\u00e9 ce matin la journ\u00e9e des forces arm\u00e9es, c\u00e9l\u00e9br\u00e9e ce mardi 07 octobre 2023 au quartier Dial Diop. Macky Sall a ainsi confirm\u00e9 aux militaires que l&#039;\u00e9dition de l\u2019ann\u00e9e prochaine sera pr\u00e9sid\u00e9e par son successeur. Par ailleurs, il a relev\u00e9 que le budget de la d\u00e9fense a connu une [&hellip;]\" \/>\n<meta property=\"og:url\" content=\"https:\/\/www.nettali.com\/2023\/11\/07\/journee-nationale-des-forces-armees-macky-sall-fait-ses-adieux-aux-militaires\/\" \/>\n<meta property=\"og:site_name\" content=\"Nettali.com\" \/>\n<meta property=\"article:publisher\" content=\"https:\/\/www.facebook.com\/nettalicom\" \/>\n<meta property=\"article:published_time\" content=\"2023-11-07T15:54:44+00:00\" \/>\n<meta property=\"og:image\" content=\"https:\/\/www.nettali.com\/wp-content\/uploads\/2023\/11\/Capture-de\u0301cran-2023-11-07-a\u0300-15.54.07.png\" \/>\n\t<meta property=\"og:image:width\" content=\"684\" \/>\n\t<meta property=\"og:image:height\" content=\"411\" \/>\n<meta name=\"twitter:card\" content=\"summary_large_image\" \/>\n<meta name=\"twitter:label1\" content=\"\u00c9crit par\" \/>\n\t<meta name=\"twitter:data1\" content=\"Fatou\" \/>\n\t<meta name=\"twitter:label2\" content=\"Dur\u00e9e de lecture estim\u00e9e\" \/>\n\t<meta name=\"twitter:data2\" content=\"3 minutes\" \/>\n<script type=\"application\/ld+json\" class=\"yoast-schema-graph\">{\"@context\":\"https:\/\/schema.org\",\"@graph\":[{\"@type\":\"WebSite\",\"@id\":\"https:\/\/www.nettali.com\/#website\",\"url\":\"https:\/\/www.nettali.com\/\",\"name\":\"Nettali.com\",\"description\":\"Le rendez-vous critique du Net\",\"potentialAction\":[{\"@type\":\"SearchAction\",\"target\":{\"@type\":\"EntryPoint\",\"urlTemplate\":\"https:\/\/www.nettali.com\/?s={search_term_string}\"},\"query-input\":\"required name=search_term_string\"}],\"inLanguage\":\"fr-FR\"},{\"@type\":\"ImageObject\",\"@id\":\"https:\/\/www.nettali.com\/2023\/11\/07\/journee-nationale-des-forces-armees-macky-sall-fait-ses-adieux-aux-militaires\/#primaryimage\",\"inLanguage\":\"fr-FR\",\"url\":\"https:\/\/www.nettali.com\/wp-content\/uploads\/2023\/11\/Capture-de\\u0301cran-2023-11-07-a\\u0300-15.54.07.png\",\"contentUrl\":\"https:\/\/www.nettali.com\/wp-content\/uploads\/2023\/11\/Capture-de\\u0301cran-2023-11-07-a\\u0300-15.54.07.png\",\"width\":684,\"height\":411},{\"@type\":\"WebPage\",\"@id\":\"https:\/\/www.nettali.com\/2023\/11\/07\/journee-nationale-des-forces-armees-macky-sall-fait-ses-adieux-aux-militaires\/#webpage\",\"url\":\"https:\/\/www.nettali.com\/2023\/11\/07\/journee-nationale-des-forces-armees-macky-sall-fait-ses-adieux-aux-militaires\/\",\"name\":\"JOURN\\u00c9E NATIONALE DES FORCES ARM\\u00c9ES- Macky Sall fait ses adieux aux militaires | Nettali.com\",\"isPartOf\":{\"@id\":\"https:\/\/www.nettali.com\/#website\"},\"primaryImageOfPage\":{\"@id\":\"https:\/\/www.nettali.com\/2023\/11\/07\/journee-nationale-des-forces-armees-macky-sall-fait-ses-adieux-aux-militaires\/#primaryimage\"},\"datePublished\":\"2023-11-07T15:54:44+00:00\",\"dateModified\":\"2023-11-07T15:54:44+00:00\",\"author\":{\"@id\":\"https:\/\/www.nettali.com\/#\/schema\/person\/418274a86bdf87caff7a3ef476bd0bbf\"},\"breadcrumb\":{\"@id\":\"https:\/\/www.nettali.com\/2023\/11\/07\/journee-nationale-des-forces-armees-macky-sall-fait-ses-adieux-aux-militaires\/#breadcrumb\"},\"inLanguage\":\"fr-FR\",\"potentialAction\":[{\"@type\":\"ReadAction\",\"target\":[\"https:\/\/www.nettali.com\/2023\/11\/07\/journee-nationale-des-forces-armees-macky-sall-fait-ses-adieux-aux-militaires\/\"]}]},{\"@type\":\"BreadcrumbList\",\"@id\":\"https:\/\/www.nettali.com\/2023\/11\/07\/journee-nationale-des-forces-armees-macky-sall-fait-ses-adieux-aux-militaires\/#breadcrumb\",\"itemListElement\":[{\"@type\":\"ListItem\",\"position\":1,\"name\":\"Accueil\",\"item\":\"https:\/\/www.nettali.com\/\"},{\"@type\":\"ListItem\",\"position\":2,\"name\":\"JOURN\\u00c9E NATIONALE DES FORCES ARM\\u00c9ES- Macky Sall fait ses adieux aux militaires\"}]},{\"@type\":\"Person\",\"@id\":\"https:\/\/www.nettali.com\/#\/schema\/person\/418274a86bdf87caff7a3ef476bd0bbf\",\"name\":\"Fatou\",\"image\":{\"@type\":\"ImageObject\",\"@id\":\"https:\/\/www.nettali.com\/#personlogo\",\"inLanguage\":\"fr-FR\",\"url\":\"https:\/\/secure.gravatar.com\/avatar\/5a9442a2bee7b4dcf167cab035858e9a?s=96&d=mm&r=g\",\"contentUrl\":\"https:\/\/secure.gravatar.com\/avatar\/5a9442a2bee7b4dcf167cab035858e9a?s=96&d=mm&r=g\",\"caption\":\"Fatou\"},\"sameAs\":[\"https:\/\/www.nettali.com\"]}]}<\/script>\n<!-- \/ Yoast SEO Premium plugin. -->","yoast_head_json":{"title":"JOURN\u00c9E NATIONALE DES FORCES ARM\u00c9ES- Macky Sall fait ses adieux aux militaires | Nettali.com","robots":{"index":"index","follow":"follow","max-snippet":"max-snippet:-1","max-image-preview":"max-image-preview:large","max-video-preview":"max-video-preview:-1"},"canonical":"https:\/\/www.nettali.com\/2023\/11\/07\/journee-nationale-des-forces-armees-macky-sall-fait-ses-adieux-aux-militaires\/","og_locale":"fr_FR","og_type":"article","og_title":"JOURN\u00c9E NATIONALE DES FORCES ARM\u00c9ES- Macky Sall fait ses adieux aux militaires","og_description":"NETTALI.COM- Le chef de l\u2019\u00c9tat a pr\u00e9sid\u00e9 ce matin la journ\u00e9e des forces arm\u00e9es, c\u00e9l\u00e9br\u00e9e ce mardi 07 octobre 2023 au quartier Dial Diop. Macky Sall a ainsi confirm\u00e9 aux militaires que l'\u00e9dition de l\u2019ann\u00e9e prochaine sera pr\u00e9sid\u00e9e par son successeur. Par ailleurs, il a relev\u00e9 que le budget de la d\u00e9fense a connu une [&hellip;]","og_url":"https:\/\/www.nettali.com\/2023\/11\/07\/journee-nationale-des-forces-armees-macky-sall-fait-ses-adieux-aux-militaires\/","og_site_name":"Nettali.com","article_publisher":"https:\/\/www.facebook.com\/nettalicom","article_published_time":"2023-11-07T15:54:44+00:00","og_image":[{"width":684,"height":411,"url":"https:\/\/www.nettali.com\/wp-content\/uploads\/2023\/11\/Capture-de\u0301cran-2023-11-07-a\u0300-15.54.07.png","type":"image\/png"}],"twitter_card":"summary_large_image","twitter_misc":{"\u00c9crit par":"Fatou","Dur\u00e9e de lecture estim\u00e9e":"3 minutes"},"schema":{"@context":"https:\/\/schema.org","@graph":[{"@type":"WebSite","@id":"https:\/\/www.nettali.com\/#website","url":"https:\/\/www.nettali.com\/","name":"Nettali.com","description":"Le rendez-vous critique du Net","potentialAction":[{"@type":"SearchAction","target":{"@type":"EntryPoint","urlTemplate":"https:\/\/www.nettali.com\/?s={search_term_string}"},"query-input":"required name=search_term_string"}],"inLanguage":"fr-FR"},{"@type":"ImageObject","@id":"https:\/\/www.nettali.com\/2023\/11\/07\/journee-nationale-des-forces-armees-macky-sall-fait-ses-adieux-aux-militaires\/#primaryimage","inLanguage":"fr-FR","url":"https:\/\/www.nettali.com\/wp-content\/uploads\/2023\/11\/Capture-de\u0301cran-2023-11-07-a\u0300-15.54.07.png","contentUrl":"https:\/\/www.nettali.com\/wp-content\/uploads\/2023\/11\/Capture-de\u0301cran-2023-11-07-a\u0300-15.54.07.png","width":684,"height":411},{"@type":"WebPage","@id":"https:\/\/www.nettali.com\/2023\/11\/07\/journee-nationale-des-forces-armees-macky-sall-fait-ses-adieux-aux-militaires\/#webpage","url":"https:\/\/www.nettali.com\/2023\/11\/07\/journee-nationale-des-forces-armees-macky-sall-fait-ses-adieux-aux-militaires\/","name":"JOURN\u00c9E NATIONALE DES FORCES ARM\u00c9ES- Macky Sall fait ses adieux aux militaires | Nettali.com","isPartOf":{"@id":"https:\/\/www.nettali.com\/#website"},"primaryImageOfPage":{"@id":"https:\/\/www.nettali.com\/2023\/11\/07\/journee-nationale-des-forces-armees-macky-sall-fait-ses-adieux-aux-militaires\/#primaryimage"},"datePublished":"2023-11-07T15:54:44+00:00","dateModified":"2023-11-07T15:54:44+00:00","author":{"@id":"https:\/\/www.nettali.com\/#\/schema\/person\/418274a86bdf87caff7a3ef476bd0bbf"},"breadcrumb":{"@id":"https:\/\/www.nettali.com\/2023\/11\/07\/journee-nationale-des-forces-armees-macky-sall-fait-ses-adieux-aux-militaires\/#breadcrumb"},"inLanguage":"fr-FR","potentialAction":[{"@type":"ReadAction","target":["https:\/\/www.nettali.com\/2023\/11\/07\/journee-nationale-des-forces-armees-macky-sall-fait-ses-adieux-aux-militaires\/"]}]},{"@type":"BreadcrumbList","@id":"https:\/\/www.nettali.com\/2023\/11\/07\/journee-nationale-des-forces-armees-macky-sall-fait-ses-adieux-aux-militaires\/#breadcrumb","itemListElement":[{"@type":"ListItem","position":1,"name":"Accueil","item":"https:\/\/www.nettali.com\/"},{"@type":"ListItem","position":2,"name":"JOURN\u00c9E NATIONALE DES FORCES ARM\u00c9ES- Macky Sall fait ses adieux aux militaires"}]},{"@type":"Person","@id":"https:\/\/www.nettali.com\/#\/schema\/person\/418274a86bdf87caff7a3ef476bd0bbf","name":"Fatou","image":{"@type":"ImageObject","@id":"https:\/\/www.nettali.com\/#personlogo","inLanguage":"fr-FR","url":"https:\/\/secure.gravatar.com\/avatar\/5a9442a2bee7b4dcf167cab035858e9a?s=96&d=mm&r=g","contentUrl":"https:\/\/secure.gravatar.com\/avatar\/5a9442a2bee7b4dcf167cab035858e9a?s=96&d=mm&r=g","caption":"Fatou"},"sameAs":["https:\/\/www.nettali.com"]}]}},"_links":{"self":[{"href":"https:\/\/www.nettali.com\/rest\/wp\/v2\/posts\/121397"}],"collection":[{"href":"https:\/\/www.nettali.com\/rest\/wp\/v2\/posts"}],"about":[{"href":"https:\/\/www.nettali.com\/rest\/wp\/v2\/types\/post"}],"author":[{"embeddable":true,"href":"https:\/\/www.nettali.com\/rest\/wp\/v2\/users\/6"}],"replies":[{"embeddable":true,"href":"https:\/\/www.nettali.com\/rest\/wp\/v2\/comments?post=121397"}],"version-history":[{"count":3,"href":"https:\/\/www.nettali.com\/rest\/wp\/v2\/posts\/121397\/revisions"}],"predecessor-version":[{"id":121404,"href":"https:\/\/www.nettali.com\/rest\/wp\/v2\/posts\/121397\/revisions\/121404"}],"wp:featuredmedia":[{"embeddable":true,"href":"https:\/\/www.nettali.com\/rest\/wp\/v2\/media\/121403"}],"wp:attachment":[{"href":"https:\/\/www.nettali.com\/rest\/wp\/v2\/media?parent=121397"}],"wp:term":[{"taxonomy":"category","embeddable":true,"href":"https:\/\/www.nettali.com\/rest\/wp\/v2\/categories?post=121397"},{"taxonomy":"post_tag","embeddable":true,"href":"https:\/\/www.nettali.com\/rest\/wp\/v2\/tags?post=121397"}],"curies":[{"name":"wp","href":"https:\/\/api.w.org\/{rel}","templated":true}]}}