{"id":121352,"date":"2023-11-06T20:36:06","date_gmt":"2023-11-06T20:36:06","guid":{"rendered":"https:\/\/www.nettali.com\/?p=121352"},"modified":"2023-11-06T20:36:06","modified_gmt":"2023-11-06T20:36:06","slug":"en-coulisses-falla-fleur-rentre-chez-elle","status":"publish","type":"post","link":"https:\/\/www.nettali.com\/2023\/11\/06\/en-coulisses-falla-fleur-rentre-chez-elle\/","title":{"rendered":"EN COULISSES - Falla Fleur rentre chez elle!"},"content":{"rendered":"<p>NETTALI.COM - Jug\u00e9e pour \"<em>tentative de sortie irr\u00e9guli\u00e8re de correspondance<\/em>\", la militante de l\u2019ex-Pastef Ndeye Fatou Fall alias Falla Fleur qui faisait face au juge ce lundi 6 novembre a \u00e9t\u00e9 condamn\u00e9e \u00e0 deux mois dont 10 jours de prison ferme de prison. D\u00e9tenue en prison depuis le 7 juin 2023, elle peut d\u00e9sormais rentrer chez elle.<\/p>\n<p>Lors de son dernier proc\u00e8s le 2 novembre dernier, le procureur avait requis contre elle la peine de 6 mois de prison dont 3 mois ferme. Nd\u00e8ye Fatou Fall a \u00e9t\u00e9 aussi condamn\u00e9e, le 26 octobre, \u00e0 trois mois de prison ferme pour \"<em>provocation \u00e0 un attroupement<\/em>\" par la Chambre correctionnelle de Dakar.<\/p>\n<div class='share-to-whatsapp-wrapper'><div class='share-on-whsp'>PARTAGER SUR : <\/div><a data-text='EN COULISSES - Falla Fleur rentre chez elle!' data-link='https:\/\/www.nettali.com\/2023\/11\/06\/en-coulisses-falla-fleur-rentre-chez-elle\/' class='whatsapp-button whatsapp-share'>WhatsApp<\/a><div class='clear '><\/div><\/div>","protected":false},"excerpt":{"rendered":"<p>NETTALI.COM - Jug\u00e9e pour \"tentative de sortie irr\u00e9guli\u00e8re de correspondance\", la militante de l\u2019ex-Pastef Ndeye Fatou Fall alias Falla Fleur qui faisait face au juge ce lundi 6 novembre a \u00e9t\u00e9 condamn\u00e9e \u00e0 deux mois dont 10 jours de prison ferme de prison. D\u00e9tenue en prison depuis le 7 juin 2023, elle peut d\u00e9sormais rentrer [&hellip;]<\/p>\n","protected":false},"author":5,"featured_media":121353,"comment_status":"open","ping_status":"open","sticky":false,"template":"","format":"standard","meta":{"_et_pb_use_builder":"","_et_pb_old_content":""},"categories":[3],"tags":[],"yoast_head":"<!-- This site is optimized with the Yoast SEO Premium plugin v17.8 (Yoast SEO v17.8) - https:\/\/yoast.com\/wordpress\/plugins\/seo\/ -->\n<title>EN COULISSES - Falla Fleur rentre chez elle! | Nettali.com<\/title>\n<meta name=\"robots\" content=\"index, follow, max-snippet:-1, max-image-preview:large, max-video-preview:-1\" \/>\n<link rel=\"canonical\" href=\"https:\/\/www.nettali.com\/2023\/11\/06\/en-coulisses-falla-fleur-rentre-chez-elle\/\" \/>\n<meta property=\"og:locale\" content=\"fr_FR\" \/>\n<meta property=\"og:type\" content=\"article\" \/>\n<meta property=\"og:title\" content=\"EN COULISSES - Falla Fleur rentre chez elle!\" \/>\n<meta property=\"og:description\" content=\"NETTALI.COM - Jug\u00e9e pour &quot;tentative de sortie irr\u00e9guli\u00e8re de correspondance&quot;, la militante de l\u2019ex-Pastef Ndeye Fatou Fall alias Falla Fleur qui faisait face au juge ce lundi 6 novembre a \u00e9t\u00e9 condamn\u00e9e \u00e0 deux mois dont 10 jours de prison ferme de prison. D\u00e9tenue en prison depuis le 7 juin 2023, elle peut d\u00e9sormais rentrer [&hellip;]\" \/>\n<meta property=\"og:url\" content=\"https:\/\/www.nettali.com\/2023\/11\/06\/en-coulisses-falla-fleur-rentre-chez-elle\/\" \/>\n<meta property=\"og:site_name\" content=\"Nettali.com\" \/>\n<meta property=\"article:publisher\" content=\"https:\/\/www.facebook.com\/nettalicom\" \/>\n<meta property=\"article:published_time\" content=\"2023-11-06T20:36:06+00:00\" \/>\n<meta property=\"og:image\" content=\"https:\/\/www.nettali.com\/wp-content\/uploads\/2023\/11\/50d5f4487ccd90eab2041297032d11d6c9c188e3.jpeg\" \/>\n\t<meta property=\"og:image:width\" content=\"612\" \/>\n\t<meta property=\"og:image:height\" content=\"298\" \/>\n<meta name=\"twitter:card\" content=\"summary_large_image\" \/>\n<meta name=\"twitter:label1\" content=\"\u00c9crit par\" \/>\n\t<meta name=\"twitter:data1\" content=\"Ibrahima\" \/>\n\t<meta name=\"twitter:label2\" content=\"Dur\u00e9e de lecture estim\u00e9e\" \/>\n\t<meta name=\"twitter:data2\" content=\"1 minute\" \/>\n<script type=\"application\/ld+json\" class=\"yoast-schema-graph\">{\"@context\":\"https:\/\/schema.org\",\"@graph\":[{\"@type\":\"WebSite\",\"@id\":\"https:\/\/www.nettali.com\/#website\",\"url\":\"https:\/\/www.nettali.com\/\",\"name\":\"Nettali.com\",\"description\":\"Le rendez-vous critique du Net\",\"potentialAction\":[{\"@type\":\"SearchAction\",\"target\":{\"@type\":\"EntryPoint\",\"urlTemplate\":\"https:\/\/www.nettali.com\/?s={search_term_string}\"},\"query-input\":\"required name=search_term_string\"}],\"inLanguage\":\"fr-FR\"},{\"@type\":\"ImageObject\",\"@id\":\"https:\/\/www.nettali.com\/2023\/11\/06\/en-coulisses-falla-fleur-rentre-chez-elle\/#primaryimage\",\"inLanguage\":\"fr-FR\",\"url\":\"https:\/\/www.nettali.com\/wp-content\/uploads\/2023\/11\/50d5f4487ccd90eab2041297032d11d6c9c188e3.jpeg\",\"contentUrl\":\"https:\/\/www.nettali.com\/wp-content\/uploads\/2023\/11\/50d5f4487ccd90eab2041297032d11d6c9c188e3.jpeg\",\"width\":612,\"height\":298},{\"@type\":\"WebPage\",\"@id\":\"https:\/\/www.nettali.com\/2023\/11\/06\/en-coulisses-falla-fleur-rentre-chez-elle\/#webpage\",\"url\":\"https:\/\/www.nettali.com\/2023\/11\/06\/en-coulisses-falla-fleur-rentre-chez-elle\/\",\"name\":\"EN COULISSES - Falla Fleur rentre chez elle! | Nettali.com\",\"isPartOf\":{\"@id\":\"https:\/\/www.nettali.com\/#website\"},\"primaryImageOfPage\":{\"@id\":\"https:\/\/www.nettali.com\/2023\/11\/06\/en-coulisses-falla-fleur-rentre-chez-elle\/#primaryimage\"},\"datePublished\":\"2023-11-06T20:36:06+00:00\",\"dateModified\":\"2023-11-06T20:36:06+00:00\",\"author\":{\"@id\":\"https:\/\/www.nettali.com\/#\/schema\/person\/bb147657c2986240405a608162b9bb23\"},\"breadcrumb\":{\"@id\":\"https:\/\/www.nettali.com\/2023\/11\/06\/en-coulisses-falla-fleur-rentre-chez-elle\/#breadcrumb\"},\"inLanguage\":\"fr-FR\",\"potentialAction\":[{\"@type\":\"ReadAction\",\"target\":[\"https:\/\/www.nettali.com\/2023\/11\/06\/en-coulisses-falla-fleur-rentre-chez-elle\/\"]}]},{\"@type\":\"BreadcrumbList\",\"@id\":\"https:\/\/www.nettali.com\/2023\/11\/06\/en-coulisses-falla-fleur-rentre-chez-elle\/#breadcrumb\",\"itemListElement\":[{\"@type\":\"ListItem\",\"position\":1,\"name\":\"Accueil\",\"item\":\"https:\/\/www.nettali.com\/\"},{\"@type\":\"ListItem\",\"position\":2,\"name\":\"EN COULISSES - Falla Fleur rentre chez elle!\"}]},{\"@type\":\"Person\",\"@id\":\"https:\/\/www.nettali.com\/#\/schema\/person\/bb147657c2986240405a608162b9bb23\",\"name\":\"Ibrahima\",\"image\":{\"@type\":\"ImageObject\",\"@id\":\"https:\/\/www.nettali.com\/#personlogo\",\"inLanguage\":\"fr-FR\",\"url\":\"https:\/\/secure.gravatar.com\/avatar\/26a8a81f09f0dd7624c9d5c36c9ba3a2?s=96&d=mm&r=g\",\"contentUrl\":\"https:\/\/secure.gravatar.com\/avatar\/26a8a81f09f0dd7624c9d5c36c9ba3a2?s=96&d=mm&r=g\",\"caption\":\"Ibrahima\"},\"sameAs\":[\"https:\/\/www.nettali.com\"]}]}<\/script>\n<!-- \/ Yoast SEO Premium plugin. -->","yoast_head_json":{"title":"EN COULISSES - Falla Fleur rentre chez elle! | Nettali.com","robots":{"index":"index","follow":"follow","max-snippet":"max-snippet:-1","max-image-preview":"max-image-preview:large","max-video-preview":"max-video-preview:-1"},"canonical":"https:\/\/www.nettali.com\/2023\/11\/06\/en-coulisses-falla-fleur-rentre-chez-elle\/","og_locale":"fr_FR","og_type":"article","og_title":"EN COULISSES - Falla Fleur rentre chez elle!","og_description":"NETTALI.COM - Jug\u00e9e pour \"tentative de sortie irr\u00e9guli\u00e8re de correspondance\", la militante de l\u2019ex-Pastef Ndeye Fatou Fall alias Falla Fleur qui faisait face au juge ce lundi 6 novembre a \u00e9t\u00e9 condamn\u00e9e \u00e0 deux mois dont 10 jours de prison ferme de prison. D\u00e9tenue en prison depuis le 7 juin 2023, elle peut d\u00e9sormais rentrer [&hellip;]","og_url":"https:\/\/www.nettali.com\/2023\/11\/06\/en-coulisses-falla-fleur-rentre-chez-elle\/","og_site_name":"Nettali.com","article_publisher":"https:\/\/www.facebook.com\/nettalicom","article_published_time":"2023-11-06T20:36:06+00:00","og_image":[{"width":612,"height":298,"url":"https:\/\/www.nettali.com\/wp-content\/uploads\/2023\/11\/50d5f4487ccd90eab2041297032d11d6c9c188e3.jpeg","type":"image\/jpeg"}],"twitter_card":"summary_large_image","twitter_misc":{"\u00c9crit par":"Ibrahima","Dur\u00e9e de lecture estim\u00e9e":"1 minute"},"schema":{"@context":"https:\/\/schema.org","@graph":[{"@type":"WebSite","@id":"https:\/\/www.nettali.com\/#website","url":"https:\/\/www.nettali.com\/","name":"Nettali.com","description":"Le rendez-vous critique du Net","potentialAction":[{"@type":"SearchAction","target":{"@type":"EntryPoint","urlTemplate":"https:\/\/www.nettali.com\/?s={search_term_string}"},"query-input":"required name=search_term_string"}],"inLanguage":"fr-FR"},{"@type":"ImageObject","@id":"https:\/\/www.nettali.com\/2023\/11\/06\/en-coulisses-falla-fleur-rentre-chez-elle\/#primaryimage","inLanguage":"fr-FR","url":"https:\/\/www.nettali.com\/wp-content\/uploads\/2023\/11\/50d5f4487ccd90eab2041297032d11d6c9c188e3.jpeg","contentUrl":"https:\/\/www.nettali.com\/wp-content\/uploads\/2023\/11\/50d5f4487ccd90eab2041297032d11d6c9c188e3.jpeg","width":612,"height":298},{"@type":"WebPage","@id":"https:\/\/www.nettali.com\/2023\/11\/06\/en-coulisses-falla-fleur-rentre-chez-elle\/#webpage","url":"https:\/\/www.nettali.com\/2023\/11\/06\/en-coulisses-falla-fleur-rentre-chez-elle\/","name":"EN COULISSES - Falla Fleur rentre chez elle! | Nettali.com","isPartOf":{"@id":"https:\/\/www.nettali.com\/#website"},"primaryImageOfPage":{"@id":"https:\/\/www.nettali.com\/2023\/11\/06\/en-coulisses-falla-fleur-rentre-chez-elle\/#primaryimage"},"datePublished":"2023-11-06T20:36:06+00:00","dateModified":"2023-11-06T20:36:06+00:00","author":{"@id":"https:\/\/www.nettali.com\/#\/schema\/person\/bb147657c2986240405a608162b9bb23"},"breadcrumb":{"@id":"https:\/\/www.nettali.com\/2023\/11\/06\/en-coulisses-falla-fleur-rentre-chez-elle\/#breadcrumb"},"inLanguage":"fr-FR","potentialAction":[{"@type":"ReadAction","target":["https:\/\/www.nettali.com\/2023\/11\/06\/en-coulisses-falla-fleur-rentre-chez-elle\/"]}]},{"@type":"BreadcrumbList","@id":"https:\/\/www.nettali.com\/2023\/11\/06\/en-coulisses-falla-fleur-rentre-chez-elle\/#breadcrumb","itemListElement":[{"@type":"ListItem","position":1,"name":"Accueil","item":"https:\/\/www.nettali.com\/"},{"@type":"ListItem","position":2,"name":"EN COULISSES - Falla Fleur rentre chez elle!"}]},{"@type":"Person","@id":"https:\/\/www.nettali.com\/#\/schema\/person\/bb147657c2986240405a608162b9bb23","name":"Ibrahima","image":{"@type":"ImageObject","@id":"https:\/\/www.nettali.com\/#personlogo","inLanguage":"fr-FR","url":"https:\/\/secure.gravatar.com\/avatar\/26a8a81f09f0dd7624c9d5c36c9ba3a2?s=96&d=mm&r=g","contentUrl":"https:\/\/secure.gravatar.com\/avatar\/26a8a81f09f0dd7624c9d5c36c9ba3a2?s=96&d=mm&r=g","caption":"Ibrahima"},"sameAs":["https:\/\/www.nettali.com"]}]}},"_links":{"self":[{"href":"https:\/\/www.nettali.com\/rest\/wp\/v2\/posts\/121352"}],"collection":[{"href":"https:\/\/www.nettali.com\/rest\/wp\/v2\/posts"}],"about":[{"href":"https:\/\/www.nettali.com\/rest\/wp\/v2\/types\/post"}],"author":[{"embeddable":true,"href":"https:\/\/www.nettali.com\/rest\/wp\/v2\/users\/5"}],"replies":[{"embeddable":true,"href":"https:\/\/www.nettali.com\/rest\/wp\/v2\/comments?post=121352"}],"version-history":[{"count":1,"href":"https:\/\/www.nettali.com\/rest\/wp\/v2\/posts\/121352\/revisions"}],"predecessor-version":[{"id":121354,"href":"https:\/\/www.nettali.com\/rest\/wp\/v2\/posts\/121352\/revisions\/121354"}],"wp:featuredmedia":[{"embeddable":true,"href":"https:\/\/www.nettali.com\/rest\/wp\/v2\/media\/121353"}],"wp:attachment":[{"href":"https:\/\/www.nettali.com\/rest\/wp\/v2\/media?parent=121352"}],"wp:term":[{"taxonomy":"category","embeddable":true,"href":"https:\/\/www.nettali.com\/rest\/wp\/v2\/categories?post=121352"},{"taxonomy":"post_tag","embeddable":true,"href":"https:\/\/www.nettali.com\/rest\/wp\/v2\/tags?post=121352"}],"curies":[{"name":"wp","href":"https:\/\/api.w.org\/{rel}","templated":true}]}}