{"id":121300,"date":"2023-11-05T20:54:28","date_gmt":"2023-11-05T20:54:28","guid":{"rendered":"https:\/\/www.nettali.com\/?p=121300"},"modified":"2023-11-06T16:17:30","modified_gmt":"2023-11-06T16:17:30","slug":"lutte-modou-lo-freine-lascension-de-ama-balde","status":"publish","type":"post","link":"https:\/\/www.nettali.com\/2023\/11\/05\/lutte-modou-lo-freine-lascension-de-ama-balde\/","title":{"rendered":"LUTTE - Modou L\u00f4 freine l'ascension de Ama Bald\u00e9"},"content":{"rendered":"<p class=\"summary_label\"><strong>NETTALI.COM - Modou Lo conserve son titre de roi des ar\u00e8nes. Il a battu Ama Bald\u00e9 lors du combat de lutte avec frappe organis\u00e9 par le promoteur Luc Nicola\u00ef, ce dimanche, \u00e0 l'ar\u00e8ne nationale.<\/strong><\/p>\n<div id=\"printable\" class=\"text_body\">\n<p>Modou Lo a battu Ama Bald\u00e9 lors du \"combat royal\" organis\u00e9 ce dimanche \u00e0 l'ar\u00e8ne nationale par Luc Nicolai.\u00a0Le rock des \"Parcelles Assainies\" conserve ainsi son titre de \"Roi des Ar\u00e8nes\". Mieux, il confirme son statut devant le fils de Falaye Bald\u00e9 \u00e0 l'issue d'un combat qu'il a domin\u00e9.<\/p>\n<p>A noter qu'apr\u00e8s des doutes sur la chute d'Ama, l'arbitre du combat a pr\u00e9f\u00e9r\u00e9 consulter la VAR. Et c'est cette derni\u00e8re qui a confirm\u00e9 la victoire de Modou Lo.<\/p>\n<p>Modou Lo freine ainsi l'ascension du fils de Falaye Bald\u00e9 qui a align\u00e9 plusieurs victoire et qui vient d'enregistrer sa troisi\u00e8me d\u00e9faite de toute sa carri\u00e8re.<\/p>\n<\/div>\n<div class='share-to-whatsapp-wrapper'><div class='share-on-whsp'>PARTAGER SUR : <\/div><a data-text='LUTTE - Modou L\u00f4 freine l'ascension de Ama Bald\u00e9' data-link='https:\/\/www.nettali.com\/2023\/11\/05\/lutte-modou-lo-freine-lascension-de-ama-balde\/' class='whatsapp-button whatsapp-share'>WhatsApp<\/a><div class='clear '><\/div><\/div>","protected":false},"excerpt":{"rendered":"<p>NETTALI.COM - Modou Lo conserve son titre de roi des ar\u00e8nes. Il a battu Ama Bald\u00e9 lors du combat de lutte avec frappe organis\u00e9 par le promoteur Luc Nicola\u00ef, ce dimanche, \u00e0 l'ar\u00e8ne nationale. Modou Lo a battu Ama Bald\u00e9 lors du \"combat royal\" organis\u00e9 ce dimanche \u00e0 l'ar\u00e8ne nationale par Luc Nicolai.\u00a0Le rock des [&hellip;]<\/p>\n","protected":false},"author":4,"featured_media":121301,"comment_status":"open","ping_status":"open","sticky":false,"template":"","format":"standard","meta":{"_et_pb_use_builder":"","_et_pb_old_content":""},"categories":[6],"tags":[],"yoast_head":"<!-- This site is optimized with the Yoast SEO Premium plugin v17.8 (Yoast SEO v17.8) - https:\/\/yoast.com\/wordpress\/plugins\/seo\/ -->\n<title>LUTTE - Modou L\u00f4 freine l&#039;ascension de Ama Bald\u00e9 | Nettali.com<\/title>\n<meta name=\"robots\" content=\"index, follow, max-snippet:-1, max-image-preview:large, max-video-preview:-1\" \/>\n<link rel=\"canonical\" href=\"https:\/\/www.nettali.com\/2023\/11\/05\/lutte-modou-lo-freine-lascension-de-ama-balde\/\" \/>\n<meta property=\"og:locale\" content=\"fr_FR\" \/>\n<meta property=\"og:type\" content=\"article\" \/>\n<meta property=\"og:title\" content=\"LUTTE - Modou L\u00f4 freine l&#039;ascension de Ama Bald\u00e9\" \/>\n<meta property=\"og:description\" content=\"NETTALI.COM - Modou Lo conserve son titre de roi des ar\u00e8nes. Il a battu Ama Bald\u00e9 lors du combat de lutte avec frappe organis\u00e9 par le promoteur Luc Nicola\u00ef, ce dimanche, \u00e0 l&#039;ar\u00e8ne nationale. Modou Lo a battu Ama Bald\u00e9 lors du &quot;combat royal&quot; organis\u00e9 ce dimanche \u00e0 l&#039;ar\u00e8ne nationale par Luc Nicolai.\u00a0Le rock des [&hellip;]\" \/>\n<meta property=\"og:url\" content=\"https:\/\/www.nettali.com\/2023\/11\/05\/lutte-modou-lo-freine-lascension-de-ama-balde\/\" \/>\n<meta property=\"og:site_name\" content=\"Nettali.com\" \/>\n<meta property=\"article:publisher\" content=\"https:\/\/www.facebook.com\/nettalicom\" \/>\n<meta property=\"article:published_time\" content=\"2023-11-05T20:54:28+00:00\" \/>\n<meta property=\"article:modified_time\" content=\"2023-11-06T16:17:30+00:00\" \/>\n<meta property=\"og:image\" content=\"https:\/\/www.nettali.com\/wp-content\/uploads\/2023\/11\/Capture-de\u0301cran-2023-11-05-a\u0300-15.25.20.png\" \/>\n\t<meta property=\"og:image:width\" content=\"721\" \/>\n\t<meta property=\"og:image:height\" content=\"438\" \/>\n<meta name=\"twitter:card\" content=\"summary_large_image\" \/>\n<meta name=\"twitter:label1\" content=\"\u00c9crit par\" \/>\n\t<meta name=\"twitter:data1\" content=\"Daouda\" \/>\n\t<meta name=\"twitter:label2\" content=\"Dur\u00e9e de lecture estim\u00e9e\" \/>\n\t<meta name=\"twitter:data2\" content=\"1 minute\" \/>\n<script type=\"application\/ld+json\" class=\"yoast-schema-graph\">{\"@context\":\"https:\/\/schema.org\",\"@graph\":[{\"@type\":\"WebSite\",\"@id\":\"https:\/\/www.nettali.com\/#website\",\"url\":\"https:\/\/www.nettali.com\/\",\"name\":\"Nettali.com\",\"description\":\"Le rendez-vous critique du Net\",\"potentialAction\":[{\"@type\":\"SearchAction\",\"target\":{\"@type\":\"EntryPoint\",\"urlTemplate\":\"https:\/\/www.nettali.com\/?s={search_term_string}\"},\"query-input\":\"required name=search_term_string\"}],\"inLanguage\":\"fr-FR\"},{\"@type\":\"ImageObject\",\"@id\":\"https:\/\/www.nettali.com\/2023\/11\/05\/lutte-modou-lo-freine-lascension-de-ama-balde\/#primaryimage\",\"inLanguage\":\"fr-FR\",\"url\":\"https:\/\/www.nettali.com\/wp-content\/uploads\/2023\/11\/Capture-de\\u0301cran-2023-11-05-a\\u0300-15.25.20.png\",\"contentUrl\":\"https:\/\/www.nettali.com\/wp-content\/uploads\/2023\/11\/Capture-de\\u0301cran-2023-11-05-a\\u0300-15.25.20.png\",\"width\":721,\"height\":438},{\"@type\":\"WebPage\",\"@id\":\"https:\/\/www.nettali.com\/2023\/11\/05\/lutte-modou-lo-freine-lascension-de-ama-balde\/#webpage\",\"url\":\"https:\/\/www.nettali.com\/2023\/11\/05\/lutte-modou-lo-freine-lascension-de-ama-balde\/\",\"name\":\"LUTTE - Modou L\\u00f4 freine l'ascension de Ama Bald\\u00e9 | Nettali.com\",\"isPartOf\":{\"@id\":\"https:\/\/www.nettali.com\/#website\"},\"primaryImageOfPage\":{\"@id\":\"https:\/\/www.nettali.com\/2023\/11\/05\/lutte-modou-lo-freine-lascension-de-ama-balde\/#primaryimage\"},\"datePublished\":\"2023-11-05T20:54:28+00:00\",\"dateModified\":\"2023-11-06T16:17:30+00:00\",\"author\":{\"@id\":\"https:\/\/www.nettali.com\/#\/schema\/person\/3317e0bb3aa1da309fbf7b2780901bf4\"},\"breadcrumb\":{\"@id\":\"https:\/\/www.nettali.com\/2023\/11\/05\/lutte-modou-lo-freine-lascension-de-ama-balde\/#breadcrumb\"},\"inLanguage\":\"fr-FR\",\"potentialAction\":[{\"@type\":\"ReadAction\",\"target\":[\"https:\/\/www.nettali.com\/2023\/11\/05\/lutte-modou-lo-freine-lascension-de-ama-balde\/\"]}]},{\"@type\":\"BreadcrumbList\",\"@id\":\"https:\/\/www.nettali.com\/2023\/11\/05\/lutte-modou-lo-freine-lascension-de-ama-balde\/#breadcrumb\",\"itemListElement\":[{\"@type\":\"ListItem\",\"position\":1,\"name\":\"Accueil\",\"item\":\"https:\/\/www.nettali.com\/\"},{\"@type\":\"ListItem\",\"position\":2,\"name\":\"LUTTE - Modou L\\u00f4 freine l'ascension de Ama Bald\\u00e9\"}]},{\"@type\":\"Person\",\"@id\":\"https:\/\/www.nettali.com\/#\/schema\/person\/3317e0bb3aa1da309fbf7b2780901bf4\",\"name\":\"Daouda\",\"image\":{\"@type\":\"ImageObject\",\"@id\":\"https:\/\/www.nettali.com\/#personlogo\",\"inLanguage\":\"fr-FR\",\"url\":\"https:\/\/secure.gravatar.com\/avatar\/8d143b5a49345098ddcfee1c49c2f47c?s=96&d=mm&r=g\",\"contentUrl\":\"https:\/\/secure.gravatar.com\/avatar\/8d143b5a49345098ddcfee1c49c2f47c?s=96&d=mm&r=g\",\"caption\":\"Daouda\"},\"sameAs\":[\"https:\/\/www.nettali.com\"]}]}<\/script>\n<!-- \/ Yoast SEO Premium plugin. -->","yoast_head_json":{"title":"LUTTE - Modou L\u00f4 freine l'ascension de Ama Bald\u00e9 | Nettali.com","robots":{"index":"index","follow":"follow","max-snippet":"max-snippet:-1","max-image-preview":"max-image-preview:large","max-video-preview":"max-video-preview:-1"},"canonical":"https:\/\/www.nettali.com\/2023\/11\/05\/lutte-modou-lo-freine-lascension-de-ama-balde\/","og_locale":"fr_FR","og_type":"article","og_title":"LUTTE - Modou L\u00f4 freine l'ascension de Ama Bald\u00e9","og_description":"NETTALI.COM - Modou Lo conserve son titre de roi des ar\u00e8nes. Il a battu Ama Bald\u00e9 lors du combat de lutte avec frappe organis\u00e9 par le promoteur Luc Nicola\u00ef, ce dimanche, \u00e0 l'ar\u00e8ne nationale. Modou Lo a battu Ama Bald\u00e9 lors du \"combat royal\" organis\u00e9 ce dimanche \u00e0 l'ar\u00e8ne nationale par Luc Nicolai.\u00a0Le rock des [&hellip;]","og_url":"https:\/\/www.nettali.com\/2023\/11\/05\/lutte-modou-lo-freine-lascension-de-ama-balde\/","og_site_name":"Nettali.com","article_publisher":"https:\/\/www.facebook.com\/nettalicom","article_published_time":"2023-11-05T20:54:28+00:00","article_modified_time":"2023-11-06T16:17:30+00:00","og_image":[{"width":721,"height":438,"url":"https:\/\/www.nettali.com\/wp-content\/uploads\/2023\/11\/Capture-de\u0301cran-2023-11-05-a\u0300-15.25.20.png","type":"image\/png"}],"twitter_card":"summary_large_image","twitter_misc":{"\u00c9crit par":"Daouda","Dur\u00e9e de lecture estim\u00e9e":"1 minute"},"schema":{"@context":"https:\/\/schema.org","@graph":[{"@type":"WebSite","@id":"https:\/\/www.nettali.com\/#website","url":"https:\/\/www.nettali.com\/","name":"Nettali.com","description":"Le rendez-vous critique du Net","potentialAction":[{"@type":"SearchAction","target":{"@type":"EntryPoint","urlTemplate":"https:\/\/www.nettali.com\/?s={search_term_string}"},"query-input":"required name=search_term_string"}],"inLanguage":"fr-FR"},{"@type":"ImageObject","@id":"https:\/\/www.nettali.com\/2023\/11\/05\/lutte-modou-lo-freine-lascension-de-ama-balde\/#primaryimage","inLanguage":"fr-FR","url":"https:\/\/www.nettali.com\/wp-content\/uploads\/2023\/11\/Capture-de\u0301cran-2023-11-05-a\u0300-15.25.20.png","contentUrl":"https:\/\/www.nettali.com\/wp-content\/uploads\/2023\/11\/Capture-de\u0301cran-2023-11-05-a\u0300-15.25.20.png","width":721,"height":438},{"@type":"WebPage","@id":"https:\/\/www.nettali.com\/2023\/11\/05\/lutte-modou-lo-freine-lascension-de-ama-balde\/#webpage","url":"https:\/\/www.nettali.com\/2023\/11\/05\/lutte-modou-lo-freine-lascension-de-ama-balde\/","name":"LUTTE - Modou L\u00f4 freine l'ascension de Ama Bald\u00e9 | Nettali.com","isPartOf":{"@id":"https:\/\/www.nettali.com\/#website"},"primaryImageOfPage":{"@id":"https:\/\/www.nettali.com\/2023\/11\/05\/lutte-modou-lo-freine-lascension-de-ama-balde\/#primaryimage"},"datePublished":"2023-11-05T20:54:28+00:00","dateModified":"2023-11-06T16:17:30+00:00","author":{"@id":"https:\/\/www.nettali.com\/#\/schema\/person\/3317e0bb3aa1da309fbf7b2780901bf4"},"breadcrumb":{"@id":"https:\/\/www.nettali.com\/2023\/11\/05\/lutte-modou-lo-freine-lascension-de-ama-balde\/#breadcrumb"},"inLanguage":"fr-FR","potentialAction":[{"@type":"ReadAction","target":["https:\/\/www.nettali.com\/2023\/11\/05\/lutte-modou-lo-freine-lascension-de-ama-balde\/"]}]},{"@type":"BreadcrumbList","@id":"https:\/\/www.nettali.com\/2023\/11\/05\/lutte-modou-lo-freine-lascension-de-ama-balde\/#breadcrumb","itemListElement":[{"@type":"ListItem","position":1,"name":"Accueil","item":"https:\/\/www.nettali.com\/"},{"@type":"ListItem","position":2,"name":"LUTTE - Modou L\u00f4 freine l'ascension de Ama Bald\u00e9"}]},{"@type":"Person","@id":"https:\/\/www.nettali.com\/#\/schema\/person\/3317e0bb3aa1da309fbf7b2780901bf4","name":"Daouda","image":{"@type":"ImageObject","@id":"https:\/\/www.nettali.com\/#personlogo","inLanguage":"fr-FR","url":"https:\/\/secure.gravatar.com\/avatar\/8d143b5a49345098ddcfee1c49c2f47c?s=96&d=mm&r=g","contentUrl":"https:\/\/secure.gravatar.com\/avatar\/8d143b5a49345098ddcfee1c49c2f47c?s=96&d=mm&r=g","caption":"Daouda"},"sameAs":["https:\/\/www.nettali.com"]}]}},"_links":{"self":[{"href":"https:\/\/www.nettali.com\/rest\/wp\/v2\/posts\/121300"}],"collection":[{"href":"https:\/\/www.nettali.com\/rest\/wp\/v2\/posts"}],"about":[{"href":"https:\/\/www.nettali.com\/rest\/wp\/v2\/types\/post"}],"author":[{"embeddable":true,"href":"https:\/\/www.nettali.com\/rest\/wp\/v2\/users\/4"}],"replies":[{"embeddable":true,"href":"https:\/\/www.nettali.com\/rest\/wp\/v2\/comments?post=121300"}],"version-history":[{"count":1,"href":"https:\/\/www.nettali.com\/rest\/wp\/v2\/posts\/121300\/revisions"}],"predecessor-version":[{"id":121302,"href":"https:\/\/www.nettali.com\/rest\/wp\/v2\/posts\/121300\/revisions\/121302"}],"wp:featuredmedia":[{"embeddable":true,"href":"https:\/\/www.nettali.com\/rest\/wp\/v2\/media\/121301"}],"wp:attachment":[{"href":"https:\/\/www.nettali.com\/rest\/wp\/v2\/media?parent=121300"}],"wp:term":[{"taxonomy":"category","embeddable":true,"href":"https:\/\/www.nettali.com\/rest\/wp\/v2\/categories?post=121300"},{"taxonomy":"post_tag","embeddable":true,"href":"https:\/\/www.nettali.com\/rest\/wp\/v2\/tags?post=121300"}],"curies":[{"name":"wp","href":"https:\/\/api.w.org\/{rel}","templated":true}]}}