{"id":121292,"date":"2023-11-05T17:37:25","date_gmt":"2023-11-05T17:37:25","guid":{"rendered":"https:\/\/www.nettali.com\/?p=121292"},"modified":"2023-11-05T17:37:25","modified_gmt":"2023-11-05T17:37:25","slug":"modou-diagne-fada-labsence-eventuelle-de-sonko-du-scrutin-ne-pourra-pas-rendre-les-elections-non-inclusives","status":"publish","type":"post","link":"https:\/\/www.nettali.com\/2023\/11\/05\/modou-diagne-fada-labsence-eventuelle-de-sonko-du-scrutin-ne-pourra-pas-rendre-les-elections-non-inclusives\/","title":{"rendered":"MODOU DIAGNE FADA - \"L\u2019absence \u00e9ventuelle de Sonko du scrutin ne pourra pas rendre les \u00e9lections non inclusives\""},"content":{"rendered":"<p><strong>NETTALI.COM - Le ministre des Collectivit\u00e9s territoriales, Modou Diagne Fada, estime que l'absence \u00e9ventuelle du leader de l\u2019ex Pastef Ousmane Sonko, ne voudra pas dire que l'\u00e9lection n'est pas inclusive. Il s\u2019exprimait sur le plateau du \"Jury du dimanche\" sur Iradio.<\/strong><\/p>\n<p>Le ministre des Collectivit\u00e9s territoriales, Modou Diagne Fada, par ailleurs leader du parti LDR\/Yessal, est d\u2019avis que pour une population de 18 millions d'habitants avec 262 candidats \u00e0 la candidature, on ne peut pas parler d\u2019\u00e9lections non inclusives. Abordant le cas du leader du parti Pastef, Ousmane Sonko, il persiste que son \u00e9ventuel absence ne pourra non plus rendre les \u00e9lections non inclusives . \"<em>Maintenant vous pouvez dire qu'il pourrait y avoir un absent. J'utilise le conditionnel parce que je suis respectueux de la loi et de la d\u00e9mocratie. Un absent de marque parce qu'effectivement monsieur Sonko est support\u00e9 par nombreux de nos concitoyens. Il p\u00e8se sur l'\u00e9chiquier politique, je l'admets. Parce que s'il ne pesait pas sur l'\u00e9chiquier politique il n'allait pas gagner la commune de Ziguinchor, ses hommes n'allaient pas gagner d'autres communes du S\u00e9n\u00e9gal, lors des derni\u00e8res \u00e9lections locales. La coalition dans laquelle il est membre n'allait pas avoir autant de d\u00e9put\u00e9s. Mais son absence \u00e9ventuelle parce que je n'en suis pas encore s\u00fbr ne voudra pas dire que l'\u00e9lection n'est pas inclusive<\/em>\", dit-il.<\/p>\n<p>Poursuivant, il note : \"<em>si nous partons de la derni\u00e8re \u00e9lection pr\u00e9sidentielle, en 2019, Macky Sall est arriv\u00e9 1er, Idrissa Seck, 2\u00e8me, et Ousmane Sonko s'est class\u00e9 3e, en l'absence de deux t\u00e9nors : Khalifa Sall et Karim Wade. Rien ne nous dit que si ces deux avaient particip\u00e9 que Sonko allait \u00eatre 3eme. Je ne sous-estime personne. Je parle de faits. Aujourd'hui, il est probable que Khalifa Sall et Karim Wade soient pr\u00e9sents en 2024, et je fais partie des S\u00e9n\u00e9galais qui pensent que s'ils avaient particip\u00e9 \u00e0 l'\u00e9lection en 2019, peut-\u00eatre que Ousmane Sonko ne serait pas 3e<\/em>\".<br \/>\nAvant d\u2019ajouter que l'\u00e9lection est inclusive parce que pour le moment nous avons 262 candidats \u00e0 la candidature.<br \/>\n\"<em>La liste d\u00e9finitive des candidats ne sera connue qu'au mois de janvier prochain, quand le Conseil constitutionnel va dire voil\u00e0 ceux qui sont \u00e9ligibles<\/em>\", soutient-il. Concernant toujours le cas de Ousmane sonko \u00e0 qui la Dge refuse toujours d\u2019octroyer des fiches de parrainage , Modou Diagne Fada croit qu'il n'y a pas encore de d\u00e9cision de justice d\u00e9finitive.<br \/>\n\"<em>Il y a une d\u00e9cision d'un Tribunal de premi\u00e8re instance. Quand on vous condamne \u00e0 un niveau inf\u00e9rieur, vous avez le droit de porter l'affaire \u00e0 un niveau sup\u00e9rieur. C'est \u00e7a que l'\u00c9tat du S\u00e9n\u00e9gal a fait \u00e0 travers l'Agent judiciaire de l'\u00c9tat. Mais, nous ne sommes pas loin d'un d\u00e9nouement d\u00e9finitif parce que le traitement du pourvoi \u00e0 des d\u00e9lais. En tant que non initi\u00e9, c'est que la d\u00e9cision n'est pas encore d\u00e9finitive. Tant que la d\u00e9cision n'est pas d\u00e9finitive, la Direction g\u00e9n\u00e9rale des \u00e9lections est fond\u00e9e pour dire, je ne donne pas de fiches parce que je n'ai pas de d\u00e9cision<\/em>\", d\u00e9fend -il.<\/p>\n<p>Ainsi il se dit fier de la Justice s\u00e9n\u00e9galaise parce que, dit-il, si l\u2019\u00c9tat avait la possibilit\u00e9 de tordre la main au juge de Ziguinchor, il ne rendrait pas cette d\u00e9cision.<br \/>\n\"<em>Nos amis de l'opposition aussi, quand une d\u00e9cision de justice les arrange, ils ne disent rien. Mais quand cela ne les arrange pas, ils ruent dans les brancards. je consid\u00e8re pour une fois qu'ils devraient rendre hommage \u00e0 la justice s\u00e9n\u00e9galaise qui a rendu une d\u00e9cision qui n'arrange pas l'Aje. Jusqu'au moment o\u00f9 nous parlons, la Dge a parfaitement le droit de dire que le nom de monsieur Ousmane Sonko ne figure pas sur les listes, par cons\u00e9quent, nous ne pouvons pas lui remettre de fiches parce que pour pouvoir disposer de ces fiches, il faut \u00eatre \u00e9ligible et \u00e9lecteur<\/em>\", signe et persiste le ministre.<\/p>\n<div class='share-to-whatsapp-wrapper'><div class='share-on-whsp'>PARTAGER SUR : <\/div><a data-text='MODOU DIAGNE FADA - \"L\u2019absence \u00e9ventuelle de Sonko du scrutin ne pourra pas rendre les \u00e9lections non inclusives\"' data-link='https:\/\/www.nettali.com\/2023\/11\/05\/modou-diagne-fada-labsence-eventuelle-de-sonko-du-scrutin-ne-pourra-pas-rendre-les-elections-non-inclusives\/' class='whatsapp-button whatsapp-share'>WhatsApp<\/a><div class='clear '><\/div><\/div>","protected":false},"excerpt":{"rendered":"<p>NETTALI.COM - Le ministre des Collectivit\u00e9s territoriales, Modou Diagne Fada, estime que l'absence \u00e9ventuelle du leader de l\u2019ex Pastef Ousmane Sonko, ne voudra pas dire que l'\u00e9lection n'est pas inclusive. Il s\u2019exprimait sur le plateau du \"Jury du dimanche\" sur Iradio. Le ministre des Collectivit\u00e9s territoriales, Modou Diagne Fada, par ailleurs leader du parti LDR\/Yessal, [&hellip;]<\/p>\n","protected":false},"author":5,"featured_media":121290,"comment_status":"open","ping_status":"open","sticky":false,"template":"","format":"standard","meta":{"_et_pb_use_builder":"","_et_pb_old_content":""},"categories":[2],"tags":[],"yoast_head":"<!-- This site is optimized with the Yoast SEO Premium plugin v17.8 (Yoast SEO v17.8) - https:\/\/yoast.com\/wordpress\/plugins\/seo\/ -->\n<title>MODOU DIAGNE FADA - &quot;L\u2019absence \u00e9ventuelle de Sonko du scrutin ne pourra pas rendre les \u00e9lections non inclusives&quot; | Nettali.com<\/title>\n<meta name=\"robots\" content=\"index, follow, max-snippet:-1, max-image-preview:large, max-video-preview:-1\" \/>\n<link rel=\"canonical\" href=\"https:\/\/www.nettali.com\/2023\/11\/05\/modou-diagne-fada-labsence-eventuelle-de-sonko-du-scrutin-ne-pourra-pas-rendre-les-elections-non-inclusives\/\" \/>\n<meta property=\"og:locale\" content=\"fr_FR\" \/>\n<meta property=\"og:type\" content=\"article\" \/>\n<meta property=\"og:title\" content=\"MODOU DIAGNE FADA - &quot;L\u2019absence \u00e9ventuelle de Sonko du scrutin ne pourra pas rendre les \u00e9lections non inclusives&quot;\" \/>\n<meta property=\"og:description\" content=\"NETTALI.COM - Le ministre des Collectivit\u00e9s territoriales, Modou Diagne Fada, estime que l&#039;absence \u00e9ventuelle du leader de l\u2019ex Pastef Ousmane Sonko, ne voudra pas dire que l&#039;\u00e9lection n&#039;est pas inclusive. Il s\u2019exprimait sur le plateau du &quot;Jury du dimanche&quot; sur Iradio. Le ministre des Collectivit\u00e9s territoriales, Modou Diagne Fada, par ailleurs leader du parti LDR\/Yessal, [&hellip;]\" \/>\n<meta property=\"og:url\" content=\"https:\/\/www.nettali.com\/2023\/11\/05\/modou-diagne-fada-labsence-eventuelle-de-sonko-du-scrutin-ne-pourra-pas-rendre-les-elections-non-inclusives\/\" \/>\n<meta property=\"og:site_name\" content=\"Nettali.com\" \/>\n<meta property=\"article:publisher\" content=\"https:\/\/www.facebook.com\/nettalicom\" \/>\n<meta property=\"article:published_time\" content=\"2023-11-05T17:37:25+00:00\" \/>\n<meta property=\"og:image\" content=\"https:\/\/www.nettali.com\/wp-content\/uploads\/2023\/11\/58854160-43350351.jpg\" \/>\n\t<meta property=\"og:image:width\" content=\"755\" \/>\n\t<meta property=\"og:image:height\" content=\"449\" \/>\n<meta name=\"twitter:card\" content=\"summary_large_image\" \/>\n<meta name=\"twitter:label1\" content=\"\u00c9crit par\" \/>\n\t<meta name=\"twitter:data1\" content=\"Ibrahima\" \/>\n\t<meta name=\"twitter:label2\" content=\"Dur\u00e9e de lecture estim\u00e9e\" \/>\n\t<meta name=\"twitter:data2\" content=\"4 minutes\" \/>\n<script type=\"application\/ld+json\" class=\"yoast-schema-graph\">{\"@context\":\"https:\/\/schema.org\",\"@graph\":[{\"@type\":\"WebSite\",\"@id\":\"https:\/\/www.nettali.com\/#website\",\"url\":\"https:\/\/www.nettali.com\/\",\"name\":\"Nettali.com\",\"description\":\"Le rendez-vous critique du Net\",\"potentialAction\":[{\"@type\":\"SearchAction\",\"target\":{\"@type\":\"EntryPoint\",\"urlTemplate\":\"https:\/\/www.nettali.com\/?s={search_term_string}\"},\"query-input\":\"required name=search_term_string\"}],\"inLanguage\":\"fr-FR\"},{\"@type\":\"ImageObject\",\"@id\":\"https:\/\/www.nettali.com\/2023\/11\/05\/modou-diagne-fada-labsence-eventuelle-de-sonko-du-scrutin-ne-pourra-pas-rendre-les-elections-non-inclusives\/#primaryimage\",\"inLanguage\":\"fr-FR\",\"url\":\"https:\/\/www.nettali.com\/wp-content\/uploads\/2023\/11\/58854160-43350351.jpg\",\"contentUrl\":\"https:\/\/www.nettali.com\/wp-content\/uploads\/2023\/11\/58854160-43350351.jpg\",\"width\":755,\"height\":449},{\"@type\":\"WebPage\",\"@id\":\"https:\/\/www.nettali.com\/2023\/11\/05\/modou-diagne-fada-labsence-eventuelle-de-sonko-du-scrutin-ne-pourra-pas-rendre-les-elections-non-inclusives\/#webpage\",\"url\":\"https:\/\/www.nettali.com\/2023\/11\/05\/modou-diagne-fada-labsence-eventuelle-de-sonko-du-scrutin-ne-pourra-pas-rendre-les-elections-non-inclusives\/\",\"name\":\"MODOU DIAGNE FADA - \\\"L\\u2019absence \\u00e9ventuelle de Sonko du scrutin ne pourra pas rendre les \\u00e9lections non inclusives\\\" | Nettali.com\",\"isPartOf\":{\"@id\":\"https:\/\/www.nettali.com\/#website\"},\"primaryImageOfPage\":{\"@id\":\"https:\/\/www.nettali.com\/2023\/11\/05\/modou-diagne-fada-labsence-eventuelle-de-sonko-du-scrutin-ne-pourra-pas-rendre-les-elections-non-inclusives\/#primaryimage\"},\"datePublished\":\"2023-11-05T17:37:25+00:00\",\"dateModified\":\"2023-11-05T17:37:25+00:00\",\"author\":{\"@id\":\"https:\/\/www.nettali.com\/#\/schema\/person\/bb147657c2986240405a608162b9bb23\"},\"breadcrumb\":{\"@id\":\"https:\/\/www.nettali.com\/2023\/11\/05\/modou-diagne-fada-labsence-eventuelle-de-sonko-du-scrutin-ne-pourra-pas-rendre-les-elections-non-inclusives\/#breadcrumb\"},\"inLanguage\":\"fr-FR\",\"potentialAction\":[{\"@type\":\"ReadAction\",\"target\":[\"https:\/\/www.nettali.com\/2023\/11\/05\/modou-diagne-fada-labsence-eventuelle-de-sonko-du-scrutin-ne-pourra-pas-rendre-les-elections-non-inclusives\/\"]}]},{\"@type\":\"BreadcrumbList\",\"@id\":\"https:\/\/www.nettali.com\/2023\/11\/05\/modou-diagne-fada-labsence-eventuelle-de-sonko-du-scrutin-ne-pourra-pas-rendre-les-elections-non-inclusives\/#breadcrumb\",\"itemListElement\":[{\"@type\":\"ListItem\",\"position\":1,\"name\":\"Accueil\",\"item\":\"https:\/\/www.nettali.com\/\"},{\"@type\":\"ListItem\",\"position\":2,\"name\":\"MODOU DIAGNE FADA - \\\"L\\u2019absence \\u00e9ventuelle de Sonko du scrutin ne pourra pas rendre les \\u00e9lections non inclusives\\\"\"}]},{\"@type\":\"Person\",\"@id\":\"https:\/\/www.nettali.com\/#\/schema\/person\/bb147657c2986240405a608162b9bb23\",\"name\":\"Ibrahima\",\"image\":{\"@type\":\"ImageObject\",\"@id\":\"https:\/\/www.nettali.com\/#personlogo\",\"inLanguage\":\"fr-FR\",\"url\":\"https:\/\/secure.gravatar.com\/avatar\/26a8a81f09f0dd7624c9d5c36c9ba3a2?s=96&d=mm&r=g\",\"contentUrl\":\"https:\/\/secure.gravatar.com\/avatar\/26a8a81f09f0dd7624c9d5c36c9ba3a2?s=96&d=mm&r=g\",\"caption\":\"Ibrahima\"},\"sameAs\":[\"https:\/\/www.nettali.com\"]}]}<\/script>\n<!-- \/ Yoast SEO Premium plugin. -->","yoast_head_json":{"title":"MODOU DIAGNE FADA - \"L\u2019absence \u00e9ventuelle de Sonko du scrutin ne pourra pas rendre les \u00e9lections non inclusives\" | Nettali.com","robots":{"index":"index","follow":"follow","max-snippet":"max-snippet:-1","max-image-preview":"max-image-preview:large","max-video-preview":"max-video-preview:-1"},"canonical":"https:\/\/www.nettali.com\/2023\/11\/05\/modou-diagne-fada-labsence-eventuelle-de-sonko-du-scrutin-ne-pourra-pas-rendre-les-elections-non-inclusives\/","og_locale":"fr_FR","og_type":"article","og_title":"MODOU DIAGNE FADA - \"L\u2019absence \u00e9ventuelle de Sonko du scrutin ne pourra pas rendre les \u00e9lections non inclusives\"","og_description":"NETTALI.COM - Le ministre des Collectivit\u00e9s territoriales, Modou Diagne Fada, estime que l'absence \u00e9ventuelle du leader de l\u2019ex Pastef Ousmane Sonko, ne voudra pas dire que l'\u00e9lection n'est pas inclusive. Il s\u2019exprimait sur le plateau du \"Jury du dimanche\" sur Iradio. Le ministre des Collectivit\u00e9s territoriales, Modou Diagne Fada, par ailleurs leader du parti LDR\/Yessal, [&hellip;]","og_url":"https:\/\/www.nettali.com\/2023\/11\/05\/modou-diagne-fada-labsence-eventuelle-de-sonko-du-scrutin-ne-pourra-pas-rendre-les-elections-non-inclusives\/","og_site_name":"Nettali.com","article_publisher":"https:\/\/www.facebook.com\/nettalicom","article_published_time":"2023-11-05T17:37:25+00:00","og_image":[{"width":755,"height":449,"url":"https:\/\/www.nettali.com\/wp-content\/uploads\/2023\/11\/58854160-43350351.jpg","type":"image\/jpeg"}],"twitter_card":"summary_large_image","twitter_misc":{"\u00c9crit par":"Ibrahima","Dur\u00e9e de lecture estim\u00e9e":"4 minutes"},"schema":{"@context":"https:\/\/schema.org","@graph":[{"@type":"WebSite","@id":"https:\/\/www.nettali.com\/#website","url":"https:\/\/www.nettali.com\/","name":"Nettali.com","description":"Le rendez-vous critique du Net","potentialAction":[{"@type":"SearchAction","target":{"@type":"EntryPoint","urlTemplate":"https:\/\/www.nettali.com\/?s={search_term_string}"},"query-input":"required name=search_term_string"}],"inLanguage":"fr-FR"},{"@type":"ImageObject","@id":"https:\/\/www.nettali.com\/2023\/11\/05\/modou-diagne-fada-labsence-eventuelle-de-sonko-du-scrutin-ne-pourra-pas-rendre-les-elections-non-inclusives\/#primaryimage","inLanguage":"fr-FR","url":"https:\/\/www.nettali.com\/wp-content\/uploads\/2023\/11\/58854160-43350351.jpg","contentUrl":"https:\/\/www.nettali.com\/wp-content\/uploads\/2023\/11\/58854160-43350351.jpg","width":755,"height":449},{"@type":"WebPage","@id":"https:\/\/www.nettali.com\/2023\/11\/05\/modou-diagne-fada-labsence-eventuelle-de-sonko-du-scrutin-ne-pourra-pas-rendre-les-elections-non-inclusives\/#webpage","url":"https:\/\/www.nettali.com\/2023\/11\/05\/modou-diagne-fada-labsence-eventuelle-de-sonko-du-scrutin-ne-pourra-pas-rendre-les-elections-non-inclusives\/","name":"MODOU DIAGNE FADA - \"L\u2019absence \u00e9ventuelle de Sonko du scrutin ne pourra pas rendre les \u00e9lections non inclusives\" | Nettali.com","isPartOf":{"@id":"https:\/\/www.nettali.com\/#website"},"primaryImageOfPage":{"@id":"https:\/\/www.nettali.com\/2023\/11\/05\/modou-diagne-fada-labsence-eventuelle-de-sonko-du-scrutin-ne-pourra-pas-rendre-les-elections-non-inclusives\/#primaryimage"},"datePublished":"2023-11-05T17:37:25+00:00","dateModified":"2023-11-05T17:37:25+00:00","author":{"@id":"https:\/\/www.nettali.com\/#\/schema\/person\/bb147657c2986240405a608162b9bb23"},"breadcrumb":{"@id":"https:\/\/www.nettali.com\/2023\/11\/05\/modou-diagne-fada-labsence-eventuelle-de-sonko-du-scrutin-ne-pourra-pas-rendre-les-elections-non-inclusives\/#breadcrumb"},"inLanguage":"fr-FR","potentialAction":[{"@type":"ReadAction","target":["https:\/\/www.nettali.com\/2023\/11\/05\/modou-diagne-fada-labsence-eventuelle-de-sonko-du-scrutin-ne-pourra-pas-rendre-les-elections-non-inclusives\/"]}]},{"@type":"BreadcrumbList","@id":"https:\/\/www.nettali.com\/2023\/11\/05\/modou-diagne-fada-labsence-eventuelle-de-sonko-du-scrutin-ne-pourra-pas-rendre-les-elections-non-inclusives\/#breadcrumb","itemListElement":[{"@type":"ListItem","position":1,"name":"Accueil","item":"https:\/\/www.nettali.com\/"},{"@type":"ListItem","position":2,"name":"MODOU DIAGNE FADA - \"L\u2019absence \u00e9ventuelle de Sonko du scrutin ne pourra pas rendre les \u00e9lections non inclusives\""}]},{"@type":"Person","@id":"https:\/\/www.nettali.com\/#\/schema\/person\/bb147657c2986240405a608162b9bb23","name":"Ibrahima","image":{"@type":"ImageObject","@id":"https:\/\/www.nettali.com\/#personlogo","inLanguage":"fr-FR","url":"https:\/\/secure.gravatar.com\/avatar\/26a8a81f09f0dd7624c9d5c36c9ba3a2?s=96&d=mm&r=g","contentUrl":"https:\/\/secure.gravatar.com\/avatar\/26a8a81f09f0dd7624c9d5c36c9ba3a2?s=96&d=mm&r=g","caption":"Ibrahima"},"sameAs":["https:\/\/www.nettali.com"]}]}},"_links":{"self":[{"href":"https:\/\/www.nettali.com\/rest\/wp\/v2\/posts\/121292"}],"collection":[{"href":"https:\/\/www.nettali.com\/rest\/wp\/v2\/posts"}],"about":[{"href":"https:\/\/www.nettali.com\/rest\/wp\/v2\/types\/post"}],"author":[{"embeddable":true,"href":"https:\/\/www.nettali.com\/rest\/wp\/v2\/users\/5"}],"replies":[{"embeddable":true,"href":"https:\/\/www.nettali.com\/rest\/wp\/v2\/comments?post=121292"}],"version-history":[{"count":2,"href":"https:\/\/www.nettali.com\/rest\/wp\/v2\/posts\/121292\/revisions"}],"predecessor-version":[{"id":121297,"href":"https:\/\/www.nettali.com\/rest\/wp\/v2\/posts\/121292\/revisions\/121297"}],"wp:featuredmedia":[{"embeddable":true,"href":"https:\/\/www.nettali.com\/rest\/wp\/v2\/media\/121290"}],"wp:attachment":[{"href":"https:\/\/www.nettali.com\/rest\/wp\/v2\/media?parent=121292"}],"wp:term":[{"taxonomy":"category","embeddable":true,"href":"https:\/\/www.nettali.com\/rest\/wp\/v2\/categories?post=121292"},{"taxonomy":"post_tag","embeddable":true,"href":"https:\/\/www.nettali.com\/rest\/wp\/v2\/tags?post=121292"}],"curies":[{"name":"wp","href":"https:\/\/api.w.org\/{rel}","templated":true}]}}