{"id":121283,"date":"2023-11-05T15:15:49","date_gmt":"2023-11-05T15:15:49","guid":{"rendered":"https:\/\/www.nettali.com\/?p=121283"},"modified":"2023-11-05T15:15:49","modified_gmt":"2023-11-05T15:15:49","slug":"greve-des-collectivites-locales-les-promesses-du-ministre-modou-diagne-fada-aux-syndicalistes","status":"publish","type":"post","link":"https:\/\/www.nettali.com\/2023\/11\/05\/greve-des-collectivites-locales-les-promesses-du-ministre-modou-diagne-fada-aux-syndicalistes\/","title":{"rendered":"GR\u00c8VE DES COLLECTIVIT\u00c9S LOCALES- Les promesses du ministre Modou Diagne Fada aux syndicalistes"},"content":{"rendered":"<p><strong>NETTALI.COM- Invit\u00e9 sur le plateau de jury du dimanche de ce dimanche 05 octobre 2023, le nouveau ministre des Collectivit\u00e9s territoriales, Modou Diagne Fada, s\u2019est pench\u00e9 sur la gr\u00e8ve des travailleurs des collectivit\u00e9s territoriales. Il a promis une rencontre entre le Premier ministre et les syndicalistes afin de r\u00e9gler le probl\u00e8me.<\/strong><\/p>\n<p>Le syndicat national des travailleurs des collectivit\u00e9s territoriales observe une gr\u00e8ve depuis le mois de septembre pour une augmentation g\u00e9n\u00e9ralis\u00e9e des salaires de la fonction publique locale. Face au jury du dimanche, le ministre des Collectivit\u00e9s territoriales, de l\u2019Am\u00e9nagement et du D\u00e9veloppement des territoires, a recounnu que l\u2019\u00e9tat des n\u00e9gociations ne semblent pas avancer mais tout se passe bien entre le l\u2019\u00c9tat et l\u2019intersyndicale. C'est pourquoi, assure-t-il, \u00ab <em>nous travaillons \u00e0 organiser la rencontre entre le Premier ministre (Amadou B\u00e2) et l\u2019intersyndicale<\/em> \u00bb. \u00ab <em>J\u2019ai d\u00e9j\u00e0 fait d\u00e9poser le courrier qui renseigne sur l\u2019\u00e9tat du recensement du personnel des collectivit\u00e9s territoriales. J\u2019ai moi-m\u00eame \u00e9t\u00e9 \u00e0 la rencontre avec le Premier ministre qui s\u2019est tenu r\u00e9cemment \u00e0 Mbour, quand il recevait les maires et pr\u00e9sidents de d\u00e9partement de la r\u00e9gion de Thi\u00e8s. C\u2019\u00e9tait jeudi pass\u00e9. Il a profit\u00e9 de cette rencontre pour dire qu\u2019il va recevoir dans les meilleurs d\u00e9lais l\u2019intersyndicale<\/em> \u00bb tente-t-il de convaincre.<\/p>\n<p>A en croire toujours la tutelle, L\u2019\u00c9tat est pr\u00eat sur un certain nombre de choses. \u00ab <em>J\u2019ai bon espoir que quand ils vont \u00e9valuer apr\u00e8s la rencontre avec le Premier ministre, ils trouveront des arguments pour apaiser le climat, pour que les travailleurs des Collectivit\u00e9s territoriales retournent dans leur lieu de travail<\/em> \u00bb soutient-il.<\/p>\n<p>Par ailleurs, l\u2019ancien directeur de la Sonacos note que les syndicalistes sont des gens tr\u00e8s fermes sur leurs positions mais qui sont aussi tr\u00e8s courtois, tr\u00e8s responsables. \u00ab <em>Ils sont conscients de ce qui peut \u00eatre fait maintenant, et ce qui ne peut pas \u00eatre fait. \u00c0 partir de cette rencontre, j\u2019esp\u00e8re qu\u2019ils suspendent leur mot d\u2019ordre de gr\u00e8ve. C\u2019est le but recherch\u00e9<\/em> \u00bb a-t-il ajout\u00e9<\/p>\n<p>Modou Diagne Fada reconna\u00eet aussi que la gr\u00e8ve a des effets. Toutefois, il estime que quand qu\u2019ils sont arriv\u00e9s , il y\u2019a eu un assouplissement . \u00ab <em>La semaine o\u00f9 j\u2019ai \u00e9t\u00e9 nomm\u00e9, ils ont d\u00e9cr\u00e9t\u00e9 120 heures de gr\u00e8ve. Quand nous les avons rencontr\u00e9s, nous avons discut\u00e9 avec eux, et le premier mot d\u2019ordre apr\u00e8s cette rencontre, c\u2019\u00e9tait 48 heures. Aujourd\u2019hui, ils ont sorti un communiqu\u00e9 pour se f\u00e9liciter d\u00e9j\u00e0 de l\u2019\u00e9tat d\u2019avancement du dossier parce qu\u2019ils savent que je suis engag\u00e9 \u00e0 organiser la rencontre avec le Premier ministre. Ils ont maintenu l\u2019assouplissement en ne d\u00e9cr\u00e9tant que 48 heures. \u00e7a s\u2019am\u00e9liore petit \u00e0 petit. Mais, l\u2019objectif est un arr\u00eat durable de la gr\u00e8ve<\/em> \u00bb, a martel\u00e9 le ministre. Non sans rappeler les points de revendications qui selon lui porte que sur un seul point : \u00ab <em>Quand on a augment\u00e9 le salaire des travailleurs de la Fonction publique, des enseignants, m\u00e9decins et autres, il existe maintenant au S\u00e9n\u00e9gal ce qu\u2019on appelle la Fonction publique locale. Dans les textes qui r\u00e9gissent cette Fonction publique locale, ils disent qu\u2019\u00e0 chaque fois qu\u2019on revalorise les salaires des fonctionnaires, on devrait aussi en faire de m\u00eame pour les travailleurs r\u00e9gis par la Fonction publique locale. Ils se fondent sur la loi, et nous pensons que c\u2019est un point qu\u2019il faut adresser. Il faut engager des discussions autour de ce point revendicatif pour lui trouver une solution<\/em> \u00bb a-t-il soulign\u00e9.<\/p>\n<p>Avant d\u2019ajouter : \u00ab<em> Il faut rappeler que les travailleurs sont employ\u00e9s par les collectivit\u00e9s territoriales (d\u00e9partements, villes, communes). Nous pensons qu\u2019il y a des communes qui devraient avoir les moyens financiers pour pouvoir assurer la revalorisation des salaires. D\u2019autres, par contre, n\u2019en ont pas les moyens<\/em> \u00bb.<\/p>\n<div class='share-to-whatsapp-wrapper'><div class='share-on-whsp'>PARTAGER SUR : <\/div><a data-text='GR\u00c8VE DES COLLECTIVIT\u00c9S LOCALES- Les promesses du ministre Modou Diagne Fada aux syndicalistes' data-link='https:\/\/www.nettali.com\/2023\/11\/05\/greve-des-collectivites-locales-les-promesses-du-ministre-modou-diagne-fada-aux-syndicalistes\/' class='whatsapp-button whatsapp-share'>WhatsApp<\/a><div class='clear '><\/div><\/div>","protected":false},"excerpt":{"rendered":"<p>NETTALI.COM- Invit\u00e9 sur le plateau de jury du dimanche de ce dimanche 05 octobre 2023, le nouveau ministre des Collectivit\u00e9s territoriales, Modou Diagne Fada, s\u2019est pench\u00e9 sur la gr\u00e8ve des travailleurs des collectivit\u00e9s territoriales. Il a promis une rencontre entre le Premier ministre et les syndicalistes afin de r\u00e9gler le probl\u00e8me. Le syndicat national des [&hellip;]<\/p>\n","protected":false},"author":6,"featured_media":55747,"comment_status":"open","ping_status":"open","sticky":false,"template":"","format":"standard","meta":{"_et_pb_use_builder":"","_et_pb_old_content":""},"categories":[3],"tags":[],"yoast_head":"<!-- This site is optimized with the Yoast SEO Premium plugin v17.8 (Yoast SEO v17.8) - https:\/\/yoast.com\/wordpress\/plugins\/seo\/ -->\n<title>GR\u00c8VE DES COLLECTIVIT\u00c9S LOCALES- Les promesses du ministre Modou Diagne Fada aux syndicalistes | Nettali.com<\/title>\n<meta name=\"robots\" content=\"index, follow, max-snippet:-1, max-image-preview:large, max-video-preview:-1\" \/>\n<link rel=\"canonical\" href=\"https:\/\/www.nettali.com\/2023\/11\/05\/greve-des-collectivites-locales-les-promesses-du-ministre-modou-diagne-fada-aux-syndicalistes\/\" \/>\n<meta property=\"og:locale\" content=\"fr_FR\" \/>\n<meta property=\"og:type\" content=\"article\" \/>\n<meta property=\"og:title\" content=\"GR\u00c8VE DES COLLECTIVIT\u00c9S LOCALES- Les promesses du ministre Modou Diagne Fada aux syndicalistes\" \/>\n<meta property=\"og:description\" content=\"NETTALI.COM- Invit\u00e9 sur le plateau de jury du dimanche de ce dimanche 05 octobre 2023, le nouveau ministre des Collectivit\u00e9s territoriales, Modou Diagne Fada, s\u2019est pench\u00e9 sur la gr\u00e8ve des travailleurs des collectivit\u00e9s territoriales. Il a promis une rencontre entre le Premier ministre et les syndicalistes afin de r\u00e9gler le probl\u00e8me. Le syndicat national des [&hellip;]\" \/>\n<meta property=\"og:url\" content=\"https:\/\/www.nettali.com\/2023\/11\/05\/greve-des-collectivites-locales-les-promesses-du-ministre-modou-diagne-fada-aux-syndicalistes\/\" \/>\n<meta property=\"og:site_name\" content=\"Nettali.com\" \/>\n<meta property=\"article:publisher\" content=\"https:\/\/www.facebook.com\/nettalicom\" \/>\n<meta property=\"article:published_time\" content=\"2023-11-05T15:15:49+00:00\" \/>\n<meta property=\"og:image\" content=\"https:\/\/www.nettali.com\/wp-content\/uploads\/2021\/01\/Modou_Diagne_Fada.jpg\" \/>\n\t<meta property=\"og:image:width\" content=\"800\" \/>\n\t<meta property=\"og:image:height\" content=\"447\" \/>\n<meta name=\"twitter:card\" content=\"summary_large_image\" \/>\n<meta name=\"twitter:label1\" content=\"\u00c9crit par\" \/>\n\t<meta name=\"twitter:data1\" content=\"Fatou\" \/>\n\t<meta name=\"twitter:label2\" content=\"Dur\u00e9e de lecture estim\u00e9e\" \/>\n\t<meta name=\"twitter:data2\" content=\"4 minutes\" \/>\n<script type=\"application\/ld+json\" class=\"yoast-schema-graph\">{\"@context\":\"https:\/\/schema.org\",\"@graph\":[{\"@type\":\"WebSite\",\"@id\":\"https:\/\/www.nettali.com\/#website\",\"url\":\"https:\/\/www.nettali.com\/\",\"name\":\"Nettali.com\",\"description\":\"Le rendez-vous critique du Net\",\"potentialAction\":[{\"@type\":\"SearchAction\",\"target\":{\"@type\":\"EntryPoint\",\"urlTemplate\":\"https:\/\/www.nettali.com\/?s={search_term_string}\"},\"query-input\":\"required name=search_term_string\"}],\"inLanguage\":\"fr-FR\"},{\"@type\":\"ImageObject\",\"@id\":\"https:\/\/www.nettali.com\/2023\/11\/05\/greve-des-collectivites-locales-les-promesses-du-ministre-modou-diagne-fada-aux-syndicalistes\/#primaryimage\",\"inLanguage\":\"fr-FR\",\"url\":\"https:\/\/www.nettali.com\/wp-content\/uploads\/2021\/01\/Modou_Diagne_Fada.jpg\",\"contentUrl\":\"https:\/\/www.nettali.com\/wp-content\/uploads\/2021\/01\/Modou_Diagne_Fada.jpg\",\"width\":800,\"height\":447},{\"@type\":\"WebPage\",\"@id\":\"https:\/\/www.nettali.com\/2023\/11\/05\/greve-des-collectivites-locales-les-promesses-du-ministre-modou-diagne-fada-aux-syndicalistes\/#webpage\",\"url\":\"https:\/\/www.nettali.com\/2023\/11\/05\/greve-des-collectivites-locales-les-promesses-du-ministre-modou-diagne-fada-aux-syndicalistes\/\",\"name\":\"GR\\u00c8VE DES COLLECTIVIT\\u00c9S LOCALES- Les promesses du ministre Modou Diagne Fada aux syndicalistes | Nettali.com\",\"isPartOf\":{\"@id\":\"https:\/\/www.nettali.com\/#website\"},\"primaryImageOfPage\":{\"@id\":\"https:\/\/www.nettali.com\/2023\/11\/05\/greve-des-collectivites-locales-les-promesses-du-ministre-modou-diagne-fada-aux-syndicalistes\/#primaryimage\"},\"datePublished\":\"2023-11-05T15:15:49+00:00\",\"dateModified\":\"2023-11-05T15:15:49+00:00\",\"author\":{\"@id\":\"https:\/\/www.nettali.com\/#\/schema\/person\/418274a86bdf87caff7a3ef476bd0bbf\"},\"breadcrumb\":{\"@id\":\"https:\/\/www.nettali.com\/2023\/11\/05\/greve-des-collectivites-locales-les-promesses-du-ministre-modou-diagne-fada-aux-syndicalistes\/#breadcrumb\"},\"inLanguage\":\"fr-FR\",\"potentialAction\":[{\"@type\":\"ReadAction\",\"target\":[\"https:\/\/www.nettali.com\/2023\/11\/05\/greve-des-collectivites-locales-les-promesses-du-ministre-modou-diagne-fada-aux-syndicalistes\/\"]}]},{\"@type\":\"BreadcrumbList\",\"@id\":\"https:\/\/www.nettali.com\/2023\/11\/05\/greve-des-collectivites-locales-les-promesses-du-ministre-modou-diagne-fada-aux-syndicalistes\/#breadcrumb\",\"itemListElement\":[{\"@type\":\"ListItem\",\"position\":1,\"name\":\"Accueil\",\"item\":\"https:\/\/www.nettali.com\/\"},{\"@type\":\"ListItem\",\"position\":2,\"name\":\"GR\\u00c8VE DES COLLECTIVIT\\u00c9S LOCALES- Les promesses du ministre Modou Diagne Fada aux syndicalistes\"}]},{\"@type\":\"Person\",\"@id\":\"https:\/\/www.nettali.com\/#\/schema\/person\/418274a86bdf87caff7a3ef476bd0bbf\",\"name\":\"Fatou\",\"image\":{\"@type\":\"ImageObject\",\"@id\":\"https:\/\/www.nettali.com\/#personlogo\",\"inLanguage\":\"fr-FR\",\"url\":\"https:\/\/secure.gravatar.com\/avatar\/5a9442a2bee7b4dcf167cab035858e9a?s=96&d=mm&r=g\",\"contentUrl\":\"https:\/\/secure.gravatar.com\/avatar\/5a9442a2bee7b4dcf167cab035858e9a?s=96&d=mm&r=g\",\"caption\":\"Fatou\"},\"sameAs\":[\"https:\/\/www.nettali.com\"]}]}<\/script>\n<!-- \/ Yoast SEO Premium plugin. -->","yoast_head_json":{"title":"GR\u00c8VE DES COLLECTIVIT\u00c9S LOCALES- Les promesses du ministre Modou Diagne Fada aux syndicalistes | Nettali.com","robots":{"index":"index","follow":"follow","max-snippet":"max-snippet:-1","max-image-preview":"max-image-preview:large","max-video-preview":"max-video-preview:-1"},"canonical":"https:\/\/www.nettali.com\/2023\/11\/05\/greve-des-collectivites-locales-les-promesses-du-ministre-modou-diagne-fada-aux-syndicalistes\/","og_locale":"fr_FR","og_type":"article","og_title":"GR\u00c8VE DES COLLECTIVIT\u00c9S LOCALES- Les promesses du ministre Modou Diagne Fada aux syndicalistes","og_description":"NETTALI.COM- Invit\u00e9 sur le plateau de jury du dimanche de ce dimanche 05 octobre 2023, le nouveau ministre des Collectivit\u00e9s territoriales, Modou Diagne Fada, s\u2019est pench\u00e9 sur la gr\u00e8ve des travailleurs des collectivit\u00e9s territoriales. Il a promis une rencontre entre le Premier ministre et les syndicalistes afin de r\u00e9gler le probl\u00e8me. Le syndicat national des [&hellip;]","og_url":"https:\/\/www.nettali.com\/2023\/11\/05\/greve-des-collectivites-locales-les-promesses-du-ministre-modou-diagne-fada-aux-syndicalistes\/","og_site_name":"Nettali.com","article_publisher":"https:\/\/www.facebook.com\/nettalicom","article_published_time":"2023-11-05T15:15:49+00:00","og_image":[{"width":800,"height":447,"url":"https:\/\/www.nettali.com\/wp-content\/uploads\/2021\/01\/Modou_Diagne_Fada.jpg","type":"image\/jpeg"}],"twitter_card":"summary_large_image","twitter_misc":{"\u00c9crit par":"Fatou","Dur\u00e9e de lecture estim\u00e9e":"4 minutes"},"schema":{"@context":"https:\/\/schema.org","@graph":[{"@type":"WebSite","@id":"https:\/\/www.nettali.com\/#website","url":"https:\/\/www.nettali.com\/","name":"Nettali.com","description":"Le rendez-vous critique du Net","potentialAction":[{"@type":"SearchAction","target":{"@type":"EntryPoint","urlTemplate":"https:\/\/www.nettali.com\/?s={search_term_string}"},"query-input":"required name=search_term_string"}],"inLanguage":"fr-FR"},{"@type":"ImageObject","@id":"https:\/\/www.nettali.com\/2023\/11\/05\/greve-des-collectivites-locales-les-promesses-du-ministre-modou-diagne-fada-aux-syndicalistes\/#primaryimage","inLanguage":"fr-FR","url":"https:\/\/www.nettali.com\/wp-content\/uploads\/2021\/01\/Modou_Diagne_Fada.jpg","contentUrl":"https:\/\/www.nettali.com\/wp-content\/uploads\/2021\/01\/Modou_Diagne_Fada.jpg","width":800,"height":447},{"@type":"WebPage","@id":"https:\/\/www.nettali.com\/2023\/11\/05\/greve-des-collectivites-locales-les-promesses-du-ministre-modou-diagne-fada-aux-syndicalistes\/#webpage","url":"https:\/\/www.nettali.com\/2023\/11\/05\/greve-des-collectivites-locales-les-promesses-du-ministre-modou-diagne-fada-aux-syndicalistes\/","name":"GR\u00c8VE DES COLLECTIVIT\u00c9S LOCALES- Les promesses du ministre Modou Diagne Fada aux syndicalistes | Nettali.com","isPartOf":{"@id":"https:\/\/www.nettali.com\/#website"},"primaryImageOfPage":{"@id":"https:\/\/www.nettali.com\/2023\/11\/05\/greve-des-collectivites-locales-les-promesses-du-ministre-modou-diagne-fada-aux-syndicalistes\/#primaryimage"},"datePublished":"2023-11-05T15:15:49+00:00","dateModified":"2023-11-05T15:15:49+00:00","author":{"@id":"https:\/\/www.nettali.com\/#\/schema\/person\/418274a86bdf87caff7a3ef476bd0bbf"},"breadcrumb":{"@id":"https:\/\/www.nettali.com\/2023\/11\/05\/greve-des-collectivites-locales-les-promesses-du-ministre-modou-diagne-fada-aux-syndicalistes\/#breadcrumb"},"inLanguage":"fr-FR","potentialAction":[{"@type":"ReadAction","target":["https:\/\/www.nettali.com\/2023\/11\/05\/greve-des-collectivites-locales-les-promesses-du-ministre-modou-diagne-fada-aux-syndicalistes\/"]}]},{"@type":"BreadcrumbList","@id":"https:\/\/www.nettali.com\/2023\/11\/05\/greve-des-collectivites-locales-les-promesses-du-ministre-modou-diagne-fada-aux-syndicalistes\/#breadcrumb","itemListElement":[{"@type":"ListItem","position":1,"name":"Accueil","item":"https:\/\/www.nettali.com\/"},{"@type":"ListItem","position":2,"name":"GR\u00c8VE DES COLLECTIVIT\u00c9S LOCALES- Les promesses du ministre Modou Diagne Fada aux syndicalistes"}]},{"@type":"Person","@id":"https:\/\/www.nettali.com\/#\/schema\/person\/418274a86bdf87caff7a3ef476bd0bbf","name":"Fatou","image":{"@type":"ImageObject","@id":"https:\/\/www.nettali.com\/#personlogo","inLanguage":"fr-FR","url":"https:\/\/secure.gravatar.com\/avatar\/5a9442a2bee7b4dcf167cab035858e9a?s=96&d=mm&r=g","contentUrl":"https:\/\/secure.gravatar.com\/avatar\/5a9442a2bee7b4dcf167cab035858e9a?s=96&d=mm&r=g","caption":"Fatou"},"sameAs":["https:\/\/www.nettali.com"]}]}},"_links":{"self":[{"href":"https:\/\/www.nettali.com\/rest\/wp\/v2\/posts\/121283"}],"collection":[{"href":"https:\/\/www.nettali.com\/rest\/wp\/v2\/posts"}],"about":[{"href":"https:\/\/www.nettali.com\/rest\/wp\/v2\/types\/post"}],"author":[{"embeddable":true,"href":"https:\/\/www.nettali.com\/rest\/wp\/v2\/users\/6"}],"replies":[{"embeddable":true,"href":"https:\/\/www.nettali.com\/rest\/wp\/v2\/comments?post=121283"}],"version-history":[{"count":2,"href":"https:\/\/www.nettali.com\/rest\/wp\/v2\/posts\/121283\/revisions"}],"predecessor-version":[{"id":121291,"href":"https:\/\/www.nettali.com\/rest\/wp\/v2\/posts\/121283\/revisions\/121291"}],"wp:featuredmedia":[{"embeddable":true,"href":"https:\/\/www.nettali.com\/rest\/wp\/v2\/media\/55747"}],"wp:attachment":[{"href":"https:\/\/www.nettali.com\/rest\/wp\/v2\/media?parent=121283"}],"wp:term":[{"taxonomy":"category","embeddable":true,"href":"https:\/\/www.nettali.com\/rest\/wp\/v2\/categories?post=121283"},{"taxonomy":"post_tag","embeddable":true,"href":"https:\/\/www.nettali.com\/rest\/wp\/v2\/tags?post=121283"}],"curies":[{"name":"wp","href":"https:\/\/api.w.org\/{rel}","templated":true}]}}