{"id":121230,"date":"2023-11-03T20:26:54","date_gmt":"2023-11-03T20:26:54","guid":{"rendered":"https:\/\/www.nettali.com\/?p=121230"},"modified":"2023-11-05T17:40:31","modified_gmt":"2023-11-05T17:40:31","slug":"cena-macky-sall-met-fin-aux-fonctions-de-doudou-ndir","status":"publish","type":"post","link":"https:\/\/www.nettali.com\/2023\/11\/03\/cena-macky-sall-met-fin-aux-fonctions-de-doudou-ndir\/","title":{"rendered":"CENA - Macky Sall met fin aux fonctions de Doudou Ndir"},"content":{"rendered":"<p><strong>NETTALI.COM - Doudou Ndir n'est plus le pr\u00e9sident de la Commission \u00e9lectorale nationale autonome (CENA). Le pr\u00e9sident de la R\u00e9publique a mis fin \u00e0 ses fonctions, ce vendredi 3 novembre. Il est remplac\u00e9 par Abdoulaye Sylla, Inspecteur g\u00e9n\u00e9ral d'Etat \u00e0 la retraite.\u00a0<\/strong><\/p>\n<p>C'est un communiqu\u00e9 laconique de la pr\u00e9sidence de la R\u00e9publique qui donne la nouvelle en d\u00e9but de soir\u00e9e. Doudou Ndir quitte ainsi ses fonctions de pr\u00e9sident de la Commission \u00e9lectorale nationale autonome (CENA).<\/p>\n<p>Dans ledit communiqu\u00e9, il est indiqu\u00e9 que \"<em>le pr\u00e9sident de la R\u00e9publique a nomm\u00e9, par d\u00e9cret n\u00b02023-2152 du 03 novembre 2023, les nouveaux membres de la Commission \u00e9lectorale nationale autonome (CENA), \u00e0 l'expiration des mandats des membres sortants<\/em>\". Et la m\u00eame source d'ajouter: \"<em>Le chef de l'Etat a, par ailleurs, nomm\u00e9 Monsieur Abdoulaye Sylla, Inspecteur d'Etat \u00e0 la retraite, et Monsieur Ndary Tour\u00e9, magistrat \u00e0 la retraite, respectivement pr\u00e9sident et vice-pr\u00e9sident de la Commission \u00e9lectorale nationale autonome.<\/em>\"<\/p>\n<p>En r\u00e9alit\u00e9, le mandat de Doudou Ndir a expir\u00e9 depuis... 2011, mais le Pr\u00e9sident Macky Sall l'a toujours maintenu \u00e0 son poste en d\u00e9pit des critiques et contestations de l'opposition et de certains \u00e9l\u00e9ments de la soci\u00e9t\u00e9 civile.<\/p>\n<p>Un d\u00e9part qui intervient dans un contexte assez charg\u00e9. En effet, il y a quelques jours, la Commission \u00e9lectorale nationale autonome, saisie par les avocats d'Ousmane Sonko, a fait injonction \u00e0 la Direction g\u00e9n\u00e9rale des \u00e9lections (DGE) de d\u00e9livrer des fiches de parrainage au leader de Pastef. Ce que la DGE a tout bonnement refus\u00e9. Et les avocats de Sonko a saisi la CENA une nouvelle fois. Et pour cause, d'apr\u00e8s de nombreux observateurs, la CENA allait user de son pouvoir pour se substituer \u00e0 la DGE et donner des fiches de parrainage au mandataire d\u00e9sign\u00e9 par Ousmane Sonko.<\/p>\n<p>Maintenant que Doudou Ndir est parti, reste \u00e0 savoir ce que fera la nouvelle \u00e9quipe dirig\u00e9e par l'Inspecteur g\u00e9n\u00e9ral d'Etat \u00e0 la retraite Abdoulaye Sylla.<\/p>\n<p><img loading=\"lazy\" class=\"alignnone size-full wp-image-121241\" src=\"https:\/\/www.nettali.com\/wp-content\/uploads\/2023\/11\/WhatsApp-Image-2023-11-03-at-21.29.23.jpeg\" alt=\"\" width=\"859\" height=\"618\" srcset=\"https:\/\/www.nettali.com\/wp-content\/uploads\/2023\/11\/WhatsApp-Image-2023-11-03-at-21.29.23.jpeg 859w, https:\/\/www.nettali.com\/wp-content\/uploads\/2023\/11\/WhatsApp-Image-2023-11-03-at-21.29.23-300x216.jpeg 300w, https:\/\/www.nettali.com\/wp-content\/uploads\/2023\/11\/WhatsApp-Image-2023-11-03-at-21.29.23-768x553.jpeg 768w\" sizes=\"(max-width: 859px) 100vw, 859px\" \/><\/p>\n<p>&nbsp;<\/p>\n<div class='share-to-whatsapp-wrapper'><div class='share-on-whsp'>PARTAGER SUR : <\/div><a data-text='CENA - Macky Sall met fin aux fonctions de Doudou Ndir' data-link='https:\/\/www.nettali.com\/2023\/11\/03\/cena-macky-sall-met-fin-aux-fonctions-de-doudou-ndir\/' class='whatsapp-button whatsapp-share'>WhatsApp<\/a><div class='clear '><\/div><\/div>","protected":false},"excerpt":{"rendered":"<p>NETTALI.COM - Doudou Ndir n'est plus le pr\u00e9sident de la Commission \u00e9lectorale nationale autonome (CENA). Le pr\u00e9sident de la R\u00e9publique a mis fin \u00e0 ses fonctions, ce vendredi 3 novembre. Il est remplac\u00e9 par Abdoulaye Sylla, Inspecteur g\u00e9n\u00e9ral d'Etat \u00e0 la retraite.\u00a0 C'est un communiqu\u00e9 laconique de la pr\u00e9sidence de la R\u00e9publique qui donne la [&hellip;]<\/p>\n","protected":false},"author":3,"featured_media":121069,"comment_status":"open","ping_status":"open","sticky":false,"template":"","format":"standard","meta":{"_et_pb_use_builder":"","_et_pb_old_content":""},"categories":[2],"tags":[],"yoast_head":"<!-- This site is optimized with the Yoast SEO Premium plugin v17.8 (Yoast SEO v17.8) - https:\/\/yoast.com\/wordpress\/plugins\/seo\/ -->\n<title>CENA - Macky Sall met fin aux fonctions de Doudou Ndir | Nettali.com<\/title>\n<meta name=\"robots\" content=\"index, follow, max-snippet:-1, max-image-preview:large, max-video-preview:-1\" \/>\n<link rel=\"canonical\" href=\"https:\/\/www.nettali.com\/2023\/11\/03\/cena-macky-sall-met-fin-aux-fonctions-de-doudou-ndir\/\" \/>\n<meta property=\"og:locale\" content=\"fr_FR\" \/>\n<meta property=\"og:type\" content=\"article\" \/>\n<meta property=\"og:title\" content=\"CENA - Macky Sall met fin aux fonctions de Doudou Ndir\" \/>\n<meta property=\"og:description\" content=\"NETTALI.COM - Doudou Ndir n&#039;est plus le pr\u00e9sident de la Commission \u00e9lectorale nationale autonome (CENA). Le pr\u00e9sident de la R\u00e9publique a mis fin \u00e0 ses fonctions, ce vendredi 3 novembre. Il est remplac\u00e9 par Abdoulaye Sylla, Inspecteur g\u00e9n\u00e9ral d&#039;Etat \u00e0 la retraite.\u00a0 C&#039;est un communiqu\u00e9 laconique de la pr\u00e9sidence de la R\u00e9publique qui donne la [&hellip;]\" \/>\n<meta property=\"og:url\" content=\"https:\/\/www.nettali.com\/2023\/11\/03\/cena-macky-sall-met-fin-aux-fonctions-de-doudou-ndir\/\" \/>\n<meta property=\"og:site_name\" content=\"Nettali.com\" \/>\n<meta property=\"article:publisher\" content=\"https:\/\/www.facebook.com\/nettalicom\" \/>\n<meta property=\"article:published_time\" content=\"2023-11-03T20:26:54+00:00\" \/>\n<meta property=\"article:modified_time\" content=\"2023-11-05T17:40:31+00:00\" \/>\n<meta property=\"og:image\" content=\"https:\/\/www.nettali.com\/wp-content\/uploads\/2023\/10\/Doudou-Ndir.jpg\" \/>\n\t<meta property=\"og:image:width\" content=\"720\" \/>\n\t<meta property=\"og:image:height\" content=\"480\" \/>\n<meta name=\"twitter:card\" content=\"summary_large_image\" \/>\n<meta name=\"twitter:label1\" content=\"\u00c9crit par\" \/>\n\t<meta name=\"twitter:data1\" content=\"Moustapha\" \/>\n\t<meta name=\"twitter:label2\" content=\"Dur\u00e9e de lecture estim\u00e9e\" \/>\n\t<meta name=\"twitter:data2\" content=\"2 minutes\" \/>\n<script type=\"application\/ld+json\" class=\"yoast-schema-graph\">{\"@context\":\"https:\/\/schema.org\",\"@graph\":[{\"@type\":\"WebSite\",\"@id\":\"https:\/\/www.nettali.com\/#website\",\"url\":\"https:\/\/www.nettali.com\/\",\"name\":\"Nettali.com\",\"description\":\"Le rendez-vous critique du Net\",\"potentialAction\":[{\"@type\":\"SearchAction\",\"target\":{\"@type\":\"EntryPoint\",\"urlTemplate\":\"https:\/\/www.nettali.com\/?s={search_term_string}\"},\"query-input\":\"required name=search_term_string\"}],\"inLanguage\":\"fr-FR\"},{\"@type\":\"ImageObject\",\"@id\":\"https:\/\/www.nettali.com\/2023\/11\/03\/cena-macky-sall-met-fin-aux-fonctions-de-doudou-ndir\/#primaryimage\",\"inLanguage\":\"fr-FR\",\"url\":\"https:\/\/www.nettali.com\/wp-content\/uploads\/2023\/10\/Doudou-Ndir.jpg\",\"contentUrl\":\"https:\/\/www.nettali.com\/wp-content\/uploads\/2023\/10\/Doudou-Ndir.jpg\",\"width\":720,\"height\":480},{\"@type\":\"WebPage\",\"@id\":\"https:\/\/www.nettali.com\/2023\/11\/03\/cena-macky-sall-met-fin-aux-fonctions-de-doudou-ndir\/#webpage\",\"url\":\"https:\/\/www.nettali.com\/2023\/11\/03\/cena-macky-sall-met-fin-aux-fonctions-de-doudou-ndir\/\",\"name\":\"CENA - Macky Sall met fin aux fonctions de Doudou Ndir | Nettali.com\",\"isPartOf\":{\"@id\":\"https:\/\/www.nettali.com\/#website\"},\"primaryImageOfPage\":{\"@id\":\"https:\/\/www.nettali.com\/2023\/11\/03\/cena-macky-sall-met-fin-aux-fonctions-de-doudou-ndir\/#primaryimage\"},\"datePublished\":\"2023-11-03T20:26:54+00:00\",\"dateModified\":\"2023-11-05T17:40:31+00:00\",\"author\":{\"@id\":\"https:\/\/www.nettali.com\/#\/schema\/person\/7962a12a6e0267f88f0ffa544c36469a\"},\"breadcrumb\":{\"@id\":\"https:\/\/www.nettali.com\/2023\/11\/03\/cena-macky-sall-met-fin-aux-fonctions-de-doudou-ndir\/#breadcrumb\"},\"inLanguage\":\"fr-FR\",\"potentialAction\":[{\"@type\":\"ReadAction\",\"target\":[\"https:\/\/www.nettali.com\/2023\/11\/03\/cena-macky-sall-met-fin-aux-fonctions-de-doudou-ndir\/\"]}]},{\"@type\":\"BreadcrumbList\",\"@id\":\"https:\/\/www.nettali.com\/2023\/11\/03\/cena-macky-sall-met-fin-aux-fonctions-de-doudou-ndir\/#breadcrumb\",\"itemListElement\":[{\"@type\":\"ListItem\",\"position\":1,\"name\":\"Accueil\",\"item\":\"https:\/\/www.nettali.com\/\"},{\"@type\":\"ListItem\",\"position\":2,\"name\":\"CENA - Macky Sall met fin aux fonctions de Doudou Ndir\"}]},{\"@type\":\"Person\",\"@id\":\"https:\/\/www.nettali.com\/#\/schema\/person\/7962a12a6e0267f88f0ffa544c36469a\",\"name\":\"Moustapha\",\"image\":{\"@type\":\"ImageObject\",\"@id\":\"https:\/\/www.nettali.com\/#personlogo\",\"inLanguage\":\"fr-FR\",\"url\":\"https:\/\/secure.gravatar.com\/avatar\/10fdf6a071cccdcf374e3dbe45159590?s=96&d=mm&r=g\",\"contentUrl\":\"https:\/\/secure.gravatar.com\/avatar\/10fdf6a071cccdcf374e3dbe45159590?s=96&d=mm&r=g\",\"caption\":\"Moustapha\"},\"sameAs\":[\"https:\/\/www.nettali.com\"]}]}<\/script>\n<!-- \/ Yoast SEO Premium plugin. -->","yoast_head_json":{"title":"CENA - Macky Sall met fin aux fonctions de Doudou Ndir | Nettali.com","robots":{"index":"index","follow":"follow","max-snippet":"max-snippet:-1","max-image-preview":"max-image-preview:large","max-video-preview":"max-video-preview:-1"},"canonical":"https:\/\/www.nettali.com\/2023\/11\/03\/cena-macky-sall-met-fin-aux-fonctions-de-doudou-ndir\/","og_locale":"fr_FR","og_type":"article","og_title":"CENA - Macky Sall met fin aux fonctions de Doudou Ndir","og_description":"NETTALI.COM - Doudou Ndir n'est plus le pr\u00e9sident de la Commission \u00e9lectorale nationale autonome (CENA). Le pr\u00e9sident de la R\u00e9publique a mis fin \u00e0 ses fonctions, ce vendredi 3 novembre. Il est remplac\u00e9 par Abdoulaye Sylla, Inspecteur g\u00e9n\u00e9ral d'Etat \u00e0 la retraite.\u00a0 C'est un communiqu\u00e9 laconique de la pr\u00e9sidence de la R\u00e9publique qui donne la [&hellip;]","og_url":"https:\/\/www.nettali.com\/2023\/11\/03\/cena-macky-sall-met-fin-aux-fonctions-de-doudou-ndir\/","og_site_name":"Nettali.com","article_publisher":"https:\/\/www.facebook.com\/nettalicom","article_published_time":"2023-11-03T20:26:54+00:00","article_modified_time":"2023-11-05T17:40:31+00:00","og_image":[{"width":720,"height":480,"url":"https:\/\/www.nettali.com\/wp-content\/uploads\/2023\/10\/Doudou-Ndir.jpg","type":"image\/jpeg"}],"twitter_card":"summary_large_image","twitter_misc":{"\u00c9crit par":"Moustapha","Dur\u00e9e de lecture estim\u00e9e":"2 minutes"},"schema":{"@context":"https:\/\/schema.org","@graph":[{"@type":"WebSite","@id":"https:\/\/www.nettali.com\/#website","url":"https:\/\/www.nettali.com\/","name":"Nettali.com","description":"Le rendez-vous critique du Net","potentialAction":[{"@type":"SearchAction","target":{"@type":"EntryPoint","urlTemplate":"https:\/\/www.nettali.com\/?s={search_term_string}"},"query-input":"required name=search_term_string"}],"inLanguage":"fr-FR"},{"@type":"ImageObject","@id":"https:\/\/www.nettali.com\/2023\/11\/03\/cena-macky-sall-met-fin-aux-fonctions-de-doudou-ndir\/#primaryimage","inLanguage":"fr-FR","url":"https:\/\/www.nettali.com\/wp-content\/uploads\/2023\/10\/Doudou-Ndir.jpg","contentUrl":"https:\/\/www.nettali.com\/wp-content\/uploads\/2023\/10\/Doudou-Ndir.jpg","width":720,"height":480},{"@type":"WebPage","@id":"https:\/\/www.nettali.com\/2023\/11\/03\/cena-macky-sall-met-fin-aux-fonctions-de-doudou-ndir\/#webpage","url":"https:\/\/www.nettali.com\/2023\/11\/03\/cena-macky-sall-met-fin-aux-fonctions-de-doudou-ndir\/","name":"CENA - Macky Sall met fin aux fonctions de Doudou Ndir | Nettali.com","isPartOf":{"@id":"https:\/\/www.nettali.com\/#website"},"primaryImageOfPage":{"@id":"https:\/\/www.nettali.com\/2023\/11\/03\/cena-macky-sall-met-fin-aux-fonctions-de-doudou-ndir\/#primaryimage"},"datePublished":"2023-11-03T20:26:54+00:00","dateModified":"2023-11-05T17:40:31+00:00","author":{"@id":"https:\/\/www.nettali.com\/#\/schema\/person\/7962a12a6e0267f88f0ffa544c36469a"},"breadcrumb":{"@id":"https:\/\/www.nettali.com\/2023\/11\/03\/cena-macky-sall-met-fin-aux-fonctions-de-doudou-ndir\/#breadcrumb"},"inLanguage":"fr-FR","potentialAction":[{"@type":"ReadAction","target":["https:\/\/www.nettali.com\/2023\/11\/03\/cena-macky-sall-met-fin-aux-fonctions-de-doudou-ndir\/"]}]},{"@type":"BreadcrumbList","@id":"https:\/\/www.nettali.com\/2023\/11\/03\/cena-macky-sall-met-fin-aux-fonctions-de-doudou-ndir\/#breadcrumb","itemListElement":[{"@type":"ListItem","position":1,"name":"Accueil","item":"https:\/\/www.nettali.com\/"},{"@type":"ListItem","position":2,"name":"CENA - Macky Sall met fin aux fonctions de Doudou Ndir"}]},{"@type":"Person","@id":"https:\/\/www.nettali.com\/#\/schema\/person\/7962a12a6e0267f88f0ffa544c36469a","name":"Moustapha","image":{"@type":"ImageObject","@id":"https:\/\/www.nettali.com\/#personlogo","inLanguage":"fr-FR","url":"https:\/\/secure.gravatar.com\/avatar\/10fdf6a071cccdcf374e3dbe45159590?s=96&d=mm&r=g","contentUrl":"https:\/\/secure.gravatar.com\/avatar\/10fdf6a071cccdcf374e3dbe45159590?s=96&d=mm&r=g","caption":"Moustapha"},"sameAs":["https:\/\/www.nettali.com"]}]}},"_links":{"self":[{"href":"https:\/\/www.nettali.com\/rest\/wp\/v2\/posts\/121230"}],"collection":[{"href":"https:\/\/www.nettali.com\/rest\/wp\/v2\/posts"}],"about":[{"href":"https:\/\/www.nettali.com\/rest\/wp\/v2\/types\/post"}],"author":[{"embeddable":true,"href":"https:\/\/www.nettali.com\/rest\/wp\/v2\/users\/3"}],"replies":[{"embeddable":true,"href":"https:\/\/www.nettali.com\/rest\/wp\/v2\/comments?post=121230"}],"version-history":[{"count":10,"href":"https:\/\/www.nettali.com\/rest\/wp\/v2\/posts\/121230\/revisions"}],"predecessor-version":[{"id":121242,"href":"https:\/\/www.nettali.com\/rest\/wp\/v2\/posts\/121230\/revisions\/121242"}],"wp:featuredmedia":[{"embeddable":true,"href":"https:\/\/www.nettali.com\/rest\/wp\/v2\/media\/121069"}],"wp:attachment":[{"href":"https:\/\/www.nettali.com\/rest\/wp\/v2\/media?parent=121230"}],"wp:term":[{"taxonomy":"category","embeddable":true,"href":"https:\/\/www.nettali.com\/rest\/wp\/v2\/categories?post=121230"},{"taxonomy":"post_tag","embeddable":true,"href":"https:\/\/www.nettali.com\/rest\/wp\/v2\/tags?post=121230"}],"curies":[{"name":"wp","href":"https:\/\/api.w.org\/{rel}","templated":true}]}}