{"id":121168,"date":"2023-11-02T22:31:07","date_gmt":"2023-11-02T22:31:07","guid":{"rendered":"https:\/\/www.nettali.com\/?p=121168"},"modified":"2023-11-02T22:31:07","modified_gmt":"2023-11-02T22:31:07","slug":"caserne-samba-diery-l-etat-major-se-dote-de-quatre-chaines-fonctionnelles","status":"publish","type":"post","link":"https:\/\/www.nettali.com\/2023\/11\/02\/caserne-samba-diery-l-etat-major-se-dote-de-quatre-chaines-fonctionnelles\/","title":{"rendered":"CASERNE SAMBA DIERY - L' Etat-major se dote de quatre cha\u00eenes\u00a0fonctionnelles"},"content":{"rendered":"<p><strong>NETTALI.COM- 4 chaines fonctionnelles sont d\u00e9sormais log\u00e9es \u00e0 l\u2019\u00c9tat-major de la gendarmerie nationale quartier samba Dierry Diallo de Colobane inaugur\u00e9 ce 02 novembre 2023. Le G\u00e9n\u00e9ral Moussa Fall commandant de ladite structure indique qu' il s'agit des ressources humaines, des op\u00e9rations logistiques, et l\u2019anticipation.<\/strong><\/p>\n<p>La c\u00e9r\u00e9monie d\u2019inauguration de l\u2019\u00c9tat-major de la gendarmerie nationale de la caserne Dierry Diallo de Colobane s\u2019est d\u00e9roul\u00e9e jeudi 02 novembre 2023. Il s'agit de 4 cha\u00eenes fonctionnelles des ressources humaines, des op\u00e9rations, la logistique et l\u2019anticipation pr\u00e9ventive. Selon le commandant de la nouvelle gendarmerie, General Moussa Fall, ils permettront de loger plus de 400 familles dans les cantonnements de Samba Dierry Diallo, de front de terre ainsi que 16 escadrons de la LGI \u00e0 la caserne wally faye \u00e0 Mbao.<\/p>\n<p>Parall\u00e8lement, dit-il, des efforts constants ont \u00e9t\u00e9 faits par la coop\u00e9ration d\u2019habitat de la gendarmerie pour faciliter l\u2019acc\u00e8s des personnels ainsi d\u2019autres corps de l'administration au logement social.<\/p>\n<p>Poursuivant, il ajoute : \u00ab <em>Il s\u2019inscrit dans le vaste fonds de modernisation des infrastructures et d\u2019augmentation d\u2019accueil. Cet ambitieux programme d' infrastructures vise un triple objectif. C\u2019est d'accro\u00eetre la disponibilit\u00e9 op\u00e9rationnelle de nos formations, offrir un meilleur cadre de travail au personnel mais surtout, permettre aux militaires et \u00e0 leurs familles de s\u2019\u00e9panouir<\/em> \u00bb.<\/p>\n<div class='share-to-whatsapp-wrapper'><div class='share-on-whsp'>PARTAGER SUR : <\/div><a data-text='CASERNE SAMBA DIERY - L' Etat-major se dote de quatre cha\u00eenes\u00a0fonctionnelles' data-link='https:\/\/www.nettali.com\/2023\/11\/02\/caserne-samba-diery-l-etat-major-se-dote-de-quatre-chaines-fonctionnelles\/' class='whatsapp-button whatsapp-share'>WhatsApp<\/a><div class='clear '><\/div><\/div>","protected":false},"excerpt":{"rendered":"<p>NETTALI.COM- 4 chaines fonctionnelles sont d\u00e9sormais log\u00e9es \u00e0 l\u2019\u00c9tat-major de la gendarmerie nationale quartier samba Dierry Diallo de Colobane inaugur\u00e9 ce 02 novembre 2023. Le G\u00e9n\u00e9ral Moussa Fall commandant de ladite structure indique qu' il s'agit des ressources humaines, des op\u00e9rations logistiques, et l\u2019anticipation. La c\u00e9r\u00e9monie d\u2019inauguration de l\u2019\u00c9tat-major de la gendarmerie nationale de la [&hellip;]<\/p>\n","protected":false},"author":6,"featured_media":121174,"comment_status":"open","ping_status":"open","sticky":false,"template":"","format":"standard","meta":{"_et_pb_use_builder":"","_et_pb_old_content":""},"categories":[3],"tags":[],"yoast_head":"<!-- This site is optimized with the Yoast SEO Premium plugin v17.8 (Yoast SEO v17.8) - https:\/\/yoast.com\/wordpress\/plugins\/seo\/ -->\n<title>CASERNE SAMBA DIERY - L&#039; Etat-major se dote de quatre cha\u00eenes\u00a0fonctionnelles | Nettali.com<\/title>\n<meta name=\"robots\" content=\"index, follow, max-snippet:-1, max-image-preview:large, max-video-preview:-1\" \/>\n<link rel=\"canonical\" href=\"https:\/\/www.nettali.com\/2023\/11\/02\/caserne-samba-diery-l-etat-major-se-dote-de-quatre-chaines-fonctionnelles\/\" \/>\n<meta property=\"og:locale\" content=\"fr_FR\" \/>\n<meta property=\"og:type\" content=\"article\" \/>\n<meta property=\"og:title\" content=\"CASERNE SAMBA DIERY - L&#039; Etat-major se dote de quatre cha\u00eenes\u00a0fonctionnelles\" \/>\n<meta property=\"og:description\" content=\"NETTALI.COM- 4 chaines fonctionnelles sont d\u00e9sormais log\u00e9es \u00e0 l\u2019\u00c9tat-major de la gendarmerie nationale quartier samba Dierry Diallo de Colobane inaugur\u00e9 ce 02 novembre 2023. Le G\u00e9n\u00e9ral Moussa Fall commandant de ladite structure indique qu&#039; il s&#039;agit des ressources humaines, des op\u00e9rations logistiques, et l\u2019anticipation. La c\u00e9r\u00e9monie d\u2019inauguration de l\u2019\u00c9tat-major de la gendarmerie nationale de la [&hellip;]\" \/>\n<meta property=\"og:url\" content=\"https:\/\/www.nettali.com\/2023\/11\/02\/caserne-samba-diery-l-etat-major-se-dote-de-quatre-chaines-fonctionnelles\/\" \/>\n<meta property=\"og:site_name\" content=\"Nettali.com\" \/>\n<meta property=\"article:publisher\" content=\"https:\/\/www.facebook.com\/nettalicom\" \/>\n<meta property=\"article:published_time\" content=\"2023-11-02T22:31:07+00:00\" \/>\n<meta property=\"og:image\" content=\"https:\/\/www.nettali.com\/wp-content\/uploads\/2023\/11\/Capture-de\u0301cran-2023-11-02-a\u0300-22.30.38.png\" \/>\n\t<meta property=\"og:image:width\" content=\"718\" \/>\n\t<meta property=\"og:image:height\" content=\"414\" \/>\n<meta name=\"twitter:card\" content=\"summary_large_image\" \/>\n<meta name=\"twitter:label1\" content=\"\u00c9crit par\" \/>\n\t<meta name=\"twitter:data1\" content=\"Fatou\" \/>\n\t<meta name=\"twitter:label2\" content=\"Dur\u00e9e de lecture estim\u00e9e\" \/>\n\t<meta name=\"twitter:data2\" content=\"2 minutes\" \/>\n<script type=\"application\/ld+json\" class=\"yoast-schema-graph\">{\"@context\":\"https:\/\/schema.org\",\"@graph\":[{\"@type\":\"WebSite\",\"@id\":\"https:\/\/www.nettali.com\/#website\",\"url\":\"https:\/\/www.nettali.com\/\",\"name\":\"Nettali.com\",\"description\":\"Le rendez-vous critique du Net\",\"potentialAction\":[{\"@type\":\"SearchAction\",\"target\":{\"@type\":\"EntryPoint\",\"urlTemplate\":\"https:\/\/www.nettali.com\/?s={search_term_string}\"},\"query-input\":\"required name=search_term_string\"}],\"inLanguage\":\"fr-FR\"},{\"@type\":\"ImageObject\",\"@id\":\"https:\/\/www.nettali.com\/2023\/11\/02\/caserne-samba-diery-l-etat-major-se-dote-de-quatre-chaines-fonctionnelles\/#primaryimage\",\"inLanguage\":\"fr-FR\",\"url\":\"https:\/\/www.nettali.com\/wp-content\/uploads\/2023\/11\/Capture-de\\u0301cran-2023-11-02-a\\u0300-22.30.38.png\",\"contentUrl\":\"https:\/\/www.nettali.com\/wp-content\/uploads\/2023\/11\/Capture-de\\u0301cran-2023-11-02-a\\u0300-22.30.38.png\",\"width\":718,\"height\":414},{\"@type\":\"WebPage\",\"@id\":\"https:\/\/www.nettali.com\/2023\/11\/02\/caserne-samba-diery-l-etat-major-se-dote-de-quatre-chaines-fonctionnelles\/#webpage\",\"url\":\"https:\/\/www.nettali.com\/2023\/11\/02\/caserne-samba-diery-l-etat-major-se-dote-de-quatre-chaines-fonctionnelles\/\",\"name\":\"CASERNE SAMBA DIERY - L' Etat-major se dote de quatre cha\\u00eenes\\u00a0fonctionnelles | Nettali.com\",\"isPartOf\":{\"@id\":\"https:\/\/www.nettali.com\/#website\"},\"primaryImageOfPage\":{\"@id\":\"https:\/\/www.nettali.com\/2023\/11\/02\/caserne-samba-diery-l-etat-major-se-dote-de-quatre-chaines-fonctionnelles\/#primaryimage\"},\"datePublished\":\"2023-11-02T22:31:07+00:00\",\"dateModified\":\"2023-11-02T22:31:07+00:00\",\"author\":{\"@id\":\"https:\/\/www.nettali.com\/#\/schema\/person\/418274a86bdf87caff7a3ef476bd0bbf\"},\"breadcrumb\":{\"@id\":\"https:\/\/www.nettali.com\/2023\/11\/02\/caserne-samba-diery-l-etat-major-se-dote-de-quatre-chaines-fonctionnelles\/#breadcrumb\"},\"inLanguage\":\"fr-FR\",\"potentialAction\":[{\"@type\":\"ReadAction\",\"target\":[\"https:\/\/www.nettali.com\/2023\/11\/02\/caserne-samba-diery-l-etat-major-se-dote-de-quatre-chaines-fonctionnelles\/\"]}]},{\"@type\":\"BreadcrumbList\",\"@id\":\"https:\/\/www.nettali.com\/2023\/11\/02\/caserne-samba-diery-l-etat-major-se-dote-de-quatre-chaines-fonctionnelles\/#breadcrumb\",\"itemListElement\":[{\"@type\":\"ListItem\",\"position\":1,\"name\":\"Accueil\",\"item\":\"https:\/\/www.nettali.com\/\"},{\"@type\":\"ListItem\",\"position\":2,\"name\":\"CASERNE SAMBA DIERY - L' Etat-major se dote de quatre cha\\u00eenes\\u00a0fonctionnelles\"}]},{\"@type\":\"Person\",\"@id\":\"https:\/\/www.nettali.com\/#\/schema\/person\/418274a86bdf87caff7a3ef476bd0bbf\",\"name\":\"Fatou\",\"image\":{\"@type\":\"ImageObject\",\"@id\":\"https:\/\/www.nettali.com\/#personlogo\",\"inLanguage\":\"fr-FR\",\"url\":\"https:\/\/secure.gravatar.com\/avatar\/5a9442a2bee7b4dcf167cab035858e9a?s=96&d=mm&r=g\",\"contentUrl\":\"https:\/\/secure.gravatar.com\/avatar\/5a9442a2bee7b4dcf167cab035858e9a?s=96&d=mm&r=g\",\"caption\":\"Fatou\"},\"sameAs\":[\"https:\/\/www.nettali.com\"]}]}<\/script>\n<!-- \/ Yoast SEO Premium plugin. -->","yoast_head_json":{"title":"CASERNE SAMBA DIERY - L' Etat-major se dote de quatre cha\u00eenes\u00a0fonctionnelles | Nettali.com","robots":{"index":"index","follow":"follow","max-snippet":"max-snippet:-1","max-image-preview":"max-image-preview:large","max-video-preview":"max-video-preview:-1"},"canonical":"https:\/\/www.nettali.com\/2023\/11\/02\/caserne-samba-diery-l-etat-major-se-dote-de-quatre-chaines-fonctionnelles\/","og_locale":"fr_FR","og_type":"article","og_title":"CASERNE SAMBA DIERY - L' Etat-major se dote de quatre cha\u00eenes\u00a0fonctionnelles","og_description":"NETTALI.COM- 4 chaines fonctionnelles sont d\u00e9sormais log\u00e9es \u00e0 l\u2019\u00c9tat-major de la gendarmerie nationale quartier samba Dierry Diallo de Colobane inaugur\u00e9 ce 02 novembre 2023. Le G\u00e9n\u00e9ral Moussa Fall commandant de ladite structure indique qu' il s'agit des ressources humaines, des op\u00e9rations logistiques, et l\u2019anticipation. La c\u00e9r\u00e9monie d\u2019inauguration de l\u2019\u00c9tat-major de la gendarmerie nationale de la [&hellip;]","og_url":"https:\/\/www.nettali.com\/2023\/11\/02\/caserne-samba-diery-l-etat-major-se-dote-de-quatre-chaines-fonctionnelles\/","og_site_name":"Nettali.com","article_publisher":"https:\/\/www.facebook.com\/nettalicom","article_published_time":"2023-11-02T22:31:07+00:00","og_image":[{"width":718,"height":414,"url":"https:\/\/www.nettali.com\/wp-content\/uploads\/2023\/11\/Capture-de\u0301cran-2023-11-02-a\u0300-22.30.38.png","type":"image\/png"}],"twitter_card":"summary_large_image","twitter_misc":{"\u00c9crit par":"Fatou","Dur\u00e9e de lecture estim\u00e9e":"2 minutes"},"schema":{"@context":"https:\/\/schema.org","@graph":[{"@type":"WebSite","@id":"https:\/\/www.nettali.com\/#website","url":"https:\/\/www.nettali.com\/","name":"Nettali.com","description":"Le rendez-vous critique du Net","potentialAction":[{"@type":"SearchAction","target":{"@type":"EntryPoint","urlTemplate":"https:\/\/www.nettali.com\/?s={search_term_string}"},"query-input":"required name=search_term_string"}],"inLanguage":"fr-FR"},{"@type":"ImageObject","@id":"https:\/\/www.nettali.com\/2023\/11\/02\/caserne-samba-diery-l-etat-major-se-dote-de-quatre-chaines-fonctionnelles\/#primaryimage","inLanguage":"fr-FR","url":"https:\/\/www.nettali.com\/wp-content\/uploads\/2023\/11\/Capture-de\u0301cran-2023-11-02-a\u0300-22.30.38.png","contentUrl":"https:\/\/www.nettali.com\/wp-content\/uploads\/2023\/11\/Capture-de\u0301cran-2023-11-02-a\u0300-22.30.38.png","width":718,"height":414},{"@type":"WebPage","@id":"https:\/\/www.nettali.com\/2023\/11\/02\/caserne-samba-diery-l-etat-major-se-dote-de-quatre-chaines-fonctionnelles\/#webpage","url":"https:\/\/www.nettali.com\/2023\/11\/02\/caserne-samba-diery-l-etat-major-se-dote-de-quatre-chaines-fonctionnelles\/","name":"CASERNE SAMBA DIERY - L' Etat-major se dote de quatre cha\u00eenes\u00a0fonctionnelles | Nettali.com","isPartOf":{"@id":"https:\/\/www.nettali.com\/#website"},"primaryImageOfPage":{"@id":"https:\/\/www.nettali.com\/2023\/11\/02\/caserne-samba-diery-l-etat-major-se-dote-de-quatre-chaines-fonctionnelles\/#primaryimage"},"datePublished":"2023-11-02T22:31:07+00:00","dateModified":"2023-11-02T22:31:07+00:00","author":{"@id":"https:\/\/www.nettali.com\/#\/schema\/person\/418274a86bdf87caff7a3ef476bd0bbf"},"breadcrumb":{"@id":"https:\/\/www.nettali.com\/2023\/11\/02\/caserne-samba-diery-l-etat-major-se-dote-de-quatre-chaines-fonctionnelles\/#breadcrumb"},"inLanguage":"fr-FR","potentialAction":[{"@type":"ReadAction","target":["https:\/\/www.nettali.com\/2023\/11\/02\/caserne-samba-diery-l-etat-major-se-dote-de-quatre-chaines-fonctionnelles\/"]}]},{"@type":"BreadcrumbList","@id":"https:\/\/www.nettali.com\/2023\/11\/02\/caserne-samba-diery-l-etat-major-se-dote-de-quatre-chaines-fonctionnelles\/#breadcrumb","itemListElement":[{"@type":"ListItem","position":1,"name":"Accueil","item":"https:\/\/www.nettali.com\/"},{"@type":"ListItem","position":2,"name":"CASERNE SAMBA DIERY - L' Etat-major se dote de quatre cha\u00eenes\u00a0fonctionnelles"}]},{"@type":"Person","@id":"https:\/\/www.nettali.com\/#\/schema\/person\/418274a86bdf87caff7a3ef476bd0bbf","name":"Fatou","image":{"@type":"ImageObject","@id":"https:\/\/www.nettali.com\/#personlogo","inLanguage":"fr-FR","url":"https:\/\/secure.gravatar.com\/avatar\/5a9442a2bee7b4dcf167cab035858e9a?s=96&d=mm&r=g","contentUrl":"https:\/\/secure.gravatar.com\/avatar\/5a9442a2bee7b4dcf167cab035858e9a?s=96&d=mm&r=g","caption":"Fatou"},"sameAs":["https:\/\/www.nettali.com"]}]}},"_links":{"self":[{"href":"https:\/\/www.nettali.com\/rest\/wp\/v2\/posts\/121168"}],"collection":[{"href":"https:\/\/www.nettali.com\/rest\/wp\/v2\/posts"}],"about":[{"href":"https:\/\/www.nettali.com\/rest\/wp\/v2\/types\/post"}],"author":[{"embeddable":true,"href":"https:\/\/www.nettali.com\/rest\/wp\/v2\/users\/6"}],"replies":[{"embeddable":true,"href":"https:\/\/www.nettali.com\/rest\/wp\/v2\/comments?post=121168"}],"version-history":[{"count":1,"href":"https:\/\/www.nettali.com\/rest\/wp\/v2\/posts\/121168\/revisions"}],"predecessor-version":[{"id":121169,"href":"https:\/\/www.nettali.com\/rest\/wp\/v2\/posts\/121168\/revisions\/121169"}],"wp:featuredmedia":[{"embeddable":true,"href":"https:\/\/www.nettali.com\/rest\/wp\/v2\/media\/121174"}],"wp:attachment":[{"href":"https:\/\/www.nettali.com\/rest\/wp\/v2\/media?parent=121168"}],"wp:term":[{"taxonomy":"category","embeddable":true,"href":"https:\/\/www.nettali.com\/rest\/wp\/v2\/categories?post=121168"},{"taxonomy":"post_tag","embeddable":true,"href":"https:\/\/www.nettali.com\/rest\/wp\/v2\/tags?post=121168"}],"curies":[{"name":"wp","href":"https:\/\/api.w.org\/{rel}","templated":true}]}}