{"id":121151,"date":"2023-11-02T13:48:15","date_gmt":"2023-11-02T13:48:15","guid":{"rendered":"https:\/\/www.nettali.com\/?p=121151"},"modified":"2023-11-02T13:48:15","modified_gmt":"2023-11-02T13:48:15","slug":"en-coulisses-le-ter-en-panne-ce-jeudi","status":"publish","type":"post","link":"https:\/\/www.nettali.com\/2023\/11\/02\/en-coulisses-le-ter-en-panne-ce-jeudi\/","title":{"rendered":"EN COULISSES - Le TER en panne ce jeudi"},"content":{"rendered":"<p>u NETTALI.COM - Le Train Express R\u00e9gional (TER) conna\u00eet une panne depuis ce jeudi matin, a annonc\u00e9 la Seter dans une note d\u2019information parvenue \u00e0 notre r\u00e9daction.<\/p>\n<p>\"<em>Chers clients voyageurs, la circulation est perturb\u00e9e, des retards de 30 minutes sont \u00e0 pr\u00e9voir dans les deux sens (Dakar-Diamniadio et Diamniadio -Dakar) Motif : Probl\u00e8me technique sur les installations<\/em>\", lit-on sur la note.<\/p>\n<p>La soci\u00e9t\u00e9 exploratrice de ladite infrastructure d\u2019informer que \"<em>la reprise de la circulation est estim\u00e9e \u00e0 13h30<\/em>\".<\/p>\n<div class='share-to-whatsapp-wrapper'><div class='share-on-whsp'>PARTAGER SUR : <\/div><a data-text='EN COULISSES - Le TER en panne ce jeudi' data-link='https:\/\/www.nettali.com\/2023\/11\/02\/en-coulisses-le-ter-en-panne-ce-jeudi\/' class='whatsapp-button whatsapp-share'>WhatsApp<\/a><div class='clear '><\/div><\/div>","protected":false},"excerpt":{"rendered":"<p>u NETTALI.COM - Le Train Express R\u00e9gional (TER) conna\u00eet une panne depuis ce jeudi matin, a annonc\u00e9 la Seter dans une note d\u2019information parvenue \u00e0 notre r\u00e9daction. \"Chers clients voyageurs, la circulation est perturb\u00e9e, des retards de 30 minutes sont \u00e0 pr\u00e9voir dans les deux sens (Dakar-Diamniadio et Diamniadio -Dakar) Motif : Probl\u00e8me technique sur [&hellip;]<\/p>\n","protected":false},"author":5,"featured_media":121152,"comment_status":"open","ping_status":"open","sticky":false,"template":"","format":"standard","meta":{"_et_pb_use_builder":"","_et_pb_old_content":""},"categories":[34945],"tags":[],"yoast_head":"<!-- This site is optimized with the Yoast SEO Premium plugin v17.8 (Yoast SEO v17.8) - https:\/\/yoast.com\/wordpress\/plugins\/seo\/ -->\n<title>EN COULISSES - Le TER en panne ce jeudi | Nettali.com<\/title>\n<meta name=\"robots\" content=\"index, follow, max-snippet:-1, max-image-preview:large, max-video-preview:-1\" \/>\n<link rel=\"canonical\" href=\"https:\/\/www.nettali.com\/2023\/11\/02\/en-coulisses-le-ter-en-panne-ce-jeudi\/\" \/>\n<meta property=\"og:locale\" content=\"fr_FR\" \/>\n<meta property=\"og:type\" content=\"article\" \/>\n<meta property=\"og:title\" content=\"EN COULISSES - Le TER en panne ce jeudi\" \/>\n<meta property=\"og:description\" content=\"u NETTALI.COM - Le Train Express R\u00e9gional (TER) conna\u00eet une panne depuis ce jeudi matin, a annonc\u00e9 la Seter dans une note d\u2019information parvenue \u00e0 notre r\u00e9daction. &quot;Chers clients voyageurs, la circulation est perturb\u00e9e, des retards de 30 minutes sont \u00e0 pr\u00e9voir dans les deux sens (Dakar-Diamniadio et Diamniadio -Dakar) Motif : Probl\u00e8me technique sur [&hellip;]\" \/>\n<meta property=\"og:url\" content=\"https:\/\/www.nettali.com\/2023\/11\/02\/en-coulisses-le-ter-en-panne-ce-jeudi\/\" \/>\n<meta property=\"og:site_name\" content=\"Nettali.com\" \/>\n<meta property=\"article:publisher\" content=\"https:\/\/www.facebook.com\/nettalicom\" \/>\n<meta property=\"article:published_time\" content=\"2023-11-02T13:48:15+00:00\" \/>\n<meta property=\"og:image\" content=\"https:\/\/www.nettali.com\/wp-content\/uploads\/2023\/11\/TER.jpg\" \/>\n\t<meta property=\"og:image:width\" content=\"2560\" \/>\n\t<meta property=\"og:image:height\" content=\"1337\" \/>\n<meta name=\"twitter:card\" content=\"summary_large_image\" \/>\n<meta name=\"twitter:label1\" content=\"\u00c9crit par\" \/>\n\t<meta name=\"twitter:data1\" content=\"Ibrahima\" \/>\n\t<meta name=\"twitter:label2\" content=\"Dur\u00e9e de lecture estim\u00e9e\" \/>\n\t<meta name=\"twitter:data2\" content=\"1 minute\" \/>\n<script type=\"application\/ld+json\" class=\"yoast-schema-graph\">{\"@context\":\"https:\/\/schema.org\",\"@graph\":[{\"@type\":\"WebSite\",\"@id\":\"https:\/\/www.nettali.com\/#website\",\"url\":\"https:\/\/www.nettali.com\/\",\"name\":\"Nettali.com\",\"description\":\"Le rendez-vous critique du Net\",\"potentialAction\":[{\"@type\":\"SearchAction\",\"target\":{\"@type\":\"EntryPoint\",\"urlTemplate\":\"https:\/\/www.nettali.com\/?s={search_term_string}\"},\"query-input\":\"required name=search_term_string\"}],\"inLanguage\":\"fr-FR\"},{\"@type\":\"ImageObject\",\"@id\":\"https:\/\/www.nettali.com\/2023\/11\/02\/en-coulisses-le-ter-en-panne-ce-jeudi\/#primaryimage\",\"inLanguage\":\"fr-FR\",\"url\":\"https:\/\/www.nettali.com\/wp-content\/uploads\/2023\/11\/TER.jpg\",\"contentUrl\":\"https:\/\/www.nettali.com\/wp-content\/uploads\/2023\/11\/TER.jpg\",\"width\":2560,\"height\":1337},{\"@type\":\"WebPage\",\"@id\":\"https:\/\/www.nettali.com\/2023\/11\/02\/en-coulisses-le-ter-en-panne-ce-jeudi\/#webpage\",\"url\":\"https:\/\/www.nettali.com\/2023\/11\/02\/en-coulisses-le-ter-en-panne-ce-jeudi\/\",\"name\":\"EN COULISSES - Le TER en panne ce jeudi | Nettali.com\",\"isPartOf\":{\"@id\":\"https:\/\/www.nettali.com\/#website\"},\"primaryImageOfPage\":{\"@id\":\"https:\/\/www.nettali.com\/2023\/11\/02\/en-coulisses-le-ter-en-panne-ce-jeudi\/#primaryimage\"},\"datePublished\":\"2023-11-02T13:48:15+00:00\",\"dateModified\":\"2023-11-02T13:48:15+00:00\",\"author\":{\"@id\":\"https:\/\/www.nettali.com\/#\/schema\/person\/bb147657c2986240405a608162b9bb23\"},\"breadcrumb\":{\"@id\":\"https:\/\/www.nettali.com\/2023\/11\/02\/en-coulisses-le-ter-en-panne-ce-jeudi\/#breadcrumb\"},\"inLanguage\":\"fr-FR\",\"potentialAction\":[{\"@type\":\"ReadAction\",\"target\":[\"https:\/\/www.nettali.com\/2023\/11\/02\/en-coulisses-le-ter-en-panne-ce-jeudi\/\"]}]},{\"@type\":\"BreadcrumbList\",\"@id\":\"https:\/\/www.nettali.com\/2023\/11\/02\/en-coulisses-le-ter-en-panne-ce-jeudi\/#breadcrumb\",\"itemListElement\":[{\"@type\":\"ListItem\",\"position\":1,\"name\":\"Accueil\",\"item\":\"https:\/\/www.nettali.com\/\"},{\"@type\":\"ListItem\",\"position\":2,\"name\":\"EN COULISSES - Le TER en panne ce jeudi\"}]},{\"@type\":\"Person\",\"@id\":\"https:\/\/www.nettali.com\/#\/schema\/person\/bb147657c2986240405a608162b9bb23\",\"name\":\"Ibrahima\",\"image\":{\"@type\":\"ImageObject\",\"@id\":\"https:\/\/www.nettali.com\/#personlogo\",\"inLanguage\":\"fr-FR\",\"url\":\"https:\/\/secure.gravatar.com\/avatar\/26a8a81f09f0dd7624c9d5c36c9ba3a2?s=96&d=mm&r=g\",\"contentUrl\":\"https:\/\/secure.gravatar.com\/avatar\/26a8a81f09f0dd7624c9d5c36c9ba3a2?s=96&d=mm&r=g\",\"caption\":\"Ibrahima\"},\"sameAs\":[\"https:\/\/www.nettali.com\"]}]}<\/script>\n<!-- \/ Yoast SEO Premium plugin. -->","yoast_head_json":{"title":"EN COULISSES - Le TER en panne ce jeudi | Nettali.com","robots":{"index":"index","follow":"follow","max-snippet":"max-snippet:-1","max-image-preview":"max-image-preview:large","max-video-preview":"max-video-preview:-1"},"canonical":"https:\/\/www.nettali.com\/2023\/11\/02\/en-coulisses-le-ter-en-panne-ce-jeudi\/","og_locale":"fr_FR","og_type":"article","og_title":"EN COULISSES - Le TER en panne ce jeudi","og_description":"u NETTALI.COM - Le Train Express R\u00e9gional (TER) conna\u00eet une panne depuis ce jeudi matin, a annonc\u00e9 la Seter dans une note d\u2019information parvenue \u00e0 notre r\u00e9daction. \"Chers clients voyageurs, la circulation est perturb\u00e9e, des retards de 30 minutes sont \u00e0 pr\u00e9voir dans les deux sens (Dakar-Diamniadio et Diamniadio -Dakar) Motif : Probl\u00e8me technique sur [&hellip;]","og_url":"https:\/\/www.nettali.com\/2023\/11\/02\/en-coulisses-le-ter-en-panne-ce-jeudi\/","og_site_name":"Nettali.com","article_publisher":"https:\/\/www.facebook.com\/nettalicom","article_published_time":"2023-11-02T13:48:15+00:00","og_image":[{"width":2560,"height":1337,"url":"https:\/\/www.nettali.com\/wp-content\/uploads\/2023\/11\/TER.jpg","type":"image\/jpeg"}],"twitter_card":"summary_large_image","twitter_misc":{"\u00c9crit par":"Ibrahima","Dur\u00e9e de lecture estim\u00e9e":"1 minute"},"schema":{"@context":"https:\/\/schema.org","@graph":[{"@type":"WebSite","@id":"https:\/\/www.nettali.com\/#website","url":"https:\/\/www.nettali.com\/","name":"Nettali.com","description":"Le rendez-vous critique du Net","potentialAction":[{"@type":"SearchAction","target":{"@type":"EntryPoint","urlTemplate":"https:\/\/www.nettali.com\/?s={search_term_string}"},"query-input":"required name=search_term_string"}],"inLanguage":"fr-FR"},{"@type":"ImageObject","@id":"https:\/\/www.nettali.com\/2023\/11\/02\/en-coulisses-le-ter-en-panne-ce-jeudi\/#primaryimage","inLanguage":"fr-FR","url":"https:\/\/www.nettali.com\/wp-content\/uploads\/2023\/11\/TER.jpg","contentUrl":"https:\/\/www.nettali.com\/wp-content\/uploads\/2023\/11\/TER.jpg","width":2560,"height":1337},{"@type":"WebPage","@id":"https:\/\/www.nettali.com\/2023\/11\/02\/en-coulisses-le-ter-en-panne-ce-jeudi\/#webpage","url":"https:\/\/www.nettali.com\/2023\/11\/02\/en-coulisses-le-ter-en-panne-ce-jeudi\/","name":"EN COULISSES - Le TER en panne ce jeudi | Nettali.com","isPartOf":{"@id":"https:\/\/www.nettali.com\/#website"},"primaryImageOfPage":{"@id":"https:\/\/www.nettali.com\/2023\/11\/02\/en-coulisses-le-ter-en-panne-ce-jeudi\/#primaryimage"},"datePublished":"2023-11-02T13:48:15+00:00","dateModified":"2023-11-02T13:48:15+00:00","author":{"@id":"https:\/\/www.nettali.com\/#\/schema\/person\/bb147657c2986240405a608162b9bb23"},"breadcrumb":{"@id":"https:\/\/www.nettali.com\/2023\/11\/02\/en-coulisses-le-ter-en-panne-ce-jeudi\/#breadcrumb"},"inLanguage":"fr-FR","potentialAction":[{"@type":"ReadAction","target":["https:\/\/www.nettali.com\/2023\/11\/02\/en-coulisses-le-ter-en-panne-ce-jeudi\/"]}]},{"@type":"BreadcrumbList","@id":"https:\/\/www.nettali.com\/2023\/11\/02\/en-coulisses-le-ter-en-panne-ce-jeudi\/#breadcrumb","itemListElement":[{"@type":"ListItem","position":1,"name":"Accueil","item":"https:\/\/www.nettali.com\/"},{"@type":"ListItem","position":2,"name":"EN COULISSES - Le TER en panne ce jeudi"}]},{"@type":"Person","@id":"https:\/\/www.nettali.com\/#\/schema\/person\/bb147657c2986240405a608162b9bb23","name":"Ibrahima","image":{"@type":"ImageObject","@id":"https:\/\/www.nettali.com\/#personlogo","inLanguage":"fr-FR","url":"https:\/\/secure.gravatar.com\/avatar\/26a8a81f09f0dd7624c9d5c36c9ba3a2?s=96&d=mm&r=g","contentUrl":"https:\/\/secure.gravatar.com\/avatar\/26a8a81f09f0dd7624c9d5c36c9ba3a2?s=96&d=mm&r=g","caption":"Ibrahima"},"sameAs":["https:\/\/www.nettali.com"]}]}},"_links":{"self":[{"href":"https:\/\/www.nettali.com\/rest\/wp\/v2\/posts\/121151"}],"collection":[{"href":"https:\/\/www.nettali.com\/rest\/wp\/v2\/posts"}],"about":[{"href":"https:\/\/www.nettali.com\/rest\/wp\/v2\/types\/post"}],"author":[{"embeddable":true,"href":"https:\/\/www.nettali.com\/rest\/wp\/v2\/users\/5"}],"replies":[{"embeddable":true,"href":"https:\/\/www.nettali.com\/rest\/wp\/v2\/comments?post=121151"}],"version-history":[{"count":1,"href":"https:\/\/www.nettali.com\/rest\/wp\/v2\/posts\/121151\/revisions"}],"predecessor-version":[{"id":121154,"href":"https:\/\/www.nettali.com\/rest\/wp\/v2\/posts\/121151\/revisions\/121154"}],"wp:featuredmedia":[{"embeddable":true,"href":"https:\/\/www.nettali.com\/rest\/wp\/v2\/media\/121152"}],"wp:attachment":[{"href":"https:\/\/www.nettali.com\/rest\/wp\/v2\/media?parent=121151"}],"wp:term":[{"taxonomy":"category","embeddable":true,"href":"https:\/\/www.nettali.com\/rest\/wp\/v2\/categories?post=121151"},{"taxonomy":"post_tag","embeddable":true,"href":"https:\/\/www.nettali.com\/rest\/wp\/v2\/tags?post=121151"}],"curies":[{"name":"wp","href":"https:\/\/api.w.org\/{rel}","templated":true}]}}