{"id":121043,"date":"2023-10-31T09:35:33","date_gmt":"2023-10-31T09:35:33","guid":{"rendered":"https:\/\/www.nettali.com\/?p=121043"},"modified":"2023-10-31T09:35:33","modified_gmt":"2023-10-31T09:35:33","slug":"en-coulisses-om-ol-la-reaction-dinfantino","status":"publish","type":"post","link":"https:\/\/www.nettali.com\/2023\/10\/31\/en-coulisses-om-ol-la-reaction-dinfantino\/","title":{"rendered":"EN COULISSES - OM-OL  La re\u0301action d'Infantino"},"content":{"rendered":"<div class=\"page\" title=\"Page 11\">\n<div class=\"section\">\n<div class=\"layoutArea\">\n<div class=\"column\">\n<p><strong>NETTALI.COM -<\/strong> Le pre\u0301sident de la FIFA, Gianni Infantino, a re\u0301agi aux graves incidents qui ont provoque\u0301 le report du match entre Marseille et Lyon dimanche soir. Sur son compte Instagram, le dirigeant a condamne\u0301 les violences observe\u0301es hier dans la cite\u0301 phoce\u0301enne.<\/p>\n<p>\"<em>Il n'y a absolument pas de place pour la violence dans le football, sur le terrain ou en dehors. De tels e\u0301ve\u0300nements, comme ceux survenus a\u0300 Marseille avant le match de Ligue 1 entre l'Olympique de Marseille et l'Olympique Lyonnais, n'ont pas leur place dans notre sport ni dans notre socie\u0301te\u0301, et j'en appelle aux autorite\u0301s compe\u0301tentes pour veiller a\u0300 ce que les mesures approprie\u0301es soient prises. Sans exception, dans le football, tous les joueurs, entrai\u0302neurs et supporters doivent e\u0302tre en se\u0301curite\u0301 pour profiter de notre sport.<\/em>\"<\/p>\n<\/div>\n<\/div>\n<\/div>\n<\/div>\n<div class='share-to-whatsapp-wrapper'><div class='share-on-whsp'>PARTAGER SUR : <\/div><a data-text='EN COULISSES - OM-OL  La re\u0301action d'Infantino' data-link='https:\/\/www.nettali.com\/2023\/10\/31\/en-coulisses-om-ol-la-reaction-dinfantino\/' class='whatsapp-button whatsapp-share'>WhatsApp<\/a><div class='clear '><\/div><\/div>","protected":false},"excerpt":{"rendered":"<p>NETTALI.COM - Le pre\u0301sident de la FIFA, Gianni Infantino, a re\u0301agi aux graves incidents qui ont provoque\u0301 le report du match entre Marseille et Lyon dimanche soir. Sur son compte Instagram, le dirigeant a condamne\u0301 les violences observe\u0301es hier dans la cite\u0301 phoce\u0301enne. \"Il n'y a absolument pas de place pour la violence dans le [&hellip;]<\/p>\n","protected":false},"author":2,"featured_media":121046,"comment_status":"open","ping_status":"open","sticky":false,"template":"","format":"standard","meta":{"_et_pb_use_builder":"","_et_pb_old_content":""},"categories":[34945],"tags":[],"yoast_head":"<!-- This site is optimized with the Yoast SEO Premium plugin v17.8 (Yoast SEO v17.8) - https:\/\/yoast.com\/wordpress\/plugins\/seo\/ -->\n<title>EN COULISSES - OM-OL La re\u0301action d&#039;Infantino | Nettali.com<\/title>\n<meta name=\"robots\" content=\"index, follow, max-snippet:-1, max-image-preview:large, max-video-preview:-1\" \/>\n<link rel=\"canonical\" href=\"https:\/\/www.nettali.com\/2023\/10\/31\/en-coulisses-om-ol-la-reaction-dinfantino\/\" \/>\n<meta property=\"og:locale\" content=\"fr_FR\" \/>\n<meta property=\"og:type\" content=\"article\" \/>\n<meta property=\"og:title\" content=\"EN COULISSES - OM-OL La re\u0301action d&#039;Infantino\" \/>\n<meta property=\"og:description\" content=\"NETTALI.COM - Le pre\u0301sident de la FIFA, Gianni Infantino, a re\u0301agi aux graves incidents qui ont provoque\u0301 le report du match entre Marseille et Lyon dimanche soir. Sur son compte Instagram, le dirigeant a condamne\u0301 les violences observe\u0301es hier dans la cite\u0301 phoce\u0301enne. &quot;Il n&#039;y a absolument pas de place pour la violence dans le [&hellip;]\" \/>\n<meta property=\"og:url\" content=\"https:\/\/www.nettali.com\/2023\/10\/31\/en-coulisses-om-ol-la-reaction-dinfantino\/\" \/>\n<meta property=\"og:site_name\" content=\"Nettali.com\" \/>\n<meta property=\"article:publisher\" content=\"https:\/\/www.facebook.com\/nettalicom\" \/>\n<meta property=\"article:published_time\" content=\"2023-10-31T09:35:33+00:00\" \/>\n<meta property=\"og:image\" content=\"https:\/\/www.nettali.com\/wp-content\/uploads\/2023\/10\/phpJM9F9p.jpg\" \/>\n\t<meta property=\"og:image:width\" content=\"1500\" \/>\n\t<meta property=\"og:image:height\" content=\"843\" \/>\n<meta name=\"twitter:card\" content=\"summary_large_image\" \/>\n<meta name=\"twitter:label1\" content=\"\u00c9crit par\" \/>\n\t<meta name=\"twitter:data1\" content=\"CK\" \/>\n\t<meta name=\"twitter:label2\" content=\"Dur\u00e9e de lecture estim\u00e9e\" \/>\n\t<meta name=\"twitter:data2\" content=\"1 minute\" \/>\n<script type=\"application\/ld+json\" class=\"yoast-schema-graph\">{\"@context\":\"https:\/\/schema.org\",\"@graph\":[{\"@type\":\"WebSite\",\"@id\":\"https:\/\/www.nettali.com\/#website\",\"url\":\"https:\/\/www.nettali.com\/\",\"name\":\"Nettali.com\",\"description\":\"Le rendez-vous critique du Net\",\"potentialAction\":[{\"@type\":\"SearchAction\",\"target\":{\"@type\":\"EntryPoint\",\"urlTemplate\":\"https:\/\/www.nettali.com\/?s={search_term_string}\"},\"query-input\":\"required name=search_term_string\"}],\"inLanguage\":\"fr-FR\"},{\"@type\":\"ImageObject\",\"@id\":\"https:\/\/www.nettali.com\/2023\/10\/31\/en-coulisses-om-ol-la-reaction-dinfantino\/#primaryimage\",\"inLanguage\":\"fr-FR\",\"url\":\"https:\/\/www.nettali.com\/wp-content\/uploads\/2023\/10\/phpJM9F9p.jpg\",\"contentUrl\":\"https:\/\/www.nettali.com\/wp-content\/uploads\/2023\/10\/phpJM9F9p.jpg\",\"width\":1500,\"height\":843},{\"@type\":\"WebPage\",\"@id\":\"https:\/\/www.nettali.com\/2023\/10\/31\/en-coulisses-om-ol-la-reaction-dinfantino\/#webpage\",\"url\":\"https:\/\/www.nettali.com\/2023\/10\/31\/en-coulisses-om-ol-la-reaction-dinfantino\/\",\"name\":\"EN COULISSES - OM-OL La re\\u0301action d'Infantino | Nettali.com\",\"isPartOf\":{\"@id\":\"https:\/\/www.nettali.com\/#website\"},\"primaryImageOfPage\":{\"@id\":\"https:\/\/www.nettali.com\/2023\/10\/31\/en-coulisses-om-ol-la-reaction-dinfantino\/#primaryimage\"},\"datePublished\":\"2023-10-31T09:35:33+00:00\",\"dateModified\":\"2023-10-31T09:35:33+00:00\",\"author\":{\"@id\":\"https:\/\/www.nettali.com\/#\/schema\/person\/d8ac7b7e27ddad43f1c0d2ef090d7f71\"},\"breadcrumb\":{\"@id\":\"https:\/\/www.nettali.com\/2023\/10\/31\/en-coulisses-om-ol-la-reaction-dinfantino\/#breadcrumb\"},\"inLanguage\":\"fr-FR\",\"potentialAction\":[{\"@type\":\"ReadAction\",\"target\":[\"https:\/\/www.nettali.com\/2023\/10\/31\/en-coulisses-om-ol-la-reaction-dinfantino\/\"]}]},{\"@type\":\"BreadcrumbList\",\"@id\":\"https:\/\/www.nettali.com\/2023\/10\/31\/en-coulisses-om-ol-la-reaction-dinfantino\/#breadcrumb\",\"itemListElement\":[{\"@type\":\"ListItem\",\"position\":1,\"name\":\"Accueil\",\"item\":\"https:\/\/www.nettali.com\/\"},{\"@type\":\"ListItem\",\"position\":2,\"name\":\"EN COULISSES - OM-OL La re\\u0301action d'Infantino\"}]},{\"@type\":\"Person\",\"@id\":\"https:\/\/www.nettali.com\/#\/schema\/person\/d8ac7b7e27ddad43f1c0d2ef090d7f71\",\"name\":\"CK\",\"image\":{\"@type\":\"ImageObject\",\"@id\":\"https:\/\/www.nettali.com\/#personlogo\",\"inLanguage\":\"fr-FR\",\"url\":\"https:\/\/secure.gravatar.com\/avatar\/1d8d5118b9327d94da7cd4ce7f17fec2?s=96&d=mm&r=g\",\"contentUrl\":\"https:\/\/secure.gravatar.com\/avatar\/1d8d5118b9327d94da7cd4ce7f17fec2?s=96&d=mm&r=g\",\"caption\":\"CK\"},\"sameAs\":[\"https:\/\/www.nettali.com\"]}]}<\/script>\n<!-- \/ Yoast SEO Premium plugin. -->","yoast_head_json":{"title":"EN COULISSES - OM-OL La re\u0301action d'Infantino | Nettali.com","robots":{"index":"index","follow":"follow","max-snippet":"max-snippet:-1","max-image-preview":"max-image-preview:large","max-video-preview":"max-video-preview:-1"},"canonical":"https:\/\/www.nettali.com\/2023\/10\/31\/en-coulisses-om-ol-la-reaction-dinfantino\/","og_locale":"fr_FR","og_type":"article","og_title":"EN COULISSES - OM-OL La re\u0301action d'Infantino","og_description":"NETTALI.COM - Le pre\u0301sident de la FIFA, Gianni Infantino, a re\u0301agi aux graves incidents qui ont provoque\u0301 le report du match entre Marseille et Lyon dimanche soir. Sur son compte Instagram, le dirigeant a condamne\u0301 les violences observe\u0301es hier dans la cite\u0301 phoce\u0301enne. \"Il n'y a absolument pas de place pour la violence dans le [&hellip;]","og_url":"https:\/\/www.nettali.com\/2023\/10\/31\/en-coulisses-om-ol-la-reaction-dinfantino\/","og_site_name":"Nettali.com","article_publisher":"https:\/\/www.facebook.com\/nettalicom","article_published_time":"2023-10-31T09:35:33+00:00","og_image":[{"width":1500,"height":843,"url":"https:\/\/www.nettali.com\/wp-content\/uploads\/2023\/10\/phpJM9F9p.jpg","type":"image\/jpeg"}],"twitter_card":"summary_large_image","twitter_misc":{"\u00c9crit par":"CK","Dur\u00e9e de lecture estim\u00e9e":"1 minute"},"schema":{"@context":"https:\/\/schema.org","@graph":[{"@type":"WebSite","@id":"https:\/\/www.nettali.com\/#website","url":"https:\/\/www.nettali.com\/","name":"Nettali.com","description":"Le rendez-vous critique du Net","potentialAction":[{"@type":"SearchAction","target":{"@type":"EntryPoint","urlTemplate":"https:\/\/www.nettali.com\/?s={search_term_string}"},"query-input":"required name=search_term_string"}],"inLanguage":"fr-FR"},{"@type":"ImageObject","@id":"https:\/\/www.nettali.com\/2023\/10\/31\/en-coulisses-om-ol-la-reaction-dinfantino\/#primaryimage","inLanguage":"fr-FR","url":"https:\/\/www.nettali.com\/wp-content\/uploads\/2023\/10\/phpJM9F9p.jpg","contentUrl":"https:\/\/www.nettali.com\/wp-content\/uploads\/2023\/10\/phpJM9F9p.jpg","width":1500,"height":843},{"@type":"WebPage","@id":"https:\/\/www.nettali.com\/2023\/10\/31\/en-coulisses-om-ol-la-reaction-dinfantino\/#webpage","url":"https:\/\/www.nettali.com\/2023\/10\/31\/en-coulisses-om-ol-la-reaction-dinfantino\/","name":"EN COULISSES - OM-OL La re\u0301action d'Infantino | Nettali.com","isPartOf":{"@id":"https:\/\/www.nettali.com\/#website"},"primaryImageOfPage":{"@id":"https:\/\/www.nettali.com\/2023\/10\/31\/en-coulisses-om-ol-la-reaction-dinfantino\/#primaryimage"},"datePublished":"2023-10-31T09:35:33+00:00","dateModified":"2023-10-31T09:35:33+00:00","author":{"@id":"https:\/\/www.nettali.com\/#\/schema\/person\/d8ac7b7e27ddad43f1c0d2ef090d7f71"},"breadcrumb":{"@id":"https:\/\/www.nettali.com\/2023\/10\/31\/en-coulisses-om-ol-la-reaction-dinfantino\/#breadcrumb"},"inLanguage":"fr-FR","potentialAction":[{"@type":"ReadAction","target":["https:\/\/www.nettali.com\/2023\/10\/31\/en-coulisses-om-ol-la-reaction-dinfantino\/"]}]},{"@type":"BreadcrumbList","@id":"https:\/\/www.nettali.com\/2023\/10\/31\/en-coulisses-om-ol-la-reaction-dinfantino\/#breadcrumb","itemListElement":[{"@type":"ListItem","position":1,"name":"Accueil","item":"https:\/\/www.nettali.com\/"},{"@type":"ListItem","position":2,"name":"EN COULISSES - OM-OL La re\u0301action d'Infantino"}]},{"@type":"Person","@id":"https:\/\/www.nettali.com\/#\/schema\/person\/d8ac7b7e27ddad43f1c0d2ef090d7f71","name":"CK","image":{"@type":"ImageObject","@id":"https:\/\/www.nettali.com\/#personlogo","inLanguage":"fr-FR","url":"https:\/\/secure.gravatar.com\/avatar\/1d8d5118b9327d94da7cd4ce7f17fec2?s=96&d=mm&r=g","contentUrl":"https:\/\/secure.gravatar.com\/avatar\/1d8d5118b9327d94da7cd4ce7f17fec2?s=96&d=mm&r=g","caption":"CK"},"sameAs":["https:\/\/www.nettali.com"]}]}},"_links":{"self":[{"href":"https:\/\/www.nettali.com\/rest\/wp\/v2\/posts\/121043"}],"collection":[{"href":"https:\/\/www.nettali.com\/rest\/wp\/v2\/posts"}],"about":[{"href":"https:\/\/www.nettali.com\/rest\/wp\/v2\/types\/post"}],"author":[{"embeddable":true,"href":"https:\/\/www.nettali.com\/rest\/wp\/v2\/users\/2"}],"replies":[{"embeddable":true,"href":"https:\/\/www.nettali.com\/rest\/wp\/v2\/comments?post=121043"}],"version-history":[{"count":1,"href":"https:\/\/www.nettali.com\/rest\/wp\/v2\/posts\/121043\/revisions"}],"predecessor-version":[{"id":121045,"href":"https:\/\/www.nettali.com\/rest\/wp\/v2\/posts\/121043\/revisions\/121045"}],"wp:featuredmedia":[{"embeddable":true,"href":"https:\/\/www.nettali.com\/rest\/wp\/v2\/media\/121046"}],"wp:attachment":[{"href":"https:\/\/www.nettali.com\/rest\/wp\/v2\/media?parent=121043"}],"wp:term":[{"taxonomy":"category","embeddable":true,"href":"https:\/\/www.nettali.com\/rest\/wp\/v2\/categories?post=121043"},{"taxonomy":"post_tag","embeddable":true,"href":"https:\/\/www.nettali.com\/rest\/wp\/v2\/tags?post=121043"}],"curies":[{"name":"wp","href":"https:\/\/api.w.org\/{rel}","templated":true}]}}