{"id":120952,"date":"2023-10-30T07:57:49","date_gmt":"2023-10-30T07:57:49","guid":{"rendered":"https:\/\/www.nettali.com\/?p=120952"},"modified":"2023-10-30T07:57:49","modified_gmt":"2023-10-30T07:57:49","slug":"arrivee-du-pm-a-thies-accueil-triomphal","status":"publish","type":"post","link":"https:\/\/www.nettali.com\/2023\/10\/30\/arrivee-du-pm-a-thies-accueil-triomphal\/","title":{"rendered":"ARRIVE\u0301E DU PM A\u0300 THIE\u0300S - Accueil triomphal"},"content":{"rendered":"<div class=\"page\" title=\"Page 2\">\n<div class=\"section\">\n<div class=\"layoutArea\">\n<div class=\"column\">\n<p><strong>NETTALI.COM -<\/strong> <strong>C'est dans une ambiance des grands e\u0301ve\u0301nements que le Premier ministre Amadou Ba poursuit sa tourne\u0301e e\u0301conomique. Il est, depuis samedi 28 octobre, dans la re\u0301gion de Thie\u0300s ou\u0300 il a e\u0301te\u0301 chaleureusement accueilli.<\/strong><\/p>\n<\/div>\n<\/div>\n<div class=\"layoutArea\">\n<div class=\"column\">\n<p>L e Premier ministre a entame\u0301 sa tourne\u0301e e\u0301conomique dans la re\u0301gion de Thie\u0300s, ce samedi. Il a e\u0301te\u0301 accueilli avec enthousiasme par une mobilisation exceptionnelle. Mague\u0300ye Boye (maire de Khombole), Abdoulaye Die\u0300ye (DG AIBD), Cheikh Oumar Anne et Abo Ka lui ont de\u0301roule\u0301 le tapis rouge. Des rues de Caen aux abords du stade Maniang Soumare\u0301, de la place Mamadou Dia a\u0300 l'avenue Fe\u0301lix Houphoue\u0308t-Boigny, jusqu'a\u0300 la gouvernance de Thie\u0300s, l'ambiance a e\u0301te\u0301 e\u0301lectrique.<\/p>\n<p>Hommes, femmes et enfants sont sortis en masse pour re\u0301server un accueil chaleureux au chef du gouvernement, annonc\u0327ant ainsi leur soutien au candidat de la coalition Benno Bokk Yaakaar pour l'e\u0301lection pre\u0301sidentielle de 2024. Les militants survolte\u0301s ont scande\u0301 qu\u2019a\u0300 Thie\u0300s, \"<em>le scrutin sera plie\u0301 au premier tour<\/em>\".<\/p>\n<p>Apre\u0300s un accueil chaleureux de la part des habitants de la cite\u0301 du Rail, le PM a rencontre\u0301 des autorite\u0301s religieuses et coutumie\u0300res.<\/p>\n<p>Le khalife de la famille Ndie\u0301gue\u0300ne, Serigne Mounirou, a chaleureusement accueilli le chef du gouvernement, lors de cette visite de courtoisie. Au cours de leur rencontre, Amadou Ba a partage\u0301 ses ambitions pour l'e\u0301lection pre\u0301sidentielle de 2024 et sa volonte\u0301 de poursuivre le Plan Se\u0301ne\u0301gal e\u0301mergent dans un climat de paix et de stabilite\u0301. Il a e\u0301galement souligne\u0301 l'importance pour le pre\u0301sident de la Re\u0301publique d'avoir un gouvernement a\u0300 l'e\u0301coute des pre\u0301occupations des populations et capable d'y re\u0301pondre rapidement et efficacement.<\/p>\n<p>\"<em>Le chef de l'E\u0301tat a demande\u0301 au gouvernement d'e\u0302tre proche des populations et de faire preuve d'e\u0301coute. Nous sommes un gouvernement a\u0300 l'e\u0301coute et de\u0301termine\u0301<\/em>\", a confie\u0301 le Premier ministre Amadou Ba au khalife.<\/p>\n<\/div>\n<div class=\"column\">\n<p>Ensuite, M. Ba a regagne\u0301 la gouvernance ou\u0300 il a rejoint les acteurs socioe\u0301conomiques de la re\u0301gion de Thie\u0300s.<\/p>\n<p>A\u0300 noter que dans le cadre de sa tourne\u0301e e\u0301conomique, le chef du gouvernement se\u0301journe dans la cite\u0301 du Rail du samedi 28 octobre au mercredi 1er novembre 2023.<\/p>\n<\/div>\n<\/div>\n<\/div>\n<\/div>\n<div class='share-to-whatsapp-wrapper'><div class='share-on-whsp'>PARTAGER SUR : <\/div><a data-text='ARRIVE\u0301E DU PM A\u0300 THIE\u0300S - Accueil triomphal' data-link='https:\/\/www.nettali.com\/2023\/10\/30\/arrivee-du-pm-a-thies-accueil-triomphal\/' class='whatsapp-button whatsapp-share'>WhatsApp<\/a><div class='clear '><\/div><\/div>","protected":false},"excerpt":{"rendered":"<p>NETTALI.COM - C'est dans une ambiance des grands e\u0301ve\u0301nements que le Premier ministre Amadou Ba poursuit sa tourne\u0301e e\u0301conomique. Il est, depuis samedi 28 octobre, dans la re\u0301gion de Thie\u0300s ou\u0300 il a e\u0301te\u0301 chaleureusement accueilli. L e Premier ministre a entame\u0301 sa tourne\u0301e e\u0301conomique dans la re\u0301gion de Thie\u0300s, ce samedi. Il a e\u0301te\u0301 [&hellip;]<\/p>\n","protected":false},"author":2,"featured_media":120953,"comment_status":"open","ping_status":"open","sticky":false,"template":"","format":"standard","meta":{"_et_pb_use_builder":"","_et_pb_old_content":""},"categories":[2],"tags":[],"yoast_head":"<!-- This site is optimized with the Yoast SEO Premium plugin v17.8 (Yoast SEO v17.8) - https:\/\/yoast.com\/wordpress\/plugins\/seo\/ -->\n<title>ARRIVE\u0301E DU PM A\u0300 THIE\u0300S - Accueil triomphal | Nettali.com<\/title>\n<meta name=\"robots\" content=\"index, follow, max-snippet:-1, max-image-preview:large, max-video-preview:-1\" \/>\n<link rel=\"canonical\" href=\"https:\/\/www.nettali.com\/2023\/10\/30\/arrivee-du-pm-a-thies-accueil-triomphal\/\" \/>\n<meta property=\"og:locale\" content=\"fr_FR\" \/>\n<meta property=\"og:type\" content=\"article\" \/>\n<meta property=\"og:title\" content=\"ARRIVE\u0301E DU PM A\u0300 THIE\u0300S - Accueil triomphal\" \/>\n<meta property=\"og:description\" content=\"NETTALI.COM - C&#039;est dans une ambiance des grands e\u0301ve\u0301nements que le Premier ministre Amadou Ba poursuit sa tourne\u0301e e\u0301conomique. Il est, depuis samedi 28 octobre, dans la re\u0301gion de Thie\u0300s ou\u0300 il a e\u0301te\u0301 chaleureusement accueilli. L e Premier ministre a entame\u0301 sa tourne\u0301e e\u0301conomique dans la re\u0301gion de Thie\u0300s, ce samedi. Il a e\u0301te\u0301 [&hellip;]\" \/>\n<meta property=\"og:url\" content=\"https:\/\/www.nettali.com\/2023\/10\/30\/arrivee-du-pm-a-thies-accueil-triomphal\/\" \/>\n<meta property=\"og:site_name\" content=\"Nettali.com\" \/>\n<meta property=\"article:publisher\" content=\"https:\/\/www.facebook.com\/nettalicom\" \/>\n<meta property=\"article:published_time\" content=\"2023-10-30T07:57:49+00:00\" \/>\n<meta property=\"og:image\" content=\"https:\/\/www.nettali.com\/wp-content\/uploads\/2023\/10\/Amadou-Ba-a-thies.jpg\" \/>\n\t<meta property=\"og:image:width\" content=\"2048\" \/>\n\t<meta property=\"og:image:height\" content=\"1536\" \/>\n<meta name=\"twitter:card\" content=\"summary_large_image\" \/>\n<meta name=\"twitter:label1\" content=\"\u00c9crit par\" \/>\n\t<meta name=\"twitter:data1\" content=\"CK\" \/>\n\t<meta name=\"twitter:label2\" content=\"Dur\u00e9e de lecture estim\u00e9e\" \/>\n\t<meta name=\"twitter:data2\" content=\"2 minutes\" \/>\n<script type=\"application\/ld+json\" class=\"yoast-schema-graph\">{\"@context\":\"https:\/\/schema.org\",\"@graph\":[{\"@type\":\"WebSite\",\"@id\":\"https:\/\/www.nettali.com\/#website\",\"url\":\"https:\/\/www.nettali.com\/\",\"name\":\"Nettali.com\",\"description\":\"Le rendez-vous critique du Net\",\"potentialAction\":[{\"@type\":\"SearchAction\",\"target\":{\"@type\":\"EntryPoint\",\"urlTemplate\":\"https:\/\/www.nettali.com\/?s={search_term_string}\"},\"query-input\":\"required name=search_term_string\"}],\"inLanguage\":\"fr-FR\"},{\"@type\":\"ImageObject\",\"@id\":\"https:\/\/www.nettali.com\/2023\/10\/30\/arrivee-du-pm-a-thies-accueil-triomphal\/#primaryimage\",\"inLanguage\":\"fr-FR\",\"url\":\"https:\/\/www.nettali.com\/wp-content\/uploads\/2023\/10\/Amadou-Ba-a-thies.jpg\",\"contentUrl\":\"https:\/\/www.nettali.com\/wp-content\/uploads\/2023\/10\/Amadou-Ba-a-thies.jpg\",\"width\":2048,\"height\":1536},{\"@type\":\"WebPage\",\"@id\":\"https:\/\/www.nettali.com\/2023\/10\/30\/arrivee-du-pm-a-thies-accueil-triomphal\/#webpage\",\"url\":\"https:\/\/www.nettali.com\/2023\/10\/30\/arrivee-du-pm-a-thies-accueil-triomphal\/\",\"name\":\"ARRIVE\\u0301E DU PM A\\u0300 THIE\\u0300S - Accueil triomphal | Nettali.com\",\"isPartOf\":{\"@id\":\"https:\/\/www.nettali.com\/#website\"},\"primaryImageOfPage\":{\"@id\":\"https:\/\/www.nettali.com\/2023\/10\/30\/arrivee-du-pm-a-thies-accueil-triomphal\/#primaryimage\"},\"datePublished\":\"2023-10-30T07:57:49+00:00\",\"dateModified\":\"2023-10-30T07:57:49+00:00\",\"author\":{\"@id\":\"https:\/\/www.nettali.com\/#\/schema\/person\/d8ac7b7e27ddad43f1c0d2ef090d7f71\"},\"breadcrumb\":{\"@id\":\"https:\/\/www.nettali.com\/2023\/10\/30\/arrivee-du-pm-a-thies-accueil-triomphal\/#breadcrumb\"},\"inLanguage\":\"fr-FR\",\"potentialAction\":[{\"@type\":\"ReadAction\",\"target\":[\"https:\/\/www.nettali.com\/2023\/10\/30\/arrivee-du-pm-a-thies-accueil-triomphal\/\"]}]},{\"@type\":\"BreadcrumbList\",\"@id\":\"https:\/\/www.nettali.com\/2023\/10\/30\/arrivee-du-pm-a-thies-accueil-triomphal\/#breadcrumb\",\"itemListElement\":[{\"@type\":\"ListItem\",\"position\":1,\"name\":\"Accueil\",\"item\":\"https:\/\/www.nettali.com\/\"},{\"@type\":\"ListItem\",\"position\":2,\"name\":\"ARRIVE\\u0301E DU PM A\\u0300 THIE\\u0300S - Accueil triomphal\"}]},{\"@type\":\"Person\",\"@id\":\"https:\/\/www.nettali.com\/#\/schema\/person\/d8ac7b7e27ddad43f1c0d2ef090d7f71\",\"name\":\"CK\",\"image\":{\"@type\":\"ImageObject\",\"@id\":\"https:\/\/www.nettali.com\/#personlogo\",\"inLanguage\":\"fr-FR\",\"url\":\"https:\/\/secure.gravatar.com\/avatar\/1d8d5118b9327d94da7cd4ce7f17fec2?s=96&d=mm&r=g\",\"contentUrl\":\"https:\/\/secure.gravatar.com\/avatar\/1d8d5118b9327d94da7cd4ce7f17fec2?s=96&d=mm&r=g\",\"caption\":\"CK\"},\"sameAs\":[\"https:\/\/www.nettali.com\"]}]}<\/script>\n<!-- \/ Yoast SEO Premium plugin. -->","yoast_head_json":{"title":"ARRIVE\u0301E DU PM A\u0300 THIE\u0300S - Accueil triomphal | Nettali.com","robots":{"index":"index","follow":"follow","max-snippet":"max-snippet:-1","max-image-preview":"max-image-preview:large","max-video-preview":"max-video-preview:-1"},"canonical":"https:\/\/www.nettali.com\/2023\/10\/30\/arrivee-du-pm-a-thies-accueil-triomphal\/","og_locale":"fr_FR","og_type":"article","og_title":"ARRIVE\u0301E DU PM A\u0300 THIE\u0300S - Accueil triomphal","og_description":"NETTALI.COM - C'est dans une ambiance des grands e\u0301ve\u0301nements que le Premier ministre Amadou Ba poursuit sa tourne\u0301e e\u0301conomique. Il est, depuis samedi 28 octobre, dans la re\u0301gion de Thie\u0300s ou\u0300 il a e\u0301te\u0301 chaleureusement accueilli. L e Premier ministre a entame\u0301 sa tourne\u0301e e\u0301conomique dans la re\u0301gion de Thie\u0300s, ce samedi. Il a e\u0301te\u0301 [&hellip;]","og_url":"https:\/\/www.nettali.com\/2023\/10\/30\/arrivee-du-pm-a-thies-accueil-triomphal\/","og_site_name":"Nettali.com","article_publisher":"https:\/\/www.facebook.com\/nettalicom","article_published_time":"2023-10-30T07:57:49+00:00","og_image":[{"width":2048,"height":1536,"url":"https:\/\/www.nettali.com\/wp-content\/uploads\/2023\/10\/Amadou-Ba-a-thies.jpg","type":"image\/jpeg"}],"twitter_card":"summary_large_image","twitter_misc":{"\u00c9crit par":"CK","Dur\u00e9e de lecture estim\u00e9e":"2 minutes"},"schema":{"@context":"https:\/\/schema.org","@graph":[{"@type":"WebSite","@id":"https:\/\/www.nettali.com\/#website","url":"https:\/\/www.nettali.com\/","name":"Nettali.com","description":"Le rendez-vous critique du Net","potentialAction":[{"@type":"SearchAction","target":{"@type":"EntryPoint","urlTemplate":"https:\/\/www.nettali.com\/?s={search_term_string}"},"query-input":"required name=search_term_string"}],"inLanguage":"fr-FR"},{"@type":"ImageObject","@id":"https:\/\/www.nettali.com\/2023\/10\/30\/arrivee-du-pm-a-thies-accueil-triomphal\/#primaryimage","inLanguage":"fr-FR","url":"https:\/\/www.nettali.com\/wp-content\/uploads\/2023\/10\/Amadou-Ba-a-thies.jpg","contentUrl":"https:\/\/www.nettali.com\/wp-content\/uploads\/2023\/10\/Amadou-Ba-a-thies.jpg","width":2048,"height":1536},{"@type":"WebPage","@id":"https:\/\/www.nettali.com\/2023\/10\/30\/arrivee-du-pm-a-thies-accueil-triomphal\/#webpage","url":"https:\/\/www.nettali.com\/2023\/10\/30\/arrivee-du-pm-a-thies-accueil-triomphal\/","name":"ARRIVE\u0301E DU PM A\u0300 THIE\u0300S - Accueil triomphal | Nettali.com","isPartOf":{"@id":"https:\/\/www.nettali.com\/#website"},"primaryImageOfPage":{"@id":"https:\/\/www.nettali.com\/2023\/10\/30\/arrivee-du-pm-a-thies-accueil-triomphal\/#primaryimage"},"datePublished":"2023-10-30T07:57:49+00:00","dateModified":"2023-10-30T07:57:49+00:00","author":{"@id":"https:\/\/www.nettali.com\/#\/schema\/person\/d8ac7b7e27ddad43f1c0d2ef090d7f71"},"breadcrumb":{"@id":"https:\/\/www.nettali.com\/2023\/10\/30\/arrivee-du-pm-a-thies-accueil-triomphal\/#breadcrumb"},"inLanguage":"fr-FR","potentialAction":[{"@type":"ReadAction","target":["https:\/\/www.nettali.com\/2023\/10\/30\/arrivee-du-pm-a-thies-accueil-triomphal\/"]}]},{"@type":"BreadcrumbList","@id":"https:\/\/www.nettali.com\/2023\/10\/30\/arrivee-du-pm-a-thies-accueil-triomphal\/#breadcrumb","itemListElement":[{"@type":"ListItem","position":1,"name":"Accueil","item":"https:\/\/www.nettali.com\/"},{"@type":"ListItem","position":2,"name":"ARRIVE\u0301E DU PM A\u0300 THIE\u0300S - Accueil triomphal"}]},{"@type":"Person","@id":"https:\/\/www.nettali.com\/#\/schema\/person\/d8ac7b7e27ddad43f1c0d2ef090d7f71","name":"CK","image":{"@type":"ImageObject","@id":"https:\/\/www.nettali.com\/#personlogo","inLanguage":"fr-FR","url":"https:\/\/secure.gravatar.com\/avatar\/1d8d5118b9327d94da7cd4ce7f17fec2?s=96&d=mm&r=g","contentUrl":"https:\/\/secure.gravatar.com\/avatar\/1d8d5118b9327d94da7cd4ce7f17fec2?s=96&d=mm&r=g","caption":"CK"},"sameAs":["https:\/\/www.nettali.com"]}]}},"_links":{"self":[{"href":"https:\/\/www.nettali.com\/rest\/wp\/v2\/posts\/120952"}],"collection":[{"href":"https:\/\/www.nettali.com\/rest\/wp\/v2\/posts"}],"about":[{"href":"https:\/\/www.nettali.com\/rest\/wp\/v2\/types\/post"}],"author":[{"embeddable":true,"href":"https:\/\/www.nettali.com\/rest\/wp\/v2\/users\/2"}],"replies":[{"embeddable":true,"href":"https:\/\/www.nettali.com\/rest\/wp\/v2\/comments?post=120952"}],"version-history":[{"count":1,"href":"https:\/\/www.nettali.com\/rest\/wp\/v2\/posts\/120952\/revisions"}],"predecessor-version":[{"id":120954,"href":"https:\/\/www.nettali.com\/rest\/wp\/v2\/posts\/120952\/revisions\/120954"}],"wp:featuredmedia":[{"embeddable":true,"href":"https:\/\/www.nettali.com\/rest\/wp\/v2\/media\/120953"}],"wp:attachment":[{"href":"https:\/\/www.nettali.com\/rest\/wp\/v2\/media?parent=120952"}],"wp:term":[{"taxonomy":"category","embeddable":true,"href":"https:\/\/www.nettali.com\/rest\/wp\/v2\/categories?post=120952"},{"taxonomy":"post_tag","embeddable":true,"href":"https:\/\/www.nettali.com\/rest\/wp\/v2\/tags?post=120952"}],"curies":[{"name":"wp","href":"https:\/\/api.w.org\/{rel}","templated":true}]}}