{"id":120920,"date":"2023-10-29T15:33:51","date_gmt":"2023-10-29T15:33:51","guid":{"rendered":"https:\/\/www.nettali.com\/?p=120920"},"modified":"2023-10-29T15:33:51","modified_gmt":"2023-10-29T15:33:51","slug":"om-ismaila-sarr-et-iliman-ndiaye-interpelles-par-gattuso","status":"publish","type":"post","link":"https:\/\/www.nettali.com\/2023\/10\/29\/om-ismaila-sarr-et-iliman-ndiaye-interpelles-par-gattuso\/","title":{"rendered":"OM - Isma\u00efla Sarr et Iliman Ndiaye interpell\u00e9s par Gattuso"},"content":{"rendered":"<p><strong>NETTALI.COM - Lors des derniers matchs, les attaquants de l'Olympique de Marseille ont pris l'habitude de g\u00e2cher plusieurs occasions. Alors que le buteur phoc\u00e9en Pierre-Emerick Aubameyang cristallise de nombreuses critiques, le coach olympien Gennaro Gattuso a secou\u00e9 Iliman Ndiaye et Isma\u00efla Sarr, devant les m\u00e9dias.<\/strong><\/p>\n<p>\"<em>On parle d'Aubameyang mais depuis que je suis l\u00e0, Ndiaye aurait pu en mettre 4 ou 5 aussi. Cela doit \u00eatre appliqu\u00e9 d\u00e8s l'entra\u00eenement, m\u00eame devant la cage vide on doit \u00eatre tueurs et ne pas 'd\u00e9conner'. (...) J'ai dit \u00e0 Sarr de se r\u00e9veiller, de se rappeler ses qualit\u00e9s de vitesse qu'il exploitait en Premier League. Concernant Ndiaye, il a peut-\u00eatre 10 ou 12 buts dans les jambes. Il ne doit pas perdre confiance et trouver son rythme. Il doit aussi s'habituer \u00e0 jouer sur un c\u00f4t\u00e9 alors qu'en Angleterre il \u00e9tait utilis\u00e9 comme second attaquant. Mais avec de la confiance et de la continuit\u00e9, il peut devenir un \u00e9l\u00e9ment fondamental de notre attaque<\/em>\", a tout de m\u00eame not\u00e9 le champion du monde 2006.<\/p>\n<div class='share-to-whatsapp-wrapper'><div class='share-on-whsp'>PARTAGER SUR : <\/div><a data-text='OM - Isma\u00efla Sarr et Iliman Ndiaye interpell\u00e9s par Gattuso' data-link='https:\/\/www.nettali.com\/2023\/10\/29\/om-ismaila-sarr-et-iliman-ndiaye-interpelles-par-gattuso\/' class='whatsapp-button whatsapp-share'>WhatsApp<\/a><div class='clear '><\/div><\/div>","protected":false},"excerpt":{"rendered":"<p>NETTALI.COM - Lors des derniers matchs, les attaquants de l'Olympique de Marseille ont pris l'habitude de g\u00e2cher plusieurs occasions. Alors que le buteur phoc\u00e9en Pierre-Emerick Aubameyang cristallise de nombreuses critiques, le coach olympien Gennaro Gattuso a secou\u00e9 Iliman Ndiaye et Isma\u00efla Sarr, devant les m\u00e9dias. \"On parle d'Aubameyang mais depuis que je suis l\u00e0, Ndiaye [&hellip;]<\/p>\n","protected":false},"author":5,"featured_media":120921,"comment_status":"open","ping_status":"open","sticky":false,"template":"","format":"standard","meta":{"_et_pb_use_builder":"","_et_pb_old_content":""},"categories":[6],"tags":[],"yoast_head":"<!-- This site is optimized with the Yoast SEO Premium plugin v17.8 (Yoast SEO v17.8) - https:\/\/yoast.com\/wordpress\/plugins\/seo\/ -->\n<title>OM - Isma\u00efla Sarr et Iliman Ndiaye interpell\u00e9s par Gattuso | Nettali.com<\/title>\n<meta name=\"robots\" content=\"index, follow, max-snippet:-1, max-image-preview:large, max-video-preview:-1\" \/>\n<link rel=\"canonical\" href=\"https:\/\/www.nettali.com\/2023\/10\/29\/om-ismaila-sarr-et-iliman-ndiaye-interpelles-par-gattuso\/\" \/>\n<meta property=\"og:locale\" content=\"fr_FR\" \/>\n<meta property=\"og:type\" content=\"article\" \/>\n<meta property=\"og:title\" content=\"OM - Isma\u00efla Sarr et Iliman Ndiaye interpell\u00e9s par Gattuso\" \/>\n<meta property=\"og:description\" content=\"NETTALI.COM - Lors des derniers matchs, les attaquants de l&#039;Olympique de Marseille ont pris l&#039;habitude de g\u00e2cher plusieurs occasions. Alors que le buteur phoc\u00e9en Pierre-Emerick Aubameyang cristallise de nombreuses critiques, le coach olympien Gennaro Gattuso a secou\u00e9 Iliman Ndiaye et Isma\u00efla Sarr, devant les m\u00e9dias. &quot;On parle d&#039;Aubameyang mais depuis que je suis l\u00e0, Ndiaye [&hellip;]\" \/>\n<meta property=\"og:url\" content=\"https:\/\/www.nettali.com\/2023\/10\/29\/om-ismaila-sarr-et-iliman-ndiaye-interpelles-par-gattuso\/\" \/>\n<meta property=\"og:site_name\" content=\"Nettali.com\" \/>\n<meta property=\"article:publisher\" content=\"https:\/\/www.facebook.com\/nettalicom\" \/>\n<meta property=\"article:published_time\" content=\"2023-10-29T15:33:51+00:00\" \/>\n<meta property=\"og:image\" content=\"https:\/\/www.nettali.com\/wp-content\/uploads\/2023\/10\/Ismaila-Sarr-et-Iliman-Ndiaye-lors-du-match-amical-OM-Bayer-Leverkusen-le-02-08-2023-1684957-1.jpg\" \/>\n\t<meta property=\"og:image:width\" content=\"1472\" \/>\n\t<meta property=\"og:image:height\" content=\"828\" \/>\n<meta name=\"twitter:card\" content=\"summary_large_image\" \/>\n<meta name=\"twitter:label1\" content=\"\u00c9crit par\" \/>\n\t<meta name=\"twitter:data1\" content=\"Ibrahima\" \/>\n\t<meta name=\"twitter:label2\" content=\"Dur\u00e9e de lecture estim\u00e9e\" \/>\n\t<meta name=\"twitter:data2\" content=\"1 minute\" \/>\n<script type=\"application\/ld+json\" class=\"yoast-schema-graph\">{\"@context\":\"https:\/\/schema.org\",\"@graph\":[{\"@type\":\"WebSite\",\"@id\":\"https:\/\/www.nettali.com\/#website\",\"url\":\"https:\/\/www.nettali.com\/\",\"name\":\"Nettali.com\",\"description\":\"Le rendez-vous critique du Net\",\"potentialAction\":[{\"@type\":\"SearchAction\",\"target\":{\"@type\":\"EntryPoint\",\"urlTemplate\":\"https:\/\/www.nettali.com\/?s={search_term_string}\"},\"query-input\":\"required name=search_term_string\"}],\"inLanguage\":\"fr-FR\"},{\"@type\":\"ImageObject\",\"@id\":\"https:\/\/www.nettali.com\/2023\/10\/29\/om-ismaila-sarr-et-iliman-ndiaye-interpelles-par-gattuso\/#primaryimage\",\"inLanguage\":\"fr-FR\",\"url\":\"https:\/\/www.nettali.com\/wp-content\/uploads\/2023\/10\/Ismaila-Sarr-et-Iliman-Ndiaye-lors-du-match-amical-OM-Bayer-Leverkusen-le-02-08-2023-1684957-1.jpg\",\"contentUrl\":\"https:\/\/www.nettali.com\/wp-content\/uploads\/2023\/10\/Ismaila-Sarr-et-Iliman-Ndiaye-lors-du-match-amical-OM-Bayer-Leverkusen-le-02-08-2023-1684957-1.jpg\",\"width\":1472,\"height\":828},{\"@type\":\"WebPage\",\"@id\":\"https:\/\/www.nettali.com\/2023\/10\/29\/om-ismaila-sarr-et-iliman-ndiaye-interpelles-par-gattuso\/#webpage\",\"url\":\"https:\/\/www.nettali.com\/2023\/10\/29\/om-ismaila-sarr-et-iliman-ndiaye-interpelles-par-gattuso\/\",\"name\":\"OM - Isma\\u00efla Sarr et Iliman Ndiaye interpell\\u00e9s par Gattuso | Nettali.com\",\"isPartOf\":{\"@id\":\"https:\/\/www.nettali.com\/#website\"},\"primaryImageOfPage\":{\"@id\":\"https:\/\/www.nettali.com\/2023\/10\/29\/om-ismaila-sarr-et-iliman-ndiaye-interpelles-par-gattuso\/#primaryimage\"},\"datePublished\":\"2023-10-29T15:33:51+00:00\",\"dateModified\":\"2023-10-29T15:33:51+00:00\",\"author\":{\"@id\":\"https:\/\/www.nettali.com\/#\/schema\/person\/bb147657c2986240405a608162b9bb23\"},\"breadcrumb\":{\"@id\":\"https:\/\/www.nettali.com\/2023\/10\/29\/om-ismaila-sarr-et-iliman-ndiaye-interpelles-par-gattuso\/#breadcrumb\"},\"inLanguage\":\"fr-FR\",\"potentialAction\":[{\"@type\":\"ReadAction\",\"target\":[\"https:\/\/www.nettali.com\/2023\/10\/29\/om-ismaila-sarr-et-iliman-ndiaye-interpelles-par-gattuso\/\"]}]},{\"@type\":\"BreadcrumbList\",\"@id\":\"https:\/\/www.nettali.com\/2023\/10\/29\/om-ismaila-sarr-et-iliman-ndiaye-interpelles-par-gattuso\/#breadcrumb\",\"itemListElement\":[{\"@type\":\"ListItem\",\"position\":1,\"name\":\"Accueil\",\"item\":\"https:\/\/www.nettali.com\/\"},{\"@type\":\"ListItem\",\"position\":2,\"name\":\"OM - Isma\\u00efla Sarr et Iliman Ndiaye interpell\\u00e9s par Gattuso\"}]},{\"@type\":\"Person\",\"@id\":\"https:\/\/www.nettali.com\/#\/schema\/person\/bb147657c2986240405a608162b9bb23\",\"name\":\"Ibrahima\",\"image\":{\"@type\":\"ImageObject\",\"@id\":\"https:\/\/www.nettali.com\/#personlogo\",\"inLanguage\":\"fr-FR\",\"url\":\"https:\/\/secure.gravatar.com\/avatar\/26a8a81f09f0dd7624c9d5c36c9ba3a2?s=96&d=mm&r=g\",\"contentUrl\":\"https:\/\/secure.gravatar.com\/avatar\/26a8a81f09f0dd7624c9d5c36c9ba3a2?s=96&d=mm&r=g\",\"caption\":\"Ibrahima\"},\"sameAs\":[\"https:\/\/www.nettali.com\"]}]}<\/script>\n<!-- \/ Yoast SEO Premium plugin. -->","yoast_head_json":{"title":"OM - Isma\u00efla Sarr et Iliman Ndiaye interpell\u00e9s par Gattuso | Nettali.com","robots":{"index":"index","follow":"follow","max-snippet":"max-snippet:-1","max-image-preview":"max-image-preview:large","max-video-preview":"max-video-preview:-1"},"canonical":"https:\/\/www.nettali.com\/2023\/10\/29\/om-ismaila-sarr-et-iliman-ndiaye-interpelles-par-gattuso\/","og_locale":"fr_FR","og_type":"article","og_title":"OM - Isma\u00efla Sarr et Iliman Ndiaye interpell\u00e9s par Gattuso","og_description":"NETTALI.COM - Lors des derniers matchs, les attaquants de l'Olympique de Marseille ont pris l'habitude de g\u00e2cher plusieurs occasions. Alors que le buteur phoc\u00e9en Pierre-Emerick Aubameyang cristallise de nombreuses critiques, le coach olympien Gennaro Gattuso a secou\u00e9 Iliman Ndiaye et Isma\u00efla Sarr, devant les m\u00e9dias. \"On parle d'Aubameyang mais depuis que je suis l\u00e0, Ndiaye [&hellip;]","og_url":"https:\/\/www.nettali.com\/2023\/10\/29\/om-ismaila-sarr-et-iliman-ndiaye-interpelles-par-gattuso\/","og_site_name":"Nettali.com","article_publisher":"https:\/\/www.facebook.com\/nettalicom","article_published_time":"2023-10-29T15:33:51+00:00","og_image":[{"width":1472,"height":828,"url":"https:\/\/www.nettali.com\/wp-content\/uploads\/2023\/10\/Ismaila-Sarr-et-Iliman-Ndiaye-lors-du-match-amical-OM-Bayer-Leverkusen-le-02-08-2023-1684957-1.jpg","type":"image\/jpeg"}],"twitter_card":"summary_large_image","twitter_misc":{"\u00c9crit par":"Ibrahima","Dur\u00e9e de lecture estim\u00e9e":"1 minute"},"schema":{"@context":"https:\/\/schema.org","@graph":[{"@type":"WebSite","@id":"https:\/\/www.nettali.com\/#website","url":"https:\/\/www.nettali.com\/","name":"Nettali.com","description":"Le rendez-vous critique du Net","potentialAction":[{"@type":"SearchAction","target":{"@type":"EntryPoint","urlTemplate":"https:\/\/www.nettali.com\/?s={search_term_string}"},"query-input":"required name=search_term_string"}],"inLanguage":"fr-FR"},{"@type":"ImageObject","@id":"https:\/\/www.nettali.com\/2023\/10\/29\/om-ismaila-sarr-et-iliman-ndiaye-interpelles-par-gattuso\/#primaryimage","inLanguage":"fr-FR","url":"https:\/\/www.nettali.com\/wp-content\/uploads\/2023\/10\/Ismaila-Sarr-et-Iliman-Ndiaye-lors-du-match-amical-OM-Bayer-Leverkusen-le-02-08-2023-1684957-1.jpg","contentUrl":"https:\/\/www.nettali.com\/wp-content\/uploads\/2023\/10\/Ismaila-Sarr-et-Iliman-Ndiaye-lors-du-match-amical-OM-Bayer-Leverkusen-le-02-08-2023-1684957-1.jpg","width":1472,"height":828},{"@type":"WebPage","@id":"https:\/\/www.nettali.com\/2023\/10\/29\/om-ismaila-sarr-et-iliman-ndiaye-interpelles-par-gattuso\/#webpage","url":"https:\/\/www.nettali.com\/2023\/10\/29\/om-ismaila-sarr-et-iliman-ndiaye-interpelles-par-gattuso\/","name":"OM - Isma\u00efla Sarr et Iliman Ndiaye interpell\u00e9s par Gattuso | Nettali.com","isPartOf":{"@id":"https:\/\/www.nettali.com\/#website"},"primaryImageOfPage":{"@id":"https:\/\/www.nettali.com\/2023\/10\/29\/om-ismaila-sarr-et-iliman-ndiaye-interpelles-par-gattuso\/#primaryimage"},"datePublished":"2023-10-29T15:33:51+00:00","dateModified":"2023-10-29T15:33:51+00:00","author":{"@id":"https:\/\/www.nettali.com\/#\/schema\/person\/bb147657c2986240405a608162b9bb23"},"breadcrumb":{"@id":"https:\/\/www.nettali.com\/2023\/10\/29\/om-ismaila-sarr-et-iliman-ndiaye-interpelles-par-gattuso\/#breadcrumb"},"inLanguage":"fr-FR","potentialAction":[{"@type":"ReadAction","target":["https:\/\/www.nettali.com\/2023\/10\/29\/om-ismaila-sarr-et-iliman-ndiaye-interpelles-par-gattuso\/"]}]},{"@type":"BreadcrumbList","@id":"https:\/\/www.nettali.com\/2023\/10\/29\/om-ismaila-sarr-et-iliman-ndiaye-interpelles-par-gattuso\/#breadcrumb","itemListElement":[{"@type":"ListItem","position":1,"name":"Accueil","item":"https:\/\/www.nettali.com\/"},{"@type":"ListItem","position":2,"name":"OM - Isma\u00efla Sarr et Iliman Ndiaye interpell\u00e9s par Gattuso"}]},{"@type":"Person","@id":"https:\/\/www.nettali.com\/#\/schema\/person\/bb147657c2986240405a608162b9bb23","name":"Ibrahima","image":{"@type":"ImageObject","@id":"https:\/\/www.nettali.com\/#personlogo","inLanguage":"fr-FR","url":"https:\/\/secure.gravatar.com\/avatar\/26a8a81f09f0dd7624c9d5c36c9ba3a2?s=96&d=mm&r=g","contentUrl":"https:\/\/secure.gravatar.com\/avatar\/26a8a81f09f0dd7624c9d5c36c9ba3a2?s=96&d=mm&r=g","caption":"Ibrahima"},"sameAs":["https:\/\/www.nettali.com"]}]}},"_links":{"self":[{"href":"https:\/\/www.nettali.com\/rest\/wp\/v2\/posts\/120920"}],"collection":[{"href":"https:\/\/www.nettali.com\/rest\/wp\/v2\/posts"}],"about":[{"href":"https:\/\/www.nettali.com\/rest\/wp\/v2\/types\/post"}],"author":[{"embeddable":true,"href":"https:\/\/www.nettali.com\/rest\/wp\/v2\/users\/5"}],"replies":[{"embeddable":true,"href":"https:\/\/www.nettali.com\/rest\/wp\/v2\/comments?post=120920"}],"version-history":[{"count":1,"href":"https:\/\/www.nettali.com\/rest\/wp\/v2\/posts\/120920\/revisions"}],"predecessor-version":[{"id":120922,"href":"https:\/\/www.nettali.com\/rest\/wp\/v2\/posts\/120920\/revisions\/120922"}],"wp:featuredmedia":[{"embeddable":true,"href":"https:\/\/www.nettali.com\/rest\/wp\/v2\/media\/120921"}],"wp:attachment":[{"href":"https:\/\/www.nettali.com\/rest\/wp\/v2\/media?parent=120920"}],"wp:term":[{"taxonomy":"category","embeddable":true,"href":"https:\/\/www.nettali.com\/rest\/wp\/v2\/categories?post=120920"},{"taxonomy":"post_tag","embeddable":true,"href":"https:\/\/www.nettali.com\/rest\/wp\/v2\/tags?post=120920"}],"curies":[{"name":"wp","href":"https:\/\/api.w.org\/{rel}","templated":true}]}}