{"id":120806,"date":"2023-10-27T00:37:54","date_gmt":"2023-10-27T00:37:54","guid":{"rendered":"https:\/\/www.nettali.com\/?p=120806"},"modified":"2023-10-29T03:01:34","modified_gmt":"2023-10-29T03:01:34","slug":"diffusion-dune-lettre-interne-sur-le-cas-sonko-le-procureur-promet-de-sevir","status":"publish","type":"post","link":"https:\/\/www.nettali.com\/2023\/10\/27\/diffusion-dune-lettre-interne-sur-le-cas-sonko-le-procureur-promet-de-sevir\/","title":{"rendered":"DIFFUSION D'UNE LETTRE INTERNE SUR LE CAS SONKO - Le procureur promet de s\u00e9vir"},"content":{"rendered":"<p><strong>NETTALI.COM - C'est une lettre alarmante sur l'\u00e9tat de sant\u00e9 d'Ousmane Sonko que le directeur g\u00e9n\u00e9ral de l'administration p\u00e9nitentiaire a adress\u00e9e au ministre de la Justice. Mais la diffusion de cette missive est consid\u00e9r\u00e9e par le parquet comme une violation des droits du d\u00e9tenu. Ce qui a pouss\u00e9 le procureur \u00e0 ordonner l'ouverture imm\u00e9diate d'une enqu\u00eate.\u00a0<\/strong><\/p>\n<p>La situation sanitaire d'Ousmane Sonko est alarmante. Et ceux qui en doutaient encore ont pu obtenir la confirmation \u00e0 la lecture d'une correspondance du directeur g\u00e9n\u00e9ral de l'administration p\u00e9nitentiaire adress\u00e9e au ministre de la Justice. Cette lettre largement partag\u00e9e sur les r\u00e9seaux sociaux ce jeudi a fait sortir du silence le procureur de la R\u00e9publique. Dans un communiqu\u00e9, le chef du parquet dit avoir ordonn\u00e9 l'ouverture d'une enqu\u00eate.<\/p>\n<p>\"<em>Il a \u00e9t\u00e9 relev\u00e9 la diffusion, sur des supports de communication, d'une correspondance administrative et interne \u00e9manant de la direction de l'administration p\u00e9nitentiaire et adress\u00e9e \u00e0 Madame le Garde des sceaux, ministre de la Justice<\/em>\", d\u00e9plore le procureur de la R\u00e9publique. Il ajoute: \"<em>Outre la violation des droits du d\u00e9tenu, ces faits d'une particuli\u00e8re gravit\u00e9 constituent toute une panoplie d'infractions relatives \u00e0 la diffusion de donn\u00e9es \u00e0 caract\u00e8re personnel.<\/em>\"<\/p>\n<p>Face \u00e0 cette situation, le procureur de la R\u00e9publique dit avoir ordonn\u00e9 imm\u00e9diatement l'ouverture d'une enqu\u00eate. Objectif : \"<em>identifier les auteurs de cette publication et toutes les personnes impliqu\u00e9es aux fins d'engager des poursuites judiciaires \u00e0 leur encontre<\/em>.\"<\/p>\n<div class='share-to-whatsapp-wrapper'><div class='share-on-whsp'>PARTAGER SUR : <\/div><a data-text='DIFFUSION D'UNE LETTRE INTERNE SUR LE CAS SONKO - Le procureur promet de s\u00e9vir' data-link='https:\/\/www.nettali.com\/2023\/10\/27\/diffusion-dune-lettre-interne-sur-le-cas-sonko-le-procureur-promet-de-sevir\/' class='whatsapp-button whatsapp-share'>WhatsApp<\/a><div class='clear '><\/div><\/div>","protected":false},"excerpt":{"rendered":"<p>NETTALI.COM - C'est une lettre alarmante sur l'\u00e9tat de sant\u00e9 d'Ousmane Sonko que le directeur g\u00e9n\u00e9ral de l'administration p\u00e9nitentiaire a adress\u00e9e au ministre de la Justice. Mais la diffusion de cette missive est consid\u00e9r\u00e9e par le parquet comme une violation des droits du d\u00e9tenu. Ce qui a pouss\u00e9 le procureur \u00e0 ordonner l'ouverture imm\u00e9diate d'une [&hellip;]<\/p>\n","protected":false},"author":3,"featured_media":120807,"comment_status":"open","ping_status":"open","sticky":false,"template":"","format":"standard","meta":{"_et_pb_use_builder":"","_et_pb_old_content":""},"categories":[3],"tags":[],"yoast_head":"<!-- This site is optimized with the Yoast SEO Premium plugin v17.8 (Yoast SEO v17.8) - https:\/\/yoast.com\/wordpress\/plugins\/seo\/ -->\n<title>DIFFUSION D&#039;UNE LETTRE INTERNE SUR LE CAS SONKO - Le procureur promet de s\u00e9vir | Nettali.com<\/title>\n<meta name=\"robots\" content=\"index, follow, max-snippet:-1, max-image-preview:large, max-video-preview:-1\" \/>\n<link rel=\"canonical\" href=\"https:\/\/www.nettali.com\/2023\/10\/27\/diffusion-dune-lettre-interne-sur-le-cas-sonko-le-procureur-promet-de-sevir\/\" \/>\n<meta property=\"og:locale\" content=\"fr_FR\" \/>\n<meta property=\"og:type\" content=\"article\" \/>\n<meta property=\"og:title\" content=\"DIFFUSION D&#039;UNE LETTRE INTERNE SUR LE CAS SONKO - Le procureur promet de s\u00e9vir\" \/>\n<meta property=\"og:description\" content=\"NETTALI.COM - C&#039;est une lettre alarmante sur l&#039;\u00e9tat de sant\u00e9 d&#039;Ousmane Sonko que le directeur g\u00e9n\u00e9ral de l&#039;administration p\u00e9nitentiaire a adress\u00e9e au ministre de la Justice. Mais la diffusion de cette missive est consid\u00e9r\u00e9e par le parquet comme une violation des droits du d\u00e9tenu. Ce qui a pouss\u00e9 le procureur \u00e0 ordonner l&#039;ouverture imm\u00e9diate d&#039;une [&hellip;]\" \/>\n<meta property=\"og:url\" content=\"https:\/\/www.nettali.com\/2023\/10\/27\/diffusion-dune-lettre-interne-sur-le-cas-sonko-le-procureur-promet-de-sevir\/\" \/>\n<meta property=\"og:site_name\" content=\"Nettali.com\" \/>\n<meta property=\"article:publisher\" content=\"https:\/\/www.facebook.com\/nettalicom\" \/>\n<meta property=\"article:published_time\" content=\"2023-10-27T00:37:54+00:00\" \/>\n<meta property=\"article:modified_time\" content=\"2023-10-29T03:01:34+00:00\" \/>\n<meta property=\"og:image\" content=\"https:\/\/www.nettali.com\/wp-content\/uploads\/2023\/10\/abdou-karim-diop-procureur.jpg\" \/>\n\t<meta property=\"og:image:width\" content=\"600\" \/>\n\t<meta property=\"og:image:height\" content=\"301\" \/>\n<meta name=\"twitter:card\" content=\"summary_large_image\" \/>\n<meta name=\"twitter:label1\" content=\"\u00c9crit par\" \/>\n\t<meta name=\"twitter:data1\" content=\"Moustapha\" \/>\n\t<meta name=\"twitter:label2\" content=\"Dur\u00e9e de lecture estim\u00e9e\" \/>\n\t<meta name=\"twitter:data2\" content=\"2 minutes\" \/>\n<script type=\"application\/ld+json\" class=\"yoast-schema-graph\">{\"@context\":\"https:\/\/schema.org\",\"@graph\":[{\"@type\":\"WebSite\",\"@id\":\"https:\/\/www.nettali.com\/#website\",\"url\":\"https:\/\/www.nettali.com\/\",\"name\":\"Nettali.com\",\"description\":\"Le rendez-vous critique du Net\",\"potentialAction\":[{\"@type\":\"SearchAction\",\"target\":{\"@type\":\"EntryPoint\",\"urlTemplate\":\"https:\/\/www.nettali.com\/?s={search_term_string}\"},\"query-input\":\"required name=search_term_string\"}],\"inLanguage\":\"fr-FR\"},{\"@type\":\"ImageObject\",\"@id\":\"https:\/\/www.nettali.com\/2023\/10\/27\/diffusion-dune-lettre-interne-sur-le-cas-sonko-le-procureur-promet-de-sevir\/#primaryimage\",\"inLanguage\":\"fr-FR\",\"url\":\"https:\/\/www.nettali.com\/wp-content\/uploads\/2023\/10\/abdou-karim-diop-procureur.jpg\",\"contentUrl\":\"https:\/\/www.nettali.com\/wp-content\/uploads\/2023\/10\/abdou-karim-diop-procureur.jpg\",\"width\":600,\"height\":301},{\"@type\":\"WebPage\",\"@id\":\"https:\/\/www.nettali.com\/2023\/10\/27\/diffusion-dune-lettre-interne-sur-le-cas-sonko-le-procureur-promet-de-sevir\/#webpage\",\"url\":\"https:\/\/www.nettali.com\/2023\/10\/27\/diffusion-dune-lettre-interne-sur-le-cas-sonko-le-procureur-promet-de-sevir\/\",\"name\":\"DIFFUSION D'UNE LETTRE INTERNE SUR LE CAS SONKO - Le procureur promet de s\\u00e9vir | Nettali.com\",\"isPartOf\":{\"@id\":\"https:\/\/www.nettali.com\/#website\"},\"primaryImageOfPage\":{\"@id\":\"https:\/\/www.nettali.com\/2023\/10\/27\/diffusion-dune-lettre-interne-sur-le-cas-sonko-le-procureur-promet-de-sevir\/#primaryimage\"},\"datePublished\":\"2023-10-27T00:37:54+00:00\",\"dateModified\":\"2023-10-29T03:01:34+00:00\",\"author\":{\"@id\":\"https:\/\/www.nettali.com\/#\/schema\/person\/7962a12a6e0267f88f0ffa544c36469a\"},\"breadcrumb\":{\"@id\":\"https:\/\/www.nettali.com\/2023\/10\/27\/diffusion-dune-lettre-interne-sur-le-cas-sonko-le-procureur-promet-de-sevir\/#breadcrumb\"},\"inLanguage\":\"fr-FR\",\"potentialAction\":[{\"@type\":\"ReadAction\",\"target\":[\"https:\/\/www.nettali.com\/2023\/10\/27\/diffusion-dune-lettre-interne-sur-le-cas-sonko-le-procureur-promet-de-sevir\/\"]}]},{\"@type\":\"BreadcrumbList\",\"@id\":\"https:\/\/www.nettali.com\/2023\/10\/27\/diffusion-dune-lettre-interne-sur-le-cas-sonko-le-procureur-promet-de-sevir\/#breadcrumb\",\"itemListElement\":[{\"@type\":\"ListItem\",\"position\":1,\"name\":\"Accueil\",\"item\":\"https:\/\/www.nettali.com\/\"},{\"@type\":\"ListItem\",\"position\":2,\"name\":\"DIFFUSION D'UNE LETTRE INTERNE SUR LE CAS SONKO - Le procureur promet de s\\u00e9vir\"}]},{\"@type\":\"Person\",\"@id\":\"https:\/\/www.nettali.com\/#\/schema\/person\/7962a12a6e0267f88f0ffa544c36469a\",\"name\":\"Moustapha\",\"image\":{\"@type\":\"ImageObject\",\"@id\":\"https:\/\/www.nettali.com\/#personlogo\",\"inLanguage\":\"fr-FR\",\"url\":\"https:\/\/secure.gravatar.com\/avatar\/10fdf6a071cccdcf374e3dbe45159590?s=96&d=mm&r=g\",\"contentUrl\":\"https:\/\/secure.gravatar.com\/avatar\/10fdf6a071cccdcf374e3dbe45159590?s=96&d=mm&r=g\",\"caption\":\"Moustapha\"},\"sameAs\":[\"https:\/\/www.nettali.com\"]}]}<\/script>\n<!-- \/ Yoast SEO Premium plugin. -->","yoast_head_json":{"title":"DIFFUSION D'UNE LETTRE INTERNE SUR LE CAS SONKO - Le procureur promet de s\u00e9vir | Nettali.com","robots":{"index":"index","follow":"follow","max-snippet":"max-snippet:-1","max-image-preview":"max-image-preview:large","max-video-preview":"max-video-preview:-1"},"canonical":"https:\/\/www.nettali.com\/2023\/10\/27\/diffusion-dune-lettre-interne-sur-le-cas-sonko-le-procureur-promet-de-sevir\/","og_locale":"fr_FR","og_type":"article","og_title":"DIFFUSION D'UNE LETTRE INTERNE SUR LE CAS SONKO - Le procureur promet de s\u00e9vir","og_description":"NETTALI.COM - C'est une lettre alarmante sur l'\u00e9tat de sant\u00e9 d'Ousmane Sonko que le directeur g\u00e9n\u00e9ral de l'administration p\u00e9nitentiaire a adress\u00e9e au ministre de la Justice. Mais la diffusion de cette missive est consid\u00e9r\u00e9e par le parquet comme une violation des droits du d\u00e9tenu. Ce qui a pouss\u00e9 le procureur \u00e0 ordonner l'ouverture imm\u00e9diate d'une [&hellip;]","og_url":"https:\/\/www.nettali.com\/2023\/10\/27\/diffusion-dune-lettre-interne-sur-le-cas-sonko-le-procureur-promet-de-sevir\/","og_site_name":"Nettali.com","article_publisher":"https:\/\/www.facebook.com\/nettalicom","article_published_time":"2023-10-27T00:37:54+00:00","article_modified_time":"2023-10-29T03:01:34+00:00","og_image":[{"width":600,"height":301,"url":"https:\/\/www.nettali.com\/wp-content\/uploads\/2023\/10\/abdou-karim-diop-procureur.jpg","type":"image\/jpeg"}],"twitter_card":"summary_large_image","twitter_misc":{"\u00c9crit par":"Moustapha","Dur\u00e9e de lecture estim\u00e9e":"2 minutes"},"schema":{"@context":"https:\/\/schema.org","@graph":[{"@type":"WebSite","@id":"https:\/\/www.nettali.com\/#website","url":"https:\/\/www.nettali.com\/","name":"Nettali.com","description":"Le rendez-vous critique du Net","potentialAction":[{"@type":"SearchAction","target":{"@type":"EntryPoint","urlTemplate":"https:\/\/www.nettali.com\/?s={search_term_string}"},"query-input":"required name=search_term_string"}],"inLanguage":"fr-FR"},{"@type":"ImageObject","@id":"https:\/\/www.nettali.com\/2023\/10\/27\/diffusion-dune-lettre-interne-sur-le-cas-sonko-le-procureur-promet-de-sevir\/#primaryimage","inLanguage":"fr-FR","url":"https:\/\/www.nettali.com\/wp-content\/uploads\/2023\/10\/abdou-karim-diop-procureur.jpg","contentUrl":"https:\/\/www.nettali.com\/wp-content\/uploads\/2023\/10\/abdou-karim-diop-procureur.jpg","width":600,"height":301},{"@type":"WebPage","@id":"https:\/\/www.nettali.com\/2023\/10\/27\/diffusion-dune-lettre-interne-sur-le-cas-sonko-le-procureur-promet-de-sevir\/#webpage","url":"https:\/\/www.nettali.com\/2023\/10\/27\/diffusion-dune-lettre-interne-sur-le-cas-sonko-le-procureur-promet-de-sevir\/","name":"DIFFUSION D'UNE LETTRE INTERNE SUR LE CAS SONKO - Le procureur promet de s\u00e9vir | Nettali.com","isPartOf":{"@id":"https:\/\/www.nettali.com\/#website"},"primaryImageOfPage":{"@id":"https:\/\/www.nettali.com\/2023\/10\/27\/diffusion-dune-lettre-interne-sur-le-cas-sonko-le-procureur-promet-de-sevir\/#primaryimage"},"datePublished":"2023-10-27T00:37:54+00:00","dateModified":"2023-10-29T03:01:34+00:00","author":{"@id":"https:\/\/www.nettali.com\/#\/schema\/person\/7962a12a6e0267f88f0ffa544c36469a"},"breadcrumb":{"@id":"https:\/\/www.nettali.com\/2023\/10\/27\/diffusion-dune-lettre-interne-sur-le-cas-sonko-le-procureur-promet-de-sevir\/#breadcrumb"},"inLanguage":"fr-FR","potentialAction":[{"@type":"ReadAction","target":["https:\/\/www.nettali.com\/2023\/10\/27\/diffusion-dune-lettre-interne-sur-le-cas-sonko-le-procureur-promet-de-sevir\/"]}]},{"@type":"BreadcrumbList","@id":"https:\/\/www.nettali.com\/2023\/10\/27\/diffusion-dune-lettre-interne-sur-le-cas-sonko-le-procureur-promet-de-sevir\/#breadcrumb","itemListElement":[{"@type":"ListItem","position":1,"name":"Accueil","item":"https:\/\/www.nettali.com\/"},{"@type":"ListItem","position":2,"name":"DIFFUSION D'UNE LETTRE INTERNE SUR LE CAS SONKO - Le procureur promet de s\u00e9vir"}]},{"@type":"Person","@id":"https:\/\/www.nettali.com\/#\/schema\/person\/7962a12a6e0267f88f0ffa544c36469a","name":"Moustapha","image":{"@type":"ImageObject","@id":"https:\/\/www.nettali.com\/#personlogo","inLanguage":"fr-FR","url":"https:\/\/secure.gravatar.com\/avatar\/10fdf6a071cccdcf374e3dbe45159590?s=96&d=mm&r=g","contentUrl":"https:\/\/secure.gravatar.com\/avatar\/10fdf6a071cccdcf374e3dbe45159590?s=96&d=mm&r=g","caption":"Moustapha"},"sameAs":["https:\/\/www.nettali.com"]}]}},"_links":{"self":[{"href":"https:\/\/www.nettali.com\/rest\/wp\/v2\/posts\/120806"}],"collection":[{"href":"https:\/\/www.nettali.com\/rest\/wp\/v2\/posts"}],"about":[{"href":"https:\/\/www.nettali.com\/rest\/wp\/v2\/types\/post"}],"author":[{"embeddable":true,"href":"https:\/\/www.nettali.com\/rest\/wp\/v2\/users\/3"}],"replies":[{"embeddable":true,"href":"https:\/\/www.nettali.com\/rest\/wp\/v2\/comments?post=120806"}],"version-history":[{"count":3,"href":"https:\/\/www.nettali.com\/rest\/wp\/v2\/posts\/120806\/revisions"}],"predecessor-version":[{"id":120836,"href":"https:\/\/www.nettali.com\/rest\/wp\/v2\/posts\/120806\/revisions\/120836"}],"wp:featuredmedia":[{"embeddable":true,"href":"https:\/\/www.nettali.com\/rest\/wp\/v2\/media\/120807"}],"wp:attachment":[{"href":"https:\/\/www.nettali.com\/rest\/wp\/v2\/media?parent=120806"}],"wp:term":[{"taxonomy":"category","embeddable":true,"href":"https:\/\/www.nettali.com\/rest\/wp\/v2\/categories?post=120806"},{"taxonomy":"post_tag","embeddable":true,"href":"https:\/\/www.nettali.com\/rest\/wp\/v2\/tags?post=120806"}],"curies":[{"name":"wp","href":"https:\/\/api.w.org\/{rel}","templated":true}]}}