{"id":120781,"date":"2023-10-26T13:54:25","date_gmt":"2023-10-26T13:54:25","guid":{"rendered":"https:\/\/www.nettali.com\/?p=120781"},"modified":"2023-10-26T13:54:25","modified_gmt":"2023-10-26T13:54:25","slug":"ucad-les-assises-ouvertes-ce-jeudi","status":"publish","type":"post","link":"https:\/\/www.nettali.com\/2023\/10\/26\/ucad-les-assises-ouvertes-ce-jeudi\/","title":{"rendered":"UCAD - Les assises ouvertes ce jeudi"},"content":{"rendered":"<p><strong>NETTALI.COM - Les assises nationales de l'Universit\u00e9 Cheikh Anta Diop de Dakar (Ucad) se tiennent ce jeudi 26 octobre 2023 \u00e0 huis clos. Le Recteur est revenu sur la n\u00e9cessit\u00e9 de r\u00e9fl\u00e9chir ensemble sur des points comme la s\u00e9curit\u00e9, l\u2019hybridation des enseignements entres autres.<\/strong><\/p>\n<p>Les assises nationales de L\u2019Universit\u00e9 Cheikh Anta sont ouvertes dans la matin\u00e9e de ce jeudi 26 octobre 2023. Il s\u2019agit de recueillir les avis et orientations de toutes les composantes de la communaut\u00e9 universitaire.<\/p>\n<p>Selon le Recteur, ces assises ont \u00e9t\u00e9 convoy\u00e9es apr\u00e8s avis du conseil acad\u00e9mique autour de certains nombres de points.<br \/>\n\"<em>Le premier point concerne la n\u00e9cessit\u00e9 d\u2019une plus grande hybridation dans la formation<\/em>\", a-t-il cit\u00e9.<br \/>\nPour lui, l\u2019Ucad ne peut pas rester dans la marge des \u00e9volutions p\u00e9dagogiques que le monde conna\u00eet.<br \/>\n\"<em>Nous sommes une grande universit\u00e9 reconnue partout \u00e0 travers le monde comme \u00e9tant une tr\u00e8s grande universit\u00e9. Nous ne devons pas dormir sous nos lauriers. Nous devons faire comme toutes les grandes universit\u00e9s : en train de planifier dans la modernit\u00e9<\/em>\", a-t-il ajout\u00e9.<br \/>\nIl s\u2019agit aussi pour le Recteur de r\u00e9fl\u00e9chir sur les questions de s\u00e9curit\u00e9.<br \/>\n\"<em>Ce qui se passe \u00e0 l\u2019Ucad dans beaucoup de domaines et surtout dans le domaine social d\u00e9passe l\u2019entendement. Une fois, le New York Times a fait un reportage sur le campus social de l\u2019Ucad.5 Je crois que tous les acteurs et les dipl\u00f4m\u00e9s de l\u2019Ucad ont \u00e9t\u00e9 embarrass\u00e9s parce qu\u2019ils ont r\u00e9v\u00e9l\u00e9 \u00e0 la face du monde quelque chose qui nous fait honte. On ne peut pas avoir une institution o\u00f9 les \u00e9tudiants sont 10 dans les chambres. C\u2019est impossible. Les r\u00e9sidents de l\u2019Ucad qui sont ne sont pas des \u00e9tudiants. Les trafics qui se font au niveau du Coud. Il faut qu\u2019on r\u00e9fl\u00e9chisse \u00e0 tout \u00e7a<\/em>\", dit-il .<\/p>\n<div class='share-to-whatsapp-wrapper'><div class='share-on-whsp'>PARTAGER SUR : <\/div><a data-text='UCAD - Les assises ouvertes ce jeudi' data-link='https:\/\/www.nettali.com\/2023\/10\/26\/ucad-les-assises-ouvertes-ce-jeudi\/' class='whatsapp-button whatsapp-share'>WhatsApp<\/a><div class='clear '><\/div><\/div>","protected":false},"excerpt":{"rendered":"<p>NETTALI.COM - Les assises nationales de l'Universit\u00e9 Cheikh Anta Diop de Dakar (Ucad) se tiennent ce jeudi 26 octobre 2023 \u00e0 huis clos. Le Recteur est revenu sur la n\u00e9cessit\u00e9 de r\u00e9fl\u00e9chir ensemble sur des points comme la s\u00e9curit\u00e9, l\u2019hybridation des enseignements entres autres. Les assises nationales de L\u2019Universit\u00e9 Cheikh Anta sont ouvertes dans la [&hellip;]<\/p>\n","protected":false},"author":5,"featured_media":32241,"comment_status":"open","ping_status":"open","sticky":false,"template":"","format":"standard","meta":{"_et_pb_use_builder":"","_et_pb_old_content":""},"categories":[3],"tags":[],"yoast_head":"<!-- This site is optimized with the Yoast SEO Premium plugin v17.8 (Yoast SEO v17.8) - https:\/\/yoast.com\/wordpress\/plugins\/seo\/ -->\n<title>UCAD - Les assises ouvertes ce jeudi | Nettali.com<\/title>\n<meta name=\"robots\" content=\"index, follow, max-snippet:-1, max-image-preview:large, max-video-preview:-1\" \/>\n<link rel=\"canonical\" href=\"https:\/\/www.nettali.com\/2023\/10\/26\/ucad-les-assises-ouvertes-ce-jeudi\/\" \/>\n<meta property=\"og:locale\" content=\"fr_FR\" \/>\n<meta property=\"og:type\" content=\"article\" \/>\n<meta property=\"og:title\" content=\"UCAD - Les assises ouvertes ce jeudi\" \/>\n<meta property=\"og:description\" content=\"NETTALI.COM - Les assises nationales de l&#039;Universit\u00e9 Cheikh Anta Diop de Dakar (Ucad) se tiennent ce jeudi 26 octobre 2023 \u00e0 huis clos. Le Recteur est revenu sur la n\u00e9cessit\u00e9 de r\u00e9fl\u00e9chir ensemble sur des points comme la s\u00e9curit\u00e9, l\u2019hybridation des enseignements entres autres. Les assises nationales de L\u2019Universit\u00e9 Cheikh Anta sont ouvertes dans la [&hellip;]\" \/>\n<meta property=\"og:url\" content=\"https:\/\/www.nettali.com\/2023\/10\/26\/ucad-les-assises-ouvertes-ce-jeudi\/\" \/>\n<meta property=\"og:site_name\" content=\"Nettali.com\" \/>\n<meta property=\"article:publisher\" content=\"https:\/\/www.facebook.com\/nettalicom\" \/>\n<meta property=\"article:published_time\" content=\"2023-10-26T13:54:25+00:00\" \/>\n<meta property=\"og:image\" content=\"https:\/\/www.nettali.com\/wp-content\/uploads\/2020\/03\/ucad-758x475-1.jpg\" \/>\n\t<meta property=\"og:image:width\" content=\"758\" \/>\n\t<meta property=\"og:image:height\" content=\"475\" \/>\n<meta name=\"twitter:card\" content=\"summary_large_image\" \/>\n<meta name=\"twitter:label1\" content=\"\u00c9crit par\" \/>\n\t<meta name=\"twitter:data1\" content=\"Ibrahima\" \/>\n\t<meta name=\"twitter:label2\" content=\"Dur\u00e9e de lecture estim\u00e9e\" \/>\n\t<meta name=\"twitter:data2\" content=\"2 minutes\" \/>\n<script type=\"application\/ld+json\" class=\"yoast-schema-graph\">{\"@context\":\"https:\/\/schema.org\",\"@graph\":[{\"@type\":\"WebSite\",\"@id\":\"https:\/\/www.nettali.com\/#website\",\"url\":\"https:\/\/www.nettali.com\/\",\"name\":\"Nettali.com\",\"description\":\"Le rendez-vous critique du Net\",\"potentialAction\":[{\"@type\":\"SearchAction\",\"target\":{\"@type\":\"EntryPoint\",\"urlTemplate\":\"https:\/\/www.nettali.com\/?s={search_term_string}\"},\"query-input\":\"required name=search_term_string\"}],\"inLanguage\":\"fr-FR\"},{\"@type\":\"ImageObject\",\"@id\":\"https:\/\/www.nettali.com\/2023\/10\/26\/ucad-les-assises-ouvertes-ce-jeudi\/#primaryimage\",\"inLanguage\":\"fr-FR\",\"url\":\"https:\/\/www.nettali.com\/wp-content\/uploads\/2020\/03\/ucad-758x475-1.jpg\",\"contentUrl\":\"https:\/\/www.nettali.com\/wp-content\/uploads\/2020\/03\/ucad-758x475-1.jpg\",\"width\":758,\"height\":475},{\"@type\":\"WebPage\",\"@id\":\"https:\/\/www.nettali.com\/2023\/10\/26\/ucad-les-assises-ouvertes-ce-jeudi\/#webpage\",\"url\":\"https:\/\/www.nettali.com\/2023\/10\/26\/ucad-les-assises-ouvertes-ce-jeudi\/\",\"name\":\"UCAD - Les assises ouvertes ce jeudi | Nettali.com\",\"isPartOf\":{\"@id\":\"https:\/\/www.nettali.com\/#website\"},\"primaryImageOfPage\":{\"@id\":\"https:\/\/www.nettali.com\/2023\/10\/26\/ucad-les-assises-ouvertes-ce-jeudi\/#primaryimage\"},\"datePublished\":\"2023-10-26T13:54:25+00:00\",\"dateModified\":\"2023-10-26T13:54:25+00:00\",\"author\":{\"@id\":\"https:\/\/www.nettali.com\/#\/schema\/person\/bb147657c2986240405a608162b9bb23\"},\"breadcrumb\":{\"@id\":\"https:\/\/www.nettali.com\/2023\/10\/26\/ucad-les-assises-ouvertes-ce-jeudi\/#breadcrumb\"},\"inLanguage\":\"fr-FR\",\"potentialAction\":[{\"@type\":\"ReadAction\",\"target\":[\"https:\/\/www.nettali.com\/2023\/10\/26\/ucad-les-assises-ouvertes-ce-jeudi\/\"]}]},{\"@type\":\"BreadcrumbList\",\"@id\":\"https:\/\/www.nettali.com\/2023\/10\/26\/ucad-les-assises-ouvertes-ce-jeudi\/#breadcrumb\",\"itemListElement\":[{\"@type\":\"ListItem\",\"position\":1,\"name\":\"Accueil\",\"item\":\"https:\/\/www.nettali.com\/\"},{\"@type\":\"ListItem\",\"position\":2,\"name\":\"UCAD - Les assises ouvertes ce jeudi\"}]},{\"@type\":\"Person\",\"@id\":\"https:\/\/www.nettali.com\/#\/schema\/person\/bb147657c2986240405a608162b9bb23\",\"name\":\"Ibrahima\",\"image\":{\"@type\":\"ImageObject\",\"@id\":\"https:\/\/www.nettali.com\/#personlogo\",\"inLanguage\":\"fr-FR\",\"url\":\"https:\/\/secure.gravatar.com\/avatar\/26a8a81f09f0dd7624c9d5c36c9ba3a2?s=96&d=mm&r=g\",\"contentUrl\":\"https:\/\/secure.gravatar.com\/avatar\/26a8a81f09f0dd7624c9d5c36c9ba3a2?s=96&d=mm&r=g\",\"caption\":\"Ibrahima\"},\"sameAs\":[\"https:\/\/www.nettali.com\"]}]}<\/script>\n<!-- \/ Yoast SEO Premium plugin. -->","yoast_head_json":{"title":"UCAD - Les assises ouvertes ce jeudi | Nettali.com","robots":{"index":"index","follow":"follow","max-snippet":"max-snippet:-1","max-image-preview":"max-image-preview:large","max-video-preview":"max-video-preview:-1"},"canonical":"https:\/\/www.nettali.com\/2023\/10\/26\/ucad-les-assises-ouvertes-ce-jeudi\/","og_locale":"fr_FR","og_type":"article","og_title":"UCAD - Les assises ouvertes ce jeudi","og_description":"NETTALI.COM - Les assises nationales de l'Universit\u00e9 Cheikh Anta Diop de Dakar (Ucad) se tiennent ce jeudi 26 octobre 2023 \u00e0 huis clos. Le Recteur est revenu sur la n\u00e9cessit\u00e9 de r\u00e9fl\u00e9chir ensemble sur des points comme la s\u00e9curit\u00e9, l\u2019hybridation des enseignements entres autres. Les assises nationales de L\u2019Universit\u00e9 Cheikh Anta sont ouvertes dans la [&hellip;]","og_url":"https:\/\/www.nettali.com\/2023\/10\/26\/ucad-les-assises-ouvertes-ce-jeudi\/","og_site_name":"Nettali.com","article_publisher":"https:\/\/www.facebook.com\/nettalicom","article_published_time":"2023-10-26T13:54:25+00:00","og_image":[{"width":758,"height":475,"url":"https:\/\/www.nettali.com\/wp-content\/uploads\/2020\/03\/ucad-758x475-1.jpg","type":"image\/jpeg"}],"twitter_card":"summary_large_image","twitter_misc":{"\u00c9crit par":"Ibrahima","Dur\u00e9e de lecture estim\u00e9e":"2 minutes"},"schema":{"@context":"https:\/\/schema.org","@graph":[{"@type":"WebSite","@id":"https:\/\/www.nettali.com\/#website","url":"https:\/\/www.nettali.com\/","name":"Nettali.com","description":"Le rendez-vous critique du Net","potentialAction":[{"@type":"SearchAction","target":{"@type":"EntryPoint","urlTemplate":"https:\/\/www.nettali.com\/?s={search_term_string}"},"query-input":"required name=search_term_string"}],"inLanguage":"fr-FR"},{"@type":"ImageObject","@id":"https:\/\/www.nettali.com\/2023\/10\/26\/ucad-les-assises-ouvertes-ce-jeudi\/#primaryimage","inLanguage":"fr-FR","url":"https:\/\/www.nettali.com\/wp-content\/uploads\/2020\/03\/ucad-758x475-1.jpg","contentUrl":"https:\/\/www.nettali.com\/wp-content\/uploads\/2020\/03\/ucad-758x475-1.jpg","width":758,"height":475},{"@type":"WebPage","@id":"https:\/\/www.nettali.com\/2023\/10\/26\/ucad-les-assises-ouvertes-ce-jeudi\/#webpage","url":"https:\/\/www.nettali.com\/2023\/10\/26\/ucad-les-assises-ouvertes-ce-jeudi\/","name":"UCAD - Les assises ouvertes ce jeudi | Nettali.com","isPartOf":{"@id":"https:\/\/www.nettali.com\/#website"},"primaryImageOfPage":{"@id":"https:\/\/www.nettali.com\/2023\/10\/26\/ucad-les-assises-ouvertes-ce-jeudi\/#primaryimage"},"datePublished":"2023-10-26T13:54:25+00:00","dateModified":"2023-10-26T13:54:25+00:00","author":{"@id":"https:\/\/www.nettali.com\/#\/schema\/person\/bb147657c2986240405a608162b9bb23"},"breadcrumb":{"@id":"https:\/\/www.nettali.com\/2023\/10\/26\/ucad-les-assises-ouvertes-ce-jeudi\/#breadcrumb"},"inLanguage":"fr-FR","potentialAction":[{"@type":"ReadAction","target":["https:\/\/www.nettali.com\/2023\/10\/26\/ucad-les-assises-ouvertes-ce-jeudi\/"]}]},{"@type":"BreadcrumbList","@id":"https:\/\/www.nettali.com\/2023\/10\/26\/ucad-les-assises-ouvertes-ce-jeudi\/#breadcrumb","itemListElement":[{"@type":"ListItem","position":1,"name":"Accueil","item":"https:\/\/www.nettali.com\/"},{"@type":"ListItem","position":2,"name":"UCAD - Les assises ouvertes ce jeudi"}]},{"@type":"Person","@id":"https:\/\/www.nettali.com\/#\/schema\/person\/bb147657c2986240405a608162b9bb23","name":"Ibrahima","image":{"@type":"ImageObject","@id":"https:\/\/www.nettali.com\/#personlogo","inLanguage":"fr-FR","url":"https:\/\/secure.gravatar.com\/avatar\/26a8a81f09f0dd7624c9d5c36c9ba3a2?s=96&d=mm&r=g","contentUrl":"https:\/\/secure.gravatar.com\/avatar\/26a8a81f09f0dd7624c9d5c36c9ba3a2?s=96&d=mm&r=g","caption":"Ibrahima"},"sameAs":["https:\/\/www.nettali.com"]}]}},"_links":{"self":[{"href":"https:\/\/www.nettali.com\/rest\/wp\/v2\/posts\/120781"}],"collection":[{"href":"https:\/\/www.nettali.com\/rest\/wp\/v2\/posts"}],"about":[{"href":"https:\/\/www.nettali.com\/rest\/wp\/v2\/types\/post"}],"author":[{"embeddable":true,"href":"https:\/\/www.nettali.com\/rest\/wp\/v2\/users\/5"}],"replies":[{"embeddable":true,"href":"https:\/\/www.nettali.com\/rest\/wp\/v2\/comments?post=120781"}],"version-history":[{"count":1,"href":"https:\/\/www.nettali.com\/rest\/wp\/v2\/posts\/120781\/revisions"}],"predecessor-version":[{"id":120782,"href":"https:\/\/www.nettali.com\/rest\/wp\/v2\/posts\/120781\/revisions\/120782"}],"wp:featuredmedia":[{"embeddable":true,"href":"https:\/\/www.nettali.com\/rest\/wp\/v2\/media\/32241"}],"wp:attachment":[{"href":"https:\/\/www.nettali.com\/rest\/wp\/v2\/media?parent=120781"}],"wp:term":[{"taxonomy":"category","embeddable":true,"href":"https:\/\/www.nettali.com\/rest\/wp\/v2\/categories?post=120781"},{"taxonomy":"post_tag","embeddable":true,"href":"https:\/\/www.nettali.com\/rest\/wp\/v2\/tags?post=120781"}],"curies":[{"name":"wp","href":"https:\/\/api.w.org\/{rel}","templated":true}]}}