{"id":120681,"date":"2023-10-25T08:46:03","date_gmt":"2023-10-25T08:46:03","guid":{"rendered":"https:\/\/www.nettali.com\/?p=120681"},"modified":"2023-10-25T08:46:03","modified_gmt":"2023-10-25T08:46:03","slug":"en-coulisses-20-ans-de-prison-requis-contre-lancien-president-aziz","status":"publish","type":"post","link":"https:\/\/www.nettali.com\/2023\/10\/25\/en-coulisses-20-ans-de-prison-requis-contre-lancien-president-aziz\/","title":{"rendered":"EN COULISSES - 20 ans de prison requis contre l'ancien pr\u00e9sident Aziz"},"content":{"rendered":"<div class=\"page\" title=\"Page 2\">\n<div class=\"section\">\n<div class=\"layoutArea\">\n<div class=\"column\">\n<p><strong>NETTALI.COM -<\/strong> Le procureur a requis mardi 20 ans de prison ferme contre l\u2019ancien pre\u0301sident mauritanien Mohamed Ould Abdel Aziz, juge\u0301 depuis janvier 2023 a\u0300 Nouakchott pour avoir abuse\u0301 de son pouvoir afin d\u2019amasser une fortune immense.<\/p>\n<p>\"<em>Tous les e\u0301le\u0301ments entre les mains de la justice prouvent la constitution d\u2019un crime<\/em>\", a dit le magistrat Ahmed Ould Moustapha, selon qui, \"<em>l\u2019accuse\u0301 Mohamed Ould Abdel Aziz a accumule\u0301 une tre\u0300s grande fortune que ses revenus le\u0301gaux ne peuvent justifier<\/em>\", ajoutant qu' \"i<em>l exerc\u0327ait des activite\u0301s commerciales incompatibles avec ses fonctions de Pre\u0301sident de la Re\u0301publique<\/em>\". \"<em>Tout cela constitue, \u00e0 son avis, un enrichissement illicite condamne\u0301 par la loi<\/em>\".<\/p>\n<p>A noter que l'ancien pr\u00e9ciser Aziz, \u00e2g\u00e9 de 66 ans, a entendu sans broncher les re\u0301quisitions prononce\u0301es contre lui.<\/p>\n<p>Pour rappel, il a dirige\u0301 de 2008 a\u0300 2019 ce pays charnie\u0300re entre l\u2019Afrique du nord et l\u2019Afrique subsaharienne, secoue\u0301 nague\u0300re par les coups d\u2019Etat et les agissements jihadistes mais revenu a\u0300 la stabilite\u0301 sous sa direction quand les troubles gagnaient dans la re\u0301gion.<\/p>\n<p>Il re\u0301pond depuis le 25 janvier avec dix autres personnalite\u0301s, dont deux anciens Premiers ministres, d\u2019anciens ministres et des hommes d\u2019affaires, des chefs d\u2019\"<em>enrichissement illicite<\/em>\", \"<em>abus de fonctions<\/em>\", \"<em>trafic d\u2019influence<\/em>\" ou \"<em>blanchiment<\/em>\".<\/p>\n<p>Mohamed Ould Abdel Aziz, fils de commerc\u0327ant, se serait constitue\u0301 un patrimoine et un capital estime\u0301s a\u0300 67 millions d\u2019euros au moment de son inculpation en mars 2021.<\/p>\n<\/div>\n<\/div>\n<\/div>\n<\/div>\n<div class='share-to-whatsapp-wrapper'><div class='share-on-whsp'>PARTAGER SUR : <\/div><a data-text='EN COULISSES - 20 ans de prison requis contre l'ancien pr\u00e9sident Aziz' data-link='https:\/\/www.nettali.com\/2023\/10\/25\/en-coulisses-20-ans-de-prison-requis-contre-lancien-president-aziz\/' class='whatsapp-button whatsapp-share'>WhatsApp<\/a><div class='clear '><\/div><\/div>","protected":false},"excerpt":{"rendered":"<p>NETTALI.COM - Le procureur a requis mardi 20 ans de prison ferme contre l\u2019ancien pre\u0301sident mauritanien Mohamed Ould Abdel Aziz, juge\u0301 depuis janvier 2023 a\u0300 Nouakchott pour avoir abuse\u0301 de son pouvoir afin d\u2019amasser une fortune immense. \"Tous les e\u0301le\u0301ments entre les mains de la justice prouvent la constitution d\u2019un crime\", a dit le magistrat [&hellip;]<\/p>\n","protected":false},"author":2,"featured_media":120683,"comment_status":"open","ping_status":"open","sticky":false,"template":"","format":"standard","meta":{"_et_pb_use_builder":"","_et_pb_old_content":""},"categories":[34945],"tags":[],"yoast_head":"<!-- This site is optimized with the Yoast SEO Premium plugin v17.8 (Yoast SEO v17.8) - https:\/\/yoast.com\/wordpress\/plugins\/seo\/ -->\n<title>EN COULISSES - 20 ans de prison requis contre l&#039;ancien pr\u00e9sident Aziz | Nettali.com<\/title>\n<meta name=\"robots\" content=\"index, follow, max-snippet:-1, max-image-preview:large, max-video-preview:-1\" \/>\n<link rel=\"canonical\" href=\"https:\/\/www.nettali.com\/2023\/10\/25\/en-coulisses-20-ans-de-prison-requis-contre-lancien-president-aziz\/\" \/>\n<meta property=\"og:locale\" content=\"fr_FR\" \/>\n<meta property=\"og:type\" content=\"article\" \/>\n<meta property=\"og:title\" content=\"EN COULISSES - 20 ans de prison requis contre l&#039;ancien pr\u00e9sident Aziz\" \/>\n<meta property=\"og:description\" content=\"NETTALI.COM - Le procureur a requis mardi 20 ans de prison ferme contre l\u2019ancien pre\u0301sident mauritanien Mohamed Ould Abdel Aziz, juge\u0301 depuis janvier 2023 a\u0300 Nouakchott pour avoir abuse\u0301 de son pouvoir afin d\u2019amasser une fortune immense. &quot;Tous les e\u0301le\u0301ments entre les mains de la justice prouvent la constitution d\u2019un crime&quot;, a dit le magistrat [&hellip;]\" \/>\n<meta property=\"og:url\" content=\"https:\/\/www.nettali.com\/2023\/10\/25\/en-coulisses-20-ans-de-prison-requis-contre-lancien-president-aziz\/\" \/>\n<meta property=\"og:site_name\" content=\"Nettali.com\" \/>\n<meta property=\"article:publisher\" content=\"https:\/\/www.facebook.com\/nettalicom\" \/>\n<meta property=\"article:published_time\" content=\"2023-10-25T08:46:03+00:00\" \/>\n<meta property=\"og:image\" content=\"https:\/\/www.nettali.com\/wp-content\/uploads\/2023\/10\/w980-p16x9-2012-11-20T110832Z_465565740_PM1E8BK0XIF01_RTRMADP_3_FRANCE-MAURITANIA_0.jpg\" \/>\n\t<meta property=\"og:image:width\" content=\"980\" \/>\n\t<meta property=\"og:image:height\" content=\"551\" \/>\n<meta name=\"twitter:card\" content=\"summary_large_image\" \/>\n<meta name=\"twitter:label1\" content=\"\u00c9crit par\" \/>\n\t<meta name=\"twitter:data1\" content=\"CK\" \/>\n\t<meta name=\"twitter:label2\" content=\"Dur\u00e9e de lecture estim\u00e9e\" \/>\n\t<meta name=\"twitter:data2\" content=\"2 minutes\" \/>\n<script type=\"application\/ld+json\" class=\"yoast-schema-graph\">{\"@context\":\"https:\/\/schema.org\",\"@graph\":[{\"@type\":\"WebSite\",\"@id\":\"https:\/\/www.nettali.com\/#website\",\"url\":\"https:\/\/www.nettali.com\/\",\"name\":\"Nettali.com\",\"description\":\"Le rendez-vous critique du Net\",\"potentialAction\":[{\"@type\":\"SearchAction\",\"target\":{\"@type\":\"EntryPoint\",\"urlTemplate\":\"https:\/\/www.nettali.com\/?s={search_term_string}\"},\"query-input\":\"required name=search_term_string\"}],\"inLanguage\":\"fr-FR\"},{\"@type\":\"ImageObject\",\"@id\":\"https:\/\/www.nettali.com\/2023\/10\/25\/en-coulisses-20-ans-de-prison-requis-contre-lancien-president-aziz\/#primaryimage\",\"inLanguage\":\"fr-FR\",\"url\":\"https:\/\/www.nettali.com\/wp-content\/uploads\/2023\/10\/w980-p16x9-2012-11-20T110832Z_465565740_PM1E8BK0XIF01_RTRMADP_3_FRANCE-MAURITANIA_0.jpg\",\"contentUrl\":\"https:\/\/www.nettali.com\/wp-content\/uploads\/2023\/10\/w980-p16x9-2012-11-20T110832Z_465565740_PM1E8BK0XIF01_RTRMADP_3_FRANCE-MAURITANIA_0.jpg\",\"width\":980,\"height\":551,\"caption\":\"Mauritania's President Mohamed Ould Abdel Aziz listens to French President as they speak to journalists after a meeting at the Elysee Palace in Paris, November 20, 2012. REUTERS\/Philippe Wojazer (FRANCE - Tags: POLITICS HEADSHOT)\"},{\"@type\":\"WebPage\",\"@id\":\"https:\/\/www.nettali.com\/2023\/10\/25\/en-coulisses-20-ans-de-prison-requis-contre-lancien-president-aziz\/#webpage\",\"url\":\"https:\/\/www.nettali.com\/2023\/10\/25\/en-coulisses-20-ans-de-prison-requis-contre-lancien-president-aziz\/\",\"name\":\"EN COULISSES - 20 ans de prison requis contre l'ancien pr\\u00e9sident Aziz | Nettali.com\",\"isPartOf\":{\"@id\":\"https:\/\/www.nettali.com\/#website\"},\"primaryImageOfPage\":{\"@id\":\"https:\/\/www.nettali.com\/2023\/10\/25\/en-coulisses-20-ans-de-prison-requis-contre-lancien-president-aziz\/#primaryimage\"},\"datePublished\":\"2023-10-25T08:46:03+00:00\",\"dateModified\":\"2023-10-25T08:46:03+00:00\",\"author\":{\"@id\":\"https:\/\/www.nettali.com\/#\/schema\/person\/d8ac7b7e27ddad43f1c0d2ef090d7f71\"},\"breadcrumb\":{\"@id\":\"https:\/\/www.nettali.com\/2023\/10\/25\/en-coulisses-20-ans-de-prison-requis-contre-lancien-president-aziz\/#breadcrumb\"},\"inLanguage\":\"fr-FR\",\"potentialAction\":[{\"@type\":\"ReadAction\",\"target\":[\"https:\/\/www.nettali.com\/2023\/10\/25\/en-coulisses-20-ans-de-prison-requis-contre-lancien-president-aziz\/\"]}]},{\"@type\":\"BreadcrumbList\",\"@id\":\"https:\/\/www.nettali.com\/2023\/10\/25\/en-coulisses-20-ans-de-prison-requis-contre-lancien-president-aziz\/#breadcrumb\",\"itemListElement\":[{\"@type\":\"ListItem\",\"position\":1,\"name\":\"Accueil\",\"item\":\"https:\/\/www.nettali.com\/\"},{\"@type\":\"ListItem\",\"position\":2,\"name\":\"EN COULISSES - 20 ans de prison requis contre l'ancien pr\\u00e9sident Aziz\"}]},{\"@type\":\"Person\",\"@id\":\"https:\/\/www.nettali.com\/#\/schema\/person\/d8ac7b7e27ddad43f1c0d2ef090d7f71\",\"name\":\"CK\",\"image\":{\"@type\":\"ImageObject\",\"@id\":\"https:\/\/www.nettali.com\/#personlogo\",\"inLanguage\":\"fr-FR\",\"url\":\"https:\/\/secure.gravatar.com\/avatar\/1d8d5118b9327d94da7cd4ce7f17fec2?s=96&d=mm&r=g\",\"contentUrl\":\"https:\/\/secure.gravatar.com\/avatar\/1d8d5118b9327d94da7cd4ce7f17fec2?s=96&d=mm&r=g\",\"caption\":\"CK\"},\"sameAs\":[\"https:\/\/www.nettali.com\"]}]}<\/script>\n<!-- \/ Yoast SEO Premium plugin. -->","yoast_head_json":{"title":"EN COULISSES - 20 ans de prison requis contre l'ancien pr\u00e9sident Aziz | Nettali.com","robots":{"index":"index","follow":"follow","max-snippet":"max-snippet:-1","max-image-preview":"max-image-preview:large","max-video-preview":"max-video-preview:-1"},"canonical":"https:\/\/www.nettali.com\/2023\/10\/25\/en-coulisses-20-ans-de-prison-requis-contre-lancien-president-aziz\/","og_locale":"fr_FR","og_type":"article","og_title":"EN COULISSES - 20 ans de prison requis contre l'ancien pr\u00e9sident Aziz","og_description":"NETTALI.COM - Le procureur a requis mardi 20 ans de prison ferme contre l\u2019ancien pre\u0301sident mauritanien Mohamed Ould Abdel Aziz, juge\u0301 depuis janvier 2023 a\u0300 Nouakchott pour avoir abuse\u0301 de son pouvoir afin d\u2019amasser une fortune immense. \"Tous les e\u0301le\u0301ments entre les mains de la justice prouvent la constitution d\u2019un crime\", a dit le magistrat [&hellip;]","og_url":"https:\/\/www.nettali.com\/2023\/10\/25\/en-coulisses-20-ans-de-prison-requis-contre-lancien-president-aziz\/","og_site_name":"Nettali.com","article_publisher":"https:\/\/www.facebook.com\/nettalicom","article_published_time":"2023-10-25T08:46:03+00:00","og_image":[{"width":980,"height":551,"url":"https:\/\/www.nettali.com\/wp-content\/uploads\/2023\/10\/w980-p16x9-2012-11-20T110832Z_465565740_PM1E8BK0XIF01_RTRMADP_3_FRANCE-MAURITANIA_0.jpg","type":"image\/jpeg"}],"twitter_card":"summary_large_image","twitter_misc":{"\u00c9crit par":"CK","Dur\u00e9e de lecture estim\u00e9e":"2 minutes"},"schema":{"@context":"https:\/\/schema.org","@graph":[{"@type":"WebSite","@id":"https:\/\/www.nettali.com\/#website","url":"https:\/\/www.nettali.com\/","name":"Nettali.com","description":"Le rendez-vous critique du Net","potentialAction":[{"@type":"SearchAction","target":{"@type":"EntryPoint","urlTemplate":"https:\/\/www.nettali.com\/?s={search_term_string}"},"query-input":"required name=search_term_string"}],"inLanguage":"fr-FR"},{"@type":"ImageObject","@id":"https:\/\/www.nettali.com\/2023\/10\/25\/en-coulisses-20-ans-de-prison-requis-contre-lancien-president-aziz\/#primaryimage","inLanguage":"fr-FR","url":"https:\/\/www.nettali.com\/wp-content\/uploads\/2023\/10\/w980-p16x9-2012-11-20T110832Z_465565740_PM1E8BK0XIF01_RTRMADP_3_FRANCE-MAURITANIA_0.jpg","contentUrl":"https:\/\/www.nettali.com\/wp-content\/uploads\/2023\/10\/w980-p16x9-2012-11-20T110832Z_465565740_PM1E8BK0XIF01_RTRMADP_3_FRANCE-MAURITANIA_0.jpg","width":980,"height":551,"caption":"Mauritania's President Mohamed Ould Abdel Aziz listens to French President as they speak to journalists after a meeting at the Elysee Palace in Paris, November 20, 2012. REUTERS\/Philippe Wojazer (FRANCE - Tags: POLITICS HEADSHOT)"},{"@type":"WebPage","@id":"https:\/\/www.nettali.com\/2023\/10\/25\/en-coulisses-20-ans-de-prison-requis-contre-lancien-president-aziz\/#webpage","url":"https:\/\/www.nettali.com\/2023\/10\/25\/en-coulisses-20-ans-de-prison-requis-contre-lancien-president-aziz\/","name":"EN COULISSES - 20 ans de prison requis contre l'ancien pr\u00e9sident Aziz | Nettali.com","isPartOf":{"@id":"https:\/\/www.nettali.com\/#website"},"primaryImageOfPage":{"@id":"https:\/\/www.nettali.com\/2023\/10\/25\/en-coulisses-20-ans-de-prison-requis-contre-lancien-president-aziz\/#primaryimage"},"datePublished":"2023-10-25T08:46:03+00:00","dateModified":"2023-10-25T08:46:03+00:00","author":{"@id":"https:\/\/www.nettali.com\/#\/schema\/person\/d8ac7b7e27ddad43f1c0d2ef090d7f71"},"breadcrumb":{"@id":"https:\/\/www.nettali.com\/2023\/10\/25\/en-coulisses-20-ans-de-prison-requis-contre-lancien-president-aziz\/#breadcrumb"},"inLanguage":"fr-FR","potentialAction":[{"@type":"ReadAction","target":["https:\/\/www.nettali.com\/2023\/10\/25\/en-coulisses-20-ans-de-prison-requis-contre-lancien-president-aziz\/"]}]},{"@type":"BreadcrumbList","@id":"https:\/\/www.nettali.com\/2023\/10\/25\/en-coulisses-20-ans-de-prison-requis-contre-lancien-president-aziz\/#breadcrumb","itemListElement":[{"@type":"ListItem","position":1,"name":"Accueil","item":"https:\/\/www.nettali.com\/"},{"@type":"ListItem","position":2,"name":"EN COULISSES - 20 ans de prison requis contre l'ancien pr\u00e9sident Aziz"}]},{"@type":"Person","@id":"https:\/\/www.nettali.com\/#\/schema\/person\/d8ac7b7e27ddad43f1c0d2ef090d7f71","name":"CK","image":{"@type":"ImageObject","@id":"https:\/\/www.nettali.com\/#personlogo","inLanguage":"fr-FR","url":"https:\/\/secure.gravatar.com\/avatar\/1d8d5118b9327d94da7cd4ce7f17fec2?s=96&d=mm&r=g","contentUrl":"https:\/\/secure.gravatar.com\/avatar\/1d8d5118b9327d94da7cd4ce7f17fec2?s=96&d=mm&r=g","caption":"CK"},"sameAs":["https:\/\/www.nettali.com"]}]}},"_links":{"self":[{"href":"https:\/\/www.nettali.com\/rest\/wp\/v2\/posts\/120681"}],"collection":[{"href":"https:\/\/www.nettali.com\/rest\/wp\/v2\/posts"}],"about":[{"href":"https:\/\/www.nettali.com\/rest\/wp\/v2\/types\/post"}],"author":[{"embeddable":true,"href":"https:\/\/www.nettali.com\/rest\/wp\/v2\/users\/2"}],"replies":[{"embeddable":true,"href":"https:\/\/www.nettali.com\/rest\/wp\/v2\/comments?post=120681"}],"version-history":[{"count":1,"href":"https:\/\/www.nettali.com\/rest\/wp\/v2\/posts\/120681\/revisions"}],"predecessor-version":[{"id":120682,"href":"https:\/\/www.nettali.com\/rest\/wp\/v2\/posts\/120681\/revisions\/120682"}],"wp:featuredmedia":[{"embeddable":true,"href":"https:\/\/www.nettali.com\/rest\/wp\/v2\/media\/120683"}],"wp:attachment":[{"href":"https:\/\/www.nettali.com\/rest\/wp\/v2\/media?parent=120681"}],"wp:term":[{"taxonomy":"category","embeddable":true,"href":"https:\/\/www.nettali.com\/rest\/wp\/v2\/categories?post=120681"},{"taxonomy":"post_tag","embeddable":true,"href":"https:\/\/www.nettali.com\/rest\/wp\/v2\/tags?post=120681"}],"curies":[{"name":"wp","href":"https:\/\/api.w.org\/{rel}","templated":true}]}}