{"id":120676,"date":"2023-10-25T08:13:00","date_gmt":"2023-10-25T08:13:00","guid":{"rendered":"https:\/\/www.nettali.com\/?p=120676"},"modified":"2023-10-25T09:45:36","modified_gmt":"2023-10-25T09:45:36","slug":"en-coulisses-sadio-mane-va-devenir-proprietaire-dun-club-en-national-2","status":"publish","type":"post","link":"https:\/\/www.nettali.com\/2023\/10\/25\/en-coulisses-sadio-mane-va-devenir-proprietaire-dun-club-en-national-2\/","title":{"rendered":"FRANCE - Sadio Man\u00e9 va devenir propri\u00e9taire d'un club en National 2"},"content":{"rendered":"<p><strong>NETTALI.COM -<\/strong> Sadio Man\u00e9 arrive au Bourges Foot 18. L\u2019international s\u00e9n\u00e9galais, deuxi\u00e8me meilleur joueur du monde au classement du Ballon d\u2019Or 2022, vient investir au club du Bourges Foot 18, pensionnaire de National 2, dont il devrait prendre les commandes.<\/p>\n<p>Les premi\u00e8res tractations dateraient de trois ans. Proche de Cheikh Sylla, le pr\u00e9sident du club, le champion d'Afrique aurait construit ce projet depuis plusieurs mois en collaboration avec le maire de la ville.<\/p>\n<p>Une conf\u00e9rence de presse serait pr\u00e9vue ce mercredi 25 octobre \u00e0 la mairie de Bourges pour annoncer la nouvelle.<\/p>\n<p>L\u2019attaquant d\u2019Al-Nasr et des Lions aurait d\u00e9j\u00e0 pr\u00e9vu d\u2019injecter des fonds pour aider un club en difficult\u00e9 en ce d\u00e9but de saison (13e sur 14, 1 victoire en 7 matches).<\/p>\n<div class='share-to-whatsapp-wrapper'><div class='share-on-whsp'>PARTAGER SUR : <\/div><a data-text='FRANCE - Sadio Man\u00e9 va devenir propri\u00e9taire d'un club en National 2' data-link='https:\/\/www.nettali.com\/2023\/10\/25\/en-coulisses-sadio-mane-va-devenir-proprietaire-dun-club-en-national-2\/' class='whatsapp-button whatsapp-share'>WhatsApp<\/a><div class='clear '><\/div><\/div>","protected":false},"excerpt":{"rendered":"<p>NETTALI.COM - Sadio Man\u00e9 arrive au Bourges Foot 18. L\u2019international s\u00e9n\u00e9galais, deuxi\u00e8me meilleur joueur du monde au classement du Ballon d\u2019Or 2022, vient investir au club du Bourges Foot 18, pensionnaire de National 2, dont il devrait prendre les commandes. Les premi\u00e8res tractations dateraient de trois ans. Proche de Cheikh Sylla, le pr\u00e9sident du club, [&hellip;]<\/p>\n","protected":false},"author":5,"featured_media":120677,"comment_status":"open","ping_status":"open","sticky":false,"template":"","format":"standard","meta":{"_et_pb_use_builder":"","_et_pb_old_content":""},"categories":[6],"tags":[],"yoast_head":"<!-- This site is optimized with the Yoast SEO Premium plugin v17.8 (Yoast SEO v17.8) - https:\/\/yoast.com\/wordpress\/plugins\/seo\/ -->\n<title>FRANCE - Sadio Man\u00e9 va devenir propri\u00e9taire d&#039;un club en National 2 | Nettali.com<\/title>\n<meta name=\"robots\" content=\"index, follow, max-snippet:-1, max-image-preview:large, max-video-preview:-1\" \/>\n<link rel=\"canonical\" href=\"https:\/\/www.nettali.com\/2023\/10\/25\/en-coulisses-sadio-mane-va-devenir-proprietaire-dun-club-en-national-2\/\" \/>\n<meta property=\"og:locale\" content=\"fr_FR\" \/>\n<meta property=\"og:type\" content=\"article\" \/>\n<meta property=\"og:title\" content=\"FRANCE - Sadio Man\u00e9 va devenir propri\u00e9taire d&#039;un club en National 2\" \/>\n<meta property=\"og:description\" content=\"NETTALI.COM - Sadio Man\u00e9 arrive au Bourges Foot 18. L\u2019international s\u00e9n\u00e9galais, deuxi\u00e8me meilleur joueur du monde au classement du Ballon d\u2019Or 2022, vient investir au club du Bourges Foot 18, pensionnaire de National 2, dont il devrait prendre les commandes. Les premi\u00e8res tractations dateraient de trois ans. Proche de Cheikh Sylla, le pr\u00e9sident du club, [&hellip;]\" \/>\n<meta property=\"og:url\" content=\"https:\/\/www.nettali.com\/2023\/10\/25\/en-coulisses-sadio-mane-va-devenir-proprietaire-dun-club-en-national-2\/\" \/>\n<meta property=\"og:site_name\" content=\"Nettali.com\" \/>\n<meta property=\"article:publisher\" content=\"https:\/\/www.facebook.com\/nettalicom\" \/>\n<meta property=\"article:published_time\" content=\"2023-10-25T08:13:00+00:00\" \/>\n<meta property=\"article:modified_time\" content=\"2023-10-25T09:45:36+00:00\" \/>\n<meta property=\"og:image\" content=\"https:\/\/www.nettali.com\/wp-content\/uploads\/2023\/10\/sadio-mane-696x426-1.jpg\" \/>\n\t<meta property=\"og:image:width\" content=\"696\" \/>\n\t<meta property=\"og:image:height\" content=\"426\" \/>\n<meta name=\"twitter:card\" content=\"summary_large_image\" \/>\n<meta name=\"twitter:label1\" content=\"\u00c9crit par\" \/>\n\t<meta name=\"twitter:data1\" content=\"Ibrahima\" \/>\n\t<meta name=\"twitter:label2\" content=\"Dur\u00e9e de lecture estim\u00e9e\" \/>\n\t<meta name=\"twitter:data2\" content=\"1 minute\" \/>\n<script type=\"application\/ld+json\" class=\"yoast-schema-graph\">{\"@context\":\"https:\/\/schema.org\",\"@graph\":[{\"@type\":\"WebSite\",\"@id\":\"https:\/\/www.nettali.com\/#website\",\"url\":\"https:\/\/www.nettali.com\/\",\"name\":\"Nettali.com\",\"description\":\"Le rendez-vous critique du Net\",\"potentialAction\":[{\"@type\":\"SearchAction\",\"target\":{\"@type\":\"EntryPoint\",\"urlTemplate\":\"https:\/\/www.nettali.com\/?s={search_term_string}\"},\"query-input\":\"required name=search_term_string\"}],\"inLanguage\":\"fr-FR\"},{\"@type\":\"ImageObject\",\"@id\":\"https:\/\/www.nettali.com\/2023\/10\/25\/en-coulisses-sadio-mane-va-devenir-proprietaire-dun-club-en-national-2\/#primaryimage\",\"inLanguage\":\"fr-FR\",\"url\":\"https:\/\/www.nettali.com\/wp-content\/uploads\/2023\/10\/sadio-mane-696x426-1.jpg\",\"contentUrl\":\"https:\/\/www.nettali.com\/wp-content\/uploads\/2023\/10\/sadio-mane-696x426-1.jpg\",\"width\":696,\"height\":426},{\"@type\":\"WebPage\",\"@id\":\"https:\/\/www.nettali.com\/2023\/10\/25\/en-coulisses-sadio-mane-va-devenir-proprietaire-dun-club-en-national-2\/#webpage\",\"url\":\"https:\/\/www.nettali.com\/2023\/10\/25\/en-coulisses-sadio-mane-va-devenir-proprietaire-dun-club-en-national-2\/\",\"name\":\"FRANCE - Sadio Man\\u00e9 va devenir propri\\u00e9taire d'un club en National 2 | Nettali.com\",\"isPartOf\":{\"@id\":\"https:\/\/www.nettali.com\/#website\"},\"primaryImageOfPage\":{\"@id\":\"https:\/\/www.nettali.com\/2023\/10\/25\/en-coulisses-sadio-mane-va-devenir-proprietaire-dun-club-en-national-2\/#primaryimage\"},\"datePublished\":\"2023-10-25T08:13:00+00:00\",\"dateModified\":\"2023-10-25T09:45:36+00:00\",\"author\":{\"@id\":\"https:\/\/www.nettali.com\/#\/schema\/person\/bb147657c2986240405a608162b9bb23\"},\"breadcrumb\":{\"@id\":\"https:\/\/www.nettali.com\/2023\/10\/25\/en-coulisses-sadio-mane-va-devenir-proprietaire-dun-club-en-national-2\/#breadcrumb\"},\"inLanguage\":\"fr-FR\",\"potentialAction\":[{\"@type\":\"ReadAction\",\"target\":[\"https:\/\/www.nettali.com\/2023\/10\/25\/en-coulisses-sadio-mane-va-devenir-proprietaire-dun-club-en-national-2\/\"]}]},{\"@type\":\"BreadcrumbList\",\"@id\":\"https:\/\/www.nettali.com\/2023\/10\/25\/en-coulisses-sadio-mane-va-devenir-proprietaire-dun-club-en-national-2\/#breadcrumb\",\"itemListElement\":[{\"@type\":\"ListItem\",\"position\":1,\"name\":\"Accueil\",\"item\":\"https:\/\/www.nettali.com\/\"},{\"@type\":\"ListItem\",\"position\":2,\"name\":\"FRANCE - Sadio Man\\u00e9 va devenir propri\\u00e9taire d'un club en National 2\"}]},{\"@type\":\"Person\",\"@id\":\"https:\/\/www.nettali.com\/#\/schema\/person\/bb147657c2986240405a608162b9bb23\",\"name\":\"Ibrahima\",\"image\":{\"@type\":\"ImageObject\",\"@id\":\"https:\/\/www.nettali.com\/#personlogo\",\"inLanguage\":\"fr-FR\",\"url\":\"https:\/\/secure.gravatar.com\/avatar\/26a8a81f09f0dd7624c9d5c36c9ba3a2?s=96&d=mm&r=g\",\"contentUrl\":\"https:\/\/secure.gravatar.com\/avatar\/26a8a81f09f0dd7624c9d5c36c9ba3a2?s=96&d=mm&r=g\",\"caption\":\"Ibrahima\"},\"sameAs\":[\"https:\/\/www.nettali.com\"]}]}<\/script>\n<!-- \/ Yoast SEO Premium plugin. -->","yoast_head_json":{"title":"FRANCE - Sadio Man\u00e9 va devenir propri\u00e9taire d'un club en National 2 | Nettali.com","robots":{"index":"index","follow":"follow","max-snippet":"max-snippet:-1","max-image-preview":"max-image-preview:large","max-video-preview":"max-video-preview:-1"},"canonical":"https:\/\/www.nettali.com\/2023\/10\/25\/en-coulisses-sadio-mane-va-devenir-proprietaire-dun-club-en-national-2\/","og_locale":"fr_FR","og_type":"article","og_title":"FRANCE - Sadio Man\u00e9 va devenir propri\u00e9taire d'un club en National 2","og_description":"NETTALI.COM - Sadio Man\u00e9 arrive au Bourges Foot 18. L\u2019international s\u00e9n\u00e9galais, deuxi\u00e8me meilleur joueur du monde au classement du Ballon d\u2019Or 2022, vient investir au club du Bourges Foot 18, pensionnaire de National 2, dont il devrait prendre les commandes. Les premi\u00e8res tractations dateraient de trois ans. Proche de Cheikh Sylla, le pr\u00e9sident du club, [&hellip;]","og_url":"https:\/\/www.nettali.com\/2023\/10\/25\/en-coulisses-sadio-mane-va-devenir-proprietaire-dun-club-en-national-2\/","og_site_name":"Nettali.com","article_publisher":"https:\/\/www.facebook.com\/nettalicom","article_published_time":"2023-10-25T08:13:00+00:00","article_modified_time":"2023-10-25T09:45:36+00:00","og_image":[{"width":696,"height":426,"url":"https:\/\/www.nettali.com\/wp-content\/uploads\/2023\/10\/sadio-mane-696x426-1.jpg","type":"image\/jpeg"}],"twitter_card":"summary_large_image","twitter_misc":{"\u00c9crit par":"Ibrahima","Dur\u00e9e de lecture estim\u00e9e":"1 minute"},"schema":{"@context":"https:\/\/schema.org","@graph":[{"@type":"WebSite","@id":"https:\/\/www.nettali.com\/#website","url":"https:\/\/www.nettali.com\/","name":"Nettali.com","description":"Le rendez-vous critique du Net","potentialAction":[{"@type":"SearchAction","target":{"@type":"EntryPoint","urlTemplate":"https:\/\/www.nettali.com\/?s={search_term_string}"},"query-input":"required name=search_term_string"}],"inLanguage":"fr-FR"},{"@type":"ImageObject","@id":"https:\/\/www.nettali.com\/2023\/10\/25\/en-coulisses-sadio-mane-va-devenir-proprietaire-dun-club-en-national-2\/#primaryimage","inLanguage":"fr-FR","url":"https:\/\/www.nettali.com\/wp-content\/uploads\/2023\/10\/sadio-mane-696x426-1.jpg","contentUrl":"https:\/\/www.nettali.com\/wp-content\/uploads\/2023\/10\/sadio-mane-696x426-1.jpg","width":696,"height":426},{"@type":"WebPage","@id":"https:\/\/www.nettali.com\/2023\/10\/25\/en-coulisses-sadio-mane-va-devenir-proprietaire-dun-club-en-national-2\/#webpage","url":"https:\/\/www.nettali.com\/2023\/10\/25\/en-coulisses-sadio-mane-va-devenir-proprietaire-dun-club-en-national-2\/","name":"FRANCE - Sadio Man\u00e9 va devenir propri\u00e9taire d'un club en National 2 | Nettali.com","isPartOf":{"@id":"https:\/\/www.nettali.com\/#website"},"primaryImageOfPage":{"@id":"https:\/\/www.nettali.com\/2023\/10\/25\/en-coulisses-sadio-mane-va-devenir-proprietaire-dun-club-en-national-2\/#primaryimage"},"datePublished":"2023-10-25T08:13:00+00:00","dateModified":"2023-10-25T09:45:36+00:00","author":{"@id":"https:\/\/www.nettali.com\/#\/schema\/person\/bb147657c2986240405a608162b9bb23"},"breadcrumb":{"@id":"https:\/\/www.nettali.com\/2023\/10\/25\/en-coulisses-sadio-mane-va-devenir-proprietaire-dun-club-en-national-2\/#breadcrumb"},"inLanguage":"fr-FR","potentialAction":[{"@type":"ReadAction","target":["https:\/\/www.nettali.com\/2023\/10\/25\/en-coulisses-sadio-mane-va-devenir-proprietaire-dun-club-en-national-2\/"]}]},{"@type":"BreadcrumbList","@id":"https:\/\/www.nettali.com\/2023\/10\/25\/en-coulisses-sadio-mane-va-devenir-proprietaire-dun-club-en-national-2\/#breadcrumb","itemListElement":[{"@type":"ListItem","position":1,"name":"Accueil","item":"https:\/\/www.nettali.com\/"},{"@type":"ListItem","position":2,"name":"FRANCE - Sadio Man\u00e9 va devenir propri\u00e9taire d'un club en National 2"}]},{"@type":"Person","@id":"https:\/\/www.nettali.com\/#\/schema\/person\/bb147657c2986240405a608162b9bb23","name":"Ibrahima","image":{"@type":"ImageObject","@id":"https:\/\/www.nettali.com\/#personlogo","inLanguage":"fr-FR","url":"https:\/\/secure.gravatar.com\/avatar\/26a8a81f09f0dd7624c9d5c36c9ba3a2?s=96&d=mm&r=g","contentUrl":"https:\/\/secure.gravatar.com\/avatar\/26a8a81f09f0dd7624c9d5c36c9ba3a2?s=96&d=mm&r=g","caption":"Ibrahima"},"sameAs":["https:\/\/www.nettali.com"]}]}},"_links":{"self":[{"href":"https:\/\/www.nettali.com\/rest\/wp\/v2\/posts\/120676"}],"collection":[{"href":"https:\/\/www.nettali.com\/rest\/wp\/v2\/posts"}],"about":[{"href":"https:\/\/www.nettali.com\/rest\/wp\/v2\/types\/post"}],"author":[{"embeddable":true,"href":"https:\/\/www.nettali.com\/rest\/wp\/v2\/users\/5"}],"replies":[{"embeddable":true,"href":"https:\/\/www.nettali.com\/rest\/wp\/v2\/comments?post=120676"}],"version-history":[{"count":4,"href":"https:\/\/www.nettali.com\/rest\/wp\/v2\/posts\/120676\/revisions"}],"predecessor-version":[{"id":120696,"href":"https:\/\/www.nettali.com\/rest\/wp\/v2\/posts\/120676\/revisions\/120696"}],"wp:featuredmedia":[{"embeddable":true,"href":"https:\/\/www.nettali.com\/rest\/wp\/v2\/media\/120677"}],"wp:attachment":[{"href":"https:\/\/www.nettali.com\/rest\/wp\/v2\/media?parent=120676"}],"wp:term":[{"taxonomy":"category","embeddable":true,"href":"https:\/\/www.nettali.com\/rest\/wp\/v2\/categories?post=120676"},{"taxonomy":"post_tag","embeddable":true,"href":"https:\/\/www.nettali.com\/rest\/wp\/v2\/tags?post=120676"}],"curies":[{"name":"wp","href":"https:\/\/api.w.org\/{rel}","templated":true}]}}