{"id":120668,"date":"2023-10-24T22:50:40","date_gmt":"2023-10-24T22:50:40","guid":{"rendered":"https:\/\/www.nettali.com\/?p=120668"},"modified":"2023-10-25T09:24:33","modified_gmt":"2023-10-25T09:24:33","slug":"camp-penal-falla-fleur-transferee-a-lhopital-de-grand-yoff","status":"publish","type":"post","link":"https:\/\/www.nettali.com\/2023\/10\/24\/camp-penal-falla-fleur-transferee-a-lhopital-de-grand-yoff\/","title":{"rendered":"CAMP PENAL - Falla Fleur transf\u00e9r\u00e9e \u00e0 l'h\u00f4pital de Grand-Yoff"},"content":{"rendered":"<p><strong>NETTALI.COM - Jeune militante de Pastef, Nd\u00e8ye Fatou Fall alias \"Falla Fleur\" vient des moments difficiles. Alors qu'elle est en attente du verdict de son proc\u00e8s tenu le 12 octobre dernier, une nouvelle affaire vient de tomber sur sa t\u00eate. Transf\u00e9r\u00e9e au commissariat de Grand-Yoff pour enqu\u00eate, la jeune dame s'est finalement retrouv\u00e9e \u00e0 l'h\u00f4pital Idrissa Pouye.\u00a0<\/strong><\/p>\n<p>\"<em>Tentative de sortie irr\u00e9guli\u00e8re de correspondance d\u00e9nigrant l'administration p\u00e9nitentiaire<\/em>\". C'est la nouvelle charge que les autorit\u00e9s judiciaires viennent de coller \u00e0 Nd\u00e8ye Fatou Fall alias \"Falla Fleur\". La jeune militante de Pastef avait \u00e9t\u00e9 jug\u00e9e le 12 octobre dernier\u00a0 pour \"appel \u00e0 l'insurrection\". Le parquet avait requis contre elle une peine de trois ans ferme. Et le verdict \u00e9tait entendu ce 26 octobre. Mais la jeune femme a de fortes chances de rester encore en prison. D'apr\u00e8s ses avocats, c'est l'administration p\u00e9nitentiaire qui a port\u00e9 plainte contre elle, lui reprochant \"une tentative de sortie irr\u00e9guli\u00e8re de correspondance\".<\/p>\n<p>C'est donc la raison pour laquelle elle a \u00e9t\u00e9 extraite de sa cellule ce mardi pour \u00eatre mise \u00e0 la disposition du commissariat de Grand-Yoff o\u00f9 la plainte a \u00e9t\u00e9 d\u00e9pos\u00e9e. Elle devrait \u00eatre d\u00e9f\u00e9r\u00e9e au parquet. Et il est fort probable que le parquet ouvre une information judiciaire contre elle. Toutefois, aux derni\u00e8res nouvelles, \"Falla Fleur\" se trouve \u00e0 l'h\u00f4pital de Grand-Yoff. L'information est donn\u00e9e par Me Cheikh Koureyssi Ba. \"<em>Falla Fleur r\u00e9clamait des cachets pour soulager ses maux de t\u00eate et la pompe qui l'aide \u00e0 mieux respirer. Le commissaire Sarr\u00e9 a jug\u00e9 plus prudent de la transf\u00e9rer au CTO<\/em> (h\u00f4pital de Grand-Yoff, <strong>ndlr<\/strong>) <em>pour des perfusions et soins appropri\u00e9s<\/em>\", a post\u00e9 l'avocat sur sa page Facebook.<\/p>\n<div class='share-to-whatsapp-wrapper'><div class='share-on-whsp'>PARTAGER SUR : <\/div><a data-text='CAMP PENAL - Falla Fleur transf\u00e9r\u00e9e \u00e0 l'h\u00f4pital de Grand-Yoff' data-link='https:\/\/www.nettali.com\/2023\/10\/24\/camp-penal-falla-fleur-transferee-a-lhopital-de-grand-yoff\/' class='whatsapp-button whatsapp-share'>WhatsApp<\/a><div class='clear '><\/div><\/div>","protected":false},"excerpt":{"rendered":"<p>NETTALI.COM - Jeune militante de Pastef, Nd\u00e8ye Fatou Fall alias \"Falla Fleur\" vient des moments difficiles. Alors qu'elle est en attente du verdict de son proc\u00e8s tenu le 12 octobre dernier, une nouvelle affaire vient de tomber sur sa t\u00eate. Transf\u00e9r\u00e9e au commissariat de Grand-Yoff pour enqu\u00eate, la jeune dame s'est finalement retrouv\u00e9e \u00e0 l'h\u00f4pital [&hellip;]<\/p>\n","protected":false},"author":3,"featured_media":120669,"comment_status":"open","ping_status":"open","sticky":false,"template":"","format":"standard","meta":{"_et_pb_use_builder":"","_et_pb_old_content":""},"categories":[3],"tags":[],"yoast_head":"<!-- This site is optimized with the Yoast SEO Premium plugin v17.8 (Yoast SEO v17.8) - https:\/\/yoast.com\/wordpress\/plugins\/seo\/ -->\n<title>CAMP PENAL - Falla Fleur transf\u00e9r\u00e9e \u00e0 l&#039;h\u00f4pital de Grand-Yoff | Nettali.com<\/title>\n<meta name=\"robots\" content=\"index, follow, max-snippet:-1, max-image-preview:large, max-video-preview:-1\" \/>\n<link rel=\"canonical\" href=\"https:\/\/www.nettali.com\/2023\/10\/24\/camp-penal-falla-fleur-transferee-a-lhopital-de-grand-yoff\/\" \/>\n<meta property=\"og:locale\" content=\"fr_FR\" \/>\n<meta property=\"og:type\" content=\"article\" \/>\n<meta property=\"og:title\" content=\"CAMP PENAL - Falla Fleur transf\u00e9r\u00e9e \u00e0 l&#039;h\u00f4pital de Grand-Yoff\" \/>\n<meta property=\"og:description\" content=\"NETTALI.COM - Jeune militante de Pastef, Nd\u00e8ye Fatou Fall alias &quot;Falla Fleur&quot; vient des moments difficiles. Alors qu&#039;elle est en attente du verdict de son proc\u00e8s tenu le 12 octobre dernier, une nouvelle affaire vient de tomber sur sa t\u00eate. Transf\u00e9r\u00e9e au commissariat de Grand-Yoff pour enqu\u00eate, la jeune dame s&#039;est finalement retrouv\u00e9e \u00e0 l&#039;h\u00f4pital [&hellip;]\" \/>\n<meta property=\"og:url\" content=\"https:\/\/www.nettali.com\/2023\/10\/24\/camp-penal-falla-fleur-transferee-a-lhopital-de-grand-yoff\/\" \/>\n<meta property=\"og:site_name\" content=\"Nettali.com\" \/>\n<meta property=\"article:publisher\" content=\"https:\/\/www.facebook.com\/nettalicom\" \/>\n<meta property=\"article:published_time\" content=\"2023-10-24T22:50:40+00:00\" \/>\n<meta property=\"article:modified_time\" content=\"2023-10-25T09:24:33+00:00\" \/>\n<meta property=\"og:image\" content=\"https:\/\/www.nettali.com\/wp-content\/uploads\/2023\/10\/1698187729820.jpg\" \/>\n\t<meta property=\"og:image:width\" content=\"720\" \/>\n\t<meta property=\"og:image:height\" content=\"905\" \/>\n<meta name=\"twitter:card\" content=\"summary_large_image\" \/>\n<meta name=\"twitter:label1\" content=\"\u00c9crit par\" \/>\n\t<meta name=\"twitter:data1\" content=\"Moustapha\" \/>\n\t<meta name=\"twitter:label2\" content=\"Dur\u00e9e de lecture estim\u00e9e\" \/>\n\t<meta name=\"twitter:data2\" content=\"2 minutes\" \/>\n<script type=\"application\/ld+json\" class=\"yoast-schema-graph\">{\"@context\":\"https:\/\/schema.org\",\"@graph\":[{\"@type\":\"WebSite\",\"@id\":\"https:\/\/www.nettali.com\/#website\",\"url\":\"https:\/\/www.nettali.com\/\",\"name\":\"Nettali.com\",\"description\":\"Le rendez-vous critique du Net\",\"potentialAction\":[{\"@type\":\"SearchAction\",\"target\":{\"@type\":\"EntryPoint\",\"urlTemplate\":\"https:\/\/www.nettali.com\/?s={search_term_string}\"},\"query-input\":\"required name=search_term_string\"}],\"inLanguage\":\"fr-FR\"},{\"@type\":\"ImageObject\",\"@id\":\"https:\/\/www.nettali.com\/2023\/10\/24\/camp-penal-falla-fleur-transferee-a-lhopital-de-grand-yoff\/#primaryimage\",\"inLanguage\":\"fr-FR\",\"url\":\"https:\/\/www.nettali.com\/wp-content\/uploads\/2023\/10\/1698187729820.jpg\",\"contentUrl\":\"https:\/\/www.nettali.com\/wp-content\/uploads\/2023\/10\/1698187729820.jpg\",\"width\":720,\"height\":905},{\"@type\":\"WebPage\",\"@id\":\"https:\/\/www.nettali.com\/2023\/10\/24\/camp-penal-falla-fleur-transferee-a-lhopital-de-grand-yoff\/#webpage\",\"url\":\"https:\/\/www.nettali.com\/2023\/10\/24\/camp-penal-falla-fleur-transferee-a-lhopital-de-grand-yoff\/\",\"name\":\"CAMP PENAL - Falla Fleur transf\\u00e9r\\u00e9e \\u00e0 l'h\\u00f4pital de Grand-Yoff | Nettali.com\",\"isPartOf\":{\"@id\":\"https:\/\/www.nettali.com\/#website\"},\"primaryImageOfPage\":{\"@id\":\"https:\/\/www.nettali.com\/2023\/10\/24\/camp-penal-falla-fleur-transferee-a-lhopital-de-grand-yoff\/#primaryimage\"},\"datePublished\":\"2023-10-24T22:50:40+00:00\",\"dateModified\":\"2023-10-25T09:24:33+00:00\",\"author\":{\"@id\":\"https:\/\/www.nettali.com\/#\/schema\/person\/7962a12a6e0267f88f0ffa544c36469a\"},\"breadcrumb\":{\"@id\":\"https:\/\/www.nettali.com\/2023\/10\/24\/camp-penal-falla-fleur-transferee-a-lhopital-de-grand-yoff\/#breadcrumb\"},\"inLanguage\":\"fr-FR\",\"potentialAction\":[{\"@type\":\"ReadAction\",\"target\":[\"https:\/\/www.nettali.com\/2023\/10\/24\/camp-penal-falla-fleur-transferee-a-lhopital-de-grand-yoff\/\"]}]},{\"@type\":\"BreadcrumbList\",\"@id\":\"https:\/\/www.nettali.com\/2023\/10\/24\/camp-penal-falla-fleur-transferee-a-lhopital-de-grand-yoff\/#breadcrumb\",\"itemListElement\":[{\"@type\":\"ListItem\",\"position\":1,\"name\":\"Accueil\",\"item\":\"https:\/\/www.nettali.com\/\"},{\"@type\":\"ListItem\",\"position\":2,\"name\":\"CAMP PENAL - Falla Fleur transf\\u00e9r\\u00e9e \\u00e0 l'h\\u00f4pital de Grand-Yoff\"}]},{\"@type\":\"Person\",\"@id\":\"https:\/\/www.nettali.com\/#\/schema\/person\/7962a12a6e0267f88f0ffa544c36469a\",\"name\":\"Moustapha\",\"image\":{\"@type\":\"ImageObject\",\"@id\":\"https:\/\/www.nettali.com\/#personlogo\",\"inLanguage\":\"fr-FR\",\"url\":\"https:\/\/secure.gravatar.com\/avatar\/10fdf6a071cccdcf374e3dbe45159590?s=96&d=mm&r=g\",\"contentUrl\":\"https:\/\/secure.gravatar.com\/avatar\/10fdf6a071cccdcf374e3dbe45159590?s=96&d=mm&r=g\",\"caption\":\"Moustapha\"},\"sameAs\":[\"https:\/\/www.nettali.com\"]}]}<\/script>\n<!-- \/ Yoast SEO Premium plugin. -->","yoast_head_json":{"title":"CAMP PENAL - Falla Fleur transf\u00e9r\u00e9e \u00e0 l'h\u00f4pital de Grand-Yoff | Nettali.com","robots":{"index":"index","follow":"follow","max-snippet":"max-snippet:-1","max-image-preview":"max-image-preview:large","max-video-preview":"max-video-preview:-1"},"canonical":"https:\/\/www.nettali.com\/2023\/10\/24\/camp-penal-falla-fleur-transferee-a-lhopital-de-grand-yoff\/","og_locale":"fr_FR","og_type":"article","og_title":"CAMP PENAL - Falla Fleur transf\u00e9r\u00e9e \u00e0 l'h\u00f4pital de Grand-Yoff","og_description":"NETTALI.COM - Jeune militante de Pastef, Nd\u00e8ye Fatou Fall alias \"Falla Fleur\" vient des moments difficiles. Alors qu'elle est en attente du verdict de son proc\u00e8s tenu le 12 octobre dernier, une nouvelle affaire vient de tomber sur sa t\u00eate. Transf\u00e9r\u00e9e au commissariat de Grand-Yoff pour enqu\u00eate, la jeune dame s'est finalement retrouv\u00e9e \u00e0 l'h\u00f4pital [&hellip;]","og_url":"https:\/\/www.nettali.com\/2023\/10\/24\/camp-penal-falla-fleur-transferee-a-lhopital-de-grand-yoff\/","og_site_name":"Nettali.com","article_publisher":"https:\/\/www.facebook.com\/nettalicom","article_published_time":"2023-10-24T22:50:40+00:00","article_modified_time":"2023-10-25T09:24:33+00:00","og_image":[{"width":720,"height":905,"url":"https:\/\/www.nettali.com\/wp-content\/uploads\/2023\/10\/1698187729820.jpg","type":"image\/jpeg"}],"twitter_card":"summary_large_image","twitter_misc":{"\u00c9crit par":"Moustapha","Dur\u00e9e de lecture estim\u00e9e":"2 minutes"},"schema":{"@context":"https:\/\/schema.org","@graph":[{"@type":"WebSite","@id":"https:\/\/www.nettali.com\/#website","url":"https:\/\/www.nettali.com\/","name":"Nettali.com","description":"Le rendez-vous critique du Net","potentialAction":[{"@type":"SearchAction","target":{"@type":"EntryPoint","urlTemplate":"https:\/\/www.nettali.com\/?s={search_term_string}"},"query-input":"required name=search_term_string"}],"inLanguage":"fr-FR"},{"@type":"ImageObject","@id":"https:\/\/www.nettali.com\/2023\/10\/24\/camp-penal-falla-fleur-transferee-a-lhopital-de-grand-yoff\/#primaryimage","inLanguage":"fr-FR","url":"https:\/\/www.nettali.com\/wp-content\/uploads\/2023\/10\/1698187729820.jpg","contentUrl":"https:\/\/www.nettali.com\/wp-content\/uploads\/2023\/10\/1698187729820.jpg","width":720,"height":905},{"@type":"WebPage","@id":"https:\/\/www.nettali.com\/2023\/10\/24\/camp-penal-falla-fleur-transferee-a-lhopital-de-grand-yoff\/#webpage","url":"https:\/\/www.nettali.com\/2023\/10\/24\/camp-penal-falla-fleur-transferee-a-lhopital-de-grand-yoff\/","name":"CAMP PENAL - Falla Fleur transf\u00e9r\u00e9e \u00e0 l'h\u00f4pital de Grand-Yoff | Nettali.com","isPartOf":{"@id":"https:\/\/www.nettali.com\/#website"},"primaryImageOfPage":{"@id":"https:\/\/www.nettali.com\/2023\/10\/24\/camp-penal-falla-fleur-transferee-a-lhopital-de-grand-yoff\/#primaryimage"},"datePublished":"2023-10-24T22:50:40+00:00","dateModified":"2023-10-25T09:24:33+00:00","author":{"@id":"https:\/\/www.nettali.com\/#\/schema\/person\/7962a12a6e0267f88f0ffa544c36469a"},"breadcrumb":{"@id":"https:\/\/www.nettali.com\/2023\/10\/24\/camp-penal-falla-fleur-transferee-a-lhopital-de-grand-yoff\/#breadcrumb"},"inLanguage":"fr-FR","potentialAction":[{"@type":"ReadAction","target":["https:\/\/www.nettali.com\/2023\/10\/24\/camp-penal-falla-fleur-transferee-a-lhopital-de-grand-yoff\/"]}]},{"@type":"BreadcrumbList","@id":"https:\/\/www.nettali.com\/2023\/10\/24\/camp-penal-falla-fleur-transferee-a-lhopital-de-grand-yoff\/#breadcrumb","itemListElement":[{"@type":"ListItem","position":1,"name":"Accueil","item":"https:\/\/www.nettali.com\/"},{"@type":"ListItem","position":2,"name":"CAMP PENAL - Falla Fleur transf\u00e9r\u00e9e \u00e0 l'h\u00f4pital de Grand-Yoff"}]},{"@type":"Person","@id":"https:\/\/www.nettali.com\/#\/schema\/person\/7962a12a6e0267f88f0ffa544c36469a","name":"Moustapha","image":{"@type":"ImageObject","@id":"https:\/\/www.nettali.com\/#personlogo","inLanguage":"fr-FR","url":"https:\/\/secure.gravatar.com\/avatar\/10fdf6a071cccdcf374e3dbe45159590?s=96&d=mm&r=g","contentUrl":"https:\/\/secure.gravatar.com\/avatar\/10fdf6a071cccdcf374e3dbe45159590?s=96&d=mm&r=g","caption":"Moustapha"},"sameAs":["https:\/\/www.nettali.com"]}]}},"_links":{"self":[{"href":"https:\/\/www.nettali.com\/rest\/wp\/v2\/posts\/120668"}],"collection":[{"href":"https:\/\/www.nettali.com\/rest\/wp\/v2\/posts"}],"about":[{"href":"https:\/\/www.nettali.com\/rest\/wp\/v2\/types\/post"}],"author":[{"embeddable":true,"href":"https:\/\/www.nettali.com\/rest\/wp\/v2\/users\/3"}],"replies":[{"embeddable":true,"href":"https:\/\/www.nettali.com\/rest\/wp\/v2\/comments?post=120668"}],"version-history":[{"count":2,"href":"https:\/\/www.nettali.com\/rest\/wp\/v2\/posts\/120668\/revisions"}],"predecessor-version":[{"id":120671,"href":"https:\/\/www.nettali.com\/rest\/wp\/v2\/posts\/120668\/revisions\/120671"}],"wp:featuredmedia":[{"embeddable":true,"href":"https:\/\/www.nettali.com\/rest\/wp\/v2\/media\/120669"}],"wp:attachment":[{"href":"https:\/\/www.nettali.com\/rest\/wp\/v2\/media?parent=120668"}],"wp:term":[{"taxonomy":"category","embeddable":true,"href":"https:\/\/www.nettali.com\/rest\/wp\/v2\/categories?post=120668"},{"taxonomy":"post_tag","embeddable":true,"href":"https:\/\/www.nettali.com\/rest\/wp\/v2\/tags?post=120668"}],"curies":[{"name":"wp","href":"https:\/\/api.w.org\/{rel}","templated":true}]}}