{"id":120660,"date":"2023-10-24T19:43:22","date_gmt":"2023-10-24T19:43:22","guid":{"rendered":"https:\/\/www.nettali.com\/?p=120660"},"modified":"2023-10-24T19:43:22","modified_gmt":"2023-10-24T19:43:22","slug":"emigration-irreguliere-184-migrants-senegalais-rapatries-du-maroc","status":"publish","type":"post","link":"https:\/\/www.nettali.com\/2023\/10\/24\/emigration-irreguliere-184-migrants-senegalais-rapatries-du-maroc\/","title":{"rendered":"\u00c9MIGRATION IRR\u00c9GULI\u00c8RE - 184 migrants s\u00e9n\u00e9galais rapatri\u00e9s du Maroc\u00a0"},"content":{"rendered":"<p><strong>NETTALI.COM - Des migrants s\u00e9n\u00e9galais au nombre de 184 \u00e9tablis au Maroc depuis le d\u00e9but du mois d\u2019octobre plus pr\u00e9cis\u00e9ment \u00e0 Dakhla, seront ramen\u00e9s ce mardi 24 octobre au S\u00e9n\u00e9gal par voie terrestre, a appris une source diplomatique.<\/strong><\/p>\n<p>\"<em>184 compatriotes candidats \u00e0 l\u2019\u00e9migration irr\u00e9guli\u00e8re qui s\u00e9journaient \u00e0 Dakhla depuis le 8 octobre 2023, seront rapatri\u00e9s mardi 24 octobre 2023 par la voie terrestre<\/em>\", a indiqu\u00e9 la m\u00eame source.<\/p>\n<p>Elle ajoute que ces migrants \"<em>quitteront le Maroc \u00e0 10 h et arriveront \u00e0 Saint-Louis du S\u00e9n\u00e9gal mercredi apr\u00e8s-midi<\/em>\".<\/p>\n<p>Parmi ces 184 migrants, il y a deux femmes et une dizaine d\u2019enfants mineurs, a pr\u00e9cis\u00e9 la note.<br \/>\nCes derniers affirment qu\u2019il \"<em>ne restera plus aucun S\u00e9n\u00e9galais dans les centres d\u2019accueil et d\u2019h\u00e9bergement de la r\u00e9gion de Dakhla<\/em>\". \"<em>Aucune arriv\u00e9e de pirogue en provenance du S\u00e9n\u00e9gal n\u2019a \u00e9t\u00e9 not\u00e9e depuis le 10 octobre 2023 au niveau de Dakhla<\/em>\", a poursuivi la note.<\/p>\n<p>Elle rappelle qu\u2019entre le 1er avril et le 23 octobre 2023, 2.926 compatriotes ont \u00e9t\u00e9 secourus par la marine royale marocaine et accueillis dans les centres d\u2019accueil et d\u2019h\u00e9bergement dans la r\u00e9gion de Dakhla qui comptabilise les centres de Dakhla, d\u2019Argoub et de Bir-Guindouz dans la r\u00e9gion Dakhla-Oued Eddahab au Sud du Maroc. Le S\u00e9n\u00e9gal est confront\u00e9 \u00e0 une recrudescence de l\u2019\u00e9migration irr\u00e9guli\u00e8re qui continue d\u2019enregistrer des pertes en vies humaines.<\/p>\n<p>L\u2019Etat a lanc\u00e9 le 27 juillet 2023 une Strat\u00e9gie nationale de lutte contre la migration irr\u00e9guli\u00e8re (SNLMI), un plan d\u00e9cennal qui vise \u00e0 r\u00e9duire drastiquement le ph\u00e9nom\u00e8ne \u00e0 l\u2019horizon 2033. Mais le ph\u00e9nom\u00e8ne ne cesse de prendre de l\u2019ampleur en d\u00e9pit du lancement de cette strat\u00e9gie.<\/p>\n<div class='share-to-whatsapp-wrapper'><div class='share-on-whsp'>PARTAGER SUR : <\/div><a data-text='\u00c9MIGRATION IRR\u00c9GULI\u00c8RE - 184 migrants s\u00e9n\u00e9galais rapatri\u00e9s du Maroc\u00a0' data-link='https:\/\/www.nettali.com\/2023\/10\/24\/emigration-irreguliere-184-migrants-senegalais-rapatries-du-maroc\/' class='whatsapp-button whatsapp-share'>WhatsApp<\/a><div class='clear '><\/div><\/div>","protected":false},"excerpt":{"rendered":"<p>NETTALI.COM - Des migrants s\u00e9n\u00e9galais au nombre de 184 \u00e9tablis au Maroc depuis le d\u00e9but du mois d\u2019octobre plus pr\u00e9cis\u00e9ment \u00e0 Dakhla, seront ramen\u00e9s ce mardi 24 octobre au S\u00e9n\u00e9gal par voie terrestre, a appris une source diplomatique. \"184 compatriotes candidats \u00e0 l\u2019\u00e9migration irr\u00e9guli\u00e8re qui s\u00e9journaient \u00e0 Dakhla depuis le 8 octobre 2023, seront rapatri\u00e9s [&hellip;]<\/p>\n","protected":false},"author":5,"featured_media":118993,"comment_status":"open","ping_status":"open","sticky":false,"template":"","format":"standard","meta":{"_et_pb_use_builder":"","_et_pb_old_content":""},"categories":[3],"tags":[],"yoast_head":"<!-- This site is optimized with the Yoast SEO Premium plugin v17.8 (Yoast SEO v17.8) - https:\/\/yoast.com\/wordpress\/plugins\/seo\/ -->\n<title>\u00c9MIGRATION IRR\u00c9GULI\u00c8RE - 184 migrants s\u00e9n\u00e9galais rapatri\u00e9s du Maroc\u00a0 | Nettali.com<\/title>\n<meta name=\"robots\" content=\"index, follow, max-snippet:-1, max-image-preview:large, max-video-preview:-1\" \/>\n<link rel=\"canonical\" href=\"https:\/\/www.nettali.com\/2023\/10\/24\/emigration-irreguliere-184-migrants-senegalais-rapatries-du-maroc\/\" \/>\n<meta property=\"og:locale\" content=\"fr_FR\" \/>\n<meta property=\"og:type\" content=\"article\" \/>\n<meta property=\"og:title\" content=\"\u00c9MIGRATION IRR\u00c9GULI\u00c8RE - 184 migrants s\u00e9n\u00e9galais rapatri\u00e9s du Maroc\u00a0\" \/>\n<meta property=\"og:description\" content=\"NETTALI.COM - Des migrants s\u00e9n\u00e9galais au nombre de 184 \u00e9tablis au Maroc depuis le d\u00e9but du mois d\u2019octobre plus pr\u00e9cis\u00e9ment \u00e0 Dakhla, seront ramen\u00e9s ce mardi 24 octobre au S\u00e9n\u00e9gal par voie terrestre, a appris une source diplomatique. &quot;184 compatriotes candidats \u00e0 l\u2019\u00e9migration irr\u00e9guli\u00e8re qui s\u00e9journaient \u00e0 Dakhla depuis le 8 octobre 2023, seront rapatri\u00e9s [&hellip;]\" \/>\n<meta property=\"og:url\" content=\"https:\/\/www.nettali.com\/2023\/10\/24\/emigration-irreguliere-184-migrants-senegalais-rapatries-du-maroc\/\" \/>\n<meta property=\"og:site_name\" content=\"Nettali.com\" \/>\n<meta property=\"article:publisher\" content=\"https:\/\/www.facebook.com\/nettalicom\" \/>\n<meta property=\"article:published_time\" content=\"2023-10-24T19:43:22+00:00\" \/>\n<meta property=\"og:image\" content=\"https:\/\/www.nettali.com\/wp-content\/uploads\/2023\/09\/6371d8897fa96f1ba7f035b186e57a24aa3a7a31.jpg\" \/>\n\t<meta property=\"og:image:width\" content=\"612\" \/>\n\t<meta property=\"og:image:height\" content=\"298\" \/>\n<meta name=\"twitter:card\" content=\"summary_large_image\" \/>\n<meta name=\"twitter:label1\" content=\"\u00c9crit par\" \/>\n\t<meta name=\"twitter:data1\" content=\"Ibrahima\" \/>\n\t<meta name=\"twitter:label2\" content=\"Dur\u00e9e de lecture estim\u00e9e\" \/>\n\t<meta name=\"twitter:data2\" content=\"2 minutes\" \/>\n<script type=\"application\/ld+json\" class=\"yoast-schema-graph\">{\"@context\":\"https:\/\/schema.org\",\"@graph\":[{\"@type\":\"WebSite\",\"@id\":\"https:\/\/www.nettali.com\/#website\",\"url\":\"https:\/\/www.nettali.com\/\",\"name\":\"Nettali.com\",\"description\":\"Le rendez-vous critique du Net\",\"potentialAction\":[{\"@type\":\"SearchAction\",\"target\":{\"@type\":\"EntryPoint\",\"urlTemplate\":\"https:\/\/www.nettali.com\/?s={search_term_string}\"},\"query-input\":\"required name=search_term_string\"}],\"inLanguage\":\"fr-FR\"},{\"@type\":\"ImageObject\",\"@id\":\"https:\/\/www.nettali.com\/2023\/10\/24\/emigration-irreguliere-184-migrants-senegalais-rapatries-du-maroc\/#primaryimage\",\"inLanguage\":\"fr-FR\",\"url\":\"https:\/\/www.nettali.com\/wp-content\/uploads\/2023\/09\/6371d8897fa96f1ba7f035b186e57a24aa3a7a31.jpg\",\"contentUrl\":\"https:\/\/www.nettali.com\/wp-content\/uploads\/2023\/09\/6371d8897fa96f1ba7f035b186e57a24aa3a7a31.jpg\",\"width\":612,\"height\":298},{\"@type\":\"WebPage\",\"@id\":\"https:\/\/www.nettali.com\/2023\/10\/24\/emigration-irreguliere-184-migrants-senegalais-rapatries-du-maroc\/#webpage\",\"url\":\"https:\/\/www.nettali.com\/2023\/10\/24\/emigration-irreguliere-184-migrants-senegalais-rapatries-du-maroc\/\",\"name\":\"\\u00c9MIGRATION IRR\\u00c9GULI\\u00c8RE - 184 migrants s\\u00e9n\\u00e9galais rapatri\\u00e9s du Maroc\\u00a0 | Nettali.com\",\"isPartOf\":{\"@id\":\"https:\/\/www.nettali.com\/#website\"},\"primaryImageOfPage\":{\"@id\":\"https:\/\/www.nettali.com\/2023\/10\/24\/emigration-irreguliere-184-migrants-senegalais-rapatries-du-maroc\/#primaryimage\"},\"datePublished\":\"2023-10-24T19:43:22+00:00\",\"dateModified\":\"2023-10-24T19:43:22+00:00\",\"author\":{\"@id\":\"https:\/\/www.nettali.com\/#\/schema\/person\/bb147657c2986240405a608162b9bb23\"},\"breadcrumb\":{\"@id\":\"https:\/\/www.nettali.com\/2023\/10\/24\/emigration-irreguliere-184-migrants-senegalais-rapatries-du-maroc\/#breadcrumb\"},\"inLanguage\":\"fr-FR\",\"potentialAction\":[{\"@type\":\"ReadAction\",\"target\":[\"https:\/\/www.nettali.com\/2023\/10\/24\/emigration-irreguliere-184-migrants-senegalais-rapatries-du-maroc\/\"]}]},{\"@type\":\"BreadcrumbList\",\"@id\":\"https:\/\/www.nettali.com\/2023\/10\/24\/emigration-irreguliere-184-migrants-senegalais-rapatries-du-maroc\/#breadcrumb\",\"itemListElement\":[{\"@type\":\"ListItem\",\"position\":1,\"name\":\"Accueil\",\"item\":\"https:\/\/www.nettali.com\/\"},{\"@type\":\"ListItem\",\"position\":2,\"name\":\"\\u00c9MIGRATION IRR\\u00c9GULI\\u00c8RE - 184 migrants s\\u00e9n\\u00e9galais rapatri\\u00e9s du Maroc\\u00a0\"}]},{\"@type\":\"Person\",\"@id\":\"https:\/\/www.nettali.com\/#\/schema\/person\/bb147657c2986240405a608162b9bb23\",\"name\":\"Ibrahima\",\"image\":{\"@type\":\"ImageObject\",\"@id\":\"https:\/\/www.nettali.com\/#personlogo\",\"inLanguage\":\"fr-FR\",\"url\":\"https:\/\/secure.gravatar.com\/avatar\/26a8a81f09f0dd7624c9d5c36c9ba3a2?s=96&d=mm&r=g\",\"contentUrl\":\"https:\/\/secure.gravatar.com\/avatar\/26a8a81f09f0dd7624c9d5c36c9ba3a2?s=96&d=mm&r=g\",\"caption\":\"Ibrahima\"},\"sameAs\":[\"https:\/\/www.nettali.com\"]}]}<\/script>\n<!-- \/ Yoast SEO Premium plugin. -->","yoast_head_json":{"title":"\u00c9MIGRATION IRR\u00c9GULI\u00c8RE - 184 migrants s\u00e9n\u00e9galais rapatri\u00e9s du Maroc\u00a0 | Nettali.com","robots":{"index":"index","follow":"follow","max-snippet":"max-snippet:-1","max-image-preview":"max-image-preview:large","max-video-preview":"max-video-preview:-1"},"canonical":"https:\/\/www.nettali.com\/2023\/10\/24\/emigration-irreguliere-184-migrants-senegalais-rapatries-du-maroc\/","og_locale":"fr_FR","og_type":"article","og_title":"\u00c9MIGRATION IRR\u00c9GULI\u00c8RE - 184 migrants s\u00e9n\u00e9galais rapatri\u00e9s du Maroc\u00a0","og_description":"NETTALI.COM - Des migrants s\u00e9n\u00e9galais au nombre de 184 \u00e9tablis au Maroc depuis le d\u00e9but du mois d\u2019octobre plus pr\u00e9cis\u00e9ment \u00e0 Dakhla, seront ramen\u00e9s ce mardi 24 octobre au S\u00e9n\u00e9gal par voie terrestre, a appris une source diplomatique. \"184 compatriotes candidats \u00e0 l\u2019\u00e9migration irr\u00e9guli\u00e8re qui s\u00e9journaient \u00e0 Dakhla depuis le 8 octobre 2023, seront rapatri\u00e9s [&hellip;]","og_url":"https:\/\/www.nettali.com\/2023\/10\/24\/emigration-irreguliere-184-migrants-senegalais-rapatries-du-maroc\/","og_site_name":"Nettali.com","article_publisher":"https:\/\/www.facebook.com\/nettalicom","article_published_time":"2023-10-24T19:43:22+00:00","og_image":[{"width":612,"height":298,"url":"https:\/\/www.nettali.com\/wp-content\/uploads\/2023\/09\/6371d8897fa96f1ba7f035b186e57a24aa3a7a31.jpg","type":"image\/jpeg"}],"twitter_card":"summary_large_image","twitter_misc":{"\u00c9crit par":"Ibrahima","Dur\u00e9e de lecture estim\u00e9e":"2 minutes"},"schema":{"@context":"https:\/\/schema.org","@graph":[{"@type":"WebSite","@id":"https:\/\/www.nettali.com\/#website","url":"https:\/\/www.nettali.com\/","name":"Nettali.com","description":"Le rendez-vous critique du Net","potentialAction":[{"@type":"SearchAction","target":{"@type":"EntryPoint","urlTemplate":"https:\/\/www.nettali.com\/?s={search_term_string}"},"query-input":"required name=search_term_string"}],"inLanguage":"fr-FR"},{"@type":"ImageObject","@id":"https:\/\/www.nettali.com\/2023\/10\/24\/emigration-irreguliere-184-migrants-senegalais-rapatries-du-maroc\/#primaryimage","inLanguage":"fr-FR","url":"https:\/\/www.nettali.com\/wp-content\/uploads\/2023\/09\/6371d8897fa96f1ba7f035b186e57a24aa3a7a31.jpg","contentUrl":"https:\/\/www.nettali.com\/wp-content\/uploads\/2023\/09\/6371d8897fa96f1ba7f035b186e57a24aa3a7a31.jpg","width":612,"height":298},{"@type":"WebPage","@id":"https:\/\/www.nettali.com\/2023\/10\/24\/emigration-irreguliere-184-migrants-senegalais-rapatries-du-maroc\/#webpage","url":"https:\/\/www.nettali.com\/2023\/10\/24\/emigration-irreguliere-184-migrants-senegalais-rapatries-du-maroc\/","name":"\u00c9MIGRATION IRR\u00c9GULI\u00c8RE - 184 migrants s\u00e9n\u00e9galais rapatri\u00e9s du Maroc\u00a0 | Nettali.com","isPartOf":{"@id":"https:\/\/www.nettali.com\/#website"},"primaryImageOfPage":{"@id":"https:\/\/www.nettali.com\/2023\/10\/24\/emigration-irreguliere-184-migrants-senegalais-rapatries-du-maroc\/#primaryimage"},"datePublished":"2023-10-24T19:43:22+00:00","dateModified":"2023-10-24T19:43:22+00:00","author":{"@id":"https:\/\/www.nettali.com\/#\/schema\/person\/bb147657c2986240405a608162b9bb23"},"breadcrumb":{"@id":"https:\/\/www.nettali.com\/2023\/10\/24\/emigration-irreguliere-184-migrants-senegalais-rapatries-du-maroc\/#breadcrumb"},"inLanguage":"fr-FR","potentialAction":[{"@type":"ReadAction","target":["https:\/\/www.nettali.com\/2023\/10\/24\/emigration-irreguliere-184-migrants-senegalais-rapatries-du-maroc\/"]}]},{"@type":"BreadcrumbList","@id":"https:\/\/www.nettali.com\/2023\/10\/24\/emigration-irreguliere-184-migrants-senegalais-rapatries-du-maroc\/#breadcrumb","itemListElement":[{"@type":"ListItem","position":1,"name":"Accueil","item":"https:\/\/www.nettali.com\/"},{"@type":"ListItem","position":2,"name":"\u00c9MIGRATION IRR\u00c9GULI\u00c8RE - 184 migrants s\u00e9n\u00e9galais rapatri\u00e9s du Maroc\u00a0"}]},{"@type":"Person","@id":"https:\/\/www.nettali.com\/#\/schema\/person\/bb147657c2986240405a608162b9bb23","name":"Ibrahima","image":{"@type":"ImageObject","@id":"https:\/\/www.nettali.com\/#personlogo","inLanguage":"fr-FR","url":"https:\/\/secure.gravatar.com\/avatar\/26a8a81f09f0dd7624c9d5c36c9ba3a2?s=96&d=mm&r=g","contentUrl":"https:\/\/secure.gravatar.com\/avatar\/26a8a81f09f0dd7624c9d5c36c9ba3a2?s=96&d=mm&r=g","caption":"Ibrahima"},"sameAs":["https:\/\/www.nettali.com"]}]}},"_links":{"self":[{"href":"https:\/\/www.nettali.com\/rest\/wp\/v2\/posts\/120660"}],"collection":[{"href":"https:\/\/www.nettali.com\/rest\/wp\/v2\/posts"}],"about":[{"href":"https:\/\/www.nettali.com\/rest\/wp\/v2\/types\/post"}],"author":[{"embeddable":true,"href":"https:\/\/www.nettali.com\/rest\/wp\/v2\/users\/5"}],"replies":[{"embeddable":true,"href":"https:\/\/www.nettali.com\/rest\/wp\/v2\/comments?post=120660"}],"version-history":[{"count":1,"href":"https:\/\/www.nettali.com\/rest\/wp\/v2\/posts\/120660\/revisions"}],"predecessor-version":[{"id":120661,"href":"https:\/\/www.nettali.com\/rest\/wp\/v2\/posts\/120660\/revisions\/120661"}],"wp:featuredmedia":[{"embeddable":true,"href":"https:\/\/www.nettali.com\/rest\/wp\/v2\/media\/118993"}],"wp:attachment":[{"href":"https:\/\/www.nettali.com\/rest\/wp\/v2\/media?parent=120660"}],"wp:term":[{"taxonomy":"category","embeddable":true,"href":"https:\/\/www.nettali.com\/rest\/wp\/v2\/categories?post=120660"},{"taxonomy":"post_tag","embeddable":true,"href":"https:\/\/www.nettali.com\/rest\/wp\/v2\/tags?post=120660"}],"curies":[{"name":"wp","href":"https:\/\/api.w.org\/{rel}","templated":true}]}}