{"id":120500,"date":"2023-10-22T15:19:48","date_gmt":"2023-10-22T15:19:48","guid":{"rendered":"https:\/\/www.nettali.com\/?p=120500"},"modified":"2023-10-22T15:19:48","modified_gmt":"2023-10-22T15:19:48","slug":"la-fonction-publique-na-pas-vocation-pour-faire-des-millionnaires-encre-moins-des-milliardaires","status":"publish","type":"post","link":"https:\/\/www.nettali.com\/2023\/10\/22\/la-fonction-publique-na-pas-vocation-pour-faire-des-millionnaires-encre-moins-des-milliardaires\/","title":{"rendered":"\"La fonction publique n'a pas vocation pour faire des millionnaires, encre moins des milliardaires\""},"content":{"rendered":"<p><strong>NETTALI.COM - Le directeur g\u00e9n\u00e9ral de la Comptabilit\u00e9 publique et du Tr\u00e9sor, Cheikh Tidiane Diop, demande \u00e0 ses agents de rester raisonnables dans leurs attentes, la Fonction publique n\u2019ayant pas vocation \u00e0 enrichir des personnes.<\/strong><\/p>\n<p><em>\u00a0\"Il faut savoir raison garder dans le cadre des attentes \u00bb<\/em>, a-t-il d\u00e9clar\u00e9, samedi, \u00e0 Dakar, en pr\u00e9sidant la c\u00e9r\u00e9monie d\u2019ouverture de l\u2019assembl\u00e9e g\u00e9n\u00e9rale de l\u2019Amicale des contr\u00f4leurs du Tr\u00e9sor du S\u00e9n\u00e9gal, sur le th\u00e8me : <em>\u00ab L\u2019impact du cadre r\u00e9glementaire sur le plan de carri\u00e8re et des conditions des travailleurs du contr\u00f4le du Tr\u00e9sor \u00bb.<\/em><\/p>\n<p><em>\u00ab\u00a0La Fonction publique n\u2019a pas vocation de faire des millionnaires encore moins des milliardaires\u00a0\u00bb, il en ressort que les attentes des agents \u00ab\u00a0doivent \u00eatre raisonnables\u00a0\u00bb,<\/em> a-t-il dit.<\/p>\n<p><em>\u00ab\u00a0Je veux qu\u2019on soit prudent parce que quand on parle du r\u00e9gime de r\u00e9mun\u00e9ration, chacun se voit multimillionnaire d\u00e9j\u00e0\u00a0\u00bb<\/em>, a insist\u00e9 le directeur g\u00e9n\u00e9ral de la Comptabilit\u00e9 publique et du Tr\u00e9sor, ajoutant : <em>\u00ab\u00a0Je voudrais qu\u2019en termes de r\u00e9flexion et de pr\u00e9tentions sociales, que ce soit au plan du parcours professionnel, au plan des conditions de vie, qu\u2019on se regarde dans le r\u00e9troviseur pour savoir d\u2019o\u00f9 on vient\u00a0\u00bb.<\/em><\/p>\n<p>Il a invit\u00e9 les travailleurs du Tr\u00e9sor <em>\u00ab\u00a0\u00e0 ne pas donner l\u2019impression\u00a0\u00bb<\/em> que la Direction g\u00e9n\u00e9rale de la Comptabilit\u00e9 publique et du Tr\u00e9sor <em>\u00ab\u00a0n\u2019a rien fait et que les conditions de travail et les conditions de r\u00e9mun\u00e9ration se sont d\u00e9grad\u00e9es\u00a0\u00bb<\/em>. Ce qui selon lui est <em>\u00ab\u00a0loin d\u2019\u00eatre le cas\u00a0\u00bb.<\/em><\/p>\n<p>Il a dit qu\u2019il ne compte pas c\u00e9der aux pressions.<\/p>\n<p><em>\u00ab\u00a0Je veux de plus en plus que le m\u00e9rite pr\u00e9vale sur le positionnement. Ce n\u2019est pas parce qu\u2019on a un positionnement X, Y ou Z que je vais donner suite \u00e0 des requ\u00eates de positionnement\u00a0\u00bb<\/em>, ajoute-t-il, se disant toutefois <em>\u00ab\u00a0ouvert \u00e0 toutes les propositions, \u00e0 toute r\u00e9flexion qui ne casse pas la dynamique d\u2019ensemble des travailleurs du Tr\u00e9sor\u00a0\u00bb.<\/em><\/p>\n<p>Isaac Mingou, pr\u00e9sident de l\u2019Amicale des contr\u00f4leurs du Tr\u00e9sor du S\u00e9n\u00e9gal s\u2019est dit rassur\u00e9 par les promesses du directeur g\u00e9n\u00e9ral de la Comptabilit\u00e9 publique et <em>\u00ab\u00a0son engagement aux c\u00f4t\u00e9s des travailleurs\u00a0\u00bb<\/em>.<\/p>\n<p><em>\u00ab\u00a0Nous sommes rassur\u00e9s qu\u2019au sortir de cette assembl\u00e9e g\u00e9n\u00e9rale extraordinaire, le directeur g\u00e9n\u00e9ral prendra toutes les dispositions pour mettre les contr\u00f4leurs dans les meilleures conditions, toujours dans le cadre de la pr\u00e9servation des grands \u00e9quilibres de la grande maison du Tr\u00e9sor\u00a0\u00bb<\/em>, a-t-il dit.<\/p>\n<p><em>\u00ab\u00a0Nous attendons l\u2019am\u00e9lioration des conditions de travail et des conditions de r\u00e9mun\u00e9ration\u00a0\u00bb<\/em>, a indiqu\u00e9 M. Mingou, selon qui les contr\u00f4leurs du Tr\u00e9sor <em>\u00ab\u00a0veulent aller plus loin dans le cadre des attributions de fonction [\u2026]\u00a0\u00bb<\/em>.<\/p>\n<div class='share-to-whatsapp-wrapper'><div class='share-on-whsp'>PARTAGER SUR : <\/div><a data-text='\"La fonction publique n'a pas vocation pour faire des millionnaires, encre moins des milliardaires\"' data-link='https:\/\/www.nettali.com\/2023\/10\/22\/la-fonction-publique-na-pas-vocation-pour-faire-des-millionnaires-encre-moins-des-milliardaires\/' class='whatsapp-button whatsapp-share'>WhatsApp<\/a><div class='clear '><\/div><\/div>","protected":false},"excerpt":{"rendered":"<p>NETTALI.COM - Le directeur g\u00e9n\u00e9ral de la Comptabilit\u00e9 publique et du Tr\u00e9sor, Cheikh Tidiane Diop, demande \u00e0 ses agents de rester raisonnables dans leurs attentes, la Fonction publique n\u2019ayant pas vocation \u00e0 enrichir des personnes. \u00a0\"Il faut savoir raison garder dans le cadre des attentes \u00bb, a-t-il d\u00e9clar\u00e9, samedi, \u00e0 Dakar, en pr\u00e9sidant la c\u00e9r\u00e9monie [&hellip;]<\/p>\n","protected":false},"author":4,"featured_media":120501,"comment_status":"open","ping_status":"open","sticky":false,"template":"","format":"standard","meta":{"_et_pb_use_builder":"","_et_pb_old_content":""},"categories":[3],"tags":[],"yoast_head":"<!-- This site is optimized with the Yoast SEO Premium plugin v17.8 (Yoast SEO v17.8) - https:\/\/yoast.com\/wordpress\/plugins\/seo\/ -->\n<title>&quot;La fonction publique n&#039;a pas vocation pour faire des millionnaires, encre moins des milliardaires&quot; | Nettali.com<\/title>\n<meta name=\"robots\" content=\"index, follow, max-snippet:-1, max-image-preview:large, max-video-preview:-1\" \/>\n<link rel=\"canonical\" href=\"https:\/\/www.nettali.com\/2023\/10\/22\/la-fonction-publique-na-pas-vocation-pour-faire-des-millionnaires-encre-moins-des-milliardaires\/\" \/>\n<meta property=\"og:locale\" content=\"fr_FR\" \/>\n<meta property=\"og:type\" content=\"article\" \/>\n<meta property=\"og:title\" content=\"&quot;La fonction publique n&#039;a pas vocation pour faire des millionnaires, encre moins des milliardaires&quot;\" \/>\n<meta property=\"og:description\" content=\"NETTALI.COM - Le directeur g\u00e9n\u00e9ral de la Comptabilit\u00e9 publique et du Tr\u00e9sor, Cheikh Tidiane Diop, demande \u00e0 ses agents de rester raisonnables dans leurs attentes, la Fonction publique n\u2019ayant pas vocation \u00e0 enrichir des personnes. \u00a0&quot;Il faut savoir raison garder dans le cadre des attentes \u00bb, a-t-il d\u00e9clar\u00e9, samedi, \u00e0 Dakar, en pr\u00e9sidant la c\u00e9r\u00e9monie [&hellip;]\" \/>\n<meta property=\"og:url\" content=\"https:\/\/www.nettali.com\/2023\/10\/22\/la-fonction-publique-na-pas-vocation-pour-faire-des-millionnaires-encre-moins-des-milliardaires\/\" \/>\n<meta property=\"og:site_name\" content=\"Nettali.com\" \/>\n<meta property=\"article:publisher\" content=\"https:\/\/www.facebook.com\/nettalicom\" \/>\n<meta property=\"article:published_time\" content=\"2023-10-22T15:19:48+00:00\" \/>\n<meta property=\"og:image\" content=\"https:\/\/www.nettali.com\/wp-content\/uploads\/2023\/10\/Capture-de\u0301cran-2023-10-22-a\u0300-15.16.25.png\" \/>\n\t<meta property=\"og:image:width\" content=\"626\" \/>\n\t<meta property=\"og:image:height\" content=\"382\" \/>\n<meta name=\"twitter:card\" content=\"summary_large_image\" \/>\n<meta name=\"twitter:label1\" content=\"\u00c9crit par\" \/>\n\t<meta name=\"twitter:data1\" content=\"Daouda\" \/>\n\t<meta name=\"twitter:label2\" content=\"Dur\u00e9e de lecture estim\u00e9e\" \/>\n\t<meta name=\"twitter:data2\" content=\"3 minutes\" \/>\n<script type=\"application\/ld+json\" class=\"yoast-schema-graph\">{\"@context\":\"https:\/\/schema.org\",\"@graph\":[{\"@type\":\"WebSite\",\"@id\":\"https:\/\/www.nettali.com\/#website\",\"url\":\"https:\/\/www.nettali.com\/\",\"name\":\"Nettali.com\",\"description\":\"Le rendez-vous critique du Net\",\"potentialAction\":[{\"@type\":\"SearchAction\",\"target\":{\"@type\":\"EntryPoint\",\"urlTemplate\":\"https:\/\/www.nettali.com\/?s={search_term_string}\"},\"query-input\":\"required name=search_term_string\"}],\"inLanguage\":\"fr-FR\"},{\"@type\":\"ImageObject\",\"@id\":\"https:\/\/www.nettali.com\/2023\/10\/22\/la-fonction-publique-na-pas-vocation-pour-faire-des-millionnaires-encre-moins-des-milliardaires\/#primaryimage\",\"inLanguage\":\"fr-FR\",\"url\":\"https:\/\/www.nettali.com\/wp-content\/uploads\/2023\/10\/Capture-de\\u0301cran-2023-10-22-a\\u0300-15.16.25.png\",\"contentUrl\":\"https:\/\/www.nettali.com\/wp-content\/uploads\/2023\/10\/Capture-de\\u0301cran-2023-10-22-a\\u0300-15.16.25.png\",\"width\":626,\"height\":382},{\"@type\":\"WebPage\",\"@id\":\"https:\/\/www.nettali.com\/2023\/10\/22\/la-fonction-publique-na-pas-vocation-pour-faire-des-millionnaires-encre-moins-des-milliardaires\/#webpage\",\"url\":\"https:\/\/www.nettali.com\/2023\/10\/22\/la-fonction-publique-na-pas-vocation-pour-faire-des-millionnaires-encre-moins-des-milliardaires\/\",\"name\":\"\\\"La fonction publique n'a pas vocation pour faire des millionnaires, encre moins des milliardaires\\\" | Nettali.com\",\"isPartOf\":{\"@id\":\"https:\/\/www.nettali.com\/#website\"},\"primaryImageOfPage\":{\"@id\":\"https:\/\/www.nettali.com\/2023\/10\/22\/la-fonction-publique-na-pas-vocation-pour-faire-des-millionnaires-encre-moins-des-milliardaires\/#primaryimage\"},\"datePublished\":\"2023-10-22T15:19:48+00:00\",\"dateModified\":\"2023-10-22T15:19:48+00:00\",\"author\":{\"@id\":\"https:\/\/www.nettali.com\/#\/schema\/person\/3317e0bb3aa1da309fbf7b2780901bf4\"},\"breadcrumb\":{\"@id\":\"https:\/\/www.nettali.com\/2023\/10\/22\/la-fonction-publique-na-pas-vocation-pour-faire-des-millionnaires-encre-moins-des-milliardaires\/#breadcrumb\"},\"inLanguage\":\"fr-FR\",\"potentialAction\":[{\"@type\":\"ReadAction\",\"target\":[\"https:\/\/www.nettali.com\/2023\/10\/22\/la-fonction-publique-na-pas-vocation-pour-faire-des-millionnaires-encre-moins-des-milliardaires\/\"]}]},{\"@type\":\"BreadcrumbList\",\"@id\":\"https:\/\/www.nettali.com\/2023\/10\/22\/la-fonction-publique-na-pas-vocation-pour-faire-des-millionnaires-encre-moins-des-milliardaires\/#breadcrumb\",\"itemListElement\":[{\"@type\":\"ListItem\",\"position\":1,\"name\":\"Accueil\",\"item\":\"https:\/\/www.nettali.com\/\"},{\"@type\":\"ListItem\",\"position\":2,\"name\":\"\\\"La fonction publique n'a pas vocation pour faire des millionnaires, encre moins des milliardaires\\\"\"}]},{\"@type\":\"Person\",\"@id\":\"https:\/\/www.nettali.com\/#\/schema\/person\/3317e0bb3aa1da309fbf7b2780901bf4\",\"name\":\"Daouda\",\"image\":{\"@type\":\"ImageObject\",\"@id\":\"https:\/\/www.nettali.com\/#personlogo\",\"inLanguage\":\"fr-FR\",\"url\":\"https:\/\/secure.gravatar.com\/avatar\/8d143b5a49345098ddcfee1c49c2f47c?s=96&d=mm&r=g\",\"contentUrl\":\"https:\/\/secure.gravatar.com\/avatar\/8d143b5a49345098ddcfee1c49c2f47c?s=96&d=mm&r=g\",\"caption\":\"Daouda\"},\"sameAs\":[\"https:\/\/www.nettali.com\"]}]}<\/script>\n<!-- \/ Yoast SEO Premium plugin. -->","yoast_head_json":{"title":"\"La fonction publique n'a pas vocation pour faire des millionnaires, encre moins des milliardaires\" | Nettali.com","robots":{"index":"index","follow":"follow","max-snippet":"max-snippet:-1","max-image-preview":"max-image-preview:large","max-video-preview":"max-video-preview:-1"},"canonical":"https:\/\/www.nettali.com\/2023\/10\/22\/la-fonction-publique-na-pas-vocation-pour-faire-des-millionnaires-encre-moins-des-milliardaires\/","og_locale":"fr_FR","og_type":"article","og_title":"\"La fonction publique n'a pas vocation pour faire des millionnaires, encre moins des milliardaires\"","og_description":"NETTALI.COM - Le directeur g\u00e9n\u00e9ral de la Comptabilit\u00e9 publique et du Tr\u00e9sor, Cheikh Tidiane Diop, demande \u00e0 ses agents de rester raisonnables dans leurs attentes, la Fonction publique n\u2019ayant pas vocation \u00e0 enrichir des personnes. \u00a0\"Il faut savoir raison garder dans le cadre des attentes \u00bb, a-t-il d\u00e9clar\u00e9, samedi, \u00e0 Dakar, en pr\u00e9sidant la c\u00e9r\u00e9monie [&hellip;]","og_url":"https:\/\/www.nettali.com\/2023\/10\/22\/la-fonction-publique-na-pas-vocation-pour-faire-des-millionnaires-encre-moins-des-milliardaires\/","og_site_name":"Nettali.com","article_publisher":"https:\/\/www.facebook.com\/nettalicom","article_published_time":"2023-10-22T15:19:48+00:00","og_image":[{"width":626,"height":382,"url":"https:\/\/www.nettali.com\/wp-content\/uploads\/2023\/10\/Capture-de\u0301cran-2023-10-22-a\u0300-15.16.25.png","type":"image\/png"}],"twitter_card":"summary_large_image","twitter_misc":{"\u00c9crit par":"Daouda","Dur\u00e9e de lecture estim\u00e9e":"3 minutes"},"schema":{"@context":"https:\/\/schema.org","@graph":[{"@type":"WebSite","@id":"https:\/\/www.nettali.com\/#website","url":"https:\/\/www.nettali.com\/","name":"Nettali.com","description":"Le rendez-vous critique du Net","potentialAction":[{"@type":"SearchAction","target":{"@type":"EntryPoint","urlTemplate":"https:\/\/www.nettali.com\/?s={search_term_string}"},"query-input":"required name=search_term_string"}],"inLanguage":"fr-FR"},{"@type":"ImageObject","@id":"https:\/\/www.nettali.com\/2023\/10\/22\/la-fonction-publique-na-pas-vocation-pour-faire-des-millionnaires-encre-moins-des-milliardaires\/#primaryimage","inLanguage":"fr-FR","url":"https:\/\/www.nettali.com\/wp-content\/uploads\/2023\/10\/Capture-de\u0301cran-2023-10-22-a\u0300-15.16.25.png","contentUrl":"https:\/\/www.nettali.com\/wp-content\/uploads\/2023\/10\/Capture-de\u0301cran-2023-10-22-a\u0300-15.16.25.png","width":626,"height":382},{"@type":"WebPage","@id":"https:\/\/www.nettali.com\/2023\/10\/22\/la-fonction-publique-na-pas-vocation-pour-faire-des-millionnaires-encre-moins-des-milliardaires\/#webpage","url":"https:\/\/www.nettali.com\/2023\/10\/22\/la-fonction-publique-na-pas-vocation-pour-faire-des-millionnaires-encre-moins-des-milliardaires\/","name":"\"La fonction publique n'a pas vocation pour faire des millionnaires, encre moins des milliardaires\" | Nettali.com","isPartOf":{"@id":"https:\/\/www.nettali.com\/#website"},"primaryImageOfPage":{"@id":"https:\/\/www.nettali.com\/2023\/10\/22\/la-fonction-publique-na-pas-vocation-pour-faire-des-millionnaires-encre-moins-des-milliardaires\/#primaryimage"},"datePublished":"2023-10-22T15:19:48+00:00","dateModified":"2023-10-22T15:19:48+00:00","author":{"@id":"https:\/\/www.nettali.com\/#\/schema\/person\/3317e0bb3aa1da309fbf7b2780901bf4"},"breadcrumb":{"@id":"https:\/\/www.nettali.com\/2023\/10\/22\/la-fonction-publique-na-pas-vocation-pour-faire-des-millionnaires-encre-moins-des-milliardaires\/#breadcrumb"},"inLanguage":"fr-FR","potentialAction":[{"@type":"ReadAction","target":["https:\/\/www.nettali.com\/2023\/10\/22\/la-fonction-publique-na-pas-vocation-pour-faire-des-millionnaires-encre-moins-des-milliardaires\/"]}]},{"@type":"BreadcrumbList","@id":"https:\/\/www.nettali.com\/2023\/10\/22\/la-fonction-publique-na-pas-vocation-pour-faire-des-millionnaires-encre-moins-des-milliardaires\/#breadcrumb","itemListElement":[{"@type":"ListItem","position":1,"name":"Accueil","item":"https:\/\/www.nettali.com\/"},{"@type":"ListItem","position":2,"name":"\"La fonction publique n'a pas vocation pour faire des millionnaires, encre moins des milliardaires\""}]},{"@type":"Person","@id":"https:\/\/www.nettali.com\/#\/schema\/person\/3317e0bb3aa1da309fbf7b2780901bf4","name":"Daouda","image":{"@type":"ImageObject","@id":"https:\/\/www.nettali.com\/#personlogo","inLanguage":"fr-FR","url":"https:\/\/secure.gravatar.com\/avatar\/8d143b5a49345098ddcfee1c49c2f47c?s=96&d=mm&r=g","contentUrl":"https:\/\/secure.gravatar.com\/avatar\/8d143b5a49345098ddcfee1c49c2f47c?s=96&d=mm&r=g","caption":"Daouda"},"sameAs":["https:\/\/www.nettali.com"]}]}},"_links":{"self":[{"href":"https:\/\/www.nettali.com\/rest\/wp\/v2\/posts\/120500"}],"collection":[{"href":"https:\/\/www.nettali.com\/rest\/wp\/v2\/posts"}],"about":[{"href":"https:\/\/www.nettali.com\/rest\/wp\/v2\/types\/post"}],"author":[{"embeddable":true,"href":"https:\/\/www.nettali.com\/rest\/wp\/v2\/users\/4"}],"replies":[{"embeddable":true,"href":"https:\/\/www.nettali.com\/rest\/wp\/v2\/comments?post=120500"}],"version-history":[{"count":1,"href":"https:\/\/www.nettali.com\/rest\/wp\/v2\/posts\/120500\/revisions"}],"predecessor-version":[{"id":120502,"href":"https:\/\/www.nettali.com\/rest\/wp\/v2\/posts\/120500\/revisions\/120502"}],"wp:featuredmedia":[{"embeddable":true,"href":"https:\/\/www.nettali.com\/rest\/wp\/v2\/media\/120501"}],"wp:attachment":[{"href":"https:\/\/www.nettali.com\/rest\/wp\/v2\/media?parent=120500"}],"wp:term":[{"taxonomy":"category","embeddable":true,"href":"https:\/\/www.nettali.com\/rest\/wp\/v2\/categories?post=120500"},{"taxonomy":"post_tag","embeddable":true,"href":"https:\/\/www.nettali.com\/rest\/wp\/v2\/tags?post=120500"}],"curies":[{"name":"wp","href":"https:\/\/api.w.org\/{rel}","templated":true}]}}