{"id":120378,"date":"2023-10-20T07:38:34","date_gmt":"2023-10-20T07:38:34","guid":{"rendered":"https:\/\/www.nettali.com\/?p=120378"},"modified":"2023-10-20T07:38:34","modified_gmt":"2023-10-20T07:38:34","slug":"en-coulisses-amadou-ba-et-la-relance-du-rail","status":"publish","type":"post","link":"https:\/\/www.nettali.com\/2023\/10\/20\/en-coulisses-amadou-ba-et-la-relance-du-rail\/","title":{"rendered":"EN COULISSES - Amadou Ba et la relance du rail"},"content":{"rendered":"<div class=\"page\" title=\"Page 2\">\n<div class=\"section\">\n<div class=\"layoutArea\">\n<div class=\"column\">\n<p><strong>NETTALI.COM -<\/strong> La mise en circulation du train lors du Gamou et du Magal, \u00e9tait-elle juste une op\u00e9ration de communication ou une action qui va \u00eatre suivie d'effets ? Le Gouvernement est en tout cas de\u0301termine\u0301 a\u0300 relancer les chemins du fer, si l'on en croit le premier ministre qui, ce jeudi 19 octobe, \u00e0 l\u2019ouverture du Forum international sur le financement des projets ferroviaires en Afrique, a\u0300 Diamnadio, a fortement re\u0301affirme\u0301 cette volonte\u0301 de l\u2019Etat. Selon lui, des approches novatrices ont e\u0301te\u0301 de\u0301veloppe\u0301es lors des grands e\u0301ve\u0301nements comme le Gamou et le Magal.<\/p>\n<p>\"<em>Le Train express re\u0301gional signe l\u2019entre\u0301e de notre pays dans une nouvelle e\u0300re et replace la proble\u0301matique de la relance du secteur ferroviaire au c\u0153ur des politiques publiques. Ce renouveau ferroviaire a e\u0301te\u0301 et demeure notre combat<\/em>\", a souligne\u0301 le Premier ministre, ajoutant que le gouvernement a l\u2019\"<em>ambition de doter le Se\u0301ne\u0301gal d\u2019infrastructures ferroviaires de dernie\u0300re ge\u0301ne\u0301ration<\/em>\".<\/p>\n<p>\"<em>Apre\u0300s vingt et un mois de mise en service commercial, plus de 32 millions de voyageurs ont voyage\u0301 a\u0300 bord du Train express re\u0301gional, soit une moyenne de 75.000 voyageurs par jour\",<\/em>\u00a0a inform\u00e9 Amadou Ba.<\/p>\n<p>Un chemin de fer performant ge\u0301ne\u0300re des be\u0301ne\u0301fices e\u0301conomiques importants, a-t-il fait savoir, soulignant que le financement des infrastructures ferroviaires est un de\u0301fi majeur en Afrique.<\/p>\n<p>\"<em>Souvent, les raisons invoque\u0301es pour justifier l\u2019insuffisance des investissements dans les infrastructures ferroviaires en Afrique sont d\u2019ordre subjectif<\/em>\", a soutenu le chef du gouvernement. Aussi, a-t-il e\u0301nume\u0301re\u0301 plusieurs raisons invoque\u0301es pour ne pas financer les chemins de fer en Afrique, dont \"<em>la pre\u0301tendue faiblesse de la structuration des marche\u0301s financiers<\/em>\"<\/p>\n<p>\"<em>Il faut, de l'avis du PM, une argumentation objective<\/em>\" et des \"<em>de\u0301marches strate\u0301giques<\/em>\" pour financer l\u2019infrastructure ferroviaire.<\/p>\n<p>\"<em>Le rail offre beaucoup d\u2019avantages comparatifs par rapport aux autres voies de transport. Les programmes d\u2019ame\u0301nagement et de re\u0301e\u0301quilibrage des territoires [...] ne pourront e\u0302tre acce\u0301le\u0301re\u0301s qu\u2019avec le de\u0301veloppement des chemins de fer<\/em>\",\u00a0 a encore indique\u0301 le Premier ministre.<\/p>\n<\/div>\n<\/div>\n<\/div>\n<\/div>\n<div class='share-to-whatsapp-wrapper'><div class='share-on-whsp'>PARTAGER SUR : <\/div><a data-text='EN COULISSES - Amadou Ba et la relance du rail' data-link='https:\/\/www.nettali.com\/2023\/10\/20\/en-coulisses-amadou-ba-et-la-relance-du-rail\/' class='whatsapp-button whatsapp-share'>WhatsApp<\/a><div class='clear '><\/div><\/div>","protected":false},"excerpt":{"rendered":"<p>NETTALI.COM - La mise en circulation du train lors du Gamou et du Magal, \u00e9tait-elle juste une op\u00e9ration de communication ou une action qui va \u00eatre suivie d'effets ? Le Gouvernement est en tout cas de\u0301termine\u0301 a\u0300 relancer les chemins du fer, si l'on en croit le premier ministre qui, ce jeudi 19 octobe, \u00e0 [&hellip;]<\/p>\n","protected":false},"author":2,"featured_media":120311,"comment_status":"open","ping_status":"open","sticky":false,"template":"","format":"standard","meta":{"_et_pb_use_builder":"","_et_pb_old_content":""},"categories":[34945],"tags":[],"yoast_head":"<!-- This site is optimized with the Yoast SEO Premium plugin v17.8 (Yoast SEO v17.8) - https:\/\/yoast.com\/wordpress\/plugins\/seo\/ -->\n<title>EN COULISSES - Amadou Ba et la relance du rail | Nettali.com<\/title>\n<meta name=\"robots\" content=\"index, follow, max-snippet:-1, max-image-preview:large, max-video-preview:-1\" \/>\n<link rel=\"canonical\" href=\"https:\/\/www.nettali.com\/2023\/10\/20\/en-coulisses-amadou-ba-et-la-relance-du-rail\/\" \/>\n<meta property=\"og:locale\" content=\"fr_FR\" \/>\n<meta property=\"og:type\" content=\"article\" \/>\n<meta property=\"og:title\" content=\"EN COULISSES - Amadou Ba et la relance du rail\" \/>\n<meta property=\"og:description\" content=\"NETTALI.COM - La mise en circulation du train lors du Gamou et du Magal, \u00e9tait-elle juste une op\u00e9ration de communication ou une action qui va \u00eatre suivie d&#039;effets ? Le Gouvernement est en tout cas de\u0301termine\u0301 a\u0300 relancer les chemins du fer, si l&#039;on en croit le premier ministre qui, ce jeudi 19 octobe, \u00e0 [&hellip;]\" \/>\n<meta property=\"og:url\" content=\"https:\/\/www.nettali.com\/2023\/10\/20\/en-coulisses-amadou-ba-et-la-relance-du-rail\/\" \/>\n<meta property=\"og:site_name\" content=\"Nettali.com\" \/>\n<meta property=\"article:publisher\" content=\"https:\/\/www.facebook.com\/nettalicom\" \/>\n<meta property=\"article:published_time\" content=\"2023-10-20T07:38:34+00:00\" \/>\n<meta property=\"og:image\" content=\"https:\/\/www.nettali.com\/wp-content\/uploads\/2023\/10\/amadou-ba_0.jpeg\" \/>\n\t<meta property=\"og:image:width\" content=\"696\" \/>\n\t<meta property=\"og:image:height\" content=\"463\" \/>\n<meta name=\"twitter:card\" content=\"summary_large_image\" \/>\n<meta name=\"twitter:label1\" content=\"\u00c9crit par\" \/>\n\t<meta name=\"twitter:data1\" content=\"CK\" \/>\n\t<meta name=\"twitter:label2\" content=\"Dur\u00e9e de lecture estim\u00e9e\" \/>\n\t<meta name=\"twitter:data2\" content=\"2 minutes\" \/>\n<script type=\"application\/ld+json\" class=\"yoast-schema-graph\">{\"@context\":\"https:\/\/schema.org\",\"@graph\":[{\"@type\":\"WebSite\",\"@id\":\"https:\/\/www.nettali.com\/#website\",\"url\":\"https:\/\/www.nettali.com\/\",\"name\":\"Nettali.com\",\"description\":\"Le rendez-vous critique du Net\",\"potentialAction\":[{\"@type\":\"SearchAction\",\"target\":{\"@type\":\"EntryPoint\",\"urlTemplate\":\"https:\/\/www.nettali.com\/?s={search_term_string}\"},\"query-input\":\"required name=search_term_string\"}],\"inLanguage\":\"fr-FR\"},{\"@type\":\"ImageObject\",\"@id\":\"https:\/\/www.nettali.com\/2023\/10\/20\/en-coulisses-amadou-ba-et-la-relance-du-rail\/#primaryimage\",\"inLanguage\":\"fr-FR\",\"url\":\"https:\/\/www.nettali.com\/wp-content\/uploads\/2023\/10\/amadou-ba_0.jpeg\",\"contentUrl\":\"https:\/\/www.nettali.com\/wp-content\/uploads\/2023\/10\/amadou-ba_0.jpeg\",\"width\":696,\"height\":463},{\"@type\":\"WebPage\",\"@id\":\"https:\/\/www.nettali.com\/2023\/10\/20\/en-coulisses-amadou-ba-et-la-relance-du-rail\/#webpage\",\"url\":\"https:\/\/www.nettali.com\/2023\/10\/20\/en-coulisses-amadou-ba-et-la-relance-du-rail\/\",\"name\":\"EN COULISSES - Amadou Ba et la relance du rail | Nettali.com\",\"isPartOf\":{\"@id\":\"https:\/\/www.nettali.com\/#website\"},\"primaryImageOfPage\":{\"@id\":\"https:\/\/www.nettali.com\/2023\/10\/20\/en-coulisses-amadou-ba-et-la-relance-du-rail\/#primaryimage\"},\"datePublished\":\"2023-10-20T07:38:34+00:00\",\"dateModified\":\"2023-10-20T07:38:34+00:00\",\"author\":{\"@id\":\"https:\/\/www.nettali.com\/#\/schema\/person\/d8ac7b7e27ddad43f1c0d2ef090d7f71\"},\"breadcrumb\":{\"@id\":\"https:\/\/www.nettali.com\/2023\/10\/20\/en-coulisses-amadou-ba-et-la-relance-du-rail\/#breadcrumb\"},\"inLanguage\":\"fr-FR\",\"potentialAction\":[{\"@type\":\"ReadAction\",\"target\":[\"https:\/\/www.nettali.com\/2023\/10\/20\/en-coulisses-amadou-ba-et-la-relance-du-rail\/\"]}]},{\"@type\":\"BreadcrumbList\",\"@id\":\"https:\/\/www.nettali.com\/2023\/10\/20\/en-coulisses-amadou-ba-et-la-relance-du-rail\/#breadcrumb\",\"itemListElement\":[{\"@type\":\"ListItem\",\"position\":1,\"name\":\"Accueil\",\"item\":\"https:\/\/www.nettali.com\/\"},{\"@type\":\"ListItem\",\"position\":2,\"name\":\"EN COULISSES - Amadou Ba et la relance du rail\"}]},{\"@type\":\"Person\",\"@id\":\"https:\/\/www.nettali.com\/#\/schema\/person\/d8ac7b7e27ddad43f1c0d2ef090d7f71\",\"name\":\"CK\",\"image\":{\"@type\":\"ImageObject\",\"@id\":\"https:\/\/www.nettali.com\/#personlogo\",\"inLanguage\":\"fr-FR\",\"url\":\"https:\/\/secure.gravatar.com\/avatar\/1d8d5118b9327d94da7cd4ce7f17fec2?s=96&d=mm&r=g\",\"contentUrl\":\"https:\/\/secure.gravatar.com\/avatar\/1d8d5118b9327d94da7cd4ce7f17fec2?s=96&d=mm&r=g\",\"caption\":\"CK\"},\"sameAs\":[\"https:\/\/www.nettali.com\"]}]}<\/script>\n<!-- \/ Yoast SEO Premium plugin. -->","yoast_head_json":{"title":"EN COULISSES - Amadou Ba et la relance du rail | Nettali.com","robots":{"index":"index","follow":"follow","max-snippet":"max-snippet:-1","max-image-preview":"max-image-preview:large","max-video-preview":"max-video-preview:-1"},"canonical":"https:\/\/www.nettali.com\/2023\/10\/20\/en-coulisses-amadou-ba-et-la-relance-du-rail\/","og_locale":"fr_FR","og_type":"article","og_title":"EN COULISSES - Amadou Ba et la relance du rail","og_description":"NETTALI.COM - La mise en circulation du train lors du Gamou et du Magal, \u00e9tait-elle juste une op\u00e9ration de communication ou une action qui va \u00eatre suivie d'effets ? Le Gouvernement est en tout cas de\u0301termine\u0301 a\u0300 relancer les chemins du fer, si l'on en croit le premier ministre qui, ce jeudi 19 octobe, \u00e0 [&hellip;]","og_url":"https:\/\/www.nettali.com\/2023\/10\/20\/en-coulisses-amadou-ba-et-la-relance-du-rail\/","og_site_name":"Nettali.com","article_publisher":"https:\/\/www.facebook.com\/nettalicom","article_published_time":"2023-10-20T07:38:34+00:00","og_image":[{"width":696,"height":463,"url":"https:\/\/www.nettali.com\/wp-content\/uploads\/2023\/10\/amadou-ba_0.jpeg","type":"image\/jpeg"}],"twitter_card":"summary_large_image","twitter_misc":{"\u00c9crit par":"CK","Dur\u00e9e de lecture estim\u00e9e":"2 minutes"},"schema":{"@context":"https:\/\/schema.org","@graph":[{"@type":"WebSite","@id":"https:\/\/www.nettali.com\/#website","url":"https:\/\/www.nettali.com\/","name":"Nettali.com","description":"Le rendez-vous critique du Net","potentialAction":[{"@type":"SearchAction","target":{"@type":"EntryPoint","urlTemplate":"https:\/\/www.nettali.com\/?s={search_term_string}"},"query-input":"required name=search_term_string"}],"inLanguage":"fr-FR"},{"@type":"ImageObject","@id":"https:\/\/www.nettali.com\/2023\/10\/20\/en-coulisses-amadou-ba-et-la-relance-du-rail\/#primaryimage","inLanguage":"fr-FR","url":"https:\/\/www.nettali.com\/wp-content\/uploads\/2023\/10\/amadou-ba_0.jpeg","contentUrl":"https:\/\/www.nettali.com\/wp-content\/uploads\/2023\/10\/amadou-ba_0.jpeg","width":696,"height":463},{"@type":"WebPage","@id":"https:\/\/www.nettali.com\/2023\/10\/20\/en-coulisses-amadou-ba-et-la-relance-du-rail\/#webpage","url":"https:\/\/www.nettali.com\/2023\/10\/20\/en-coulisses-amadou-ba-et-la-relance-du-rail\/","name":"EN COULISSES - Amadou Ba et la relance du rail | Nettali.com","isPartOf":{"@id":"https:\/\/www.nettali.com\/#website"},"primaryImageOfPage":{"@id":"https:\/\/www.nettali.com\/2023\/10\/20\/en-coulisses-amadou-ba-et-la-relance-du-rail\/#primaryimage"},"datePublished":"2023-10-20T07:38:34+00:00","dateModified":"2023-10-20T07:38:34+00:00","author":{"@id":"https:\/\/www.nettali.com\/#\/schema\/person\/d8ac7b7e27ddad43f1c0d2ef090d7f71"},"breadcrumb":{"@id":"https:\/\/www.nettali.com\/2023\/10\/20\/en-coulisses-amadou-ba-et-la-relance-du-rail\/#breadcrumb"},"inLanguage":"fr-FR","potentialAction":[{"@type":"ReadAction","target":["https:\/\/www.nettali.com\/2023\/10\/20\/en-coulisses-amadou-ba-et-la-relance-du-rail\/"]}]},{"@type":"BreadcrumbList","@id":"https:\/\/www.nettali.com\/2023\/10\/20\/en-coulisses-amadou-ba-et-la-relance-du-rail\/#breadcrumb","itemListElement":[{"@type":"ListItem","position":1,"name":"Accueil","item":"https:\/\/www.nettali.com\/"},{"@type":"ListItem","position":2,"name":"EN COULISSES - Amadou Ba et la relance du rail"}]},{"@type":"Person","@id":"https:\/\/www.nettali.com\/#\/schema\/person\/d8ac7b7e27ddad43f1c0d2ef090d7f71","name":"CK","image":{"@type":"ImageObject","@id":"https:\/\/www.nettali.com\/#personlogo","inLanguage":"fr-FR","url":"https:\/\/secure.gravatar.com\/avatar\/1d8d5118b9327d94da7cd4ce7f17fec2?s=96&d=mm&r=g","contentUrl":"https:\/\/secure.gravatar.com\/avatar\/1d8d5118b9327d94da7cd4ce7f17fec2?s=96&d=mm&r=g","caption":"CK"},"sameAs":["https:\/\/www.nettali.com"]}]}},"_links":{"self":[{"href":"https:\/\/www.nettali.com\/rest\/wp\/v2\/posts\/120378"}],"collection":[{"href":"https:\/\/www.nettali.com\/rest\/wp\/v2\/posts"}],"about":[{"href":"https:\/\/www.nettali.com\/rest\/wp\/v2\/types\/post"}],"author":[{"embeddable":true,"href":"https:\/\/www.nettali.com\/rest\/wp\/v2\/users\/2"}],"replies":[{"embeddable":true,"href":"https:\/\/www.nettali.com\/rest\/wp\/v2\/comments?post=120378"}],"version-history":[{"count":1,"href":"https:\/\/www.nettali.com\/rest\/wp\/v2\/posts\/120378\/revisions"}],"predecessor-version":[{"id":120382,"href":"https:\/\/www.nettali.com\/rest\/wp\/v2\/posts\/120378\/revisions\/120382"}],"wp:featuredmedia":[{"embeddable":true,"href":"https:\/\/www.nettali.com\/rest\/wp\/v2\/media\/120311"}],"wp:attachment":[{"href":"https:\/\/www.nettali.com\/rest\/wp\/v2\/media?parent=120378"}],"wp:term":[{"taxonomy":"category","embeddable":true,"href":"https:\/\/www.nettali.com\/rest\/wp\/v2\/categories?post=120378"},{"taxonomy":"post_tag","embeddable":true,"href":"https:\/\/www.nettali.com\/rest\/wp\/v2\/tags?post=120378"}],"curies":[{"name":"wp","href":"https:\/\/api.w.org\/{rel}","templated":true}]}}