{"id":120348,"date":"2023-10-19T15:59:57","date_gmt":"2023-10-19T15:59:57","guid":{"rendered":"https:\/\/www.nettali.com\/?p=120348"},"modified":"2023-10-19T15:59:57","modified_gmt":"2023-10-19T15:59:57","slug":"neymar-cest-un-moment-tres-triste-le-pire","status":"publish","type":"post","link":"https:\/\/www.nettali.com\/2023\/10\/19\/neymar-cest-un-moment-tres-triste-le-pire\/","title":{"rendered":"NEYMAR - \"C'est un moment tr\u00e8s triste, le pire\""},"content":{"rendered":"<p><strong>NETTALI.COM - Victime d'une rupture du ligament crois\u00e9 ant\u00e9rieur et du m\u00e9nisque du genou gauche, contre l'Uruguay, Neymar va devoir se faire op\u00e9rer. Le Br\u00e9silien de 31 ans a r\u00e9agi sur ses r\u00e9seaux sociaux en conc\u00e9dant qu'il allait avoir besoin de soutien.<\/strong><\/p>\n<p>Ses larmes laissaient craindre une grave blessure, les premiers examens l\u2019ont confirm\u00e9. Sorti sur blessure lors de la d\u00e9faite en Uruguay (2-0) mardi, Neymar (31 ans) souffre d\u2019une rupture des ligaments crois\u00e9s ant\u00e9rieurs et du m\u00e9nisque du genou gauche et va devoir \u00eatre op\u00e9r\u00e9. Le joueur a r\u00e9agi \u00e0 cette nouvelle blessure sur son compte Instagram.<\/p>\n<p><em><strong>\"C'est un moment tr\u00e8s triste, le pire\"<\/strong><\/em><\/p>\n<p>\"<em>C'est un moment tr\u00e8s triste, le pire<\/em>\", a-t-il \u00e9crit. \"<em>Je sais que je suis fort mais cette fois, je vais avoir encore plus besoin de ma famille et amis<\/em>\", a-t-il ajout\u00e9.<\/p>\n<p>\"<em>Ce n'est pas facile de subir des blessures et des interventions chirurgicales, imaginez revivre tout cela apr\u00e8s 4 mois de convalescence<\/em>.\"<\/p>\n<p>\"<em>J'ai trop la foi\u2026 Mais je remets la force entre les mains de Dieu pour qu'il puisse renouveler la mienne. Merci pour les messages de soutien et d'affection<\/em>.\"<\/p>\n<p>Rappelons que le meilleur buteur de l\u2019histoire de la Sele\u00e7ao s'est bless\u00e9 juste avant la mi-temps, peu apr\u00e8s l'ouverture du score de l'Uruguay. Il est mal retomb\u00e9 \u00e0 la suite d'un accrochage avec le milieu uruguayen De la Cruz et s'est tordu le genou. Il manquera ainsi au moins les deux prochains matchs de qualification de son pays, contre la Colombie le 17 novembre \u00e0 Barranquilla et l'Argentine de Leo Messi le 22 novembre au Maracana.<\/p>\n<div class='share-to-whatsapp-wrapper'><div class='share-on-whsp'>PARTAGER SUR : <\/div><a data-text='NEYMAR - \"C'est un moment tr\u00e8s triste, le pire\"' data-link='https:\/\/www.nettali.com\/2023\/10\/19\/neymar-cest-un-moment-tres-triste-le-pire\/' class='whatsapp-button whatsapp-share'>WhatsApp<\/a><div class='clear '><\/div><\/div>","protected":false},"excerpt":{"rendered":"<p>NETTALI.COM - Victime d'une rupture du ligament crois\u00e9 ant\u00e9rieur et du m\u00e9nisque du genou gauche, contre l'Uruguay, Neymar va devoir se faire op\u00e9rer. Le Br\u00e9silien de 31 ans a r\u00e9agi sur ses r\u00e9seaux sociaux en conc\u00e9dant qu'il allait avoir besoin de soutien. Ses larmes laissaient craindre une grave blessure, les premiers examens l\u2019ont confirm\u00e9. Sorti [&hellip;]<\/p>\n","protected":false},"author":5,"featured_media":120350,"comment_status":"open","ping_status":"open","sticky":false,"template":"","format":"standard","meta":{"_et_pb_use_builder":"","_et_pb_old_content":""},"categories":[6],"tags":[],"yoast_head":"<!-- This site is optimized with the Yoast SEO Premium plugin v17.8 (Yoast SEO v17.8) - https:\/\/yoast.com\/wordpress\/plugins\/seo\/ -->\n<title>NEYMAR - &quot;C&#039;est un moment tr\u00e8s triste, le pire&quot; | Nettali.com<\/title>\n<meta name=\"robots\" content=\"index, follow, max-snippet:-1, max-image-preview:large, max-video-preview:-1\" \/>\n<link rel=\"canonical\" href=\"https:\/\/www.nettali.com\/2023\/10\/19\/neymar-cest-un-moment-tres-triste-le-pire\/\" \/>\n<meta property=\"og:locale\" content=\"fr_FR\" \/>\n<meta property=\"og:type\" content=\"article\" \/>\n<meta property=\"og:title\" content=\"NEYMAR - &quot;C&#039;est un moment tr\u00e8s triste, le pire&quot;\" \/>\n<meta property=\"og:description\" content=\"NETTALI.COM - Victime d&#039;une rupture du ligament crois\u00e9 ant\u00e9rieur et du m\u00e9nisque du genou gauche, contre l&#039;Uruguay, Neymar va devoir se faire op\u00e9rer. Le Br\u00e9silien de 31 ans a r\u00e9agi sur ses r\u00e9seaux sociaux en conc\u00e9dant qu&#039;il allait avoir besoin de soutien. Ses larmes laissaient craindre une grave blessure, les premiers examens l\u2019ont confirm\u00e9. Sorti [&hellip;]\" \/>\n<meta property=\"og:url\" content=\"https:\/\/www.nettali.com\/2023\/10\/19\/neymar-cest-un-moment-tres-triste-le-pire\/\" \/>\n<meta property=\"og:site_name\" content=\"Nettali.com\" \/>\n<meta property=\"article:publisher\" content=\"https:\/\/www.facebook.com\/nettalicom\" \/>\n<meta property=\"article:published_time\" content=\"2023-10-19T15:59:57+00:00\" \/>\n<meta property=\"og:image\" content=\"https:\/\/www.nettali.com\/wp-content\/uploads\/2023\/10\/243d50301f2cd5c4305a4869d635b2026cae2e50ac7628d5d119ebbfd4beea2b.jpg\" \/>\n\t<meta property=\"og:image:width\" content=\"2466\" \/>\n\t<meta property=\"og:image:height\" content=\"1740\" \/>\n<meta name=\"twitter:card\" content=\"summary_large_image\" \/>\n<meta name=\"twitter:label1\" content=\"\u00c9crit par\" \/>\n\t<meta name=\"twitter:data1\" content=\"Ibrahima\" \/>\n\t<meta name=\"twitter:label2\" content=\"Dur\u00e9e de lecture estim\u00e9e\" \/>\n\t<meta name=\"twitter:data2\" content=\"2 minutes\" \/>\n<script type=\"application\/ld+json\" class=\"yoast-schema-graph\">{\"@context\":\"https:\/\/schema.org\",\"@graph\":[{\"@type\":\"WebSite\",\"@id\":\"https:\/\/www.nettali.com\/#website\",\"url\":\"https:\/\/www.nettali.com\/\",\"name\":\"Nettali.com\",\"description\":\"Le rendez-vous critique du Net\",\"potentialAction\":[{\"@type\":\"SearchAction\",\"target\":{\"@type\":\"EntryPoint\",\"urlTemplate\":\"https:\/\/www.nettali.com\/?s={search_term_string}\"},\"query-input\":\"required name=search_term_string\"}],\"inLanguage\":\"fr-FR\"},{\"@type\":\"ImageObject\",\"@id\":\"https:\/\/www.nettali.com\/2023\/10\/19\/neymar-cest-un-moment-tres-triste-le-pire\/#primaryimage\",\"inLanguage\":\"fr-FR\",\"url\":\"https:\/\/www.nettali.com\/wp-content\/uploads\/2023\/10\/243d50301f2cd5c4305a4869d635b2026cae2e50ac7628d5d119ebbfd4beea2b.jpg\",\"contentUrl\":\"https:\/\/www.nettali.com\/wp-content\/uploads\/2023\/10\/243d50301f2cd5c4305a4869d635b2026cae2e50ac7628d5d119ebbfd4beea2b.jpg\",\"width\":2466,\"height\":1740,\"caption\":\"Soccer Football - FIFA World Cup Qatar 2022 - Group G - Brazil v Serbia - Lusail Stadium, Lusail, Qatar - November 24, 2022 Brazil's Neymar receives medical attention after sustaining an injury REUTERS\/Kai Pfaffenbach\"},{\"@type\":\"WebPage\",\"@id\":\"https:\/\/www.nettali.com\/2023\/10\/19\/neymar-cest-un-moment-tres-triste-le-pire\/#webpage\",\"url\":\"https:\/\/www.nettali.com\/2023\/10\/19\/neymar-cest-un-moment-tres-triste-le-pire\/\",\"name\":\"NEYMAR - \\\"C'est un moment tr\\u00e8s triste, le pire\\\" | Nettali.com\",\"isPartOf\":{\"@id\":\"https:\/\/www.nettali.com\/#website\"},\"primaryImageOfPage\":{\"@id\":\"https:\/\/www.nettali.com\/2023\/10\/19\/neymar-cest-un-moment-tres-triste-le-pire\/#primaryimage\"},\"datePublished\":\"2023-10-19T15:59:57+00:00\",\"dateModified\":\"2023-10-19T15:59:57+00:00\",\"author\":{\"@id\":\"https:\/\/www.nettali.com\/#\/schema\/person\/bb147657c2986240405a608162b9bb23\"},\"breadcrumb\":{\"@id\":\"https:\/\/www.nettali.com\/2023\/10\/19\/neymar-cest-un-moment-tres-triste-le-pire\/#breadcrumb\"},\"inLanguage\":\"fr-FR\",\"potentialAction\":[{\"@type\":\"ReadAction\",\"target\":[\"https:\/\/www.nettali.com\/2023\/10\/19\/neymar-cest-un-moment-tres-triste-le-pire\/\"]}]},{\"@type\":\"BreadcrumbList\",\"@id\":\"https:\/\/www.nettali.com\/2023\/10\/19\/neymar-cest-un-moment-tres-triste-le-pire\/#breadcrumb\",\"itemListElement\":[{\"@type\":\"ListItem\",\"position\":1,\"name\":\"Accueil\",\"item\":\"https:\/\/www.nettali.com\/\"},{\"@type\":\"ListItem\",\"position\":2,\"name\":\"NEYMAR - \\\"C'est un moment tr\\u00e8s triste, le pire\\\"\"}]},{\"@type\":\"Person\",\"@id\":\"https:\/\/www.nettali.com\/#\/schema\/person\/bb147657c2986240405a608162b9bb23\",\"name\":\"Ibrahima\",\"image\":{\"@type\":\"ImageObject\",\"@id\":\"https:\/\/www.nettali.com\/#personlogo\",\"inLanguage\":\"fr-FR\",\"url\":\"https:\/\/secure.gravatar.com\/avatar\/26a8a81f09f0dd7624c9d5c36c9ba3a2?s=96&d=mm&r=g\",\"contentUrl\":\"https:\/\/secure.gravatar.com\/avatar\/26a8a81f09f0dd7624c9d5c36c9ba3a2?s=96&d=mm&r=g\",\"caption\":\"Ibrahima\"},\"sameAs\":[\"https:\/\/www.nettali.com\"]}]}<\/script>\n<!-- \/ Yoast SEO Premium plugin. -->","yoast_head_json":{"title":"NEYMAR - \"C'est un moment tr\u00e8s triste, le pire\" | Nettali.com","robots":{"index":"index","follow":"follow","max-snippet":"max-snippet:-1","max-image-preview":"max-image-preview:large","max-video-preview":"max-video-preview:-1"},"canonical":"https:\/\/www.nettali.com\/2023\/10\/19\/neymar-cest-un-moment-tres-triste-le-pire\/","og_locale":"fr_FR","og_type":"article","og_title":"NEYMAR - \"C'est un moment tr\u00e8s triste, le pire\"","og_description":"NETTALI.COM - Victime d'une rupture du ligament crois\u00e9 ant\u00e9rieur et du m\u00e9nisque du genou gauche, contre l'Uruguay, Neymar va devoir se faire op\u00e9rer. Le Br\u00e9silien de 31 ans a r\u00e9agi sur ses r\u00e9seaux sociaux en conc\u00e9dant qu'il allait avoir besoin de soutien. Ses larmes laissaient craindre une grave blessure, les premiers examens l\u2019ont confirm\u00e9. Sorti [&hellip;]","og_url":"https:\/\/www.nettali.com\/2023\/10\/19\/neymar-cest-un-moment-tres-triste-le-pire\/","og_site_name":"Nettali.com","article_publisher":"https:\/\/www.facebook.com\/nettalicom","article_published_time":"2023-10-19T15:59:57+00:00","og_image":[{"width":2466,"height":1740,"url":"https:\/\/www.nettali.com\/wp-content\/uploads\/2023\/10\/243d50301f2cd5c4305a4869d635b2026cae2e50ac7628d5d119ebbfd4beea2b.jpg","type":"image\/jpeg"}],"twitter_card":"summary_large_image","twitter_misc":{"\u00c9crit par":"Ibrahima","Dur\u00e9e de lecture estim\u00e9e":"2 minutes"},"schema":{"@context":"https:\/\/schema.org","@graph":[{"@type":"WebSite","@id":"https:\/\/www.nettali.com\/#website","url":"https:\/\/www.nettali.com\/","name":"Nettali.com","description":"Le rendez-vous critique du Net","potentialAction":[{"@type":"SearchAction","target":{"@type":"EntryPoint","urlTemplate":"https:\/\/www.nettali.com\/?s={search_term_string}"},"query-input":"required name=search_term_string"}],"inLanguage":"fr-FR"},{"@type":"ImageObject","@id":"https:\/\/www.nettali.com\/2023\/10\/19\/neymar-cest-un-moment-tres-triste-le-pire\/#primaryimage","inLanguage":"fr-FR","url":"https:\/\/www.nettali.com\/wp-content\/uploads\/2023\/10\/243d50301f2cd5c4305a4869d635b2026cae2e50ac7628d5d119ebbfd4beea2b.jpg","contentUrl":"https:\/\/www.nettali.com\/wp-content\/uploads\/2023\/10\/243d50301f2cd5c4305a4869d635b2026cae2e50ac7628d5d119ebbfd4beea2b.jpg","width":2466,"height":1740,"caption":"Soccer Football - FIFA World Cup Qatar 2022 - Group G - Brazil v Serbia - Lusail Stadium, Lusail, Qatar - November 24, 2022 Brazil's Neymar receives medical attention after sustaining an injury REUTERS\/Kai Pfaffenbach"},{"@type":"WebPage","@id":"https:\/\/www.nettali.com\/2023\/10\/19\/neymar-cest-un-moment-tres-triste-le-pire\/#webpage","url":"https:\/\/www.nettali.com\/2023\/10\/19\/neymar-cest-un-moment-tres-triste-le-pire\/","name":"NEYMAR - \"C'est un moment tr\u00e8s triste, le pire\" | Nettali.com","isPartOf":{"@id":"https:\/\/www.nettali.com\/#website"},"primaryImageOfPage":{"@id":"https:\/\/www.nettali.com\/2023\/10\/19\/neymar-cest-un-moment-tres-triste-le-pire\/#primaryimage"},"datePublished":"2023-10-19T15:59:57+00:00","dateModified":"2023-10-19T15:59:57+00:00","author":{"@id":"https:\/\/www.nettali.com\/#\/schema\/person\/bb147657c2986240405a608162b9bb23"},"breadcrumb":{"@id":"https:\/\/www.nettali.com\/2023\/10\/19\/neymar-cest-un-moment-tres-triste-le-pire\/#breadcrumb"},"inLanguage":"fr-FR","potentialAction":[{"@type":"ReadAction","target":["https:\/\/www.nettali.com\/2023\/10\/19\/neymar-cest-un-moment-tres-triste-le-pire\/"]}]},{"@type":"BreadcrumbList","@id":"https:\/\/www.nettali.com\/2023\/10\/19\/neymar-cest-un-moment-tres-triste-le-pire\/#breadcrumb","itemListElement":[{"@type":"ListItem","position":1,"name":"Accueil","item":"https:\/\/www.nettali.com\/"},{"@type":"ListItem","position":2,"name":"NEYMAR - \"C'est un moment tr\u00e8s triste, le pire\""}]},{"@type":"Person","@id":"https:\/\/www.nettali.com\/#\/schema\/person\/bb147657c2986240405a608162b9bb23","name":"Ibrahima","image":{"@type":"ImageObject","@id":"https:\/\/www.nettali.com\/#personlogo","inLanguage":"fr-FR","url":"https:\/\/secure.gravatar.com\/avatar\/26a8a81f09f0dd7624c9d5c36c9ba3a2?s=96&d=mm&r=g","contentUrl":"https:\/\/secure.gravatar.com\/avatar\/26a8a81f09f0dd7624c9d5c36c9ba3a2?s=96&d=mm&r=g","caption":"Ibrahima"},"sameAs":["https:\/\/www.nettali.com"]}]}},"_links":{"self":[{"href":"https:\/\/www.nettali.com\/rest\/wp\/v2\/posts\/120348"}],"collection":[{"href":"https:\/\/www.nettali.com\/rest\/wp\/v2\/posts"}],"about":[{"href":"https:\/\/www.nettali.com\/rest\/wp\/v2\/types\/post"}],"author":[{"embeddable":true,"href":"https:\/\/www.nettali.com\/rest\/wp\/v2\/users\/5"}],"replies":[{"embeddable":true,"href":"https:\/\/www.nettali.com\/rest\/wp\/v2\/comments?post=120348"}],"version-history":[{"count":1,"href":"https:\/\/www.nettali.com\/rest\/wp\/v2\/posts\/120348\/revisions"}],"predecessor-version":[{"id":120352,"href":"https:\/\/www.nettali.com\/rest\/wp\/v2\/posts\/120348\/revisions\/120352"}],"wp:featuredmedia":[{"embeddable":true,"href":"https:\/\/www.nettali.com\/rest\/wp\/v2\/media\/120350"}],"wp:attachment":[{"href":"https:\/\/www.nettali.com\/rest\/wp\/v2\/media?parent=120348"}],"wp:term":[{"taxonomy":"category","embeddable":true,"href":"https:\/\/www.nettali.com\/rest\/wp\/v2\/categories?post=120348"},{"taxonomy":"post_tag","embeddable":true,"href":"https:\/\/www.nettali.com\/rest\/wp\/v2\/tags?post=120348"}],"curies":[{"name":"wp","href":"https:\/\/api.w.org\/{rel}","templated":true}]}}