{"id":120347,"date":"2023-10-19T15:53:22","date_gmt":"2023-10-19T15:53:22","guid":{"rendered":"https:\/\/www.nettali.com\/?p=120347"},"modified":"2023-10-19T15:53:40","modified_gmt":"2023-10-19T15:53:40","slug":"akon-le-senegal-est-champion-dafrique-il-faut-quil-le-reste","status":"publish","type":"post","link":"https:\/\/www.nettali.com\/2023\/10\/19\/akon-le-senegal-est-champion-dafrique-il-faut-quil-le-reste\/","title":{"rendered":"AKON - \"Le S\u00e9n\u00e9gal est champion d'Afrique, il faut qu'il le reste !\""},"content":{"rendered":"<p class=\"summary_label\"><strong>NETTALI.COM - Connu \u00e0 l\u2019\u00e9tat civil sous le nom d\u2019 Alioune Damala Badara Thiam au S\u00e9n\u00e9gal, Akon a coanim\u00e9 le tirage au sort de la Coupe d'Afrique des Nations, C\u00f4te d'Ivoire 2023, qui s'est d\u00e9roul\u00e9 r\u00e9cemment \u00e0 Abidjan. En marge de cette c\u00e9r\u00e9monie, le S\u00e9n\u00e9galais a voulu transmettre un message \u00e0 la jeunesse africaine. Cafonline a publi\u00e9 l'entretien sur son site officiel.<\/strong><\/p>\n<div id=\"printable\" class=\"text_body\">\n<p><strong>Votre amour et votre passion pour la croissance et le d\u00e9veloppement du continent africain ne sont plus \u00e0 d\u00e9montrer. D'o\u00f9 vient cette passion ?<\/strong><\/p>\n<p>Tout a commenc\u00e9 avec mes parents. Ils sont tous deux n\u00e9s et ont grandi au S\u00e9n\u00e9gal et ils ont fait en sorte que nous naissions aux \u00c9tats-Unis, mais que nous soyons \u00e9lev\u00e9s \u00e0 la s\u00e9n\u00e9galaise.<\/p>\n<p>Peu apr\u00e8s notre naissance, nous avons \u00e9t\u00e9 renvoy\u00e9s au S\u00e9n\u00e9gal. J\u2019ai pu m\u2019impr\u00e9gner de cette culture, cet environnement et cette tradition familiale \u00a0quand je suis retourn\u00e9 aux \u00c9tats-Unis.<\/p>\n<p>Je ne suis jamais vraiment partie. J'ai toujours eu cette identit\u00e9 africaine, vous voyez ce que je veux dire ? \u00a0Ce n'est pas parce que vous \u00eates n\u00e9 quelque part que vous \u00eates de ce lieu. Votre sang est d\u00e9finitivement d'o\u00f9 vous venez et mon sang est d\u00e9finitivement 100% africain.<\/p>\n<p><strong>Quel regard portez-vous sur la Coupe d\u2019Afrique des Nations CAF TotalEnergies ?<\/strong><\/p>\n<p>C'est incroyable. Je pense que ce sont des \u00e9v\u00e9nements que nous devons promouvoir parce qu\u2019ils donnent \u00e0 l'Afrique une reconnaissance sur le plan du sport et du divertissement. Ce sont de v\u00e9ritables joyaux que nous avons, que nous devons plus commercialiser.<\/p>\n<p><strong>Pensez-vous que le S\u00e9n\u00e9gal, en tant que champion d\u2019Afrique en titre, \u00a0est le principal favori \u00e0 sa succession ?<\/strong><\/p>\n<p>Bien s\u00fbr, tout le monde esp\u00e8re gagner. Si l'on consid\u00e8re que nous sommes les champions d'Afrique en titre, je pense qu'il est grand temps de le refaire. Le S\u00e9n\u00e9gal a toujours \u00e9t\u00e9 une nation tr\u00e8s li\u00e9e au football et nous devons continuer \u00e0 cr\u00e9er plus d'opportunit\u00e9s pour nous-m\u00eames.<\/p>\n<p><strong>En tant qu'Africain vivant \u00e0 l'\u00e9tranger, comment se passe la vie pour quelqu'un qui a accompli tant de choses dans un pays \u00e9tranger ?<\/strong><\/p>\n<p>Pour moi, vivre en dehors de l'Afrique a \u00e9t\u00e9 douloureux. Je ne veux pas vous mentir, je pr\u00e9f\u00e9rerais vivre en Afrique si je le pouvais. Ceux qui veulent vivre et faire des choses en dehors de l'Afrique font en r\u00e9alit\u00e9 fausse route.<\/p>\n<p>L'avenir est ici, en Afrique. Tous nos talents, tous nos recours et toutes nos ambitions sont ici, sur le continent. Si vous sortez d'Afrique, apportez toutes les connaissances que vous avez acquises et investissez-les dans votre pays.<\/p>\n<\/div>\n<div class='share-to-whatsapp-wrapper'><div class='share-on-whsp'>PARTAGER SUR : <\/div><a data-text='AKON - \"Le S\u00e9n\u00e9gal est champion d'Afrique, il faut qu'il le reste !\"' data-link='https:\/\/www.nettali.com\/2023\/10\/19\/akon-le-senegal-est-champion-dafrique-il-faut-quil-le-reste\/' class='whatsapp-button whatsapp-share'>WhatsApp<\/a><div class='clear '><\/div><\/div>","protected":false},"excerpt":{"rendered":"<p>NETTALI.COM - Connu \u00e0 l\u2019\u00e9tat civil sous le nom d\u2019 Alioune Damala Badara Thiam au S\u00e9n\u00e9gal, Akon a coanim\u00e9 le tirage au sort de la Coupe d'Afrique des Nations, C\u00f4te d'Ivoire 2023, qui s'est d\u00e9roul\u00e9 r\u00e9cemment \u00e0 Abidjan. En marge de cette c\u00e9r\u00e9monie, le S\u00e9n\u00e9galais a voulu transmettre un message \u00e0 la jeunesse africaine. Cafonline [&hellip;]<\/p>\n","protected":false},"author":4,"featured_media":120349,"comment_status":"open","ping_status":"open","sticky":false,"template":"","format":"standard","meta":{"_et_pb_use_builder":"","_et_pb_old_content":""},"categories":[6],"tags":[],"yoast_head":"<!-- This site is optimized with the Yoast SEO Premium plugin v17.8 (Yoast SEO v17.8) - https:\/\/yoast.com\/wordpress\/plugins\/seo\/ -->\n<title>AKON - &quot;Le S\u00e9n\u00e9gal est champion d&#039;Afrique, il faut qu&#039;il le reste !&quot; | Nettali.com<\/title>\n<meta name=\"robots\" content=\"index, follow, max-snippet:-1, max-image-preview:large, max-video-preview:-1\" \/>\n<link rel=\"canonical\" href=\"https:\/\/www.nettali.com\/2023\/10\/19\/akon-le-senegal-est-champion-dafrique-il-faut-quil-le-reste\/\" \/>\n<meta property=\"og:locale\" content=\"fr_FR\" \/>\n<meta property=\"og:type\" content=\"article\" \/>\n<meta property=\"og:title\" content=\"AKON - &quot;Le S\u00e9n\u00e9gal est champion d&#039;Afrique, il faut qu&#039;il le reste !&quot;\" \/>\n<meta property=\"og:description\" content=\"NETTALI.COM - Connu \u00e0 l\u2019\u00e9tat civil sous le nom d\u2019 Alioune Damala Badara Thiam au S\u00e9n\u00e9gal, Akon a coanim\u00e9 le tirage au sort de la Coupe d&#039;Afrique des Nations, C\u00f4te d&#039;Ivoire 2023, qui s&#039;est d\u00e9roul\u00e9 r\u00e9cemment \u00e0 Abidjan. En marge de cette c\u00e9r\u00e9monie, le S\u00e9n\u00e9galais a voulu transmettre un message \u00e0 la jeunesse africaine. Cafonline [&hellip;]\" \/>\n<meta property=\"og:url\" content=\"https:\/\/www.nettali.com\/2023\/10\/19\/akon-le-senegal-est-champion-dafrique-il-faut-quil-le-reste\/\" \/>\n<meta property=\"og:site_name\" content=\"Nettali.com\" \/>\n<meta property=\"article:publisher\" content=\"https:\/\/www.facebook.com\/nettalicom\" \/>\n<meta property=\"article:published_time\" content=\"2023-10-19T15:53:22+00:00\" \/>\n<meta property=\"article:modified_time\" content=\"2023-10-19T15:53:40+00:00\" \/>\n<meta property=\"og:image\" content=\"https:\/\/www.nettali.com\/wp-content\/uploads\/2023\/10\/Capture-de\u0301cran-2023-10-19-a\u0300-15.52.12.png\" \/>\n\t<meta property=\"og:image:width\" content=\"591\" \/>\n\t<meta property=\"og:image:height\" content=\"314\" \/>\n<meta name=\"twitter:card\" content=\"summary_large_image\" \/>\n<meta name=\"twitter:label1\" content=\"\u00c9crit par\" \/>\n\t<meta name=\"twitter:data1\" content=\"Daouda\" \/>\n\t<meta name=\"twitter:label2\" content=\"Dur\u00e9e de lecture estim\u00e9e\" \/>\n\t<meta name=\"twitter:data2\" content=\"3 minutes\" \/>\n<script type=\"application\/ld+json\" class=\"yoast-schema-graph\">{\"@context\":\"https:\/\/schema.org\",\"@graph\":[{\"@type\":\"WebSite\",\"@id\":\"https:\/\/www.nettali.com\/#website\",\"url\":\"https:\/\/www.nettali.com\/\",\"name\":\"Nettali.com\",\"description\":\"Le rendez-vous critique du Net\",\"potentialAction\":[{\"@type\":\"SearchAction\",\"target\":{\"@type\":\"EntryPoint\",\"urlTemplate\":\"https:\/\/www.nettali.com\/?s={search_term_string}\"},\"query-input\":\"required name=search_term_string\"}],\"inLanguage\":\"fr-FR\"},{\"@type\":\"ImageObject\",\"@id\":\"https:\/\/www.nettali.com\/2023\/10\/19\/akon-le-senegal-est-champion-dafrique-il-faut-quil-le-reste\/#primaryimage\",\"inLanguage\":\"fr-FR\",\"url\":\"https:\/\/www.nettali.com\/wp-content\/uploads\/2023\/10\/Capture-de\\u0301cran-2023-10-19-a\\u0300-15.52.12.png\",\"contentUrl\":\"https:\/\/www.nettali.com\/wp-content\/uploads\/2023\/10\/Capture-de\\u0301cran-2023-10-19-a\\u0300-15.52.12.png\",\"width\":591,\"height\":314},{\"@type\":\"WebPage\",\"@id\":\"https:\/\/www.nettali.com\/2023\/10\/19\/akon-le-senegal-est-champion-dafrique-il-faut-quil-le-reste\/#webpage\",\"url\":\"https:\/\/www.nettali.com\/2023\/10\/19\/akon-le-senegal-est-champion-dafrique-il-faut-quil-le-reste\/\",\"name\":\"AKON - \\\"Le S\\u00e9n\\u00e9gal est champion d'Afrique, il faut qu'il le reste !\\\" | Nettali.com\",\"isPartOf\":{\"@id\":\"https:\/\/www.nettali.com\/#website\"},\"primaryImageOfPage\":{\"@id\":\"https:\/\/www.nettali.com\/2023\/10\/19\/akon-le-senegal-est-champion-dafrique-il-faut-quil-le-reste\/#primaryimage\"},\"datePublished\":\"2023-10-19T15:53:22+00:00\",\"dateModified\":\"2023-10-19T15:53:40+00:00\",\"author\":{\"@id\":\"https:\/\/www.nettali.com\/#\/schema\/person\/3317e0bb3aa1da309fbf7b2780901bf4\"},\"breadcrumb\":{\"@id\":\"https:\/\/www.nettali.com\/2023\/10\/19\/akon-le-senegal-est-champion-dafrique-il-faut-quil-le-reste\/#breadcrumb\"},\"inLanguage\":\"fr-FR\",\"potentialAction\":[{\"@type\":\"ReadAction\",\"target\":[\"https:\/\/www.nettali.com\/2023\/10\/19\/akon-le-senegal-est-champion-dafrique-il-faut-quil-le-reste\/\"]}]},{\"@type\":\"BreadcrumbList\",\"@id\":\"https:\/\/www.nettali.com\/2023\/10\/19\/akon-le-senegal-est-champion-dafrique-il-faut-quil-le-reste\/#breadcrumb\",\"itemListElement\":[{\"@type\":\"ListItem\",\"position\":1,\"name\":\"Accueil\",\"item\":\"https:\/\/www.nettali.com\/\"},{\"@type\":\"ListItem\",\"position\":2,\"name\":\"AKON - \\\"Le S\\u00e9n\\u00e9gal est champion d'Afrique, il faut qu'il le reste !\\\"\"}]},{\"@type\":\"Person\",\"@id\":\"https:\/\/www.nettali.com\/#\/schema\/person\/3317e0bb3aa1da309fbf7b2780901bf4\",\"name\":\"Daouda\",\"image\":{\"@type\":\"ImageObject\",\"@id\":\"https:\/\/www.nettali.com\/#personlogo\",\"inLanguage\":\"fr-FR\",\"url\":\"https:\/\/secure.gravatar.com\/avatar\/8d143b5a49345098ddcfee1c49c2f47c?s=96&d=mm&r=g\",\"contentUrl\":\"https:\/\/secure.gravatar.com\/avatar\/8d143b5a49345098ddcfee1c49c2f47c?s=96&d=mm&r=g\",\"caption\":\"Daouda\"},\"sameAs\":[\"https:\/\/www.nettali.com\"]}]}<\/script>\n<!-- \/ Yoast SEO Premium plugin. -->","yoast_head_json":{"title":"AKON - \"Le S\u00e9n\u00e9gal est champion d'Afrique, il faut qu'il le reste !\" | Nettali.com","robots":{"index":"index","follow":"follow","max-snippet":"max-snippet:-1","max-image-preview":"max-image-preview:large","max-video-preview":"max-video-preview:-1"},"canonical":"https:\/\/www.nettali.com\/2023\/10\/19\/akon-le-senegal-est-champion-dafrique-il-faut-quil-le-reste\/","og_locale":"fr_FR","og_type":"article","og_title":"AKON - \"Le S\u00e9n\u00e9gal est champion d'Afrique, il faut qu'il le reste !\"","og_description":"NETTALI.COM - Connu \u00e0 l\u2019\u00e9tat civil sous le nom d\u2019 Alioune Damala Badara Thiam au S\u00e9n\u00e9gal, Akon a coanim\u00e9 le tirage au sort de la Coupe d'Afrique des Nations, C\u00f4te d'Ivoire 2023, qui s'est d\u00e9roul\u00e9 r\u00e9cemment \u00e0 Abidjan. En marge de cette c\u00e9r\u00e9monie, le S\u00e9n\u00e9galais a voulu transmettre un message \u00e0 la jeunesse africaine. Cafonline [&hellip;]","og_url":"https:\/\/www.nettali.com\/2023\/10\/19\/akon-le-senegal-est-champion-dafrique-il-faut-quil-le-reste\/","og_site_name":"Nettali.com","article_publisher":"https:\/\/www.facebook.com\/nettalicom","article_published_time":"2023-10-19T15:53:22+00:00","article_modified_time":"2023-10-19T15:53:40+00:00","og_image":[{"width":591,"height":314,"url":"https:\/\/www.nettali.com\/wp-content\/uploads\/2023\/10\/Capture-de\u0301cran-2023-10-19-a\u0300-15.52.12.png","type":"image\/png"}],"twitter_card":"summary_large_image","twitter_misc":{"\u00c9crit par":"Daouda","Dur\u00e9e de lecture estim\u00e9e":"3 minutes"},"schema":{"@context":"https:\/\/schema.org","@graph":[{"@type":"WebSite","@id":"https:\/\/www.nettali.com\/#website","url":"https:\/\/www.nettali.com\/","name":"Nettali.com","description":"Le rendez-vous critique du Net","potentialAction":[{"@type":"SearchAction","target":{"@type":"EntryPoint","urlTemplate":"https:\/\/www.nettali.com\/?s={search_term_string}"},"query-input":"required name=search_term_string"}],"inLanguage":"fr-FR"},{"@type":"ImageObject","@id":"https:\/\/www.nettali.com\/2023\/10\/19\/akon-le-senegal-est-champion-dafrique-il-faut-quil-le-reste\/#primaryimage","inLanguage":"fr-FR","url":"https:\/\/www.nettali.com\/wp-content\/uploads\/2023\/10\/Capture-de\u0301cran-2023-10-19-a\u0300-15.52.12.png","contentUrl":"https:\/\/www.nettali.com\/wp-content\/uploads\/2023\/10\/Capture-de\u0301cran-2023-10-19-a\u0300-15.52.12.png","width":591,"height":314},{"@type":"WebPage","@id":"https:\/\/www.nettali.com\/2023\/10\/19\/akon-le-senegal-est-champion-dafrique-il-faut-quil-le-reste\/#webpage","url":"https:\/\/www.nettali.com\/2023\/10\/19\/akon-le-senegal-est-champion-dafrique-il-faut-quil-le-reste\/","name":"AKON - \"Le S\u00e9n\u00e9gal est champion d'Afrique, il faut qu'il le reste !\" | Nettali.com","isPartOf":{"@id":"https:\/\/www.nettali.com\/#website"},"primaryImageOfPage":{"@id":"https:\/\/www.nettali.com\/2023\/10\/19\/akon-le-senegal-est-champion-dafrique-il-faut-quil-le-reste\/#primaryimage"},"datePublished":"2023-10-19T15:53:22+00:00","dateModified":"2023-10-19T15:53:40+00:00","author":{"@id":"https:\/\/www.nettali.com\/#\/schema\/person\/3317e0bb3aa1da309fbf7b2780901bf4"},"breadcrumb":{"@id":"https:\/\/www.nettali.com\/2023\/10\/19\/akon-le-senegal-est-champion-dafrique-il-faut-quil-le-reste\/#breadcrumb"},"inLanguage":"fr-FR","potentialAction":[{"@type":"ReadAction","target":["https:\/\/www.nettali.com\/2023\/10\/19\/akon-le-senegal-est-champion-dafrique-il-faut-quil-le-reste\/"]}]},{"@type":"BreadcrumbList","@id":"https:\/\/www.nettali.com\/2023\/10\/19\/akon-le-senegal-est-champion-dafrique-il-faut-quil-le-reste\/#breadcrumb","itemListElement":[{"@type":"ListItem","position":1,"name":"Accueil","item":"https:\/\/www.nettali.com\/"},{"@type":"ListItem","position":2,"name":"AKON - \"Le S\u00e9n\u00e9gal est champion d'Afrique, il faut qu'il le reste !\""}]},{"@type":"Person","@id":"https:\/\/www.nettali.com\/#\/schema\/person\/3317e0bb3aa1da309fbf7b2780901bf4","name":"Daouda","image":{"@type":"ImageObject","@id":"https:\/\/www.nettali.com\/#personlogo","inLanguage":"fr-FR","url":"https:\/\/secure.gravatar.com\/avatar\/8d143b5a49345098ddcfee1c49c2f47c?s=96&d=mm&r=g","contentUrl":"https:\/\/secure.gravatar.com\/avatar\/8d143b5a49345098ddcfee1c49c2f47c?s=96&d=mm&r=g","caption":"Daouda"},"sameAs":["https:\/\/www.nettali.com"]}]}},"_links":{"self":[{"href":"https:\/\/www.nettali.com\/rest\/wp\/v2\/posts\/120347"}],"collection":[{"href":"https:\/\/www.nettali.com\/rest\/wp\/v2\/posts"}],"about":[{"href":"https:\/\/www.nettali.com\/rest\/wp\/v2\/types\/post"}],"author":[{"embeddable":true,"href":"https:\/\/www.nettali.com\/rest\/wp\/v2\/users\/4"}],"replies":[{"embeddable":true,"href":"https:\/\/www.nettali.com\/rest\/wp\/v2\/comments?post=120347"}],"version-history":[{"count":1,"href":"https:\/\/www.nettali.com\/rest\/wp\/v2\/posts\/120347\/revisions"}],"predecessor-version":[{"id":120351,"href":"https:\/\/www.nettali.com\/rest\/wp\/v2\/posts\/120347\/revisions\/120351"}],"wp:featuredmedia":[{"embeddable":true,"href":"https:\/\/www.nettali.com\/rest\/wp\/v2\/media\/120349"}],"wp:attachment":[{"href":"https:\/\/www.nettali.com\/rest\/wp\/v2\/media?parent=120347"}],"wp:term":[{"taxonomy":"category","embeddable":true,"href":"https:\/\/www.nettali.com\/rest\/wp\/v2\/categories?post=120347"},{"taxonomy":"post_tag","embeddable":true,"href":"https:\/\/www.nettali.com\/rest\/wp\/v2\/tags?post=120347"}],"curies":[{"name":"wp","href":"https:\/\/api.w.org\/{rel}","templated":true}]}}