{"id":120280,"date":"2023-10-18T17:58:00","date_gmt":"2023-10-18T17:58:00","guid":{"rendered":"https:\/\/www.nettali.com\/?p=120280"},"modified":"2023-10-18T17:58:00","modified_gmt":"2023-10-18T17:58:00","slug":"lecole-des-croyants","status":"publish","type":"post","link":"https:\/\/www.nettali.com\/2023\/10\/18\/lecole-des-croyants\/","title":{"rendered":"L\u2019\u00e9cole des croyants"},"content":{"rendered":"<p><strong>CONTRIBUTION -<\/strong> La transformation de notre syst\u00e8me \u00e9ducatif passera par la prise en compte de ce que nous sommes et des ambitions de marche acc\u00e9l\u00e9r\u00e9e vers le bien-\u00eatre de nos populations.<\/p>\n<p>Les langues maternelles, les religions, nos valeurs de culture et de civilisation, l\u2019acquisition d\u2019un m\u00e9tier, les math\u00e9matiques, le num\u00e9rique, les sciences et les technologies seront le socle de l\u2019\u00e9ducation et de la formation.<\/p>\n<p>Les religions structurent notre mani\u00e8re de vivre, rythment les actes de notre vie quotidienne, annuelle et m\u00eame de nos cycles de vie.<\/p>\n<p>Elles participent \u00e0 notre \u00e9ducation, produisent et encadrent beaucoup de valeurs qui nous sont communes.<\/p>\n<p>Elles participent \u00e0 forger notre vivre-ensemble s\u00e9n\u00e9galais.<\/p>\n<p>Les \u00e9coles coraniques, les universit\u00e9s arabo-islamiques font partie de notre univers \u00e9ducatif depuis l\u2019arriv\u00e9e de l\u2019Islam en terre s\u00e9n\u00e9galaise, il a plus de dix si\u00e8cles.<\/p>\n<p>Le christianisme a d\u00e9velopp\u00e9 le cat\u00e9chisme, les communions, les s\u00e9minaires et d\u2019autres formes de formations afin de former les chr\u00e9tiens, les la\u00efques, les pr\u00eatres et les pasteurs.<\/p>\n<p>Les religions traditionnelles ont leurs m\u00e9thodes de formation, leurs modalit\u00e9s de formation et leurs formateurs.<\/p>\n<p>Ces religions sont totalement imbriqu\u00e9es dans les religions r\u00e9v\u00e9l\u00e9es que sont l\u2019Islam et le Christianisme.<\/p>\n<p>Une \u00e9vidence s\u2019impose, le S\u00e9n\u00e9gal est un pays de croyants.<\/p>\n<p>La la\u00efcit\u00e9 h\u00e9rit\u00e9e de la France anticl\u00e9ricale sera d\u00e9finitivement supprim\u00e9e de notre Constitution.<\/p>\n<p>Le Pr\u00e9sident de la R\u00e9publique \u00e9lu pr\u00eatera serment sur le Coran ou la Bible selon son ob\u00e9dience religieuse.<\/p>\n<p>La religion sera une mati\u00e8re obligatoire au pr\u00e9scolaire, \u00e0 l\u2019\u00e9l\u00e9mentaire, au coll\u00e8ge d\u2019enseignement moyen g\u00e9n\u00e9ral (CEMG) et au coll\u00e8ge polyvalent de formation professionnelle et technologique (CPFPT).<\/p>\n<p>Le S\u00e9n\u00e9gal reconna\u00eetra officiellement les religions comme des acteurs majeurs de la vie \u00e9conomique, sociale et culturelle de notre pays \u00e0 travers la cr\u00e9ation du Conseil du Culte musulman et du Conseil du Culte Chr\u00e9tien.<\/p>\n<p>Ces conseils en rapport avec les directions comp\u00e9tentes des minist\u00e8res en charge de l\u2019\u00e9ducation nationale, de la formation professionnelle et technique d\u00e9finiront pour les diff\u00e9rentes religions et les diff\u00e9rents cycles de formation des \u00e9l\u00e8ves, les comp\u00e9tences religieuses et p\u00e9dagogiques des enseignants et les comp\u00e9tences que devront acqu\u00e9rir les \u00e9l\u00e8ves.<\/p>\n<p>Un syst\u00e8me de certification correspondant \u00e0 ses exigences de comp\u00e9tences et de savoir faire sera mis en place. L\u2019enseignant d\u2019une religion va acqu\u00e9rir le certificat de professeur en r\u00e9ussissant \u00e0 l\u2019examen \u00e0 la suite d\u2019une formation initiale ou d\u2019une proc\u00e9dure de validation des acquis de l\u2019exp\u00e9rience ou professionnels.<\/p>\n<p>Gr\u00e2ce \u00e0 cette officialisation de la formation religieuse les ma\u00eetres coraniques, les la\u00efques et pr\u00eatres charg\u00e9s de la formation des chr\u00e9tiens deviendront des fonctionnaires au m\u00eame titres que les enseignants de math\u00e9matiques, de fran\u00e7ais, d\u2019anglais, des instituteurs, etc.<\/p>\n<p>L\u2019\u00e9cole de la nouvelle R\u00e9publique s\u00e9n\u00e9galaise deviendra alors une \u00e9cole vraiment s\u00e9n\u00e9galaise qui respirera au rythme de notre soci\u00e9t\u00e9 croyante.<\/p>\n<p>Nous n\u2019avons aucun complexe \u00e0 affirmer haut et fort que notre \u00e9cole devra contribuer \u00e0 former des enfants S\u00e9n\u00e9galais croyants.<\/p>\n<p>Les Conseils des Cultes aideront graduellement \u00e0 int\u00e9grer dans un syst\u00e8me \u00e9ducatif public et priv\u00e9 harmonis\u00e9 les daara, les \u00e9coles franco-arabes, les institutions arabo-islamiques, les dispositifs de formation des chr\u00e9tiens.<\/p>\n<p>L\u2019objectif final est que notre pays ait un syst\u00e8me \u00e9ducatif et de formation transparent, lisible, performant et pertinent.<\/p>\n<p>Notre syst\u00e8me \u00e9ducatif et de formation devra permettre \u00e0 tous les enfants S\u00e9n\u00e9galais de s\u2019ancrer dans leurs religions et d\u2019acqu\u00e9rir les comp\u00e9tences indispensables \u00e0 la r\u00e9ussite de leur vie sociale et professionnelle.<\/p>\n<p>La nouvelle \u00e9cole S\u00e9n\u00e9galaise renforcera la tol\u00e9rance, la compr\u00e9hension mutuelle, le dialogue et la solidarit\u00e9 interreligieux.<\/p>\n<p>Enfin notre \u00e9cole ne sera plus incolore et inodore !<\/p>\n<p>Nous sommes des croyantes et des croyants.<\/p>\n<p>Notre \u00e9cole deviendra d\u00e9lib\u00e9r\u00e9ment, courageusement et ostensiblement une \u00e9cole des croyants.<\/p>\n<p><strong>Kolda, mercredi 18 septembre 2024<\/strong><br \/>\n<strong>Professeur Mary Teuw Niane<\/strong><\/p>\n<div class='share-to-whatsapp-wrapper'><div class='share-on-whsp'>PARTAGER SUR : <\/div><a data-text='L\u2019\u00e9cole des croyants' data-link='https:\/\/www.nettali.com\/2023\/10\/18\/lecole-des-croyants\/' class='whatsapp-button whatsapp-share'>WhatsApp<\/a><div class='clear '><\/div><\/div>","protected":false},"excerpt":{"rendered":"<p>CONTRIBUTION - La transformation de notre syst\u00e8me \u00e9ducatif passera par la prise en compte de ce que nous sommes et des ambitions de marche acc\u00e9l\u00e9r\u00e9e vers le bien-\u00eatre de nos populations. Les langues maternelles, les religions, nos valeurs de culture et de civilisation, l\u2019acquisition d\u2019un m\u00e9tier, les math\u00e9matiques, le num\u00e9rique, les sciences et les technologies [&hellip;]<\/p>\n","protected":false},"author":2,"featured_media":120281,"comment_status":"open","ping_status":"open","sticky":false,"template":"","format":"standard","meta":{"_et_pb_use_builder":"","_et_pb_old_content":""},"categories":[5],"tags":[],"yoast_head":"<!-- This site is optimized with the Yoast SEO Premium plugin v17.8 (Yoast SEO v17.8) - https:\/\/yoast.com\/wordpress\/plugins\/seo\/ -->\n<title>L\u2019\u00e9cole des croyants | Nettali.com<\/title>\n<meta name=\"robots\" content=\"index, follow, max-snippet:-1, max-image-preview:large, max-video-preview:-1\" \/>\n<link rel=\"canonical\" href=\"https:\/\/www.nettali.com\/2023\/10\/18\/lecole-des-croyants\/\" \/>\n<meta property=\"og:locale\" content=\"fr_FR\" \/>\n<meta property=\"og:type\" content=\"article\" \/>\n<meta property=\"og:title\" content=\"L\u2019\u00e9cole des croyants\" \/>\n<meta property=\"og:description\" content=\"CONTRIBUTION - La transformation de notre syst\u00e8me \u00e9ducatif passera par la prise en compte de ce que nous sommes et des ambitions de marche acc\u00e9l\u00e9r\u00e9e vers le bien-\u00eatre de nos populations. Les langues maternelles, les religions, nos valeurs de culture et de civilisation, l\u2019acquisition d\u2019un m\u00e9tier, les math\u00e9matiques, le num\u00e9rique, les sciences et les technologies [&hellip;]\" \/>\n<meta property=\"og:url\" content=\"https:\/\/www.nettali.com\/2023\/10\/18\/lecole-des-croyants\/\" \/>\n<meta property=\"og:site_name\" content=\"Nettali.com\" \/>\n<meta property=\"article:publisher\" content=\"https:\/\/www.facebook.com\/nettalicom\" \/>\n<meta property=\"article:published_time\" content=\"2023-10-18T17:58:00+00:00\" \/>\n<meta property=\"og:image\" content=\"https:\/\/www.nettali.com\/wp-content\/uploads\/2023\/10\/mary-teuw2.jpg\" \/>\n\t<meta property=\"og:image:width\" content=\"1920\" \/>\n\t<meta property=\"og:image:height\" content=\"1080\" \/>\n<meta name=\"twitter:card\" content=\"summary_large_image\" \/>\n<meta name=\"twitter:label1\" content=\"\u00c9crit par\" \/>\n\t<meta name=\"twitter:data1\" content=\"CK\" \/>\n\t<meta name=\"twitter:label2\" content=\"Dur\u00e9e de lecture estim\u00e9e\" \/>\n\t<meta name=\"twitter:data2\" content=\"4 minutes\" \/>\n<script type=\"application\/ld+json\" class=\"yoast-schema-graph\">{\"@context\":\"https:\/\/schema.org\",\"@graph\":[{\"@type\":\"WebSite\",\"@id\":\"https:\/\/www.nettali.com\/#website\",\"url\":\"https:\/\/www.nettali.com\/\",\"name\":\"Nettali.com\",\"description\":\"Le rendez-vous critique du Net\",\"potentialAction\":[{\"@type\":\"SearchAction\",\"target\":{\"@type\":\"EntryPoint\",\"urlTemplate\":\"https:\/\/www.nettali.com\/?s={search_term_string}\"},\"query-input\":\"required name=search_term_string\"}],\"inLanguage\":\"fr-FR\"},{\"@type\":\"ImageObject\",\"@id\":\"https:\/\/www.nettali.com\/2023\/10\/18\/lecole-des-croyants\/#primaryimage\",\"inLanguage\":\"fr-FR\",\"url\":\"https:\/\/www.nettali.com\/wp-content\/uploads\/2023\/10\/mary-teuw2.jpg\",\"contentUrl\":\"https:\/\/www.nettali.com\/wp-content\/uploads\/2023\/10\/mary-teuw2.jpg\",\"width\":1920,\"height\":1080},{\"@type\":\"WebPage\",\"@id\":\"https:\/\/www.nettali.com\/2023\/10\/18\/lecole-des-croyants\/#webpage\",\"url\":\"https:\/\/www.nettali.com\/2023\/10\/18\/lecole-des-croyants\/\",\"name\":\"L\\u2019\\u00e9cole des croyants | Nettali.com\",\"isPartOf\":{\"@id\":\"https:\/\/www.nettali.com\/#website\"},\"primaryImageOfPage\":{\"@id\":\"https:\/\/www.nettali.com\/2023\/10\/18\/lecole-des-croyants\/#primaryimage\"},\"datePublished\":\"2023-10-18T17:58:00+00:00\",\"dateModified\":\"2023-10-18T17:58:00+00:00\",\"author\":{\"@id\":\"https:\/\/www.nettali.com\/#\/schema\/person\/d8ac7b7e27ddad43f1c0d2ef090d7f71\"},\"breadcrumb\":{\"@id\":\"https:\/\/www.nettali.com\/2023\/10\/18\/lecole-des-croyants\/#breadcrumb\"},\"inLanguage\":\"fr-FR\",\"potentialAction\":[{\"@type\":\"ReadAction\",\"target\":[\"https:\/\/www.nettali.com\/2023\/10\/18\/lecole-des-croyants\/\"]}]},{\"@type\":\"BreadcrumbList\",\"@id\":\"https:\/\/www.nettali.com\/2023\/10\/18\/lecole-des-croyants\/#breadcrumb\",\"itemListElement\":[{\"@type\":\"ListItem\",\"position\":1,\"name\":\"Accueil\",\"item\":\"https:\/\/www.nettali.com\/\"},{\"@type\":\"ListItem\",\"position\":2,\"name\":\"L\\u2019\\u00e9cole des croyants\"}]},{\"@type\":\"Person\",\"@id\":\"https:\/\/www.nettali.com\/#\/schema\/person\/d8ac7b7e27ddad43f1c0d2ef090d7f71\",\"name\":\"CK\",\"image\":{\"@type\":\"ImageObject\",\"@id\":\"https:\/\/www.nettali.com\/#personlogo\",\"inLanguage\":\"fr-FR\",\"url\":\"https:\/\/secure.gravatar.com\/avatar\/1d8d5118b9327d94da7cd4ce7f17fec2?s=96&d=mm&r=g\",\"contentUrl\":\"https:\/\/secure.gravatar.com\/avatar\/1d8d5118b9327d94da7cd4ce7f17fec2?s=96&d=mm&r=g\",\"caption\":\"CK\"},\"sameAs\":[\"https:\/\/www.nettali.com\"]}]}<\/script>\n<!-- \/ Yoast SEO Premium plugin. -->","yoast_head_json":{"title":"L\u2019\u00e9cole des croyants | Nettali.com","robots":{"index":"index","follow":"follow","max-snippet":"max-snippet:-1","max-image-preview":"max-image-preview:large","max-video-preview":"max-video-preview:-1"},"canonical":"https:\/\/www.nettali.com\/2023\/10\/18\/lecole-des-croyants\/","og_locale":"fr_FR","og_type":"article","og_title":"L\u2019\u00e9cole des croyants","og_description":"CONTRIBUTION - La transformation de notre syst\u00e8me \u00e9ducatif passera par la prise en compte de ce que nous sommes et des ambitions de marche acc\u00e9l\u00e9r\u00e9e vers le bien-\u00eatre de nos populations. Les langues maternelles, les religions, nos valeurs de culture et de civilisation, l\u2019acquisition d\u2019un m\u00e9tier, les math\u00e9matiques, le num\u00e9rique, les sciences et les technologies [&hellip;]","og_url":"https:\/\/www.nettali.com\/2023\/10\/18\/lecole-des-croyants\/","og_site_name":"Nettali.com","article_publisher":"https:\/\/www.facebook.com\/nettalicom","article_published_time":"2023-10-18T17:58:00+00:00","og_image":[{"width":1920,"height":1080,"url":"https:\/\/www.nettali.com\/wp-content\/uploads\/2023\/10\/mary-teuw2.jpg","type":"image\/jpeg"}],"twitter_card":"summary_large_image","twitter_misc":{"\u00c9crit par":"CK","Dur\u00e9e de lecture estim\u00e9e":"4 minutes"},"schema":{"@context":"https:\/\/schema.org","@graph":[{"@type":"WebSite","@id":"https:\/\/www.nettali.com\/#website","url":"https:\/\/www.nettali.com\/","name":"Nettali.com","description":"Le rendez-vous critique du Net","potentialAction":[{"@type":"SearchAction","target":{"@type":"EntryPoint","urlTemplate":"https:\/\/www.nettali.com\/?s={search_term_string}"},"query-input":"required name=search_term_string"}],"inLanguage":"fr-FR"},{"@type":"ImageObject","@id":"https:\/\/www.nettali.com\/2023\/10\/18\/lecole-des-croyants\/#primaryimage","inLanguage":"fr-FR","url":"https:\/\/www.nettali.com\/wp-content\/uploads\/2023\/10\/mary-teuw2.jpg","contentUrl":"https:\/\/www.nettali.com\/wp-content\/uploads\/2023\/10\/mary-teuw2.jpg","width":1920,"height":1080},{"@type":"WebPage","@id":"https:\/\/www.nettali.com\/2023\/10\/18\/lecole-des-croyants\/#webpage","url":"https:\/\/www.nettali.com\/2023\/10\/18\/lecole-des-croyants\/","name":"L\u2019\u00e9cole des croyants | Nettali.com","isPartOf":{"@id":"https:\/\/www.nettali.com\/#website"},"primaryImageOfPage":{"@id":"https:\/\/www.nettali.com\/2023\/10\/18\/lecole-des-croyants\/#primaryimage"},"datePublished":"2023-10-18T17:58:00+00:00","dateModified":"2023-10-18T17:58:00+00:00","author":{"@id":"https:\/\/www.nettali.com\/#\/schema\/person\/d8ac7b7e27ddad43f1c0d2ef090d7f71"},"breadcrumb":{"@id":"https:\/\/www.nettali.com\/2023\/10\/18\/lecole-des-croyants\/#breadcrumb"},"inLanguage":"fr-FR","potentialAction":[{"@type":"ReadAction","target":["https:\/\/www.nettali.com\/2023\/10\/18\/lecole-des-croyants\/"]}]},{"@type":"BreadcrumbList","@id":"https:\/\/www.nettali.com\/2023\/10\/18\/lecole-des-croyants\/#breadcrumb","itemListElement":[{"@type":"ListItem","position":1,"name":"Accueil","item":"https:\/\/www.nettali.com\/"},{"@type":"ListItem","position":2,"name":"L\u2019\u00e9cole des croyants"}]},{"@type":"Person","@id":"https:\/\/www.nettali.com\/#\/schema\/person\/d8ac7b7e27ddad43f1c0d2ef090d7f71","name":"CK","image":{"@type":"ImageObject","@id":"https:\/\/www.nettali.com\/#personlogo","inLanguage":"fr-FR","url":"https:\/\/secure.gravatar.com\/avatar\/1d8d5118b9327d94da7cd4ce7f17fec2?s=96&d=mm&r=g","contentUrl":"https:\/\/secure.gravatar.com\/avatar\/1d8d5118b9327d94da7cd4ce7f17fec2?s=96&d=mm&r=g","caption":"CK"},"sameAs":["https:\/\/www.nettali.com"]}]}},"_links":{"self":[{"href":"https:\/\/www.nettali.com\/rest\/wp\/v2\/posts\/120280"}],"collection":[{"href":"https:\/\/www.nettali.com\/rest\/wp\/v2\/posts"}],"about":[{"href":"https:\/\/www.nettali.com\/rest\/wp\/v2\/types\/post"}],"author":[{"embeddable":true,"href":"https:\/\/www.nettali.com\/rest\/wp\/v2\/users\/2"}],"replies":[{"embeddable":true,"href":"https:\/\/www.nettali.com\/rest\/wp\/v2\/comments?post=120280"}],"version-history":[{"count":1,"href":"https:\/\/www.nettali.com\/rest\/wp\/v2\/posts\/120280\/revisions"}],"predecessor-version":[{"id":120282,"href":"https:\/\/www.nettali.com\/rest\/wp\/v2\/posts\/120280\/revisions\/120282"}],"wp:featuredmedia":[{"embeddable":true,"href":"https:\/\/www.nettali.com\/rest\/wp\/v2\/media\/120281"}],"wp:attachment":[{"href":"https:\/\/www.nettali.com\/rest\/wp\/v2\/media?parent=120280"}],"wp:term":[{"taxonomy":"category","embeddable":true,"href":"https:\/\/www.nettali.com\/rest\/wp\/v2\/categories?post=120280"},{"taxonomy":"post_tag","embeddable":true,"href":"https:\/\/www.nettali.com\/rest\/wp\/v2\/tags?post=120280"}],"curies":[{"name":"wp","href":"https:\/\/api.w.org\/{rel}","templated":true}]}}