{"id":120115,"date":"2023-10-16T07:16:23","date_gmt":"2023-10-16T07:16:23","guid":{"rendered":"https:\/\/www.nettali.com\/?p=120115"},"modified":"2023-10-16T07:16:23","modified_gmt":"2023-10-16T07:16:23","slug":"en-coulisses-la-justice-commence-a-comprendre-les-enjeux-que-vit-la-democratie","status":"publish","type":"post","link":"https:\/\/www.nettali.com\/2023\/10\/16\/en-coulisses-la-justice-commence-a-comprendre-les-enjeux-que-vit-la-democratie\/","title":{"rendered":"EN COULISSES - \"La justice commence \u00e0 comprendre les enjeux que vit la d\u00e9mocratie\""},"content":{"rendered":"<div class=\"page\" title=\"Page 4\">\n<div class=\"layoutArea\">\n<div class=\"column\">\n<p><strong>NETTALI.COM -\u00a0<\/strong> \"<em>On se re\u0301jouit de ce verdict, dans l'affaire d\u2019Ousmane Sonko, rendu par le tribunal de Ziguinchor. Le juge Faye a eu le courage de dire le droit, parce que nous sommes dans une Re\u0301publique et notre option de mode de gouvernance c'est la de\u0301mocratie. Nous ne pouvons pas faire l'impasse sur l\u2019E\u0301tat de droit. C'est cet E\u0301tat de droit qui nous permet de vivre en de\u0301mocratie, d\u2019e\u0301tablir les ro\u0302les. Nous ne sommes pas dans un royaume. Le juge Faye l'a de\u0301montre\u0301. Ce qui s'est passe\u0301 a\u0300 Ziguinchor avec Ousmane Sonko qui est re\u0301tabli dans ses droits, la sortie de l'UMS bien que mesure\u0301e, si on y ajoute la prestation de la procureure Marie\u0300me Diop Gue\u0300ye, cela veut dire que la justice commence a\u0300 prendre ses responsabilite\u0301s et a\u0300 comprendre les enjeux que vit la de\u0301mocratie<\/em>\", a soutenu la leader de l\u2019Alliance nationale pour la de\u0301mocratie\/And Saxal Liggeey qui a tenu une confe\u0301rence de presse, le dimanche 15 octobre pour de\u0301cliner son programme pour la prochaine Pre\u0301sidentielle.<\/p>\n<\/div>\n<div class=\"column\">\n<p>Aida Mbodj d\u2019ajouter : \"<em>Je pense que la justice doit encore pousser plus les jours a\u0300 venir. Cette justice n'a rien a\u0300 craindre. Les magistrats n'ont rien a\u0300 craindre. Le pre\u0301sident Macky Sall e\u0301tait la clef de vou\u0302te des institutions, mais ne sera plus la\u0300 dans peu de temps, mais le peuple sera toujours la\u0300. Nous, nous comptons sur cette justice pour avoir une e\u0301lection inclusive, mais surtout la libe\u0301ration des de\u0301tenus politiques qui sont au nombre de 1 500. C'est inacceptable dans une de\u0301mocratie. Nous souhaitons aussi la libe\u0301ration du premier opposant Sonko. Nous le demandons et le re\u0301clamons<\/em>.\"<\/p>\n<\/div>\n<\/div>\n<\/div>\n<div class='share-to-whatsapp-wrapper'><div class='share-on-whsp'>PARTAGER SUR : <\/div><a data-text='EN COULISSES - \"La justice commence \u00e0 comprendre les enjeux que vit la d\u00e9mocratie\"' data-link='https:\/\/www.nettali.com\/2023\/10\/16\/en-coulisses-la-justice-commence-a-comprendre-les-enjeux-que-vit-la-democratie\/' class='whatsapp-button whatsapp-share'>WhatsApp<\/a><div class='clear '><\/div><\/div>","protected":false},"excerpt":{"rendered":"<p>NETTALI.COM -\u00a0 \"On se re\u0301jouit de ce verdict, dans l'affaire d\u2019Ousmane Sonko, rendu par le tribunal de Ziguinchor. Le juge Faye a eu le courage de dire le droit, parce que nous sommes dans une Re\u0301publique et notre option de mode de gouvernance c'est la de\u0301mocratie. Nous ne pouvons pas faire l'impasse sur l\u2019E\u0301tat de [&hellip;]<\/p>\n","protected":false},"author":2,"featured_media":120122,"comment_status":"open","ping_status":"open","sticky":false,"template":"","format":"standard","meta":{"_et_pb_use_builder":"","_et_pb_old_content":""},"categories":[34945],"tags":[],"yoast_head":"<!-- This site is optimized with the Yoast SEO Premium plugin v17.8 (Yoast SEO v17.8) - https:\/\/yoast.com\/wordpress\/plugins\/seo\/ -->\n<title>EN COULISSES - &quot;La justice commence \u00e0 comprendre les enjeux que vit la d\u00e9mocratie&quot; | Nettali.com<\/title>\n<meta name=\"robots\" content=\"index, follow, max-snippet:-1, max-image-preview:large, max-video-preview:-1\" \/>\n<link rel=\"canonical\" href=\"https:\/\/www.nettali.com\/2023\/10\/16\/en-coulisses-la-justice-commence-a-comprendre-les-enjeux-que-vit-la-democratie\/\" \/>\n<meta property=\"og:locale\" content=\"fr_FR\" \/>\n<meta property=\"og:type\" content=\"article\" \/>\n<meta property=\"og:title\" content=\"EN COULISSES - &quot;La justice commence \u00e0 comprendre les enjeux que vit la d\u00e9mocratie&quot;\" \/>\n<meta property=\"og:description\" content=\"NETTALI.COM -\u00a0 &quot;On se re\u0301jouit de ce verdict, dans l&#039;affaire d\u2019Ousmane Sonko, rendu par le tribunal de Ziguinchor. Le juge Faye a eu le courage de dire le droit, parce que nous sommes dans une Re\u0301publique et notre option de mode de gouvernance c&#039;est la de\u0301mocratie. Nous ne pouvons pas faire l&#039;impasse sur l\u2019E\u0301tat de [&hellip;]\" \/>\n<meta property=\"og:url\" content=\"https:\/\/www.nettali.com\/2023\/10\/16\/en-coulisses-la-justice-commence-a-comprendre-les-enjeux-que-vit-la-democratie\/\" \/>\n<meta property=\"og:site_name\" content=\"Nettali.com\" \/>\n<meta property=\"article:publisher\" content=\"https:\/\/www.facebook.com\/nettalicom\" \/>\n<meta property=\"article:published_time\" content=\"2023-10-16T07:16:23+00:00\" \/>\n<meta property=\"og:image\" content=\"https:\/\/www.nettali.com\/wp-content\/uploads\/2023\/10\/72728259-50591382.jpg\" \/>\n\t<meta property=\"og:image:width\" content=\"800\" \/>\n\t<meta property=\"og:image:height\" content=\"606\" \/>\n<meta name=\"twitter:card\" content=\"summary_large_image\" \/>\n<meta name=\"twitter:label1\" content=\"\u00c9crit par\" \/>\n\t<meta name=\"twitter:data1\" content=\"CK\" \/>\n\t<meta name=\"twitter:label2\" content=\"Dur\u00e9e de lecture estim\u00e9e\" \/>\n\t<meta name=\"twitter:data2\" content=\"2 minutes\" \/>\n<script type=\"application\/ld+json\" class=\"yoast-schema-graph\">{\"@context\":\"https:\/\/schema.org\",\"@graph\":[{\"@type\":\"WebSite\",\"@id\":\"https:\/\/www.nettali.com\/#website\",\"url\":\"https:\/\/www.nettali.com\/\",\"name\":\"Nettali.com\",\"description\":\"Le rendez-vous critique du Net\",\"potentialAction\":[{\"@type\":\"SearchAction\",\"target\":{\"@type\":\"EntryPoint\",\"urlTemplate\":\"https:\/\/www.nettali.com\/?s={search_term_string}\"},\"query-input\":\"required name=search_term_string\"}],\"inLanguage\":\"fr-FR\"},{\"@type\":\"ImageObject\",\"@id\":\"https:\/\/www.nettali.com\/2023\/10\/16\/en-coulisses-la-justice-commence-a-comprendre-les-enjeux-que-vit-la-democratie\/#primaryimage\",\"inLanguage\":\"fr-FR\",\"url\":\"https:\/\/www.nettali.com\/wp-content\/uploads\/2023\/10\/72728259-50591382.jpg\",\"contentUrl\":\"https:\/\/www.nettali.com\/wp-content\/uploads\/2023\/10\/72728259-50591382.jpg\",\"width\":800,\"height\":606},{\"@type\":\"WebPage\",\"@id\":\"https:\/\/www.nettali.com\/2023\/10\/16\/en-coulisses-la-justice-commence-a-comprendre-les-enjeux-que-vit-la-democratie\/#webpage\",\"url\":\"https:\/\/www.nettali.com\/2023\/10\/16\/en-coulisses-la-justice-commence-a-comprendre-les-enjeux-que-vit-la-democratie\/\",\"name\":\"EN COULISSES - \\\"La justice commence \\u00e0 comprendre les enjeux que vit la d\\u00e9mocratie\\\" | Nettali.com\",\"isPartOf\":{\"@id\":\"https:\/\/www.nettali.com\/#website\"},\"primaryImageOfPage\":{\"@id\":\"https:\/\/www.nettali.com\/2023\/10\/16\/en-coulisses-la-justice-commence-a-comprendre-les-enjeux-que-vit-la-democratie\/#primaryimage\"},\"datePublished\":\"2023-10-16T07:16:23+00:00\",\"dateModified\":\"2023-10-16T07:16:23+00:00\",\"author\":{\"@id\":\"https:\/\/www.nettali.com\/#\/schema\/person\/d8ac7b7e27ddad43f1c0d2ef090d7f71\"},\"breadcrumb\":{\"@id\":\"https:\/\/www.nettali.com\/2023\/10\/16\/en-coulisses-la-justice-commence-a-comprendre-les-enjeux-que-vit-la-democratie\/#breadcrumb\"},\"inLanguage\":\"fr-FR\",\"potentialAction\":[{\"@type\":\"ReadAction\",\"target\":[\"https:\/\/www.nettali.com\/2023\/10\/16\/en-coulisses-la-justice-commence-a-comprendre-les-enjeux-que-vit-la-democratie\/\"]}]},{\"@type\":\"BreadcrumbList\",\"@id\":\"https:\/\/www.nettali.com\/2023\/10\/16\/en-coulisses-la-justice-commence-a-comprendre-les-enjeux-que-vit-la-democratie\/#breadcrumb\",\"itemListElement\":[{\"@type\":\"ListItem\",\"position\":1,\"name\":\"Accueil\",\"item\":\"https:\/\/www.nettali.com\/\"},{\"@type\":\"ListItem\",\"position\":2,\"name\":\"EN COULISSES - \\\"La justice commence \\u00e0 comprendre les enjeux que vit la d\\u00e9mocratie\\\"\"}]},{\"@type\":\"Person\",\"@id\":\"https:\/\/www.nettali.com\/#\/schema\/person\/d8ac7b7e27ddad43f1c0d2ef090d7f71\",\"name\":\"CK\",\"image\":{\"@type\":\"ImageObject\",\"@id\":\"https:\/\/www.nettali.com\/#personlogo\",\"inLanguage\":\"fr-FR\",\"url\":\"https:\/\/secure.gravatar.com\/avatar\/1d8d5118b9327d94da7cd4ce7f17fec2?s=96&d=mm&r=g\",\"contentUrl\":\"https:\/\/secure.gravatar.com\/avatar\/1d8d5118b9327d94da7cd4ce7f17fec2?s=96&d=mm&r=g\",\"caption\":\"CK\"},\"sameAs\":[\"https:\/\/www.nettali.com\"]}]}<\/script>\n<!-- \/ Yoast SEO Premium plugin. -->","yoast_head_json":{"title":"EN COULISSES - \"La justice commence \u00e0 comprendre les enjeux que vit la d\u00e9mocratie\" | Nettali.com","robots":{"index":"index","follow":"follow","max-snippet":"max-snippet:-1","max-image-preview":"max-image-preview:large","max-video-preview":"max-video-preview:-1"},"canonical":"https:\/\/www.nettali.com\/2023\/10\/16\/en-coulisses-la-justice-commence-a-comprendre-les-enjeux-que-vit-la-democratie\/","og_locale":"fr_FR","og_type":"article","og_title":"EN COULISSES - \"La justice commence \u00e0 comprendre les enjeux que vit la d\u00e9mocratie\"","og_description":"NETTALI.COM -\u00a0 \"On se re\u0301jouit de ce verdict, dans l'affaire d\u2019Ousmane Sonko, rendu par le tribunal de Ziguinchor. Le juge Faye a eu le courage de dire le droit, parce que nous sommes dans une Re\u0301publique et notre option de mode de gouvernance c'est la de\u0301mocratie. Nous ne pouvons pas faire l'impasse sur l\u2019E\u0301tat de [&hellip;]","og_url":"https:\/\/www.nettali.com\/2023\/10\/16\/en-coulisses-la-justice-commence-a-comprendre-les-enjeux-que-vit-la-democratie\/","og_site_name":"Nettali.com","article_publisher":"https:\/\/www.facebook.com\/nettalicom","article_published_time":"2023-10-16T07:16:23+00:00","og_image":[{"width":800,"height":606,"url":"https:\/\/www.nettali.com\/wp-content\/uploads\/2023\/10\/72728259-50591382.jpg","type":"image\/jpeg"}],"twitter_card":"summary_large_image","twitter_misc":{"\u00c9crit par":"CK","Dur\u00e9e de lecture estim\u00e9e":"2 minutes"},"schema":{"@context":"https:\/\/schema.org","@graph":[{"@type":"WebSite","@id":"https:\/\/www.nettali.com\/#website","url":"https:\/\/www.nettali.com\/","name":"Nettali.com","description":"Le rendez-vous critique du Net","potentialAction":[{"@type":"SearchAction","target":{"@type":"EntryPoint","urlTemplate":"https:\/\/www.nettali.com\/?s={search_term_string}"},"query-input":"required name=search_term_string"}],"inLanguage":"fr-FR"},{"@type":"ImageObject","@id":"https:\/\/www.nettali.com\/2023\/10\/16\/en-coulisses-la-justice-commence-a-comprendre-les-enjeux-que-vit-la-democratie\/#primaryimage","inLanguage":"fr-FR","url":"https:\/\/www.nettali.com\/wp-content\/uploads\/2023\/10\/72728259-50591382.jpg","contentUrl":"https:\/\/www.nettali.com\/wp-content\/uploads\/2023\/10\/72728259-50591382.jpg","width":800,"height":606},{"@type":"WebPage","@id":"https:\/\/www.nettali.com\/2023\/10\/16\/en-coulisses-la-justice-commence-a-comprendre-les-enjeux-que-vit-la-democratie\/#webpage","url":"https:\/\/www.nettali.com\/2023\/10\/16\/en-coulisses-la-justice-commence-a-comprendre-les-enjeux-que-vit-la-democratie\/","name":"EN COULISSES - \"La justice commence \u00e0 comprendre les enjeux que vit la d\u00e9mocratie\" | Nettali.com","isPartOf":{"@id":"https:\/\/www.nettali.com\/#website"},"primaryImageOfPage":{"@id":"https:\/\/www.nettali.com\/2023\/10\/16\/en-coulisses-la-justice-commence-a-comprendre-les-enjeux-que-vit-la-democratie\/#primaryimage"},"datePublished":"2023-10-16T07:16:23+00:00","dateModified":"2023-10-16T07:16:23+00:00","author":{"@id":"https:\/\/www.nettali.com\/#\/schema\/person\/d8ac7b7e27ddad43f1c0d2ef090d7f71"},"breadcrumb":{"@id":"https:\/\/www.nettali.com\/2023\/10\/16\/en-coulisses-la-justice-commence-a-comprendre-les-enjeux-que-vit-la-democratie\/#breadcrumb"},"inLanguage":"fr-FR","potentialAction":[{"@type":"ReadAction","target":["https:\/\/www.nettali.com\/2023\/10\/16\/en-coulisses-la-justice-commence-a-comprendre-les-enjeux-que-vit-la-democratie\/"]}]},{"@type":"BreadcrumbList","@id":"https:\/\/www.nettali.com\/2023\/10\/16\/en-coulisses-la-justice-commence-a-comprendre-les-enjeux-que-vit-la-democratie\/#breadcrumb","itemListElement":[{"@type":"ListItem","position":1,"name":"Accueil","item":"https:\/\/www.nettali.com\/"},{"@type":"ListItem","position":2,"name":"EN COULISSES - \"La justice commence \u00e0 comprendre les enjeux que vit la d\u00e9mocratie\""}]},{"@type":"Person","@id":"https:\/\/www.nettali.com\/#\/schema\/person\/d8ac7b7e27ddad43f1c0d2ef090d7f71","name":"CK","image":{"@type":"ImageObject","@id":"https:\/\/www.nettali.com\/#personlogo","inLanguage":"fr-FR","url":"https:\/\/secure.gravatar.com\/avatar\/1d8d5118b9327d94da7cd4ce7f17fec2?s=96&d=mm&r=g","contentUrl":"https:\/\/secure.gravatar.com\/avatar\/1d8d5118b9327d94da7cd4ce7f17fec2?s=96&d=mm&r=g","caption":"CK"},"sameAs":["https:\/\/www.nettali.com"]}]}},"_links":{"self":[{"href":"https:\/\/www.nettali.com\/rest\/wp\/v2\/posts\/120115"}],"collection":[{"href":"https:\/\/www.nettali.com\/rest\/wp\/v2\/posts"}],"about":[{"href":"https:\/\/www.nettali.com\/rest\/wp\/v2\/types\/post"}],"author":[{"embeddable":true,"href":"https:\/\/www.nettali.com\/rest\/wp\/v2\/users\/2"}],"replies":[{"embeddable":true,"href":"https:\/\/www.nettali.com\/rest\/wp\/v2\/comments?post=120115"}],"version-history":[{"count":2,"href":"https:\/\/www.nettali.com\/rest\/wp\/v2\/posts\/120115\/revisions"}],"predecessor-version":[{"id":120120,"href":"https:\/\/www.nettali.com\/rest\/wp\/v2\/posts\/120115\/revisions\/120120"}],"wp:featuredmedia":[{"embeddable":true,"href":"https:\/\/www.nettali.com\/rest\/wp\/v2\/media\/120122"}],"wp:attachment":[{"href":"https:\/\/www.nettali.com\/rest\/wp\/v2\/media?parent=120115"}],"wp:term":[{"taxonomy":"category","embeddable":true,"href":"https:\/\/www.nettali.com\/rest\/wp\/v2\/categories?post=120115"},{"taxonomy":"post_tag","embeddable":true,"href":"https:\/\/www.nettali.com\/rest\/wp\/v2\/tags?post=120115"}],"curies":[{"name":"wp","href":"https:\/\/api.w.org\/{rel}","templated":true}]}}