{"id":120111,"date":"2023-10-16T06:58:46","date_gmt":"2023-10-16T06:58:46","guid":{"rendered":"https:\/\/www.nettali.com\/?p=120111"},"modified":"2023-10-17T12:04:34","modified_gmt":"2023-10-17T12:04:34","slug":"khalifa-sall-ousmane-sonko-lhistoire-dune-rupture-actee-a-lhemicycle","status":"publish","type":"post","link":"https:\/\/www.nettali.com\/2023\/10\/16\/khalifa-sall-ousmane-sonko-lhistoire-dune-rupture-actee-a-lhemicycle\/","title":{"rendered":"KHALIFA SALL-OUSMANE SONKO - L'histoire d'une rupture act\u00e9e \u00e0 l'h\u00e9micycle"},"content":{"rendered":"<div class=\"page\" title=\"Page 3\">\n<div class=\"layoutArea\">\n<div class=\"column\">\n<p><strong>NETTALI.COM - <\/strong>On la voyait venir cette rupture depuis un certain temps, lorsque Barth\u00e9l\u00e9my Dias et Ousmane Sonko s'\u00e9taient livr\u00e9s par presse et r\u00e9seaux sociaux interpos\u00e9s sur cette fameuse rencontre avec Macky Sall ( dans une logique de m\u00e9diation), \u00e0 des accusations et contre-accusations de trahison et d'accord sur cette m\u00e9diation. Et ce qui s'est pass\u00e9 le samedi 14 octobre \u00e0 l'Assembl\u00e9e, lors du renouvellement du bureau de l'Assemble\u0301e nationale, en marge de l'ouverture de la session ordinaire unique 2023-2024, a d\u00e9finitivement act\u00e9 la rupture entre Taxawu et Yewwi Askan Wi.<\/p>\n<div class=\"page\" title=\"Page 3\">\n<div class=\"layoutArea\">\n<div class=\"column\">\n<p>La cons\u00e9quence est la perte de quatre postes cle\u0301s qui re\u0301duit l'influence de YAW au sein de l'Assemble\u0301e nationale. En effet si Benno Bokk Yaakaar (BBY) s'est retrouv\u00e9 avec cinq vice-pre\u0301sidents, quatre secre\u0301taires e\u0301lus et deux questeurs, la coalition Yewwi Askan Wi (YAW), elle, compte d\u00e9sormais un vice-pre\u0301sident, un secre\u0301taire ge\u0301ne\u0301ral et aucun questeur. Ce qui veut dire que ce groupe parlementaire perd quatre postes (un vice-pre\u0301sident, un secre\u0301taire e\u0301lu, le deuxie\u0300me questeur et une commission) au profit de BBY.<\/p>\n<\/div>\n<\/div>\n<\/div>\n<div class=\"page\" title=\"Page 3\">\n<div class=\"layoutArea\">\n<div class=\"column\">\n<p>De son co\u0302te\u0301, Wallu obtient un vice- pre\u0301sident sur huit et un secre\u0301taire e\u0301lu, tandis que le Pur ne dispose que d'un poste, celui de la vice-pre\u0301sidence.<\/p>\n<p>Une nouvelle composition qui s'est faite dans des circonstances difficiles et sans la participation de Taxawu qui a de\u0301missionne\u0301 de la coalition (ou qui a e\u0301te\u0301 pousse\u0301 vers la sortie).<\/p>\n<p><strong>Le coup de gueule de Birame Soule\u0300ye Diop<\/strong><\/p>\n<p>Mais du co\u0302te\u0301 de Yewwi Askan Wi, un autre son de cloche a e\u0301te\u0301 e\u0301mis. Notamment par son pre\u0301sident de groupe Birame Soule\u0300ye Diop : \"n<em>ous sommes venus sur une me\u0302me liste. On n\u2019a pas investi un de\u0301pute\u0301, parce qu'il e\u0301tait bleu, noir ou marron. On a investi des de\u0301pute\u0301s parce qu'ils sont de Yewwi Askan Wi. On ne connai\u0302t pas de re\u0301ce\u0301pisse\u0301 d'organisation particulie\u0300re, de syste\u0300me ou je ne sais quoi.<\/em>\"<\/p>\n<\/div>\n<div class=\"column\">\n<p>Ce faisant, le de\u0301pute\u0301 de Pastef a de\u0301nonce\u0301 une violation du secret de de\u0301po\u0302t, puisque la composition de leur liste a e\u0301te\u0301 re\u0301ve\u0301le\u0301e. \"<em>Nous avons de\u0301pose\u0301 notre liste et nous avons e\u0301te\u0301 interpelle\u0301s sur des ne\u0301gociations qui concernent l'acceptation ou non de de\u0301pute\u0301s dans un groupe ou dans un autre, alors qu'au niveau de la ple\u0301nie\u0300re, nous n'en avons pas encore discute\u0301. Donc, qu'est-ce qui se passe ? Nos informations sensibles sont de\u0301ja\u0300 devenues publiques\"<\/em>, a-t-il fulmine\u0301.<\/p>\n<p>A\u0300 la question de savoir si les de\u0301pute\u0301s de Yewwi ont fait blocage au niveau de l'Assemble\u0301e et s'ils sont a\u0300 l'origine du retard dans le de\u0301marrage des activite\u0301s, il a re\u0301pondu qu\u2019ils ont de\u0301pose\u0301 leur de\u0301claration de groupe a\u0300 9 h et leur projet de bureau (les membres propose\u0301s au niveau l'Assemble\u0301e nationale) entre 13 h et 14 h. \"<em>La cloche a sonne\u0301 a\u0300 quatre reprises. Nous sommes alle\u0301s dans les salles, mais il n'y avait personne. J'ai appele\u0301 le pre\u0301si- dent de l'Assemble\u0301e pour lui demander ce qu'on attend pour de\u0301marrer. Il a pre\u0301- texte\u0301 qu'il y a des re\u0301glages a\u0300 faire. Des re\u0301glages sur quoi ?<\/em>\", s\u2019est-il agace\u0301, bien avant la reprise de la se\u0301ance.<\/p>\n<p>Et le pre\u0301sident du groupe parlementaire d\u2019ajouter : \"<em>nous n'engageons aucun blocage et nous n'avons plus rien a\u0300 de\u0301poser au secre\u0301tariat ge\u0301ne\u0301ral. Ainsi, la responsabilite\u0301 repose main- tenant sur l'administration et le pre\u0301sident de l'Assemble\u0301e nationale. S'il y a des ne\u0301gociations a\u0300 mener, qu'ils poursuivent ces ne\u0301gociations. Ce n'est pas la premie\u0300re fois que cela se produit. Nous insistons sur le respect strict de la loi. Nous avons de\u0301ja\u0300 de\u0301pose\u0301 une liste de 53 membres. Les colle\u0300gues de\u0301pute\u0301s sont libres de rester dans le groupe ou de partir, conforme\u0301ment a\u0300 la loi. Cependant, puisque les calculs et les de\u0301po\u0302ts ont de\u0301ja\u0300 e\u0301te\u0301 effectue\u0301s, il n'est pas possible de faire marche arrie\u0300re. S'ils choisissent de revenir en arrie\u0300re, ils doivent nous indiquer sur quelle base le\u0301gale ils le feront<\/em>\u201d.<\/p>\n<\/div>\n<div class=\"column\">\n<p>Ne\u0301anmoins, Birame Soule\u0300ye Diop a pris le soin, anticipant sur ce qui allait se passer (de\u0301mission des de\u0301pu- te\u0301s de Taxawu), d\u2019indiquer que si des de\u0301pute\u0301s de\u0301missionnaient du groupe et qu'il n'en reste plus que 17 membres, ils travailleraient avec ces 17 parlementaires et s\u2019en contente- raient.<\/p>\n<p>En effet, selon le re\u0300glement inte\u0301rieur de l'Assemble\u0301e nationale, les postes de vice-pre\u0301sident, secre\u0301taire e\u0301lu, commission et questeur sont attribue\u0301s proportionnellement a\u0300 chaque groupe parlementaire. Apre\u0300s le re\u0301fe\u0301rendum du 20 mars 2016, ce re\u0300glement inte\u0301rieur est devenu une loi organique, selon notre source.<\/p>\n<p>Ainsi, samedi, au sein de la coalition Yewwi Askan Wi, les de\u0301pute\u0301s du Pastef et leurs allie\u0301s ont de\u0301pose\u0301 les noms de leurs vice-pre\u0301sidents, pre\u0301sidents de commission, secre\u0301taires e\u0301lus, questeurs et pre\u0301sidents de commission sur la table du bureau du pre\u0301sident de l'Assemble\u0301e nationale, sans tenir compte du groupe des 14 de\u0301pute\u0301s de Taxawu Se\u0301ne\u0301gal. Aucun de\u0301pute\u0301 du pre\u0301sident Khalifa Ababacar Sall issu de Taxawu Se\u0301ne\u0301gal n'a e\u0301te\u0301 retenu pour les postes de vice-pre\u0301sident, secre\u0301taire e\u0301lu, pre\u0301sident de commission et questeur, contrairement au bureau sortant 2022-2023.<\/p>\n<p><strong>Pourquoi Taxawu Se\u0301ne\u0301gal a de\u0301missionne\u0301 de Yewwi<\/strong><\/p>\n<p>Babacar Mbaye, maintenant de\u0301pute\u0301 non-inscrit, est revenu, avec plus de de\u0301tails, sur les raisons qui ont pousse\u0301 les de\u0301pute\u0301s de la coalition Taxawu Se\u0301ne\u0301gal a\u0300 quitter le groupe parlementaire Yewwi Askan Wi. D'apre\u0300s lui, depuis quelques semaines, YAW ne convie plus les membres du parti de Khalifa Sall aux rencon- tres et qu'aucune information n'est porte\u0301e a\u0300 leur connaissance. Ce, \u201c<em>malgre\u0301 la ge\u0301ne\u0301rosite\u0301 de Khalifa Sall<\/em>\u201d.<\/p>\n<\/div>\n<\/div>\n<\/div>\n<\/div>\n<div class=\"column\">\n<p>Il a ainsi rappel\u00e9 que quand Barthe\u0301lemy Dias e\u0301tait candidat a\u0300 la pre\u0301sidence de l'Assemble\u0301e nationale, la pre\u0301sidence du groupe parlementaire a e\u0301te\u0301 ce\u0301de\u0301e a\u0300 Pastef. Mieux, Ousmane Sonko avait demande\u0301 a\u0300 donner un poste a\u0300 quelqu'un qui n'a pas fait l'e\u0301cole franc\u0327aise. De plus, le de\u0301pute\u0301 confie que Taxawu avait ce\u0301de\u0301 le poste de vice-pre\u0301sident qui lui revenait de droit a\u0300 Cheikh Thioro Mbacke\u0301 de Wallu.<\/p>\n<p>\u201c<em>Lorsque certains partis ont voulu faire preuve de boulimie, le pre\u0301sident Khalifa Sall avait demande\u0301 a\u0300 ce qu'on soit ge\u0301ne\u0301reux a\u0300 l'e\u0301gard des autres partis. Depuis le mois de septembre, j'ai saisi le pre\u0301sident Birame Soule\u0300ye Diop pour une re\u0301union. Car, apre\u0300s tout ce qu'on a fait et ve\u0301cu ensemble et les combats qu'on a por- te\u0301s pour le Se\u0301ne\u0301gal dans ce groupe parlementaire, parfois me\u0302me des combats a\u0300 l'encontre de nos propres valeurs, nous avons fait preuve de solidarite\u0301, parce que nous avions le sentiment d'appartenance a\u0300 cette grande et belle coalition\u201d<\/em>, a dit celui-ci.<\/p>\n<p>Le de\u0301pute\u0301 de Taxawu d\u2019ajouter : \u201c<em>Depuis le mois de septembre, Birame Soule\u0300ye fait dans le dilettantisme, refusant de parler avec nous. Au de\u0301but du mois d'octobre, je l'ai relance\u0301 pour lui dire : \u2018Je ne parle pas a\u0300 vous en tant respon- sable politique, mais pre\u0301sident du groupe parlementaire Yewwi compose\u0301 d'hommes et femmes d'e\u0301gale dignite\u0301 dont certains sont mieux forme\u0301s que vous, plus a\u0302ge\u0301s et plus expe\u0301rimente\u0301s que vous.' Je pense que le respect recom- mande de re\u0301pondre et de discuter avec les gens. Il n'a pas re\u0301pondu jusqu'a\u0300 hier (vendredi 13) soir ou\u0300, par l'interme\u0301diaire d'un de\u0301pute\u0301, il a mis une note dans le groupe WhatsApp demandant a\u0300 tous les de\u0301pute\u0301s qui souhaiteraient reste\u0301s dans le groupe parlementaire Yewwi, d'aller s'inscrire. C'est une de\u0301marche ine\u0301le\u0301gante et discourtoise. Mais nous avons fait fi de tout cela pour nous inscrire, parce que, pour nous, dans Yewwi, il n'y a pas de diffe\u0301rence, mais seulement des de\u0301pute\u0301s de Yewwi. En nous inscrivant, nous avons re\u0301affirme\u0301 notre alle\u0301geance a\u0300 cette coalition et au groupe parlementaire Yewwi<\/em>\u201d, a indiqu\u00e9 M. Mbaye.<\/p>\n<p>Ainsi, ce samedi matin, jour de l'ouverture de la session, il a e\u0301te\u0301 demande\u0301 au doyen Dr Oumar Cisse\u0301 et au maire de Hann-Bel Air, Babacar Mbengue, d'aller restaurer le fil du dialogue. A\u0300 en croire Babacar Mbaye, Taxawu ne voulait pas couper les liens du dialogue. \u201c<em>Les doyens ont salue\u0301 la de\u0301marche et ouvert les ne\u0301go- ciations sur la composition et choix des membres du bureau. Ils nous ont finalement dit que ce sont les leaders de Yewwi qui sont en train de discu- ter. C'est qui les leaders de Yewwi ? C'est Ousmane Sonko dans les liens de la de\u0301tention, Mamadou Lamine Diante\u0301, Mai\u0308mouna Bousso, Khalifa Sall qui ne participe plus aux re\u0301u- nions de Yewwi ? Mais nous avons pre\u0301fe\u0301re\u0301 patienter jusqu'a\u0300 ce qu'on informe que les noms des membres du bureau issus de Yewwi ont e\u0301te\u0301 de\u0301pose\u0301s, mais sans les de\u0301pute\u0301s de Taxawu<\/em>\u201d, explique le de\u0301pute\u0301. Il estime que Pastef aurait du\u0302 repren- dre les postes qui lui ont e\u0301te\u0301 attribue\u0301s dans le bureau sortant et laisser le me\u0302me soin aux partis, notamment Taxawu de la coalition Yewwi de faire pareil.<\/p>\n<\/div>\n<div class=\"column\">\n<p>\u201cMais ils ont tout pris. Face a\u0300 cette situation, nous avons de\u0301cide\u0301 de nous retirer du groupe. Ce qui s'est passe\u0301 est l'expression d'une grande irres- ponsabilite\u0301\u201d, a-t-il fulmin\u00e9.<\/p>\n<p>D\u2019ailleurs, la coalition en a remis une couche, dans un communique\u0301 parvenu a\u0300 \"Nettali.com\", dimanche. \u201c<em>Le renouvellement du bureau de l\u2019Assemble\u0301e nationale a re\u0301ve\u0301le\u0301 la trahison de de\u0301pute\u0301s de Yewwi Askan Wi qui ont pris la de\u0301cision ine\u0301le\u0301gante et stupide d\u2019exclure leurs colle\u0300gues de Taxawu Senegaal, membres a\u0300 part entie\u0300re du groupe parlementaire, du bureau de l'Assemble\u0301e Nationale. En effet, des de\u0301pute\u0301s de Yewwi Askan Wi ont voulu constituer un groupe parlementaire inte\u0301grant les e\u0301lus de Taxawu Senegaal pour avoir plus de postes dans le bureau mais sans associer ces derniers dans le partage des responsabilite\u0301s<\/em>\u201d, fulminent Khalifa Sall et Cie. Qui soulignent que le groupe parlementaire les a e\u0301carte\u0301s des re\u0301unions pour dissimuler la forfaiture qui se pre\u0301parait contre eux\u201d.<\/p>\n<p>Ainsi, Taxawu a de\u0301cide\u0301 de se se\u0301parer de Yewwi, entrai\u0302nant la perte de quatre postes, dont celui crucial de 2e questeur, un poste de vice-pre\u0301sident, un poste de secre\u0301taire e\u0301lu ainsi que des postes de pre\u0301sident de com- mission.<\/p>\n<p>Conse\u0301quence : Yewwi a perdu en influence au sein de l'Assemble\u0301e nationale. Et Taxawu se retrouve sans rien.<\/p>\n<p><strong>Lec\u0327ons politiques de Wallu<\/strong><\/p>\n<p>De l'autre co\u0302te\u0301, Babacar Mbaye estime que Wallu a donne\u0301 une lec\u0327on politique. La coalition avait fait savoir que les candidats ne seraient pas autorise\u0301s a\u0300 sie\u0301ger au bureau de l'Assemble\u0301e nationale.<\/p>\n<p>Cependant, Mamadou Lamine Diallo et Cheikh Bara Dolly ont pos\u00e9 leur candidature. Wallu a de\u0301cide\u0301, apre\u0300s discussion, que l'Assemble\u0301e n'avait aucun lien avec leurs candidatures. Ils ont donc conserve\u0301 respectivement les postes de vice-pre\u0301sident et d'adjoint du groupe parlementaire Wallu.<\/p>\n<p>Ainsi, la vie parlementaire de ce groupe pourra se poursuivre.<\/p>\n<p>\u201c<em>A Yewwi, nous aurions pu proce\u0301der pareil. Chacun reprend ses postes pre\u0301ce\u0301dents. Ce qui s'est passe\u0301, c'est un renoncement, un recul de\u0301mocratique, un manque de responsabilite\u0301, d'intelligence politique et un manque de courtoisie et d'e\u0301le\u0301gance. Retour de ba\u0302ton\u201d<\/em>, a regrett\u00e9 Babacar Mbaye, qui invite a\u0300 ne pas confondre les institutions.<\/p>\n<p>Il a aussi not\u00e9 qu'a\u0300 la ville de Dakar, ce qui s'est passe\u0301, est parti d'une de\u0301cision de justice portant sur la parite\u0301. Alors qu'a\u0300 l'Assemble\u0301e nationale, ils pouvaient discuter en toute franchise. \u201cE<em>t ce qui prouve que c'est stupide, c'est que si nous sortons du groupe parlementaire de Yewwi, ils per- dent des postes. Pluto\u0302t que Taxawu, Pastef a prive\u0301 Yewwi de postes. C'est ce qui s'est fait. C'est juste une me\u0301chancete\u0301 qui a fait que Yewwi va perdre son influence a\u0300 l'Assemble\u0301e, puisque si nous perdons les postes, eux ne les gagneront pas non plus. Aujourd'hui, c'est BBY qui va se renforcer avec trois postes et re\u0301cupe\u0301rer les postes de questeur et d\u2019adjoint<\/em>\u201d, a de\u0301plore Mbaye.<\/p>\n<p>Toutefois, quand on quitte un groupe parlementaire, on ne peut en cre\u0301er ni inte\u0301grer un autre. A\u0300 cet effet, M. Mbaye pense que notre de\u0301mocratie est se\u0301questre\u0301e par des conflits de personnes.<\/p>\n<\/div>\n<\/div>\n<div class=\"layoutArea\">\n<div class=\"column\"><\/div>\n<div class=\"column\">\n<p>&nbsp;<\/p>\n<\/div>\n<\/div>\n<\/div>\n<div class='share-to-whatsapp-wrapper'><div class='share-on-whsp'>PARTAGER SUR : <\/div><a data-text='KHALIFA SALL-OUSMANE SONKO - L'histoire d'une rupture act\u00e9e \u00e0 l'h\u00e9micycle' data-link='https:\/\/www.nettali.com\/2023\/10\/16\/khalifa-sall-ousmane-sonko-lhistoire-dune-rupture-actee-a-lhemicycle\/' class='whatsapp-button whatsapp-share'>WhatsApp<\/a><div class='clear '><\/div><\/div>","protected":false},"excerpt":{"rendered":"<p>NETTALI.COM - On la voyait venir cette rupture depuis un certain temps, lorsque Barth\u00e9l\u00e9my Dias et Ousmane Sonko s'\u00e9taient livr\u00e9s par presse et r\u00e9seaux sociaux interpos\u00e9s sur cette fameuse rencontre avec Macky Sall ( dans une logique de m\u00e9diation), \u00e0 des accusations et contre-accusations de trahison et d'accord sur cette m\u00e9diation. Et ce qui s'est [&hellip;]<\/p>\n","protected":false},"author":2,"featured_media":120112,"comment_status":"open","ping_status":"open","sticky":false,"template":"","format":"standard","meta":{"_et_pb_use_builder":"","_et_pb_old_content":""},"categories":[2],"tags":[],"yoast_head":"<!-- This site is optimized with the Yoast SEO Premium plugin v17.8 (Yoast SEO v17.8) - https:\/\/yoast.com\/wordpress\/plugins\/seo\/ -->\n<title>KHALIFA SALL-OUSMANE SONKO - L&#039;histoire d&#039;une rupture act\u00e9e \u00e0 l&#039;h\u00e9micycle | Nettali.com<\/title>\n<meta name=\"robots\" content=\"index, follow, max-snippet:-1, max-image-preview:large, max-video-preview:-1\" \/>\n<link rel=\"canonical\" href=\"https:\/\/www.nettali.com\/2023\/10\/16\/khalifa-sall-ousmane-sonko-lhistoire-dune-rupture-actee-a-lhemicycle\/\" \/>\n<meta property=\"og:locale\" content=\"fr_FR\" \/>\n<meta property=\"og:type\" content=\"article\" \/>\n<meta property=\"og:title\" content=\"KHALIFA SALL-OUSMANE SONKO - L&#039;histoire d&#039;une rupture act\u00e9e \u00e0 l&#039;h\u00e9micycle\" \/>\n<meta property=\"og:description\" content=\"NETTALI.COM - On la voyait venir cette rupture depuis un certain temps, lorsque Barth\u00e9l\u00e9my Dias et Ousmane Sonko s&#039;\u00e9taient livr\u00e9s par presse et r\u00e9seaux sociaux interpos\u00e9s sur cette fameuse rencontre avec Macky Sall ( dans une logique de m\u00e9diation), \u00e0 des accusations et contre-accusations de trahison et d&#039;accord sur cette m\u00e9diation. Et ce qui s&#039;est [&hellip;]\" \/>\n<meta property=\"og:url\" content=\"https:\/\/www.nettali.com\/2023\/10\/16\/khalifa-sall-ousmane-sonko-lhistoire-dune-rupture-actee-a-lhemicycle\/\" \/>\n<meta property=\"og:site_name\" content=\"Nettali.com\" \/>\n<meta property=\"article:publisher\" content=\"https:\/\/www.facebook.com\/nettalicom\" \/>\n<meta property=\"article:published_time\" content=\"2023-10-16T06:58:46+00:00\" \/>\n<meta property=\"article:modified_time\" content=\"2023-10-17T12:04:34+00:00\" \/>\n<meta property=\"og:image\" content=\"https:\/\/www.nettali.com\/wp-content\/uploads\/2023\/10\/767E63D0-4DFB-48F4-B0DB-28BFA9028B15.jpeg\" \/>\n\t<meta property=\"og:image:width\" content=\"960\" \/>\n\t<meta property=\"og:image:height\" content=\"641\" \/>\n<meta name=\"twitter:card\" content=\"summary_large_image\" \/>\n<meta name=\"twitter:label1\" content=\"\u00c9crit par\" \/>\n\t<meta name=\"twitter:data1\" content=\"CK\" \/>\n\t<meta name=\"twitter:label2\" content=\"Dur\u00e9e de lecture estim\u00e9e\" \/>\n\t<meta name=\"twitter:data2\" content=\"10 minutes\" \/>\n<script type=\"application\/ld+json\" class=\"yoast-schema-graph\">{\"@context\":\"https:\/\/schema.org\",\"@graph\":[{\"@type\":\"WebSite\",\"@id\":\"https:\/\/www.nettali.com\/#website\",\"url\":\"https:\/\/www.nettali.com\/\",\"name\":\"Nettali.com\",\"description\":\"Le rendez-vous critique du Net\",\"potentialAction\":[{\"@type\":\"SearchAction\",\"target\":{\"@type\":\"EntryPoint\",\"urlTemplate\":\"https:\/\/www.nettali.com\/?s={search_term_string}\"},\"query-input\":\"required name=search_term_string\"}],\"inLanguage\":\"fr-FR\"},{\"@type\":\"ImageObject\",\"@id\":\"https:\/\/www.nettali.com\/2023\/10\/16\/khalifa-sall-ousmane-sonko-lhistoire-dune-rupture-actee-a-lhemicycle\/#primaryimage\",\"inLanguage\":\"fr-FR\",\"url\":\"https:\/\/www.nettali.com\/wp-content\/uploads\/2023\/10\/767E63D0-4DFB-48F4-B0DB-28BFA9028B15.jpeg\",\"contentUrl\":\"https:\/\/www.nettali.com\/wp-content\/uploads\/2023\/10\/767E63D0-4DFB-48F4-B0DB-28BFA9028B15.jpeg\",\"width\":960,\"height\":641},{\"@type\":\"WebPage\",\"@id\":\"https:\/\/www.nettali.com\/2023\/10\/16\/khalifa-sall-ousmane-sonko-lhistoire-dune-rupture-actee-a-lhemicycle\/#webpage\",\"url\":\"https:\/\/www.nettali.com\/2023\/10\/16\/khalifa-sall-ousmane-sonko-lhistoire-dune-rupture-actee-a-lhemicycle\/\",\"name\":\"KHALIFA SALL-OUSMANE SONKO - L'histoire d'une rupture act\\u00e9e \\u00e0 l'h\\u00e9micycle | Nettali.com\",\"isPartOf\":{\"@id\":\"https:\/\/www.nettali.com\/#website\"},\"primaryImageOfPage\":{\"@id\":\"https:\/\/www.nettali.com\/2023\/10\/16\/khalifa-sall-ousmane-sonko-lhistoire-dune-rupture-actee-a-lhemicycle\/#primaryimage\"},\"datePublished\":\"2023-10-16T06:58:46+00:00\",\"dateModified\":\"2023-10-17T12:04:34+00:00\",\"author\":{\"@id\":\"https:\/\/www.nettali.com\/#\/schema\/person\/d8ac7b7e27ddad43f1c0d2ef090d7f71\"},\"breadcrumb\":{\"@id\":\"https:\/\/www.nettali.com\/2023\/10\/16\/khalifa-sall-ousmane-sonko-lhistoire-dune-rupture-actee-a-lhemicycle\/#breadcrumb\"},\"inLanguage\":\"fr-FR\",\"potentialAction\":[{\"@type\":\"ReadAction\",\"target\":[\"https:\/\/www.nettali.com\/2023\/10\/16\/khalifa-sall-ousmane-sonko-lhistoire-dune-rupture-actee-a-lhemicycle\/\"]}]},{\"@type\":\"BreadcrumbList\",\"@id\":\"https:\/\/www.nettali.com\/2023\/10\/16\/khalifa-sall-ousmane-sonko-lhistoire-dune-rupture-actee-a-lhemicycle\/#breadcrumb\",\"itemListElement\":[{\"@type\":\"ListItem\",\"position\":1,\"name\":\"Accueil\",\"item\":\"https:\/\/www.nettali.com\/\"},{\"@type\":\"ListItem\",\"position\":2,\"name\":\"KHALIFA SALL-OUSMANE SONKO - L'histoire d'une rupture act\\u00e9e \\u00e0 l'h\\u00e9micycle\"}]},{\"@type\":\"Person\",\"@id\":\"https:\/\/www.nettali.com\/#\/schema\/person\/d8ac7b7e27ddad43f1c0d2ef090d7f71\",\"name\":\"CK\",\"image\":{\"@type\":\"ImageObject\",\"@id\":\"https:\/\/www.nettali.com\/#personlogo\",\"inLanguage\":\"fr-FR\",\"url\":\"https:\/\/secure.gravatar.com\/avatar\/1d8d5118b9327d94da7cd4ce7f17fec2?s=96&d=mm&r=g\",\"contentUrl\":\"https:\/\/secure.gravatar.com\/avatar\/1d8d5118b9327d94da7cd4ce7f17fec2?s=96&d=mm&r=g\",\"caption\":\"CK\"},\"sameAs\":[\"https:\/\/www.nettali.com\"]}]}<\/script>\n<!-- \/ Yoast SEO Premium plugin. -->","yoast_head_json":{"title":"KHALIFA SALL-OUSMANE SONKO - L'histoire d'une rupture act\u00e9e \u00e0 l'h\u00e9micycle | Nettali.com","robots":{"index":"index","follow":"follow","max-snippet":"max-snippet:-1","max-image-preview":"max-image-preview:large","max-video-preview":"max-video-preview:-1"},"canonical":"https:\/\/www.nettali.com\/2023\/10\/16\/khalifa-sall-ousmane-sonko-lhistoire-dune-rupture-actee-a-lhemicycle\/","og_locale":"fr_FR","og_type":"article","og_title":"KHALIFA SALL-OUSMANE SONKO - L'histoire d'une rupture act\u00e9e \u00e0 l'h\u00e9micycle","og_description":"NETTALI.COM - On la voyait venir cette rupture depuis un certain temps, lorsque Barth\u00e9l\u00e9my Dias et Ousmane Sonko s'\u00e9taient livr\u00e9s par presse et r\u00e9seaux sociaux interpos\u00e9s sur cette fameuse rencontre avec Macky Sall ( dans une logique de m\u00e9diation), \u00e0 des accusations et contre-accusations de trahison et d'accord sur cette m\u00e9diation. Et ce qui s'est [&hellip;]","og_url":"https:\/\/www.nettali.com\/2023\/10\/16\/khalifa-sall-ousmane-sonko-lhistoire-dune-rupture-actee-a-lhemicycle\/","og_site_name":"Nettali.com","article_publisher":"https:\/\/www.facebook.com\/nettalicom","article_published_time":"2023-10-16T06:58:46+00:00","article_modified_time":"2023-10-17T12:04:34+00:00","og_image":[{"width":960,"height":641,"url":"https:\/\/www.nettali.com\/wp-content\/uploads\/2023\/10\/767E63D0-4DFB-48F4-B0DB-28BFA9028B15.jpeg","type":"image\/jpeg"}],"twitter_card":"summary_large_image","twitter_misc":{"\u00c9crit par":"CK","Dur\u00e9e de lecture estim\u00e9e":"10 minutes"},"schema":{"@context":"https:\/\/schema.org","@graph":[{"@type":"WebSite","@id":"https:\/\/www.nettali.com\/#website","url":"https:\/\/www.nettali.com\/","name":"Nettali.com","description":"Le rendez-vous critique du Net","potentialAction":[{"@type":"SearchAction","target":{"@type":"EntryPoint","urlTemplate":"https:\/\/www.nettali.com\/?s={search_term_string}"},"query-input":"required name=search_term_string"}],"inLanguage":"fr-FR"},{"@type":"ImageObject","@id":"https:\/\/www.nettali.com\/2023\/10\/16\/khalifa-sall-ousmane-sonko-lhistoire-dune-rupture-actee-a-lhemicycle\/#primaryimage","inLanguage":"fr-FR","url":"https:\/\/www.nettali.com\/wp-content\/uploads\/2023\/10\/767E63D0-4DFB-48F4-B0DB-28BFA9028B15.jpeg","contentUrl":"https:\/\/www.nettali.com\/wp-content\/uploads\/2023\/10\/767E63D0-4DFB-48F4-B0DB-28BFA9028B15.jpeg","width":960,"height":641},{"@type":"WebPage","@id":"https:\/\/www.nettali.com\/2023\/10\/16\/khalifa-sall-ousmane-sonko-lhistoire-dune-rupture-actee-a-lhemicycle\/#webpage","url":"https:\/\/www.nettali.com\/2023\/10\/16\/khalifa-sall-ousmane-sonko-lhistoire-dune-rupture-actee-a-lhemicycle\/","name":"KHALIFA SALL-OUSMANE SONKO - L'histoire d'une rupture act\u00e9e \u00e0 l'h\u00e9micycle | Nettali.com","isPartOf":{"@id":"https:\/\/www.nettali.com\/#website"},"primaryImageOfPage":{"@id":"https:\/\/www.nettali.com\/2023\/10\/16\/khalifa-sall-ousmane-sonko-lhistoire-dune-rupture-actee-a-lhemicycle\/#primaryimage"},"datePublished":"2023-10-16T06:58:46+00:00","dateModified":"2023-10-17T12:04:34+00:00","author":{"@id":"https:\/\/www.nettali.com\/#\/schema\/person\/d8ac7b7e27ddad43f1c0d2ef090d7f71"},"breadcrumb":{"@id":"https:\/\/www.nettali.com\/2023\/10\/16\/khalifa-sall-ousmane-sonko-lhistoire-dune-rupture-actee-a-lhemicycle\/#breadcrumb"},"inLanguage":"fr-FR","potentialAction":[{"@type":"ReadAction","target":["https:\/\/www.nettali.com\/2023\/10\/16\/khalifa-sall-ousmane-sonko-lhistoire-dune-rupture-actee-a-lhemicycle\/"]}]},{"@type":"BreadcrumbList","@id":"https:\/\/www.nettali.com\/2023\/10\/16\/khalifa-sall-ousmane-sonko-lhistoire-dune-rupture-actee-a-lhemicycle\/#breadcrumb","itemListElement":[{"@type":"ListItem","position":1,"name":"Accueil","item":"https:\/\/www.nettali.com\/"},{"@type":"ListItem","position":2,"name":"KHALIFA SALL-OUSMANE SONKO - L'histoire d'une rupture act\u00e9e \u00e0 l'h\u00e9micycle"}]},{"@type":"Person","@id":"https:\/\/www.nettali.com\/#\/schema\/person\/d8ac7b7e27ddad43f1c0d2ef090d7f71","name":"CK","image":{"@type":"ImageObject","@id":"https:\/\/www.nettali.com\/#personlogo","inLanguage":"fr-FR","url":"https:\/\/secure.gravatar.com\/avatar\/1d8d5118b9327d94da7cd4ce7f17fec2?s=96&d=mm&r=g","contentUrl":"https:\/\/secure.gravatar.com\/avatar\/1d8d5118b9327d94da7cd4ce7f17fec2?s=96&d=mm&r=g","caption":"CK"},"sameAs":["https:\/\/www.nettali.com"]}]}},"_links":{"self":[{"href":"https:\/\/www.nettali.com\/rest\/wp\/v2\/posts\/120111"}],"collection":[{"href":"https:\/\/www.nettali.com\/rest\/wp\/v2\/posts"}],"about":[{"href":"https:\/\/www.nettali.com\/rest\/wp\/v2\/types\/post"}],"author":[{"embeddable":true,"href":"https:\/\/www.nettali.com\/rest\/wp\/v2\/users\/2"}],"replies":[{"embeddable":true,"href":"https:\/\/www.nettali.com\/rest\/wp\/v2\/comments?post=120111"}],"version-history":[{"count":1,"href":"https:\/\/www.nettali.com\/rest\/wp\/v2\/posts\/120111\/revisions"}],"predecessor-version":[{"id":120113,"href":"https:\/\/www.nettali.com\/rest\/wp\/v2\/posts\/120111\/revisions\/120113"}],"wp:featuredmedia":[{"embeddable":true,"href":"https:\/\/www.nettali.com\/rest\/wp\/v2\/media\/120112"}],"wp:attachment":[{"href":"https:\/\/www.nettali.com\/rest\/wp\/v2\/media?parent=120111"}],"wp:term":[{"taxonomy":"category","embeddable":true,"href":"https:\/\/www.nettali.com\/rest\/wp\/v2\/categories?post=120111"},{"taxonomy":"post_tag","embeddable":true,"href":"https:\/\/www.nettali.com\/rest\/wp\/v2\/tags?post=120111"}],"curies":[{"name":"wp","href":"https:\/\/api.w.org\/{rel}","templated":true}]}}