{"id":120105,"date":"2023-10-16T06:11:38","date_gmt":"2023-10-16T06:11:38","guid":{"rendered":"https:\/\/www.nettali.com\/?p=120105"},"modified":"2023-10-16T06:17:28","modified_gmt":"2023-10-16T06:17:28","slug":"en-coulisses-awale-boucle-sa-tournee-zone-nord","status":"publish","type":"post","link":"https:\/\/www.nettali.com\/2023\/10\/16\/en-coulisses-awale-boucle-sa-tournee-zone-nord\/","title":{"rendered":"EN COULISSES - Awal\u00e9 boucle sa tourn\u00e9e zone nord"},"content":{"rendered":"<div class=\"page\" title=\"Page 2\">\n<div class=\"layoutArea\">\n<div class=\"column\">\n<p><strong>NETTALI.COM -<\/strong> Abdourahmane Diouf, candidat de la coalition Abdourahmane2024, poursuit son pe\u0301riple dans l\u2019arrie\u0300re-pays. Ce week-end du 14-15 otobre, sa tourne\u0301e de parrainage l\u2019a conduit a\u0300 Lingue\u0300re-Dahra. Une dernie\u0300re e\u0301tape qui a boucle\u0301 la tourne\u0301e de la zone nord. Le candidat a re\u0301ve\u0301le\u0301 ses ambitions pour cette re\u0301gion du Se\u0301ne\u0301gal.<\/p>\n<p>\"Je compte e\u0301riger Lingue\u0300re et Dahra en amortisseurs aux chocs communs a\u0300 l\u2019e\u0301conomie nationale pour maintenir la production du Ferlo proche de son potentiel. La production dans le Ferlo repose pour l\u2019essentiel sur l\u2019e\u0301levage, l\u2019agriculteur, le commerce et l\u2019artisanat. Ce socle local a besoin de souffle nouveau, de perceptives d\u2019e\u0301volution, d\u2019adaptation et de de\u0301veloppement en parts de marche\u0301\u201d, a d\u00e9clar\u00e9 Abdourahmane Diouf. Avant d'ajouter \"<em>d\u2019abord, adaptation par rapport aux caprices du climat local avec une pluviome\u0301trie intra- annuelle tre\u0300s variable et l\u2019avance\u0301e des phe\u0301nome\u0300nes de\u0301sertiques. Ces variants seront au c\u0153ur de mon projet politique avec des solutions environnementales durables et concre\u0300tes qui auront des re\u0301sultats probants sur deux niveaux : l\u2019ame\u0301lioration du cadre de vie et la restructuration de la filie\u0300re e\u0301levage. L\u2019e\u0301levage, qui est un domaine a\u0300 tre\u0300s fort enjeu qui doit de\u0301passer son ro\u0302le de cre\u0301ateur exclusif de \u2019revenus de soudure\u2019 pour un petit groupe de personnes afin d\u2019embrasser sa vocation expansive qui est de cre\u0301er des emplois en nombre pour plus de gains au profit du pays. C\u2019est pour- quoi je veillerai a\u0300 lui consacrer une approche structure\u0301e et structurante sur le long terme\u201d. <\/em><\/p>\n<p><em>Ainsi, le candidat compte s\u2019atteler a\u0300 la diversification et au de\u0301veloppement du cheptel, au financement et a\u0300 l\u2019organisation de la filie\u0300re, a\u0300 la formation des acteurs et l\u2019industrialisation de la chai\u0302ne de valeur, entre autres. \u201cTous ces points, poursuit-il, auront une place parti- culie\u0300re dans mon programme politique destine\u0301 a\u0300 l\u2019e\u0301levage\"<\/em>.<\/p>\n<p><strong>Awal\u00e9 boucle sa tourn\u00e9e zone nord (SUITE)<\/strong><\/p>\n<p>Le candidat Abdourahmane Diouf s\u2019est appesanti sur la question de l\u2019agriculture qui est d\u2019une importance capitale dans ces localite\u0301s. \"<em>Je lui re\u0301serverai dans mon programme politique une solidite\u0301 compe\u0301titive pour son de\u0301veloppement. En veillant a\u0300 assurer aux petits producteurs du Ferlo un acce\u0300s aux cre\u0301dits et a\u0300 la proprie\u0301te\u0301 foncie\u0300re tout en les accompagnant dans un effort de transition pour l\u2019introduction dans la filie\u0300re d\u2019une technologie propre et approprie\u0301e. Ainsi, je compte mettre en \u0153uvre des politiques e\u0301conomiques fortes pour leur garantir la fourniture d'intrants et de services de production, l'acce\u0300s au cre\u0301dit, l'introduction d'une technologie approprie\u0301e, le transfert des compe\u0301tences, les structures d'e\u0301tablisse- ment de prix fixes et garantis, et l'acce\u0300s a\u0300 des marche\u0301s fiables<\/em>\", a fait savoir Diouf.<\/p>\n<p>Le candidat n\u2019a pas oublie\u0301 de parler du commerce et de l\u2019artisanat, fondamentaux dans le Ferlo. \"J<em>e compte, dans mon programme avec la loi sur le patriotisme e\u0301conomique, appliquer des garde-fous pour garantir leur survie et leur de\u0301veloppement... En impulsant une politique endoge\u0300ne pour mai\u0302triser les importations des produits pouvant concurrencer fatalement notre savoir-faire artisanal. Toujours sur cette lance\u0301e et avec la loi sur le patriotisme e\u0301conomique, le commerce sera oriente\u0301 vers la production locale pour contrecarrer sa de\u0301pendance vis-a\u0300-vis de l\u2019importa- tion et inverser sa trajectoire extravertie qui ne garantit pas son de\u0301veloppement, sa rentabilite\u0301 et ses emplois<\/em>\u201d, a-t-il promis.<\/p>\n<\/div>\n<\/div>\n<\/div>\n<div class='share-to-whatsapp-wrapper'><div class='share-on-whsp'>PARTAGER SUR : <\/div><a data-text='EN COULISSES - Awal\u00e9 boucle sa tourn\u00e9e zone nord' data-link='https:\/\/www.nettali.com\/2023\/10\/16\/en-coulisses-awale-boucle-sa-tournee-zone-nord\/' class='whatsapp-button whatsapp-share'>WhatsApp<\/a><div class='clear '><\/div><\/div>","protected":false},"excerpt":{"rendered":"<p>NETTALI.COM - Abdourahmane Diouf, candidat de la coalition Abdourahmane2024, poursuit son pe\u0301riple dans l\u2019arrie\u0300re-pays. Ce week-end du 14-15 otobre, sa tourne\u0301e de parrainage l\u2019a conduit a\u0300 Lingue\u0300re-Dahra. Une dernie\u0300re e\u0301tape qui a boucle\u0301 la tourne\u0301e de la zone nord. Le candidat a re\u0301ve\u0301le\u0301 ses ambitions pour cette re\u0301gion du Se\u0301ne\u0301gal. \"Je compte e\u0301riger Lingue\u0300re et [&hellip;]<\/p>\n","protected":false},"author":2,"featured_media":120106,"comment_status":"open","ping_status":"open","sticky":false,"template":"","format":"standard","meta":{"_et_pb_use_builder":"","_et_pb_old_content":""},"categories":[34945],"tags":[],"yoast_head":"<!-- This site is optimized with the Yoast SEO Premium plugin v17.8 (Yoast SEO v17.8) - https:\/\/yoast.com\/wordpress\/plugins\/seo\/ -->\n<title>EN COULISSES - Awal\u00e9 boucle sa tourn\u00e9e zone nord | Nettali.com<\/title>\n<meta name=\"robots\" content=\"index, follow, max-snippet:-1, max-image-preview:large, max-video-preview:-1\" \/>\n<link rel=\"canonical\" href=\"https:\/\/www.nettali.com\/2023\/10\/16\/en-coulisses-awale-boucle-sa-tournee-zone-nord\/\" \/>\n<meta property=\"og:locale\" content=\"fr_FR\" \/>\n<meta property=\"og:type\" content=\"article\" \/>\n<meta property=\"og:title\" content=\"EN COULISSES - Awal\u00e9 boucle sa tourn\u00e9e zone nord\" \/>\n<meta property=\"og:description\" content=\"NETTALI.COM - Abdourahmane Diouf, candidat de la coalition Abdourahmane2024, poursuit son pe\u0301riple dans l\u2019arrie\u0300re-pays. Ce week-end du 14-15 otobre, sa tourne\u0301e de parrainage l\u2019a conduit a\u0300 Lingue\u0300re-Dahra. Une dernie\u0300re e\u0301tape qui a boucle\u0301 la tourne\u0301e de la zone nord. Le candidat a re\u0301ve\u0301le\u0301 ses ambitions pour cette re\u0301gion du Se\u0301ne\u0301gal. &quot;Je compte e\u0301riger Lingue\u0300re et [&hellip;]\" \/>\n<meta property=\"og:url\" content=\"https:\/\/www.nettali.com\/2023\/10\/16\/en-coulisses-awale-boucle-sa-tournee-zone-nord\/\" \/>\n<meta property=\"og:site_name\" content=\"Nettali.com\" \/>\n<meta property=\"article:publisher\" content=\"https:\/\/www.facebook.com\/nettalicom\" \/>\n<meta property=\"article:published_time\" content=\"2023-10-16T06:11:38+00:00\" \/>\n<meta property=\"article:modified_time\" content=\"2023-10-16T06:17:28+00:00\" \/>\n<meta property=\"og:image\" content=\"https:\/\/www.nettali.com\/wp-content\/uploads\/2023\/10\/abdourahmane-diouf-1140x570-1.jpg\" \/>\n\t<meta property=\"og:image:width\" content=\"1140\" \/>\n\t<meta property=\"og:image:height\" content=\"570\" \/>\n<meta name=\"twitter:card\" content=\"summary_large_image\" \/>\n<meta name=\"twitter:label1\" content=\"\u00c9crit par\" \/>\n\t<meta name=\"twitter:data1\" content=\"CK\" \/>\n\t<meta name=\"twitter:label2\" content=\"Dur\u00e9e de lecture estim\u00e9e\" \/>\n\t<meta name=\"twitter:data2\" content=\"3 minutes\" \/>\n<script type=\"application\/ld+json\" class=\"yoast-schema-graph\">{\"@context\":\"https:\/\/schema.org\",\"@graph\":[{\"@type\":\"WebSite\",\"@id\":\"https:\/\/www.nettali.com\/#website\",\"url\":\"https:\/\/www.nettali.com\/\",\"name\":\"Nettali.com\",\"description\":\"Le rendez-vous critique du Net\",\"potentialAction\":[{\"@type\":\"SearchAction\",\"target\":{\"@type\":\"EntryPoint\",\"urlTemplate\":\"https:\/\/www.nettali.com\/?s={search_term_string}\"},\"query-input\":\"required name=search_term_string\"}],\"inLanguage\":\"fr-FR\"},{\"@type\":\"ImageObject\",\"@id\":\"https:\/\/www.nettali.com\/2023\/10\/16\/en-coulisses-awale-boucle-sa-tournee-zone-nord\/#primaryimage\",\"inLanguage\":\"fr-FR\",\"url\":\"https:\/\/www.nettali.com\/wp-content\/uploads\/2023\/10\/abdourahmane-diouf-1140x570-1.jpg\",\"contentUrl\":\"https:\/\/www.nettali.com\/wp-content\/uploads\/2023\/10\/abdourahmane-diouf-1140x570-1.jpg\",\"width\":1140,\"height\":570},{\"@type\":\"WebPage\",\"@id\":\"https:\/\/www.nettali.com\/2023\/10\/16\/en-coulisses-awale-boucle-sa-tournee-zone-nord\/#webpage\",\"url\":\"https:\/\/www.nettali.com\/2023\/10\/16\/en-coulisses-awale-boucle-sa-tournee-zone-nord\/\",\"name\":\"EN COULISSES - Awal\\u00e9 boucle sa tourn\\u00e9e zone nord | Nettali.com\",\"isPartOf\":{\"@id\":\"https:\/\/www.nettali.com\/#website\"},\"primaryImageOfPage\":{\"@id\":\"https:\/\/www.nettali.com\/2023\/10\/16\/en-coulisses-awale-boucle-sa-tournee-zone-nord\/#primaryimage\"},\"datePublished\":\"2023-10-16T06:11:38+00:00\",\"dateModified\":\"2023-10-16T06:17:28+00:00\",\"author\":{\"@id\":\"https:\/\/www.nettali.com\/#\/schema\/person\/d8ac7b7e27ddad43f1c0d2ef090d7f71\"},\"breadcrumb\":{\"@id\":\"https:\/\/www.nettali.com\/2023\/10\/16\/en-coulisses-awale-boucle-sa-tournee-zone-nord\/#breadcrumb\"},\"inLanguage\":\"fr-FR\",\"potentialAction\":[{\"@type\":\"ReadAction\",\"target\":[\"https:\/\/www.nettali.com\/2023\/10\/16\/en-coulisses-awale-boucle-sa-tournee-zone-nord\/\"]}]},{\"@type\":\"BreadcrumbList\",\"@id\":\"https:\/\/www.nettali.com\/2023\/10\/16\/en-coulisses-awale-boucle-sa-tournee-zone-nord\/#breadcrumb\",\"itemListElement\":[{\"@type\":\"ListItem\",\"position\":1,\"name\":\"Accueil\",\"item\":\"https:\/\/www.nettali.com\/\"},{\"@type\":\"ListItem\",\"position\":2,\"name\":\"EN COULISSES - Awal\\u00e9 boucle sa tourn\\u00e9e zone nord\"}]},{\"@type\":\"Person\",\"@id\":\"https:\/\/www.nettali.com\/#\/schema\/person\/d8ac7b7e27ddad43f1c0d2ef090d7f71\",\"name\":\"CK\",\"image\":{\"@type\":\"ImageObject\",\"@id\":\"https:\/\/www.nettali.com\/#personlogo\",\"inLanguage\":\"fr-FR\",\"url\":\"https:\/\/secure.gravatar.com\/avatar\/1d8d5118b9327d94da7cd4ce7f17fec2?s=96&d=mm&r=g\",\"contentUrl\":\"https:\/\/secure.gravatar.com\/avatar\/1d8d5118b9327d94da7cd4ce7f17fec2?s=96&d=mm&r=g\",\"caption\":\"CK\"},\"sameAs\":[\"https:\/\/www.nettali.com\"]}]}<\/script>\n<!-- \/ Yoast SEO Premium plugin. -->","yoast_head_json":{"title":"EN COULISSES - Awal\u00e9 boucle sa tourn\u00e9e zone nord | Nettali.com","robots":{"index":"index","follow":"follow","max-snippet":"max-snippet:-1","max-image-preview":"max-image-preview:large","max-video-preview":"max-video-preview:-1"},"canonical":"https:\/\/www.nettali.com\/2023\/10\/16\/en-coulisses-awale-boucle-sa-tournee-zone-nord\/","og_locale":"fr_FR","og_type":"article","og_title":"EN COULISSES - Awal\u00e9 boucle sa tourn\u00e9e zone nord","og_description":"NETTALI.COM - Abdourahmane Diouf, candidat de la coalition Abdourahmane2024, poursuit son pe\u0301riple dans l\u2019arrie\u0300re-pays. Ce week-end du 14-15 otobre, sa tourne\u0301e de parrainage l\u2019a conduit a\u0300 Lingue\u0300re-Dahra. Une dernie\u0300re e\u0301tape qui a boucle\u0301 la tourne\u0301e de la zone nord. Le candidat a re\u0301ve\u0301le\u0301 ses ambitions pour cette re\u0301gion du Se\u0301ne\u0301gal. \"Je compte e\u0301riger Lingue\u0300re et [&hellip;]","og_url":"https:\/\/www.nettali.com\/2023\/10\/16\/en-coulisses-awale-boucle-sa-tournee-zone-nord\/","og_site_name":"Nettali.com","article_publisher":"https:\/\/www.facebook.com\/nettalicom","article_published_time":"2023-10-16T06:11:38+00:00","article_modified_time":"2023-10-16T06:17:28+00:00","og_image":[{"width":1140,"height":570,"url":"https:\/\/www.nettali.com\/wp-content\/uploads\/2023\/10\/abdourahmane-diouf-1140x570-1.jpg","type":"image\/jpeg"}],"twitter_card":"summary_large_image","twitter_misc":{"\u00c9crit par":"CK","Dur\u00e9e de lecture estim\u00e9e":"3 minutes"},"schema":{"@context":"https:\/\/schema.org","@graph":[{"@type":"WebSite","@id":"https:\/\/www.nettali.com\/#website","url":"https:\/\/www.nettali.com\/","name":"Nettali.com","description":"Le rendez-vous critique du Net","potentialAction":[{"@type":"SearchAction","target":{"@type":"EntryPoint","urlTemplate":"https:\/\/www.nettali.com\/?s={search_term_string}"},"query-input":"required name=search_term_string"}],"inLanguage":"fr-FR"},{"@type":"ImageObject","@id":"https:\/\/www.nettali.com\/2023\/10\/16\/en-coulisses-awale-boucle-sa-tournee-zone-nord\/#primaryimage","inLanguage":"fr-FR","url":"https:\/\/www.nettali.com\/wp-content\/uploads\/2023\/10\/abdourahmane-diouf-1140x570-1.jpg","contentUrl":"https:\/\/www.nettali.com\/wp-content\/uploads\/2023\/10\/abdourahmane-diouf-1140x570-1.jpg","width":1140,"height":570},{"@type":"WebPage","@id":"https:\/\/www.nettali.com\/2023\/10\/16\/en-coulisses-awale-boucle-sa-tournee-zone-nord\/#webpage","url":"https:\/\/www.nettali.com\/2023\/10\/16\/en-coulisses-awale-boucle-sa-tournee-zone-nord\/","name":"EN COULISSES - Awal\u00e9 boucle sa tourn\u00e9e zone nord | Nettali.com","isPartOf":{"@id":"https:\/\/www.nettali.com\/#website"},"primaryImageOfPage":{"@id":"https:\/\/www.nettali.com\/2023\/10\/16\/en-coulisses-awale-boucle-sa-tournee-zone-nord\/#primaryimage"},"datePublished":"2023-10-16T06:11:38+00:00","dateModified":"2023-10-16T06:17:28+00:00","author":{"@id":"https:\/\/www.nettali.com\/#\/schema\/person\/d8ac7b7e27ddad43f1c0d2ef090d7f71"},"breadcrumb":{"@id":"https:\/\/www.nettali.com\/2023\/10\/16\/en-coulisses-awale-boucle-sa-tournee-zone-nord\/#breadcrumb"},"inLanguage":"fr-FR","potentialAction":[{"@type":"ReadAction","target":["https:\/\/www.nettali.com\/2023\/10\/16\/en-coulisses-awale-boucle-sa-tournee-zone-nord\/"]}]},{"@type":"BreadcrumbList","@id":"https:\/\/www.nettali.com\/2023\/10\/16\/en-coulisses-awale-boucle-sa-tournee-zone-nord\/#breadcrumb","itemListElement":[{"@type":"ListItem","position":1,"name":"Accueil","item":"https:\/\/www.nettali.com\/"},{"@type":"ListItem","position":2,"name":"EN COULISSES - Awal\u00e9 boucle sa tourn\u00e9e zone nord"}]},{"@type":"Person","@id":"https:\/\/www.nettali.com\/#\/schema\/person\/d8ac7b7e27ddad43f1c0d2ef090d7f71","name":"CK","image":{"@type":"ImageObject","@id":"https:\/\/www.nettali.com\/#personlogo","inLanguage":"fr-FR","url":"https:\/\/secure.gravatar.com\/avatar\/1d8d5118b9327d94da7cd4ce7f17fec2?s=96&d=mm&r=g","contentUrl":"https:\/\/secure.gravatar.com\/avatar\/1d8d5118b9327d94da7cd4ce7f17fec2?s=96&d=mm&r=g","caption":"CK"},"sameAs":["https:\/\/www.nettali.com"]}]}},"_links":{"self":[{"href":"https:\/\/www.nettali.com\/rest\/wp\/v2\/posts\/120105"}],"collection":[{"href":"https:\/\/www.nettali.com\/rest\/wp\/v2\/posts"}],"about":[{"href":"https:\/\/www.nettali.com\/rest\/wp\/v2\/types\/post"}],"author":[{"embeddable":true,"href":"https:\/\/www.nettali.com\/rest\/wp\/v2\/users\/2"}],"replies":[{"embeddable":true,"href":"https:\/\/www.nettali.com\/rest\/wp\/v2\/comments?post=120105"}],"version-history":[{"count":3,"href":"https:\/\/www.nettali.com\/rest\/wp\/v2\/posts\/120105\/revisions"}],"predecessor-version":[{"id":120110,"href":"https:\/\/www.nettali.com\/rest\/wp\/v2\/posts\/120105\/revisions\/120110"}],"wp:featuredmedia":[{"embeddable":true,"href":"https:\/\/www.nettali.com\/rest\/wp\/v2\/media\/120106"}],"wp:attachment":[{"href":"https:\/\/www.nettali.com\/rest\/wp\/v2\/media?parent=120105"}],"wp:term":[{"taxonomy":"category","embeddable":true,"href":"https:\/\/www.nettali.com\/rest\/wp\/v2\/categories?post=120105"},{"taxonomy":"post_tag","embeddable":true,"href":"https:\/\/www.nettali.com\/rest\/wp\/v2\/tags?post=120105"}],"curies":[{"name":"wp","href":"https:\/\/api.w.org\/{rel}","templated":true}]}}