{"id":119973,"date":"2023-10-12T14:44:04","date_gmt":"2023-10-12T14:44:04","guid":{"rendered":"https:\/\/www.nettali.com\/?p=119973"},"modified":"2023-10-12T17:43:31","modified_gmt":"2023-10-12T17:43:31","slug":"proces-falla-fleurs-les-arguments-de-la-defense-pour-demonter-le-requisitoire-du-parquet","status":"publish","type":"post","link":"https:\/\/www.nettali.com\/2023\/10\/12\/proces-falla-fleurs-les-arguments-de-la-defense-pour-demonter-le-requisitoire-du-parquet\/","title":{"rendered":"PROC\u00c8S FALLA FLEURS - Les arguments de la d\u00e9fense pour d\u00e9monter le r\u00e9quisitoire du parquet"},"content":{"rendered":"<p><strong>NETTALI.COM- Alors que le parquet a requis une peine de trois ans ferme contre Nd\u00e8ye Fatou Fall dite Falla Fleurs, les avocats de l'activiste ont plaid\u00e9 la relaxe.<\/strong><\/p>\n<p><strong>Me Famara Faty : <\/strong><strong>\"Ils ont pris des messages \u00e7a et l\u00e0 pour les lui imputer<\/strong>\"<\/p>\n<p>\"On ne doit pas d\u00e9former les propos de la pr\u00e9venue. Ils ont pris des messages \u00e7a et l\u00e0 pour les lui imputer. Elle a \u00e9t\u00e9 constante depuis l'enqu\u00eate pr\u00e9liminaire jusqu'\u00e0 la barre du tribunal. Elle n'a jamais invit\u00e9 personne \u00e0 sortir. \u00c0 la suite du verdict de l'affaire Adji Sarr\/Ousmane Sonko, les S\u00e9n\u00e9galais sont sortis, mais on ne peut pas faire le lien avec cette affaire. Je demande sa relaxe\".<\/p>\n<p><strong>Me Mame Coumba Kane : <\/strong>\"<strong>Cette dame-l\u00e0 n'a qu'une seule arme en tant que citoyenne s\u00e9n\u00e9galaise, c'est la libert\u00e9 d'expression\"<\/strong><\/p>\n<p>\" Il est clair que les \u00e9v\u00e9nements survenus au S\u00e9n\u00e9gal ont cr\u00e9\u00e9 une psychose. Mais la justice est l\u00e0. Nous sommes en mati\u00e8re p\u00e9nale et il faut des preuves pour entrer en voie de condamnation. Il n'a jamais \u00e9t\u00e9 prouv\u00e9 qu'elle a pos\u00e9 des actes allant dans le sens de provoquer un trouble \u00e0 l'ordre publique. Il faut prouver que ses \u00e9crits ont \u00e9t\u00e9 \u00e0 l'origine de cette violence. Et elle vous a dit qu'elle n'a jamais eu l'intention de cr\u00e9er un attroupement. Et \u00e7a n'a pas \u00e9t\u00e9 prouv\u00e9. Je demande de la relaxer. Ce proc\u00e8s l\u00e0, ne doit pas \u00eatre celui de la libert\u00e9 d'expression. Cette dame-l\u00e0 n'a qu'une seule arme en tant que citoyenne s\u00e9n\u00e9galaise, c'est la libert\u00e9 d'expression. Ce qui est l\u00e9gale puisque c'est pr\u00e9vu dans la l\u00e9gislation\".<\/p>\n<p><strong>Me Albert Faye :\u00a0<\/strong><strong>\"le dossier est totalement vide\"<\/strong><\/p>\n<p>\" Ce dossier est totalement vide. Il n'y a rien de juridique pour asseoir sa culpabilit\u00e9. En quoi juridiquement ces posts ont cr\u00e9\u00e9 un incident ? Elle doit \u00eatre relax\u00e9e purement et simplement\".<\/p>\n<p><strong>Me Abdoulaye Tall : <\/strong><strong>\" Pr\u00e9sentement, des gens sont en prison pour un simple emoticone\"<\/strong><\/p>\n<p>\" Pr\u00e9sentement, des gens sont en prison pour un simple emoticone. Aujourd'hui, des gens sont en prison pour avoir \u00e9t\u00e9 trouv\u00e9 dans un taxi, pour avoir \u00e9t\u00e9 au mauvais endroit au mauvais moment. Elle devait \u00eatre d\u00e9cor\u00e9e pour sa bravoure. C'est quand j'ai appris qu'elle donnait les informations lors du proc\u00e8s Adji Sarr\/Ousmane Sonko que j'ai su qu'elle allait \u00eatre mise hors d'\u00e9tat de nuire. Elle y ajoutait juste la mention \"Maintien rek\". L'homme nait avec sa libert\u00e9 et elle est encadr\u00e9e. La libert\u00e9 est b\u00e2illonn\u00e9e. Aujourd'hui, la prison est utilis\u00e9e comme une arme. Je comprends son r\u00e9quisitoire, mais vous juge, vous allez statuer. Falla Fleur, sa place n'est pas en prison\".<\/p>\n<p><strong>Me Michel Mahecor Diouf : <\/strong><strong>\" On a concoct\u00e9 un cocktail empoisonn\u00e9 pour l'arr\u00eater...\"<\/strong><\/p>\n<p>\" On lui a coll\u00e9 un motif. On a concoct\u00e9 un cocktail empoisonn\u00e9 pour l'arr\u00eater et ensuite la renvoyer en correctionnelle. Ce cocktail a malheureusement priv\u00e9 la dame Fall de sa libert\u00e9 depuis 5 mois. On a recoup\u00e9 toutes ses publications pour en faire des actes de man\u0153uvre \u00e0 compromettre la s\u00e9curit\u00e9 publique. Ils ont parcouru sa page et tir\u00e9 tout ce qu'elle a eu \u00e0 publier. Elle est victime de sa popularit\u00e9. Elle doit \u00eatre renvoy\u00e9e des fins de la poursuite sans peines ni d\u00e9pens\"<\/p>\n<p><strong>Me Moussa Sarr :\u00a0<\/strong><strong>\"C'est l'extr\u00eame s\u00e9v\u00e9rit\u00e9 du parquet qui marque son r\u00e9quisitoire\"<\/strong><\/p>\n<p>\"En lisant cette ordonnance et la d\u00e9monstration du juge (d'instruction), on devait rendre un non-lieu et non un renvoi en police correctionnelle. Le parquet n'ayant aucune certitude malgr\u00e9 sa s\u00e9v\u00e9rit\u00e9. C'est son extr\u00eame s\u00e9v\u00e9rit\u00e9 qui marque son r\u00e9quisitoire. Il demande 3 ans de prison ferme pour des faits inexistants. La politique p\u00e9nale du parquet depuis des mois, c'est la prison. Le parquet n'a pas \u00e9t\u00e9 en mesure de prouver le lien avec ses posts. Heureusement, vous \u00eates juge des lois, c'est vous qui devez remettre les choses en place. Le contexte socio-politique ne peut pr\u00e9valoir sur les textes dans un \u00e9tat de droit. Le parquet a us\u00e9 d'un pr\u00e9texte pour arr\u00eater d'honn\u00eates citoyens et nous contestons cela. Elle a fait l'objet d'une arrestation pr\u00e9ventive. Le parquet n'a d\u00e9montr\u00e9 aucun fait. Il n'a fait qu'une d\u00e9monstration s\u00e9mantique sur le mot Gatsa Gatsa. Ce n\u2019est pas une infraction cette expression. C'est une expression wolof. C'est sa relaxe qui reste\".<\/p>\n<div class='share-to-whatsapp-wrapper'><div class='share-on-whsp'>PARTAGER SUR : <\/div><a data-text='PROC\u00c8S FALLA FLEURS - Les arguments de la d\u00e9fense pour d\u00e9monter le r\u00e9quisitoire du parquet' data-link='https:\/\/www.nettali.com\/2023\/10\/12\/proces-falla-fleurs-les-arguments-de-la-defense-pour-demonter-le-requisitoire-du-parquet\/' class='whatsapp-button whatsapp-share'>WhatsApp<\/a><div class='clear '><\/div><\/div>","protected":false},"excerpt":{"rendered":"<p>NETTALI.COM- Alors que le parquet a requis une peine de trois ans ferme contre Nd\u00e8ye Fatou Fall dite Falla Fleurs, les avocats de l'activiste ont plaid\u00e9 la relaxe. Me Famara Faty : \"Ils ont pris des messages \u00e7a et l\u00e0 pour les lui imputer\" \"On ne doit pas d\u00e9former les propos de la pr\u00e9venue. Ils [&hellip;]<\/p>\n","protected":false},"author":6,"featured_media":119977,"comment_status":"open","ping_status":"open","sticky":false,"template":"","format":"standard","meta":{"_et_pb_use_builder":"","_et_pb_old_content":""},"categories":[3],"tags":[],"yoast_head":"<!-- This site is optimized with the Yoast SEO Premium plugin v17.8 (Yoast SEO v17.8) - https:\/\/yoast.com\/wordpress\/plugins\/seo\/ -->\n<title>PROC\u00c8S FALLA FLEURS - Les arguments de la d\u00e9fense pour d\u00e9monter le r\u00e9quisitoire du parquet | Nettali.com<\/title>\n<meta name=\"robots\" content=\"index, follow, max-snippet:-1, max-image-preview:large, max-video-preview:-1\" \/>\n<link rel=\"canonical\" href=\"https:\/\/www.nettali.com\/2023\/10\/12\/proces-falla-fleurs-les-arguments-de-la-defense-pour-demonter-le-requisitoire-du-parquet\/\" \/>\n<meta property=\"og:locale\" content=\"fr_FR\" \/>\n<meta property=\"og:type\" content=\"article\" \/>\n<meta property=\"og:title\" content=\"PROC\u00c8S FALLA FLEURS - Les arguments de la d\u00e9fense pour d\u00e9monter le r\u00e9quisitoire du parquet\" \/>\n<meta property=\"og:description\" content=\"NETTALI.COM- Alors que le parquet a requis une peine de trois ans ferme contre Nd\u00e8ye Fatou Fall dite Falla Fleurs, les avocats de l&#039;activiste ont plaid\u00e9 la relaxe. Me Famara Faty : &quot;Ils ont pris des messages \u00e7a et l\u00e0 pour les lui imputer&quot; &quot;On ne doit pas d\u00e9former les propos de la pr\u00e9venue. Ils [&hellip;]\" \/>\n<meta property=\"og:url\" content=\"https:\/\/www.nettali.com\/2023\/10\/12\/proces-falla-fleurs-les-arguments-de-la-defense-pour-demonter-le-requisitoire-du-parquet\/\" \/>\n<meta property=\"og:site_name\" content=\"Nettali.com\" \/>\n<meta property=\"article:publisher\" content=\"https:\/\/www.facebook.com\/nettalicom\" \/>\n<meta property=\"article:published_time\" content=\"2023-10-12T14:44:04+00:00\" \/>\n<meta property=\"article:modified_time\" content=\"2023-10-12T17:43:31+00:00\" \/>\n<meta property=\"og:image\" content=\"https:\/\/www.nettali.com\/wp-content\/uploads\/2023\/10\/falla-fleur.jpeg\" \/>\n\t<meta property=\"og:image:width\" content=\"720\" \/>\n\t<meta property=\"og:image:height\" content=\"451\" \/>\n<meta name=\"twitter:card\" content=\"summary_large_image\" \/>\n<meta name=\"twitter:label1\" content=\"\u00c9crit par\" \/>\n\t<meta name=\"twitter:data1\" content=\"Fatou\" \/>\n\t<meta name=\"twitter:label2\" content=\"Dur\u00e9e de lecture estim\u00e9e\" \/>\n\t<meta name=\"twitter:data2\" content=\"4 minutes\" \/>\n<script type=\"application\/ld+json\" class=\"yoast-schema-graph\">{\"@context\":\"https:\/\/schema.org\",\"@graph\":[{\"@type\":\"WebSite\",\"@id\":\"https:\/\/www.nettali.com\/#website\",\"url\":\"https:\/\/www.nettali.com\/\",\"name\":\"Nettali.com\",\"description\":\"Le rendez-vous critique du Net\",\"potentialAction\":[{\"@type\":\"SearchAction\",\"target\":{\"@type\":\"EntryPoint\",\"urlTemplate\":\"https:\/\/www.nettali.com\/?s={search_term_string}\"},\"query-input\":\"required name=search_term_string\"}],\"inLanguage\":\"fr-FR\"},{\"@type\":\"ImageObject\",\"@id\":\"https:\/\/www.nettali.com\/2023\/10\/12\/proces-falla-fleurs-les-arguments-de-la-defense-pour-demonter-le-requisitoire-du-parquet\/#primaryimage\",\"inLanguage\":\"fr-FR\",\"url\":\"https:\/\/www.nettali.com\/wp-content\/uploads\/2023\/10\/falla-fleur.jpeg\",\"contentUrl\":\"https:\/\/www.nettali.com\/wp-content\/uploads\/2023\/10\/falla-fleur.jpeg\",\"width\":720,\"height\":451},{\"@type\":\"WebPage\",\"@id\":\"https:\/\/www.nettali.com\/2023\/10\/12\/proces-falla-fleurs-les-arguments-de-la-defense-pour-demonter-le-requisitoire-du-parquet\/#webpage\",\"url\":\"https:\/\/www.nettali.com\/2023\/10\/12\/proces-falla-fleurs-les-arguments-de-la-defense-pour-demonter-le-requisitoire-du-parquet\/\",\"name\":\"PROC\\u00c8S FALLA FLEURS - Les arguments de la d\\u00e9fense pour d\\u00e9monter le r\\u00e9quisitoire du parquet | Nettali.com\",\"isPartOf\":{\"@id\":\"https:\/\/www.nettali.com\/#website\"},\"primaryImageOfPage\":{\"@id\":\"https:\/\/www.nettali.com\/2023\/10\/12\/proces-falla-fleurs-les-arguments-de-la-defense-pour-demonter-le-requisitoire-du-parquet\/#primaryimage\"},\"datePublished\":\"2023-10-12T14:44:04+00:00\",\"dateModified\":\"2023-10-12T17:43:31+00:00\",\"author\":{\"@id\":\"https:\/\/www.nettali.com\/#\/schema\/person\/418274a86bdf87caff7a3ef476bd0bbf\"},\"breadcrumb\":{\"@id\":\"https:\/\/www.nettali.com\/2023\/10\/12\/proces-falla-fleurs-les-arguments-de-la-defense-pour-demonter-le-requisitoire-du-parquet\/#breadcrumb\"},\"inLanguage\":\"fr-FR\",\"potentialAction\":[{\"@type\":\"ReadAction\",\"target\":[\"https:\/\/www.nettali.com\/2023\/10\/12\/proces-falla-fleurs-les-arguments-de-la-defense-pour-demonter-le-requisitoire-du-parquet\/\"]}]},{\"@type\":\"BreadcrumbList\",\"@id\":\"https:\/\/www.nettali.com\/2023\/10\/12\/proces-falla-fleurs-les-arguments-de-la-defense-pour-demonter-le-requisitoire-du-parquet\/#breadcrumb\",\"itemListElement\":[{\"@type\":\"ListItem\",\"position\":1,\"name\":\"Accueil\",\"item\":\"https:\/\/www.nettali.com\/\"},{\"@type\":\"ListItem\",\"position\":2,\"name\":\"PROC\\u00c8S FALLA FLEURS - Les arguments de la d\\u00e9fense pour d\\u00e9monter le r\\u00e9quisitoire du parquet\"}]},{\"@type\":\"Person\",\"@id\":\"https:\/\/www.nettali.com\/#\/schema\/person\/418274a86bdf87caff7a3ef476bd0bbf\",\"name\":\"Fatou\",\"image\":{\"@type\":\"ImageObject\",\"@id\":\"https:\/\/www.nettali.com\/#personlogo\",\"inLanguage\":\"fr-FR\",\"url\":\"https:\/\/secure.gravatar.com\/avatar\/5a9442a2bee7b4dcf167cab035858e9a?s=96&d=mm&r=g\",\"contentUrl\":\"https:\/\/secure.gravatar.com\/avatar\/5a9442a2bee7b4dcf167cab035858e9a?s=96&d=mm&r=g\",\"caption\":\"Fatou\"},\"sameAs\":[\"https:\/\/www.nettali.com\"]}]}<\/script>\n<!-- \/ Yoast SEO Premium plugin. -->","yoast_head_json":{"title":"PROC\u00c8S FALLA FLEURS - Les arguments de la d\u00e9fense pour d\u00e9monter le r\u00e9quisitoire du parquet | Nettali.com","robots":{"index":"index","follow":"follow","max-snippet":"max-snippet:-1","max-image-preview":"max-image-preview:large","max-video-preview":"max-video-preview:-1"},"canonical":"https:\/\/www.nettali.com\/2023\/10\/12\/proces-falla-fleurs-les-arguments-de-la-defense-pour-demonter-le-requisitoire-du-parquet\/","og_locale":"fr_FR","og_type":"article","og_title":"PROC\u00c8S FALLA FLEURS - Les arguments de la d\u00e9fense pour d\u00e9monter le r\u00e9quisitoire du parquet","og_description":"NETTALI.COM- Alors que le parquet a requis une peine de trois ans ferme contre Nd\u00e8ye Fatou Fall dite Falla Fleurs, les avocats de l'activiste ont plaid\u00e9 la relaxe. Me Famara Faty : \"Ils ont pris des messages \u00e7a et l\u00e0 pour les lui imputer\" \"On ne doit pas d\u00e9former les propos de la pr\u00e9venue. Ils [&hellip;]","og_url":"https:\/\/www.nettali.com\/2023\/10\/12\/proces-falla-fleurs-les-arguments-de-la-defense-pour-demonter-le-requisitoire-du-parquet\/","og_site_name":"Nettali.com","article_publisher":"https:\/\/www.facebook.com\/nettalicom","article_published_time":"2023-10-12T14:44:04+00:00","article_modified_time":"2023-10-12T17:43:31+00:00","og_image":[{"width":720,"height":451,"url":"https:\/\/www.nettali.com\/wp-content\/uploads\/2023\/10\/falla-fleur.jpeg","type":"image\/jpeg"}],"twitter_card":"summary_large_image","twitter_misc":{"\u00c9crit par":"Fatou","Dur\u00e9e de lecture estim\u00e9e":"4 minutes"},"schema":{"@context":"https:\/\/schema.org","@graph":[{"@type":"WebSite","@id":"https:\/\/www.nettali.com\/#website","url":"https:\/\/www.nettali.com\/","name":"Nettali.com","description":"Le rendez-vous critique du Net","potentialAction":[{"@type":"SearchAction","target":{"@type":"EntryPoint","urlTemplate":"https:\/\/www.nettali.com\/?s={search_term_string}"},"query-input":"required name=search_term_string"}],"inLanguage":"fr-FR"},{"@type":"ImageObject","@id":"https:\/\/www.nettali.com\/2023\/10\/12\/proces-falla-fleurs-les-arguments-de-la-defense-pour-demonter-le-requisitoire-du-parquet\/#primaryimage","inLanguage":"fr-FR","url":"https:\/\/www.nettali.com\/wp-content\/uploads\/2023\/10\/falla-fleur.jpeg","contentUrl":"https:\/\/www.nettali.com\/wp-content\/uploads\/2023\/10\/falla-fleur.jpeg","width":720,"height":451},{"@type":"WebPage","@id":"https:\/\/www.nettali.com\/2023\/10\/12\/proces-falla-fleurs-les-arguments-de-la-defense-pour-demonter-le-requisitoire-du-parquet\/#webpage","url":"https:\/\/www.nettali.com\/2023\/10\/12\/proces-falla-fleurs-les-arguments-de-la-defense-pour-demonter-le-requisitoire-du-parquet\/","name":"PROC\u00c8S FALLA FLEURS - Les arguments de la d\u00e9fense pour d\u00e9monter le r\u00e9quisitoire du parquet | Nettali.com","isPartOf":{"@id":"https:\/\/www.nettali.com\/#website"},"primaryImageOfPage":{"@id":"https:\/\/www.nettali.com\/2023\/10\/12\/proces-falla-fleurs-les-arguments-de-la-defense-pour-demonter-le-requisitoire-du-parquet\/#primaryimage"},"datePublished":"2023-10-12T14:44:04+00:00","dateModified":"2023-10-12T17:43:31+00:00","author":{"@id":"https:\/\/www.nettali.com\/#\/schema\/person\/418274a86bdf87caff7a3ef476bd0bbf"},"breadcrumb":{"@id":"https:\/\/www.nettali.com\/2023\/10\/12\/proces-falla-fleurs-les-arguments-de-la-defense-pour-demonter-le-requisitoire-du-parquet\/#breadcrumb"},"inLanguage":"fr-FR","potentialAction":[{"@type":"ReadAction","target":["https:\/\/www.nettali.com\/2023\/10\/12\/proces-falla-fleurs-les-arguments-de-la-defense-pour-demonter-le-requisitoire-du-parquet\/"]}]},{"@type":"BreadcrumbList","@id":"https:\/\/www.nettali.com\/2023\/10\/12\/proces-falla-fleurs-les-arguments-de-la-defense-pour-demonter-le-requisitoire-du-parquet\/#breadcrumb","itemListElement":[{"@type":"ListItem","position":1,"name":"Accueil","item":"https:\/\/www.nettali.com\/"},{"@type":"ListItem","position":2,"name":"PROC\u00c8S FALLA FLEURS - Les arguments de la d\u00e9fense pour d\u00e9monter le r\u00e9quisitoire du parquet"}]},{"@type":"Person","@id":"https:\/\/www.nettali.com\/#\/schema\/person\/418274a86bdf87caff7a3ef476bd0bbf","name":"Fatou","image":{"@type":"ImageObject","@id":"https:\/\/www.nettali.com\/#personlogo","inLanguage":"fr-FR","url":"https:\/\/secure.gravatar.com\/avatar\/5a9442a2bee7b4dcf167cab035858e9a?s=96&d=mm&r=g","contentUrl":"https:\/\/secure.gravatar.com\/avatar\/5a9442a2bee7b4dcf167cab035858e9a?s=96&d=mm&r=g","caption":"Fatou"},"sameAs":["https:\/\/www.nettali.com"]}]}},"_links":{"self":[{"href":"https:\/\/www.nettali.com\/rest\/wp\/v2\/posts\/119973"}],"collection":[{"href":"https:\/\/www.nettali.com\/rest\/wp\/v2\/posts"}],"about":[{"href":"https:\/\/www.nettali.com\/rest\/wp\/v2\/types\/post"}],"author":[{"embeddable":true,"href":"https:\/\/www.nettali.com\/rest\/wp\/v2\/users\/6"}],"replies":[{"embeddable":true,"href":"https:\/\/www.nettali.com\/rest\/wp\/v2\/comments?post=119973"}],"version-history":[{"count":4,"href":"https:\/\/www.nettali.com\/rest\/wp\/v2\/posts\/119973\/revisions"}],"predecessor-version":[{"id":119981,"href":"https:\/\/www.nettali.com\/rest\/wp\/v2\/posts\/119973\/revisions\/119981"}],"wp:featuredmedia":[{"embeddable":true,"href":"https:\/\/www.nettali.com\/rest\/wp\/v2\/media\/119977"}],"wp:attachment":[{"href":"https:\/\/www.nettali.com\/rest\/wp\/v2\/media?parent=119973"}],"wp:term":[{"taxonomy":"category","embeddable":true,"href":"https:\/\/www.nettali.com\/rest\/wp\/v2\/categories?post=119973"},{"taxonomy":"post_tag","embeddable":true,"href":"https:\/\/www.nettali.com\/rest\/wp\/v2\/tags?post=119973"}],"curies":[{"name":"wp","href":"https:\/\/api.w.org\/{rel}","templated":true}]}}