{"id":119878,"date":"2023-10-11T16:58:44","date_gmt":"2023-10-11T16:58:44","guid":{"rendered":"https:\/\/www.nettali.com\/?p=119878"},"modified":"2023-10-11T17:31:37","modified_gmt":"2023-10-11T17:31:37","slug":"migration-irreguliere-3645-senegalais-recenses-entre-janvier-et-juillet-2023","status":"publish","type":"post","link":"https:\/\/www.nettali.com\/2023\/10\/11\/migration-irreguliere-3645-senegalais-recenses-entre-janvier-et-juillet-2023\/","title":{"rendered":"MIGRATION IRREGULIERE -\u00a03645 S\u00e9n\u00e9galais recens\u00e9s entre janvier et juillet 2023"},"content":{"rendered":"<p><strong>NETTALI.COM - Alors que la vague des d\u00e9parts s\u2019intensifie, l\u2019agence europ\u00e9enne de surveillance et de s\u00e9curisation des fronti\u00e8res vient de publier un tableau qui d\u00e9montre que les migrants s\u00e9n\u00e9galais sont loin derri\u00e8re le top 10 des nationalit\u00e9s qui empruntent la M\u00e9diterran\u00e9e centrale.<\/strong><\/p>\n<p>Pour enrayer la vague de d\u00e9parts, le gouvernement s\u00e9n\u00e9galais avait mis en place, en juillet dernier, un plan de lutte contre l\u2019\u00e9migration irr\u00e9guli\u00e8re. Entre autres points, celui-ci doit permettre pour les dix ann\u00e9es \u00e0 venir un renforcement de l\u2019acc\u00e8s \u00e0 l\u2019\u00e9ducation et \u00e0 la formation, et un soutien \u00e0 l\u2019entrepreneuriat pour la cr\u00e9ation d\u2019emplois. L'objectif annonc\u00e9 \u00e9tant de \"r\u00e9duire drastiquement le ph\u00e9nom\u00e8ne \u00e0 l'horizon 2033. Les chiffres parlent encore mieux de l\u2019urgence de la situation. Entre le 23\u00a0ao\u00fbt et le 7\u00a0septembre, les autorit\u00e9s s\u00e9n\u00e9galaises auraient proc\u00e9d\u00e9, selon l\u2019Oim (Organisation internationale pour les migrations), au sauvetage de\u00a01\u00a0115 candidats \u00e0 l'exil. Sans compter les drames survenus pour Fass Boye (63 personnes mortes en mer) et Rufisque (13 candidats). Pourtant, m\u00eame si les d\u00e9parts ne connaissent aucun r\u00e9pit notamment dans les zones de Ziguinchor, Fatick, Thi\u00e8s, Dakar et Saint-Louis, un graphique publi\u00e9 le mois de septembre dernier par Frontex d\u00e9montre que le S\u00e9n\u00e9gal est bien loin de figurer au peloton de t\u00eate des migrants irr\u00e9guliers \u00e0 destination de l\u2019Union europ\u00e9enne.<\/p>\n<p><strong>La Guin\u00e9e, la C\u00f4te d\u2019Ivoire et l\u2019Egypte, trio de t\u00eate des d\u00e9parts par la M\u00e9diterran\u00e9e centrale<\/strong><\/p>\n<p>Ils sont 231 900 migrants irr\u00e9guliers \u00e0 avoir franchi de janvier \u00e0 ao\u00fbt 2023 les portes de l\u2019Europe, selon les donn\u00e9es de Frontex, l\u2019agence europ\u00e9enne de surveillance et de s\u00e9curisation des fronti\u00e8res qui enregistre les entr\u00e9es irr\u00e9guli\u00e8res. En constante hausse depuis 2019, la migration vers l\u2019Italie touche principalement les nord et ouest africains. Entre\u00a0janvier et\u00a0juillet, plus de la moiti\u00e9 des migrants irr\u00e9guliers recens\u00e9s (56,7\u00a0%) proviennent d\u2019Afrique subsaharienne. En t\u00eate des d\u00e9parts, la Guin\u00e9e repr\u00e9sente 14, 1 % des statistiques, soit 12 591 entr\u00e9es. Suivie de pr\u00e8s par la C\u00f4te d\u2019Ivoire et l\u2019Egypte avec respectivement 12 220 et 7949 personnes recens\u00e9es. La Tunisie, le Bangladesh, le Pakistan, le Burkina Faso, la Syrie, le Cameroun compl\u00e8tent un tableau ferm\u00e9 par le Mali \u00e0 la 10<sup>e<\/sup> place avec pr\u00e8s de 3500 irr\u00e9guliers. Toutes ces personnes \u00e0 la recherche d\u2019une vie meilleure ont choisi la route de la M\u00e9diterran\u00e9e centrale qui part de la Tunisie et de la Libye Centrale pour rejoindre l\u2019Italie. Selon Frontex qui a observ\u00e9 un net regain d\u2019activit\u00e9, cette voie maritime est redevenue la premi\u00e8re porte d\u2019entr\u00e9e dans l\u2019Europe, alors m\u00eame qu\u2019elle est la plus dangereuse avec plus de 1800 morts ou disparus depuis le d\u00e9but de l\u2019ann\u00e9e 2023. Sur les trois routes migratoires les plus fr\u00e9quent\u00e9es, seuls 1 147 S\u00e9n\u00e9galais ont choisi la M\u00e9diterran\u00e9e centrale. La majorit\u00e9 ayant pr\u00e9f\u00e9r\u00e9 tenter sa chance par la route qui relie les pays de l\u2019Ouest aux \u00celes Canaries en Espagne.<\/p>\n<p><strong>Les S\u00e9n\u00e9galais et la route de l\u2019Afrique de l\u2019ouest<\/strong><\/p>\n<p>En 2017, les ressortissants s\u00e9n\u00e9galais figuraient \u00e0 la dixi\u00e8me place au classement des nationalit\u00e9s le plus souvent signal\u00e9es lors des arriv\u00e9es en Italie et repr\u00e9sentaient 5% des arriv\u00e9es dans le pays, contre 1% seulement des arriv\u00e9es en Espagne. Une tendance qui a commenc\u00e9 \u00e0 s\u2019inverser d\u00e8s l\u2019ann\u00e9e suivante. Les migrants s\u00e9n\u00e9galais arriv\u00e9s en Espagne en 2018 \u00e9taient quatre fois plus \u00e9lev\u00e9s et dans le m\u00eame temps, leur nombre a d\u00e9cru en Italie. Les tendances se sont confirm\u00e9es l\u2019ann\u00e9e d\u2019apr\u00e8s, indiquant qu\u2019ils avaient clairement d\u00e9cid\u00e9 de d\u00e9laisser la dangereuse route de la M\u00e9diterran\u00e9e centrale. Entre janvier et juillet 2023, le suivi Frontex a d\u00e9tect\u00e9 3 645 migrants s\u00e9n\u00e9galais arriv\u00e9s en Europe par trois routes. En majorit\u00e9, les ressortissants s\u00e9n\u00e9galais ont voyag\u00e9 par la route de l\u2019Afrique de l\u2019Ouest. Ils sont 2400 \u00e0 avoir pris cette voie, contre 1147 par la M\u00e9diterran\u00e9e centrale, le reste ayant pr\u00e9f\u00e9r\u00e9 la M\u00e9diterran\u00e9e occidentale. Un itin\u00e9raire confirm\u00e9 par l\u2019Oim qui situe le pic des d\u00e9parts entre mai et juin, une p\u00e9riode qui a enregistr\u00e9 la sortie de 21 embarcations des c\u00f4t\u00e9s s\u00e9n\u00e9galaises. Soit 20 d\u00e9parts de plus que la p\u00e9riode de mars \u00e0 avril.<\/p>\n<div class='share-to-whatsapp-wrapper'><div class='share-on-whsp'>PARTAGER SUR : <\/div><a data-text='MIGRATION IRREGULIERE -\u00a03645 S\u00e9n\u00e9galais recens\u00e9s entre janvier et juillet 2023' data-link='https:\/\/www.nettali.com\/2023\/10\/11\/migration-irreguliere-3645-senegalais-recenses-entre-janvier-et-juillet-2023\/' class='whatsapp-button whatsapp-share'>WhatsApp<\/a><div class='clear '><\/div><\/div>","protected":false},"excerpt":{"rendered":"<p>NETTALI.COM - Alors que la vague des d\u00e9parts s\u2019intensifie, l\u2019agence europ\u00e9enne de surveillance et de s\u00e9curisation des fronti\u00e8res vient de publier un tableau qui d\u00e9montre que les migrants s\u00e9n\u00e9galais sont loin derri\u00e8re le top 10 des nationalit\u00e9s qui empruntent la M\u00e9diterran\u00e9e centrale. Pour enrayer la vague de d\u00e9parts, le gouvernement s\u00e9n\u00e9galais avait mis en place, [&hellip;]<\/p>\n","protected":false},"author":4,"featured_media":98642,"comment_status":"open","ping_status":"open","sticky":false,"template":"","format":"standard","meta":{"_et_pb_use_builder":"","_et_pb_old_content":""},"categories":[3],"tags":[],"yoast_head":"<!-- This site is optimized with the Yoast SEO Premium plugin v17.8 (Yoast SEO v17.8) - https:\/\/yoast.com\/wordpress\/plugins\/seo\/ -->\n<title>MIGRATION IRREGULIERE -\u00a03645 S\u00e9n\u00e9galais recens\u00e9s entre janvier et juillet 2023 | Nettali.com<\/title>\n<meta name=\"robots\" content=\"index, follow, max-snippet:-1, max-image-preview:large, max-video-preview:-1\" \/>\n<link rel=\"canonical\" href=\"https:\/\/www.nettali.com\/2023\/10\/11\/migration-irreguliere-3645-senegalais-recenses-entre-janvier-et-juillet-2023\/\" \/>\n<meta property=\"og:locale\" content=\"fr_FR\" \/>\n<meta property=\"og:type\" content=\"article\" \/>\n<meta property=\"og:title\" content=\"MIGRATION IRREGULIERE -\u00a03645 S\u00e9n\u00e9galais recens\u00e9s entre janvier et juillet 2023\" \/>\n<meta property=\"og:description\" content=\"NETTALI.COM - Alors que la vague des d\u00e9parts s\u2019intensifie, l\u2019agence europ\u00e9enne de surveillance et de s\u00e9curisation des fronti\u00e8res vient de publier un tableau qui d\u00e9montre que les migrants s\u00e9n\u00e9galais sont loin derri\u00e8re le top 10 des nationalit\u00e9s qui empruntent la M\u00e9diterran\u00e9e centrale. Pour enrayer la vague de d\u00e9parts, le gouvernement s\u00e9n\u00e9galais avait mis en place, [&hellip;]\" \/>\n<meta property=\"og:url\" content=\"https:\/\/www.nettali.com\/2023\/10\/11\/migration-irreguliere-3645-senegalais-recenses-entre-janvier-et-juillet-2023\/\" \/>\n<meta property=\"og:site_name\" content=\"Nettali.com\" \/>\n<meta property=\"article:publisher\" content=\"https:\/\/www.facebook.com\/nettalicom\" \/>\n<meta property=\"article:published_time\" content=\"2023-10-11T16:58:44+00:00\" \/>\n<meta property=\"article:modified_time\" content=\"2023-10-11T17:31:37+00:00\" \/>\n<meta property=\"og:image\" content=\"https:\/\/www.nettali.com\/wp-content\/uploads\/2022\/11\/emigration-clandestine.jpeg\" \/>\n\t<meta property=\"og:image:width\" content=\"700\" \/>\n\t<meta property=\"og:image:height\" content=\"394\" \/>\n<meta name=\"twitter:card\" content=\"summary_large_image\" \/>\n<meta name=\"twitter:label1\" content=\"\u00c9crit par\" \/>\n\t<meta name=\"twitter:data1\" content=\"Daouda\" \/>\n\t<meta name=\"twitter:label2\" content=\"Dur\u00e9e de lecture estim\u00e9e\" \/>\n\t<meta name=\"twitter:data2\" content=\"4 minutes\" \/>\n<script type=\"application\/ld+json\" class=\"yoast-schema-graph\">{\"@context\":\"https:\/\/schema.org\",\"@graph\":[{\"@type\":\"WebSite\",\"@id\":\"https:\/\/www.nettali.com\/#website\",\"url\":\"https:\/\/www.nettali.com\/\",\"name\":\"Nettali.com\",\"description\":\"Le rendez-vous critique du Net\",\"potentialAction\":[{\"@type\":\"SearchAction\",\"target\":{\"@type\":\"EntryPoint\",\"urlTemplate\":\"https:\/\/www.nettali.com\/?s={search_term_string}\"},\"query-input\":\"required name=search_term_string\"}],\"inLanguage\":\"fr-FR\"},{\"@type\":\"ImageObject\",\"@id\":\"https:\/\/www.nettali.com\/2023\/10\/11\/migration-irreguliere-3645-senegalais-recenses-entre-janvier-et-juillet-2023\/#primaryimage\",\"inLanguage\":\"fr-FR\",\"url\":\"https:\/\/www.nettali.com\/wp-content\/uploads\/2022\/11\/emigration-clandestine.jpeg\",\"contentUrl\":\"https:\/\/www.nettali.com\/wp-content\/uploads\/2022\/11\/emigration-clandestine.jpeg\",\"width\":700,\"height\":394},{\"@type\":\"WebPage\",\"@id\":\"https:\/\/www.nettali.com\/2023\/10\/11\/migration-irreguliere-3645-senegalais-recenses-entre-janvier-et-juillet-2023\/#webpage\",\"url\":\"https:\/\/www.nettali.com\/2023\/10\/11\/migration-irreguliere-3645-senegalais-recenses-entre-janvier-et-juillet-2023\/\",\"name\":\"MIGRATION IRREGULIERE -\\u00a03645 S\\u00e9n\\u00e9galais recens\\u00e9s entre janvier et juillet 2023 | Nettali.com\",\"isPartOf\":{\"@id\":\"https:\/\/www.nettali.com\/#website\"},\"primaryImageOfPage\":{\"@id\":\"https:\/\/www.nettali.com\/2023\/10\/11\/migration-irreguliere-3645-senegalais-recenses-entre-janvier-et-juillet-2023\/#primaryimage\"},\"datePublished\":\"2023-10-11T16:58:44+00:00\",\"dateModified\":\"2023-10-11T17:31:37+00:00\",\"author\":{\"@id\":\"https:\/\/www.nettali.com\/#\/schema\/person\/3317e0bb3aa1da309fbf7b2780901bf4\"},\"breadcrumb\":{\"@id\":\"https:\/\/www.nettali.com\/2023\/10\/11\/migration-irreguliere-3645-senegalais-recenses-entre-janvier-et-juillet-2023\/#breadcrumb\"},\"inLanguage\":\"fr-FR\",\"potentialAction\":[{\"@type\":\"ReadAction\",\"target\":[\"https:\/\/www.nettali.com\/2023\/10\/11\/migration-irreguliere-3645-senegalais-recenses-entre-janvier-et-juillet-2023\/\"]}]},{\"@type\":\"BreadcrumbList\",\"@id\":\"https:\/\/www.nettali.com\/2023\/10\/11\/migration-irreguliere-3645-senegalais-recenses-entre-janvier-et-juillet-2023\/#breadcrumb\",\"itemListElement\":[{\"@type\":\"ListItem\",\"position\":1,\"name\":\"Accueil\",\"item\":\"https:\/\/www.nettali.com\/\"},{\"@type\":\"ListItem\",\"position\":2,\"name\":\"MIGRATION IRREGULIERE -\\u00a03645 S\\u00e9n\\u00e9galais recens\\u00e9s entre janvier et juillet 2023\"}]},{\"@type\":\"Person\",\"@id\":\"https:\/\/www.nettali.com\/#\/schema\/person\/3317e0bb3aa1da309fbf7b2780901bf4\",\"name\":\"Daouda\",\"image\":{\"@type\":\"ImageObject\",\"@id\":\"https:\/\/www.nettali.com\/#personlogo\",\"inLanguage\":\"fr-FR\",\"url\":\"https:\/\/secure.gravatar.com\/avatar\/8d143b5a49345098ddcfee1c49c2f47c?s=96&d=mm&r=g\",\"contentUrl\":\"https:\/\/secure.gravatar.com\/avatar\/8d143b5a49345098ddcfee1c49c2f47c?s=96&d=mm&r=g\",\"caption\":\"Daouda\"},\"sameAs\":[\"https:\/\/www.nettali.com\"]}]}<\/script>\n<!-- \/ Yoast SEO Premium plugin. -->","yoast_head_json":{"title":"MIGRATION IRREGULIERE -\u00a03645 S\u00e9n\u00e9galais recens\u00e9s entre janvier et juillet 2023 | Nettali.com","robots":{"index":"index","follow":"follow","max-snippet":"max-snippet:-1","max-image-preview":"max-image-preview:large","max-video-preview":"max-video-preview:-1"},"canonical":"https:\/\/www.nettali.com\/2023\/10\/11\/migration-irreguliere-3645-senegalais-recenses-entre-janvier-et-juillet-2023\/","og_locale":"fr_FR","og_type":"article","og_title":"MIGRATION IRREGULIERE -\u00a03645 S\u00e9n\u00e9galais recens\u00e9s entre janvier et juillet 2023","og_description":"NETTALI.COM - Alors que la vague des d\u00e9parts s\u2019intensifie, l\u2019agence europ\u00e9enne de surveillance et de s\u00e9curisation des fronti\u00e8res vient de publier un tableau qui d\u00e9montre que les migrants s\u00e9n\u00e9galais sont loin derri\u00e8re le top 10 des nationalit\u00e9s qui empruntent la M\u00e9diterran\u00e9e centrale. Pour enrayer la vague de d\u00e9parts, le gouvernement s\u00e9n\u00e9galais avait mis en place, [&hellip;]","og_url":"https:\/\/www.nettali.com\/2023\/10\/11\/migration-irreguliere-3645-senegalais-recenses-entre-janvier-et-juillet-2023\/","og_site_name":"Nettali.com","article_publisher":"https:\/\/www.facebook.com\/nettalicom","article_published_time":"2023-10-11T16:58:44+00:00","article_modified_time":"2023-10-11T17:31:37+00:00","og_image":[{"width":700,"height":394,"url":"https:\/\/www.nettali.com\/wp-content\/uploads\/2022\/11\/emigration-clandestine.jpeg","type":"image\/jpeg"}],"twitter_card":"summary_large_image","twitter_misc":{"\u00c9crit par":"Daouda","Dur\u00e9e de lecture estim\u00e9e":"4 minutes"},"schema":{"@context":"https:\/\/schema.org","@graph":[{"@type":"WebSite","@id":"https:\/\/www.nettali.com\/#website","url":"https:\/\/www.nettali.com\/","name":"Nettali.com","description":"Le rendez-vous critique du Net","potentialAction":[{"@type":"SearchAction","target":{"@type":"EntryPoint","urlTemplate":"https:\/\/www.nettali.com\/?s={search_term_string}"},"query-input":"required name=search_term_string"}],"inLanguage":"fr-FR"},{"@type":"ImageObject","@id":"https:\/\/www.nettali.com\/2023\/10\/11\/migration-irreguliere-3645-senegalais-recenses-entre-janvier-et-juillet-2023\/#primaryimage","inLanguage":"fr-FR","url":"https:\/\/www.nettali.com\/wp-content\/uploads\/2022\/11\/emigration-clandestine.jpeg","contentUrl":"https:\/\/www.nettali.com\/wp-content\/uploads\/2022\/11\/emigration-clandestine.jpeg","width":700,"height":394},{"@type":"WebPage","@id":"https:\/\/www.nettali.com\/2023\/10\/11\/migration-irreguliere-3645-senegalais-recenses-entre-janvier-et-juillet-2023\/#webpage","url":"https:\/\/www.nettali.com\/2023\/10\/11\/migration-irreguliere-3645-senegalais-recenses-entre-janvier-et-juillet-2023\/","name":"MIGRATION IRREGULIERE -\u00a03645 S\u00e9n\u00e9galais recens\u00e9s entre janvier et juillet 2023 | Nettali.com","isPartOf":{"@id":"https:\/\/www.nettali.com\/#website"},"primaryImageOfPage":{"@id":"https:\/\/www.nettali.com\/2023\/10\/11\/migration-irreguliere-3645-senegalais-recenses-entre-janvier-et-juillet-2023\/#primaryimage"},"datePublished":"2023-10-11T16:58:44+00:00","dateModified":"2023-10-11T17:31:37+00:00","author":{"@id":"https:\/\/www.nettali.com\/#\/schema\/person\/3317e0bb3aa1da309fbf7b2780901bf4"},"breadcrumb":{"@id":"https:\/\/www.nettali.com\/2023\/10\/11\/migration-irreguliere-3645-senegalais-recenses-entre-janvier-et-juillet-2023\/#breadcrumb"},"inLanguage":"fr-FR","potentialAction":[{"@type":"ReadAction","target":["https:\/\/www.nettali.com\/2023\/10\/11\/migration-irreguliere-3645-senegalais-recenses-entre-janvier-et-juillet-2023\/"]}]},{"@type":"BreadcrumbList","@id":"https:\/\/www.nettali.com\/2023\/10\/11\/migration-irreguliere-3645-senegalais-recenses-entre-janvier-et-juillet-2023\/#breadcrumb","itemListElement":[{"@type":"ListItem","position":1,"name":"Accueil","item":"https:\/\/www.nettali.com\/"},{"@type":"ListItem","position":2,"name":"MIGRATION IRREGULIERE -\u00a03645 S\u00e9n\u00e9galais recens\u00e9s entre janvier et juillet 2023"}]},{"@type":"Person","@id":"https:\/\/www.nettali.com\/#\/schema\/person\/3317e0bb3aa1da309fbf7b2780901bf4","name":"Daouda","image":{"@type":"ImageObject","@id":"https:\/\/www.nettali.com\/#personlogo","inLanguage":"fr-FR","url":"https:\/\/secure.gravatar.com\/avatar\/8d143b5a49345098ddcfee1c49c2f47c?s=96&d=mm&r=g","contentUrl":"https:\/\/secure.gravatar.com\/avatar\/8d143b5a49345098ddcfee1c49c2f47c?s=96&d=mm&r=g","caption":"Daouda"},"sameAs":["https:\/\/www.nettali.com"]}]}},"_links":{"self":[{"href":"https:\/\/www.nettali.com\/rest\/wp\/v2\/posts\/119878"}],"collection":[{"href":"https:\/\/www.nettali.com\/rest\/wp\/v2\/posts"}],"about":[{"href":"https:\/\/www.nettali.com\/rest\/wp\/v2\/types\/post"}],"author":[{"embeddable":true,"href":"https:\/\/www.nettali.com\/rest\/wp\/v2\/users\/4"}],"replies":[{"embeddable":true,"href":"https:\/\/www.nettali.com\/rest\/wp\/v2\/comments?post=119878"}],"version-history":[{"count":1,"href":"https:\/\/www.nettali.com\/rest\/wp\/v2\/posts\/119878\/revisions"}],"predecessor-version":[{"id":119879,"href":"https:\/\/www.nettali.com\/rest\/wp\/v2\/posts\/119878\/revisions\/119879"}],"wp:featuredmedia":[{"embeddable":true,"href":"https:\/\/www.nettali.com\/rest\/wp\/v2\/media\/98642"}],"wp:attachment":[{"href":"https:\/\/www.nettali.com\/rest\/wp\/v2\/media?parent=119878"}],"wp:term":[{"taxonomy":"category","embeddable":true,"href":"https:\/\/www.nettali.com\/rest\/wp\/v2\/categories?post=119878"},{"taxonomy":"post_tag","embeddable":true,"href":"https:\/\/www.nettali.com\/rest\/wp\/v2\/tags?post=119878"}],"curies":[{"name":"wp","href":"https:\/\/api.w.org\/{rel}","templated":true}]}}