{"id":119843,"date":"2023-10-11T07:13:30","date_gmt":"2023-10-11T07:13:30","guid":{"rendered":"https:\/\/www.nettali.com\/?p=119843"},"modified":"2023-10-11T07:13:30","modified_gmt":"2023-10-11T07:13:30","slug":"en-coulisses-pleniere-f-24","status":"publish","type":"post","link":"https:\/\/www.nettali.com\/2023\/10\/11\/en-coulisses-pleniere-f-24\/","title":{"rendered":"EN COULISSES - Pl\u00e9ni\u00e8re F 24"},"content":{"rendered":"<div class=\"page\" title=\"Page 2\">\n<div class=\"layoutArea\">\n<div class=\"column\">\n<p><strong>NETTALI.COM -<\/strong> La ple\u0301nie\u0300re de F24 s\u2019est tenue dimanche dernier. Les membres du Comite\u0301 exe\u0301cutif se sont en effet prononce\u0301s sur l\u2019arrestation du coordonnateur de Y en a marre, Aliou Sane\u0301. Une arrestation qui est conside\u0301re\u0301e \u201c<em>comme une e\u0301nie\u0300me forfaiture qui vient ajouter au sur- peuplement des prisons et confirmer la tendance dictatoriale d\u2019un re\u0301gime qui tient a\u0300 ba\u0302illonner toutes les voix dissonantes. En effet, le vice-coordonnateur de F24 retrouve dans les geo\u0302les Cheikh Oumar Diagne et Ousmane Sonko, tous deux candidats a\u0300 la Pre\u0301sidentielle et membres de F24, mais aussi plus de 1 200 autres de\u0301tenus poli- tiques arbitrairement embastille\u0301s<\/em>\u201d, lit-on dans un communique\u0301.<\/p>\n<p>L\u2019organisation de\u0301nonce e\u0301galement la huitie\u0300me interdiction de manifestation qui a e\u0301te\u0301 notifie\u0301e a\u0300 F24 (le 07\/10\/2023) et \"c<em>onfirmant que la confiscation des droits et liberte\u0301s de re\u0301union et d\u2019expression est e\u0301rige\u0301e en re\u0300gle par notre Administration. La violation re\u0301pe\u0301titive des lois par des fonctionnaires obe\u0301issant aveugle\u0301ment a\u0300 leurs chefs, dont la dernie\u0300re en date est le refus de la DGE de remettre une fiche de parrainage au mandataire d\u2019Ousmane Sonko, a e\u0301te\u0301 vivement de\u0301nonce\u0301e\"<\/em>.<\/p>\n<p>Le F24 a en outre de\u0301cide\u0301 de convier ses membres a\u0300 la concertation autour du processus e\u0301lectoral, informe-t-on. \"<em>Il s\u2019agit, dans le cadre de la poursuite du dialogue du peuple, de mettre en place un dispositif fiable qui permettra de se\u0301curiser le processus e\u0301lectoral et surtout de rendre pos- sible une e\u0301lection pre\u0301sidentielle inclusive et since\u0300re, transparente et apaise\u0301e en 2024<\/em>\u201d.<\/p>\n<\/div>\n<\/div>\n<\/div>\n<div class='share-to-whatsapp-wrapper'><div class='share-on-whsp'>PARTAGER SUR : <\/div><a data-text='EN COULISSES - Pl\u00e9ni\u00e8re F 24' data-link='https:\/\/www.nettali.com\/2023\/10\/11\/en-coulisses-pleniere-f-24\/' class='whatsapp-button whatsapp-share'>WhatsApp<\/a><div class='clear '><\/div><\/div>","protected":false},"excerpt":{"rendered":"<p>NETTALI.COM - La ple\u0301nie\u0300re de F24 s\u2019est tenue dimanche dernier. Les membres du Comite\u0301 exe\u0301cutif se sont en effet prononce\u0301s sur l\u2019arrestation du coordonnateur de Y en a marre, Aliou Sane\u0301. Une arrestation qui est conside\u0301re\u0301e \u201ccomme une e\u0301nie\u0300me forfaiture qui vient ajouter au sur- peuplement des prisons et confirmer la tendance dictatoriale d\u2019un re\u0301gime [&hellip;]<\/p>\n","protected":false},"author":2,"featured_media":119851,"comment_status":"open","ping_status":"open","sticky":false,"template":"","format":"standard","meta":{"_et_pb_use_builder":"","_et_pb_old_content":""},"categories":[34945],"tags":[],"yoast_head":"<!-- This site is optimized with the Yoast SEO Premium plugin v17.8 (Yoast SEO v17.8) - https:\/\/yoast.com\/wordpress\/plugins\/seo\/ -->\n<title>EN COULISSES - Pl\u00e9ni\u00e8re F 24 | Nettali.com<\/title>\n<meta name=\"robots\" content=\"index, follow, max-snippet:-1, max-image-preview:large, max-video-preview:-1\" \/>\n<link rel=\"canonical\" href=\"https:\/\/www.nettali.com\/2023\/10\/11\/en-coulisses-pleniere-f-24\/\" \/>\n<meta property=\"og:locale\" content=\"fr_FR\" \/>\n<meta property=\"og:type\" content=\"article\" \/>\n<meta property=\"og:title\" content=\"EN COULISSES - Pl\u00e9ni\u00e8re F 24\" \/>\n<meta property=\"og:description\" content=\"NETTALI.COM - La ple\u0301nie\u0300re de F24 s\u2019est tenue dimanche dernier. Les membres du Comite\u0301 exe\u0301cutif se sont en effet prononce\u0301s sur l\u2019arrestation du coordonnateur de Y en a marre, Aliou Sane\u0301. Une arrestation qui est conside\u0301re\u0301e \u201ccomme une e\u0301nie\u0300me forfaiture qui vient ajouter au sur- peuplement des prisons et confirmer la tendance dictatoriale d\u2019un re\u0301gime [&hellip;]\" \/>\n<meta property=\"og:url\" content=\"https:\/\/www.nettali.com\/2023\/10\/11\/en-coulisses-pleniere-f-24\/\" \/>\n<meta property=\"og:site_name\" content=\"Nettali.com\" \/>\n<meta property=\"article:publisher\" content=\"https:\/\/www.facebook.com\/nettalicom\" \/>\n<meta property=\"article:published_time\" content=\"2023-10-11T07:13:30+00:00\" \/>\n<meta property=\"og:image\" content=\"https:\/\/www.nettali.com\/wp-content\/uploads\/2023\/10\/pf24.jpg\" \/>\n\t<meta property=\"og:image:width\" content=\"800\" \/>\n\t<meta property=\"og:image:height\" content=\"600\" \/>\n<meta name=\"twitter:card\" content=\"summary_large_image\" \/>\n<meta name=\"twitter:label1\" content=\"\u00c9crit par\" \/>\n\t<meta name=\"twitter:data1\" content=\"CK\" \/>\n\t<meta name=\"twitter:label2\" content=\"Dur\u00e9e de lecture estim\u00e9e\" \/>\n\t<meta name=\"twitter:data2\" content=\"1 minute\" \/>\n<script type=\"application\/ld+json\" class=\"yoast-schema-graph\">{\"@context\":\"https:\/\/schema.org\",\"@graph\":[{\"@type\":\"WebSite\",\"@id\":\"https:\/\/www.nettali.com\/#website\",\"url\":\"https:\/\/www.nettali.com\/\",\"name\":\"Nettali.com\",\"description\":\"Le rendez-vous critique du Net\",\"potentialAction\":[{\"@type\":\"SearchAction\",\"target\":{\"@type\":\"EntryPoint\",\"urlTemplate\":\"https:\/\/www.nettali.com\/?s={search_term_string}\"},\"query-input\":\"required name=search_term_string\"}],\"inLanguage\":\"fr-FR\"},{\"@type\":\"ImageObject\",\"@id\":\"https:\/\/www.nettali.com\/2023\/10\/11\/en-coulisses-pleniere-f-24\/#primaryimage\",\"inLanguage\":\"fr-FR\",\"url\":\"https:\/\/www.nettali.com\/wp-content\/uploads\/2023\/10\/pf24.jpg\",\"contentUrl\":\"https:\/\/www.nettali.com\/wp-content\/uploads\/2023\/10\/pf24.jpg\",\"width\":800,\"height\":600},{\"@type\":\"WebPage\",\"@id\":\"https:\/\/www.nettali.com\/2023\/10\/11\/en-coulisses-pleniere-f-24\/#webpage\",\"url\":\"https:\/\/www.nettali.com\/2023\/10\/11\/en-coulisses-pleniere-f-24\/\",\"name\":\"EN COULISSES - Pl\\u00e9ni\\u00e8re F 24 | Nettali.com\",\"isPartOf\":{\"@id\":\"https:\/\/www.nettali.com\/#website\"},\"primaryImageOfPage\":{\"@id\":\"https:\/\/www.nettali.com\/2023\/10\/11\/en-coulisses-pleniere-f-24\/#primaryimage\"},\"datePublished\":\"2023-10-11T07:13:30+00:00\",\"dateModified\":\"2023-10-11T07:13:30+00:00\",\"author\":{\"@id\":\"https:\/\/www.nettali.com\/#\/schema\/person\/d8ac7b7e27ddad43f1c0d2ef090d7f71\"},\"breadcrumb\":{\"@id\":\"https:\/\/www.nettali.com\/2023\/10\/11\/en-coulisses-pleniere-f-24\/#breadcrumb\"},\"inLanguage\":\"fr-FR\",\"potentialAction\":[{\"@type\":\"ReadAction\",\"target\":[\"https:\/\/www.nettali.com\/2023\/10\/11\/en-coulisses-pleniere-f-24\/\"]}]},{\"@type\":\"BreadcrumbList\",\"@id\":\"https:\/\/www.nettali.com\/2023\/10\/11\/en-coulisses-pleniere-f-24\/#breadcrumb\",\"itemListElement\":[{\"@type\":\"ListItem\",\"position\":1,\"name\":\"Accueil\",\"item\":\"https:\/\/www.nettali.com\/\"},{\"@type\":\"ListItem\",\"position\":2,\"name\":\"EN COULISSES - Pl\\u00e9ni\\u00e8re F 24\"}]},{\"@type\":\"Person\",\"@id\":\"https:\/\/www.nettali.com\/#\/schema\/person\/d8ac7b7e27ddad43f1c0d2ef090d7f71\",\"name\":\"CK\",\"image\":{\"@type\":\"ImageObject\",\"@id\":\"https:\/\/www.nettali.com\/#personlogo\",\"inLanguage\":\"fr-FR\",\"url\":\"https:\/\/secure.gravatar.com\/avatar\/1d8d5118b9327d94da7cd4ce7f17fec2?s=96&d=mm&r=g\",\"contentUrl\":\"https:\/\/secure.gravatar.com\/avatar\/1d8d5118b9327d94da7cd4ce7f17fec2?s=96&d=mm&r=g\",\"caption\":\"CK\"},\"sameAs\":[\"https:\/\/www.nettali.com\"]}]}<\/script>\n<!-- \/ Yoast SEO Premium plugin. -->","yoast_head_json":{"title":"EN COULISSES - Pl\u00e9ni\u00e8re F 24 | Nettali.com","robots":{"index":"index","follow":"follow","max-snippet":"max-snippet:-1","max-image-preview":"max-image-preview:large","max-video-preview":"max-video-preview:-1"},"canonical":"https:\/\/www.nettali.com\/2023\/10\/11\/en-coulisses-pleniere-f-24\/","og_locale":"fr_FR","og_type":"article","og_title":"EN COULISSES - Pl\u00e9ni\u00e8re F 24","og_description":"NETTALI.COM - La ple\u0301nie\u0300re de F24 s\u2019est tenue dimanche dernier. Les membres du Comite\u0301 exe\u0301cutif se sont en effet prononce\u0301s sur l\u2019arrestation du coordonnateur de Y en a marre, Aliou Sane\u0301. Une arrestation qui est conside\u0301re\u0301e \u201ccomme une e\u0301nie\u0300me forfaiture qui vient ajouter au sur- peuplement des prisons et confirmer la tendance dictatoriale d\u2019un re\u0301gime [&hellip;]","og_url":"https:\/\/www.nettali.com\/2023\/10\/11\/en-coulisses-pleniere-f-24\/","og_site_name":"Nettali.com","article_publisher":"https:\/\/www.facebook.com\/nettalicom","article_published_time":"2023-10-11T07:13:30+00:00","og_image":[{"width":800,"height":600,"url":"https:\/\/www.nettali.com\/wp-content\/uploads\/2023\/10\/pf24.jpg","type":"image\/jpeg"}],"twitter_card":"summary_large_image","twitter_misc":{"\u00c9crit par":"CK","Dur\u00e9e de lecture estim\u00e9e":"1 minute"},"schema":{"@context":"https:\/\/schema.org","@graph":[{"@type":"WebSite","@id":"https:\/\/www.nettali.com\/#website","url":"https:\/\/www.nettali.com\/","name":"Nettali.com","description":"Le rendez-vous critique du Net","potentialAction":[{"@type":"SearchAction","target":{"@type":"EntryPoint","urlTemplate":"https:\/\/www.nettali.com\/?s={search_term_string}"},"query-input":"required name=search_term_string"}],"inLanguage":"fr-FR"},{"@type":"ImageObject","@id":"https:\/\/www.nettali.com\/2023\/10\/11\/en-coulisses-pleniere-f-24\/#primaryimage","inLanguage":"fr-FR","url":"https:\/\/www.nettali.com\/wp-content\/uploads\/2023\/10\/pf24.jpg","contentUrl":"https:\/\/www.nettali.com\/wp-content\/uploads\/2023\/10\/pf24.jpg","width":800,"height":600},{"@type":"WebPage","@id":"https:\/\/www.nettali.com\/2023\/10\/11\/en-coulisses-pleniere-f-24\/#webpage","url":"https:\/\/www.nettali.com\/2023\/10\/11\/en-coulisses-pleniere-f-24\/","name":"EN COULISSES - Pl\u00e9ni\u00e8re F 24 | Nettali.com","isPartOf":{"@id":"https:\/\/www.nettali.com\/#website"},"primaryImageOfPage":{"@id":"https:\/\/www.nettali.com\/2023\/10\/11\/en-coulisses-pleniere-f-24\/#primaryimage"},"datePublished":"2023-10-11T07:13:30+00:00","dateModified":"2023-10-11T07:13:30+00:00","author":{"@id":"https:\/\/www.nettali.com\/#\/schema\/person\/d8ac7b7e27ddad43f1c0d2ef090d7f71"},"breadcrumb":{"@id":"https:\/\/www.nettali.com\/2023\/10\/11\/en-coulisses-pleniere-f-24\/#breadcrumb"},"inLanguage":"fr-FR","potentialAction":[{"@type":"ReadAction","target":["https:\/\/www.nettali.com\/2023\/10\/11\/en-coulisses-pleniere-f-24\/"]}]},{"@type":"BreadcrumbList","@id":"https:\/\/www.nettali.com\/2023\/10\/11\/en-coulisses-pleniere-f-24\/#breadcrumb","itemListElement":[{"@type":"ListItem","position":1,"name":"Accueil","item":"https:\/\/www.nettali.com\/"},{"@type":"ListItem","position":2,"name":"EN COULISSES - Pl\u00e9ni\u00e8re F 24"}]},{"@type":"Person","@id":"https:\/\/www.nettali.com\/#\/schema\/person\/d8ac7b7e27ddad43f1c0d2ef090d7f71","name":"CK","image":{"@type":"ImageObject","@id":"https:\/\/www.nettali.com\/#personlogo","inLanguage":"fr-FR","url":"https:\/\/secure.gravatar.com\/avatar\/1d8d5118b9327d94da7cd4ce7f17fec2?s=96&d=mm&r=g","contentUrl":"https:\/\/secure.gravatar.com\/avatar\/1d8d5118b9327d94da7cd4ce7f17fec2?s=96&d=mm&r=g","caption":"CK"},"sameAs":["https:\/\/www.nettali.com"]}]}},"_links":{"self":[{"href":"https:\/\/www.nettali.com\/rest\/wp\/v2\/posts\/119843"}],"collection":[{"href":"https:\/\/www.nettali.com\/rest\/wp\/v2\/posts"}],"about":[{"href":"https:\/\/www.nettali.com\/rest\/wp\/v2\/types\/post"}],"author":[{"embeddable":true,"href":"https:\/\/www.nettali.com\/rest\/wp\/v2\/users\/2"}],"replies":[{"embeddable":true,"href":"https:\/\/www.nettali.com\/rest\/wp\/v2\/comments?post=119843"}],"version-history":[{"count":1,"href":"https:\/\/www.nettali.com\/rest\/wp\/v2\/posts\/119843\/revisions"}],"predecessor-version":[{"id":119844,"href":"https:\/\/www.nettali.com\/rest\/wp\/v2\/posts\/119843\/revisions\/119844"}],"wp:featuredmedia":[{"embeddable":true,"href":"https:\/\/www.nettali.com\/rest\/wp\/v2\/media\/119851"}],"wp:attachment":[{"href":"https:\/\/www.nettali.com\/rest\/wp\/v2\/media?parent=119843"}],"wp:term":[{"taxonomy":"category","embeddable":true,"href":"https:\/\/www.nettali.com\/rest\/wp\/v2\/categories?post=119843"},{"taxonomy":"post_tag","embeddable":true,"href":"https:\/\/www.nettali.com\/rest\/wp\/v2\/tags?post=119843"}],"curies":[{"name":"wp","href":"https:\/\/api.w.org\/{rel}","templated":true}]}}