{"id":119824,"date":"2023-10-10T20:51:53","date_gmt":"2023-10-10T20:51:53","guid":{"rendered":"https:\/\/www.nettali.com\/?p=119824"},"modified":"2023-10-11T20:45:34","modified_gmt":"2023-10-11T20:45:34","slug":"aly-ngouille-ndiaye-letat-ne-doit-pas-etre-une-arme-contre-un-adversaire-politique","status":"publish","type":"post","link":"https:\/\/www.nettali.com\/2023\/10\/10\/aly-ngouille-ndiaye-letat-ne-doit-pas-etre-une-arme-contre-un-adversaire-politique\/","title":{"rendered":"ALY NGOUILLE NDIAYE - \"L\u2019\u00c9tat ne doit pas \u00eatre une arme contre un adversaire politique\""},"content":{"rendered":"<p><strong>NETTALI.COM - L\u2019annonce officielle a \u00e9t\u00e9 faite samedi \u00e0 Dakar. Aly Ngouille Ndiaye est candidat \u00e0 la Pr\u00e9sidentielle de 2024. L\u2019ancien ministre de l\u2019Agriculture et de la S\u00e9curit\u00e9 alimentaire acte sa rupture avec le Pr\u00e9sident Macky Sall et la coalition Benno Bokk Yaakaar (Bby). Le candidat de la coalition Aly Ngouille 2024\u00bb veut aussi rompre d\u2019avec les pratiques de la gestion de Macky Sall, son alli\u00e9 de plus de dix ans. <\/strong><\/p>\n<p><em>\u00abDans notre pays, il y a beaucoup de souffrances, d\u2019injustices et de divisions. En ces temps graves et porteurs d\u2019inqui\u00e9tudes multiformes, je veux \u00eatre le Pr\u00e9sident d\u2019un S\u00e9n\u00e9gal r\u00e9concili\u00e9, je veux redonner au S\u00e9n\u00e9gal sa r\u00e9putation de qui\u00e9tude, d\u2019empathie et de sociabilit\u00e9.\u00bb<\/em> Aly Ngouille Ndiaye s\u2019engage \u00e0 r\u00e9former profond\u00e9ment la justice, convaincu, dit-il, que <em>\u00abl\u2019\u00c9tat ne doit pas \u00eatre une arme contre un adversaire politique\u00bb. \u00abJe veux \u00eatre le candidat de la justice pour tous. Ces derni\u00e8res ann\u00e9es, une s\u00e9rie d\u2019affaires impliquant des citoyens dans notre pays a mis en \u00e9vidence la n\u00e9cessit\u00e9 de mener une r\u00e9forme des institutions judiciaires, afin de renforcer l\u2019ind\u00e9pendance de la justice et d\u2019\u00e9tablir une r\u00e9elle s\u00e9paration des pouvoirs entre l\u2019ex\u00e9cutif et le judiciaire.\u00bb<\/em> Aly Ngouille Ndiaye compte r\u00e9ussir ce que le r\u00e9gime du Pr\u00e9sident Macky Sall peine \u00e0 mat\u00e9rialiser. <em>\u00abLa s\u00e9curit\u00e9 alimentaire : notre pays ne peut plus d\u00e9pendre de l\u2019ext\u00e9rieur pour nourrir sa population. Notre souverainet\u00e9 alimentaire conditionne notre capacit\u00e9 \u00e0 assumer nos devoirs vis-\u00e0-vis de nous-m\u00eames et de nos partenaires de toute ob\u00e9dience. Je veux ici m\u2019adresser au monde rural (agriculteurs, \u00e9leveurs, p\u00eacheurs) qui regroupe plus de soixante pour cent (60%) de la population du S\u00e9n\u00e9gal estim\u00e9e \u00e0 18.275.743 d\u2019habitants et dont la contribution au Produit int\u00e9rieur brut (Pib) n\u2019est que d\u2019environ dix-sept (17%) ; avec vous je m\u2019engage r\u00e9solument dans la voie de la souverainet\u00e9 alimentaire au terme de mon premier mandat.\u00bb<\/em><\/p>\n<p>Le maire de Lingu\u00e8re compte aussi d\u00e9velopper un large programme pour la jeunesse\u00a0: <em>\u00ab\u00c0 la jeunesse s\u00e9n\u00e9galaise, fortement touch\u00e9e par le ch\u00f4mage, dont le taux a presque doubl\u00e9 en l\u2019espace de dix ans, passant de douze (12%) en 2012 \u00e0 vingt-trois (23%) en 2023, selon l\u2019Agence nationale de la statistique et de la d\u00e9mographie (Ansd), je veux redonner l\u2019espoir et l\u2019esprit de conqu\u00eate. Je serai le Pr\u00e9sident de l\u2019emploi, de l\u2019emploi et encore de l\u2019emploi pour mettre fin \u00e0 ce fl\u00e9au du ch\u00f4mage end\u00e9mique qui jette nos enfants dans les flux migratoires, - de l\u2019espoir de la jeunesse dipl\u00f4m\u00e9e et du secteur informel ; l\u2019emploi sera le plus vaste de mes chantiers. La cr\u00e9ation et l'innovation seront au c\u0153ur de mon action. - de l\u2019agriculture, de l\u2019\u00e9levage et de la p\u00eache r\u00e9habilit\u00e9s au rang des priorit\u00e9s.\u00bb<\/em> Aly Ngouille veut redonner \u00e0 la Nation s\u00e9n\u00e9galaise <em>\u00ables valeurs de paix, de solidarit\u00e9, de fraternit\u00e9 humaine et de coh\u00e9sion sociale, en lieu et place du d\u00e9cha\u00eenement violent de la pol\u00e9mique et des controverses que conna\u00eet aujourd\u2019hui notre pays et qui nuisent \u00e0 son \u00e9panouissement, \u00e0 son d\u00e9veloppement ainsi qu\u2019\u00e0 son image de marque.\u00bb<\/em><\/p>\n<div class='share-to-whatsapp-wrapper'><div class='share-on-whsp'>PARTAGER SUR : <\/div><a data-text='ALY NGOUILLE NDIAYE - \"L\u2019\u00c9tat ne doit pas \u00eatre une arme contre un adversaire politique\"' data-link='https:\/\/www.nettali.com\/2023\/10\/10\/aly-ngouille-ndiaye-letat-ne-doit-pas-etre-une-arme-contre-un-adversaire-politique\/' class='whatsapp-button whatsapp-share'>WhatsApp<\/a><div class='clear '><\/div><\/div>","protected":false},"excerpt":{"rendered":"<p>NETTALI.COM - L\u2019annonce officielle a \u00e9t\u00e9 faite samedi \u00e0 Dakar. Aly Ngouille Ndiaye est candidat \u00e0 la Pr\u00e9sidentielle de 2024. L\u2019ancien ministre de l\u2019Agriculture et de la S\u00e9curit\u00e9 alimentaire acte sa rupture avec le Pr\u00e9sident Macky Sall et la coalition Benno Bokk Yaakaar (Bby). Le candidat de la coalition Aly Ngouille 2024\u00bb veut aussi rompre [&hellip;]<\/p>\n","protected":false},"author":4,"featured_media":119264,"comment_status":"open","ping_status":"open","sticky":false,"template":"","format":"standard","meta":{"_et_pb_use_builder":"","_et_pb_old_content":""},"categories":[2],"tags":[],"yoast_head":"<!-- This site is optimized with the Yoast SEO Premium plugin v17.8 (Yoast SEO v17.8) - https:\/\/yoast.com\/wordpress\/plugins\/seo\/ -->\n<title>ALY NGOUILLE NDIAYE - &quot;L\u2019\u00c9tat ne doit pas \u00eatre une arme contre un adversaire politique&quot; | Nettali.com<\/title>\n<meta name=\"robots\" content=\"index, follow, max-snippet:-1, max-image-preview:large, max-video-preview:-1\" \/>\n<link rel=\"canonical\" href=\"https:\/\/www.nettali.com\/2023\/10\/10\/aly-ngouille-ndiaye-letat-ne-doit-pas-etre-une-arme-contre-un-adversaire-politique\/\" \/>\n<meta property=\"og:locale\" content=\"fr_FR\" \/>\n<meta property=\"og:type\" content=\"article\" \/>\n<meta property=\"og:title\" content=\"ALY NGOUILLE NDIAYE - &quot;L\u2019\u00c9tat ne doit pas \u00eatre une arme contre un adversaire politique&quot;\" \/>\n<meta property=\"og:description\" content=\"NETTALI.COM - L\u2019annonce officielle a \u00e9t\u00e9 faite samedi \u00e0 Dakar. Aly Ngouille Ndiaye est candidat \u00e0 la Pr\u00e9sidentielle de 2024. L\u2019ancien ministre de l\u2019Agriculture et de la S\u00e9curit\u00e9 alimentaire acte sa rupture avec le Pr\u00e9sident Macky Sall et la coalition Benno Bokk Yaakaar (Bby). Le candidat de la coalition Aly Ngouille 2024\u00bb veut aussi rompre [&hellip;]\" \/>\n<meta property=\"og:url\" content=\"https:\/\/www.nettali.com\/2023\/10\/10\/aly-ngouille-ndiaye-letat-ne-doit-pas-etre-une-arme-contre-un-adversaire-politique\/\" \/>\n<meta property=\"og:site_name\" content=\"Nettali.com\" \/>\n<meta property=\"article:publisher\" content=\"https:\/\/www.facebook.com\/nettalicom\" \/>\n<meta property=\"article:published_time\" content=\"2023-10-10T20:51:53+00:00\" \/>\n<meta property=\"article:modified_time\" content=\"2023-10-11T20:45:34+00:00\" \/>\n<meta property=\"og:image\" content=\"https:\/\/www.nettali.com\/wp-content\/uploads\/2023\/10\/aly-ngouille-ndiaye-macky-sall.jpg\" \/>\n\t<meta property=\"og:image:width\" content=\"1280\" \/>\n\t<meta property=\"og:image:height\" content=\"750\" \/>\n<meta name=\"twitter:card\" content=\"summary_large_image\" \/>\n<meta name=\"twitter:label1\" content=\"\u00c9crit par\" \/>\n\t<meta name=\"twitter:data1\" content=\"Daouda\" \/>\n\t<meta name=\"twitter:label2\" content=\"Dur\u00e9e de lecture estim\u00e9e\" \/>\n\t<meta name=\"twitter:data2\" content=\"3 minutes\" \/>\n<script type=\"application\/ld+json\" class=\"yoast-schema-graph\">{\"@context\":\"https:\/\/schema.org\",\"@graph\":[{\"@type\":\"WebSite\",\"@id\":\"https:\/\/www.nettali.com\/#website\",\"url\":\"https:\/\/www.nettali.com\/\",\"name\":\"Nettali.com\",\"description\":\"Le rendez-vous critique du Net\",\"potentialAction\":[{\"@type\":\"SearchAction\",\"target\":{\"@type\":\"EntryPoint\",\"urlTemplate\":\"https:\/\/www.nettali.com\/?s={search_term_string}\"},\"query-input\":\"required name=search_term_string\"}],\"inLanguage\":\"fr-FR\"},{\"@type\":\"ImageObject\",\"@id\":\"https:\/\/www.nettali.com\/2023\/10\/10\/aly-ngouille-ndiaye-letat-ne-doit-pas-etre-une-arme-contre-un-adversaire-politique\/#primaryimage\",\"inLanguage\":\"fr-FR\",\"url\":\"https:\/\/www.nettali.com\/wp-content\/uploads\/2023\/10\/aly-ngouille-ndiaye-macky-sall.jpg\",\"contentUrl\":\"https:\/\/www.nettali.com\/wp-content\/uploads\/2023\/10\/aly-ngouille-ndiaye-macky-sall.jpg\",\"width\":1280,\"height\":750},{\"@type\":\"WebPage\",\"@id\":\"https:\/\/www.nettali.com\/2023\/10\/10\/aly-ngouille-ndiaye-letat-ne-doit-pas-etre-une-arme-contre-un-adversaire-politique\/#webpage\",\"url\":\"https:\/\/www.nettali.com\/2023\/10\/10\/aly-ngouille-ndiaye-letat-ne-doit-pas-etre-une-arme-contre-un-adversaire-politique\/\",\"name\":\"ALY NGOUILLE NDIAYE - \\\"L\\u2019\\u00c9tat ne doit pas \\u00eatre une arme contre un adversaire politique\\\" | Nettali.com\",\"isPartOf\":{\"@id\":\"https:\/\/www.nettali.com\/#website\"},\"primaryImageOfPage\":{\"@id\":\"https:\/\/www.nettali.com\/2023\/10\/10\/aly-ngouille-ndiaye-letat-ne-doit-pas-etre-une-arme-contre-un-adversaire-politique\/#primaryimage\"},\"datePublished\":\"2023-10-10T20:51:53+00:00\",\"dateModified\":\"2023-10-11T20:45:34+00:00\",\"author\":{\"@id\":\"https:\/\/www.nettali.com\/#\/schema\/person\/3317e0bb3aa1da309fbf7b2780901bf4\"},\"breadcrumb\":{\"@id\":\"https:\/\/www.nettali.com\/2023\/10\/10\/aly-ngouille-ndiaye-letat-ne-doit-pas-etre-une-arme-contre-un-adversaire-politique\/#breadcrumb\"},\"inLanguage\":\"fr-FR\",\"potentialAction\":[{\"@type\":\"ReadAction\",\"target\":[\"https:\/\/www.nettali.com\/2023\/10\/10\/aly-ngouille-ndiaye-letat-ne-doit-pas-etre-une-arme-contre-un-adversaire-politique\/\"]}]},{\"@type\":\"BreadcrumbList\",\"@id\":\"https:\/\/www.nettali.com\/2023\/10\/10\/aly-ngouille-ndiaye-letat-ne-doit-pas-etre-une-arme-contre-un-adversaire-politique\/#breadcrumb\",\"itemListElement\":[{\"@type\":\"ListItem\",\"position\":1,\"name\":\"Accueil\",\"item\":\"https:\/\/www.nettali.com\/\"},{\"@type\":\"ListItem\",\"position\":2,\"name\":\"ALY NGOUILLE NDIAYE - \\\"L\\u2019\\u00c9tat ne doit pas \\u00eatre une arme contre un adversaire politique\\\"\"}]},{\"@type\":\"Person\",\"@id\":\"https:\/\/www.nettali.com\/#\/schema\/person\/3317e0bb3aa1da309fbf7b2780901bf4\",\"name\":\"Daouda\",\"image\":{\"@type\":\"ImageObject\",\"@id\":\"https:\/\/www.nettali.com\/#personlogo\",\"inLanguage\":\"fr-FR\",\"url\":\"https:\/\/secure.gravatar.com\/avatar\/8d143b5a49345098ddcfee1c49c2f47c?s=96&d=mm&r=g\",\"contentUrl\":\"https:\/\/secure.gravatar.com\/avatar\/8d143b5a49345098ddcfee1c49c2f47c?s=96&d=mm&r=g\",\"caption\":\"Daouda\"},\"sameAs\":[\"https:\/\/www.nettali.com\"]}]}<\/script>\n<!-- \/ Yoast SEO Premium plugin. -->","yoast_head_json":{"title":"ALY NGOUILLE NDIAYE - \"L\u2019\u00c9tat ne doit pas \u00eatre une arme contre un adversaire politique\" | Nettali.com","robots":{"index":"index","follow":"follow","max-snippet":"max-snippet:-1","max-image-preview":"max-image-preview:large","max-video-preview":"max-video-preview:-1"},"canonical":"https:\/\/www.nettali.com\/2023\/10\/10\/aly-ngouille-ndiaye-letat-ne-doit-pas-etre-une-arme-contre-un-adversaire-politique\/","og_locale":"fr_FR","og_type":"article","og_title":"ALY NGOUILLE NDIAYE - \"L\u2019\u00c9tat ne doit pas \u00eatre une arme contre un adversaire politique\"","og_description":"NETTALI.COM - L\u2019annonce officielle a \u00e9t\u00e9 faite samedi \u00e0 Dakar. Aly Ngouille Ndiaye est candidat \u00e0 la Pr\u00e9sidentielle de 2024. L\u2019ancien ministre de l\u2019Agriculture et de la S\u00e9curit\u00e9 alimentaire acte sa rupture avec le Pr\u00e9sident Macky Sall et la coalition Benno Bokk Yaakaar (Bby). Le candidat de la coalition Aly Ngouille 2024\u00bb veut aussi rompre [&hellip;]","og_url":"https:\/\/www.nettali.com\/2023\/10\/10\/aly-ngouille-ndiaye-letat-ne-doit-pas-etre-une-arme-contre-un-adversaire-politique\/","og_site_name":"Nettali.com","article_publisher":"https:\/\/www.facebook.com\/nettalicom","article_published_time":"2023-10-10T20:51:53+00:00","article_modified_time":"2023-10-11T20:45:34+00:00","og_image":[{"width":1280,"height":750,"url":"https:\/\/www.nettali.com\/wp-content\/uploads\/2023\/10\/aly-ngouille-ndiaye-macky-sall.jpg","type":"image\/jpeg"}],"twitter_card":"summary_large_image","twitter_misc":{"\u00c9crit par":"Daouda","Dur\u00e9e de lecture estim\u00e9e":"3 minutes"},"schema":{"@context":"https:\/\/schema.org","@graph":[{"@type":"WebSite","@id":"https:\/\/www.nettali.com\/#website","url":"https:\/\/www.nettali.com\/","name":"Nettali.com","description":"Le rendez-vous critique du Net","potentialAction":[{"@type":"SearchAction","target":{"@type":"EntryPoint","urlTemplate":"https:\/\/www.nettali.com\/?s={search_term_string}"},"query-input":"required name=search_term_string"}],"inLanguage":"fr-FR"},{"@type":"ImageObject","@id":"https:\/\/www.nettali.com\/2023\/10\/10\/aly-ngouille-ndiaye-letat-ne-doit-pas-etre-une-arme-contre-un-adversaire-politique\/#primaryimage","inLanguage":"fr-FR","url":"https:\/\/www.nettali.com\/wp-content\/uploads\/2023\/10\/aly-ngouille-ndiaye-macky-sall.jpg","contentUrl":"https:\/\/www.nettali.com\/wp-content\/uploads\/2023\/10\/aly-ngouille-ndiaye-macky-sall.jpg","width":1280,"height":750},{"@type":"WebPage","@id":"https:\/\/www.nettali.com\/2023\/10\/10\/aly-ngouille-ndiaye-letat-ne-doit-pas-etre-une-arme-contre-un-adversaire-politique\/#webpage","url":"https:\/\/www.nettali.com\/2023\/10\/10\/aly-ngouille-ndiaye-letat-ne-doit-pas-etre-une-arme-contre-un-adversaire-politique\/","name":"ALY NGOUILLE NDIAYE - \"L\u2019\u00c9tat ne doit pas \u00eatre une arme contre un adversaire politique\" | Nettali.com","isPartOf":{"@id":"https:\/\/www.nettali.com\/#website"},"primaryImageOfPage":{"@id":"https:\/\/www.nettali.com\/2023\/10\/10\/aly-ngouille-ndiaye-letat-ne-doit-pas-etre-une-arme-contre-un-adversaire-politique\/#primaryimage"},"datePublished":"2023-10-10T20:51:53+00:00","dateModified":"2023-10-11T20:45:34+00:00","author":{"@id":"https:\/\/www.nettali.com\/#\/schema\/person\/3317e0bb3aa1da309fbf7b2780901bf4"},"breadcrumb":{"@id":"https:\/\/www.nettali.com\/2023\/10\/10\/aly-ngouille-ndiaye-letat-ne-doit-pas-etre-une-arme-contre-un-adversaire-politique\/#breadcrumb"},"inLanguage":"fr-FR","potentialAction":[{"@type":"ReadAction","target":["https:\/\/www.nettali.com\/2023\/10\/10\/aly-ngouille-ndiaye-letat-ne-doit-pas-etre-une-arme-contre-un-adversaire-politique\/"]}]},{"@type":"BreadcrumbList","@id":"https:\/\/www.nettali.com\/2023\/10\/10\/aly-ngouille-ndiaye-letat-ne-doit-pas-etre-une-arme-contre-un-adversaire-politique\/#breadcrumb","itemListElement":[{"@type":"ListItem","position":1,"name":"Accueil","item":"https:\/\/www.nettali.com\/"},{"@type":"ListItem","position":2,"name":"ALY NGOUILLE NDIAYE - \"L\u2019\u00c9tat ne doit pas \u00eatre une arme contre un adversaire politique\""}]},{"@type":"Person","@id":"https:\/\/www.nettali.com\/#\/schema\/person\/3317e0bb3aa1da309fbf7b2780901bf4","name":"Daouda","image":{"@type":"ImageObject","@id":"https:\/\/www.nettali.com\/#personlogo","inLanguage":"fr-FR","url":"https:\/\/secure.gravatar.com\/avatar\/8d143b5a49345098ddcfee1c49c2f47c?s=96&d=mm&r=g","contentUrl":"https:\/\/secure.gravatar.com\/avatar\/8d143b5a49345098ddcfee1c49c2f47c?s=96&d=mm&r=g","caption":"Daouda"},"sameAs":["https:\/\/www.nettali.com"]}]}},"_links":{"self":[{"href":"https:\/\/www.nettali.com\/rest\/wp\/v2\/posts\/119824"}],"collection":[{"href":"https:\/\/www.nettali.com\/rest\/wp\/v2\/posts"}],"about":[{"href":"https:\/\/www.nettali.com\/rest\/wp\/v2\/types\/post"}],"author":[{"embeddable":true,"href":"https:\/\/www.nettali.com\/rest\/wp\/v2\/users\/4"}],"replies":[{"embeddable":true,"href":"https:\/\/www.nettali.com\/rest\/wp\/v2\/comments?post=119824"}],"version-history":[{"count":2,"href":"https:\/\/www.nettali.com\/rest\/wp\/v2\/posts\/119824\/revisions"}],"predecessor-version":[{"id":119911,"href":"https:\/\/www.nettali.com\/rest\/wp\/v2\/posts\/119824\/revisions\/119911"}],"wp:featuredmedia":[{"embeddable":true,"href":"https:\/\/www.nettali.com\/rest\/wp\/v2\/media\/119264"}],"wp:attachment":[{"href":"https:\/\/www.nettali.com\/rest\/wp\/v2\/media?parent=119824"}],"wp:term":[{"taxonomy":"category","embeddable":true,"href":"https:\/\/www.nettali.com\/rest\/wp\/v2\/categories?post=119824"},{"taxonomy":"post_tag","embeddable":true,"href":"https:\/\/www.nettali.com\/rest\/wp\/v2\/tags?post=119824"}],"curies":[{"name":"wp","href":"https:\/\/api.w.org\/{rel}","templated":true}]}}