{"id":119722,"date":"2023-10-09T07:06:12","date_gmt":"2023-10-09T07:06:12","guid":{"rendered":"https:\/\/www.nettali.com\/?p=119722"},"modified":"2023-10-09T07:06:12","modified_gmt":"2023-10-09T07:06:12","slug":"guerre-israel-hamas-plus-de-700-morts-cote-israelien-au-moins-100-prisonniers-aux-mains-du-hamas","status":"publish","type":"post","link":"https:\/\/www.nettali.com\/2023\/10\/09\/guerre-israel-hamas-plus-de-700-morts-cote-israelien-au-moins-100-prisonniers-aux-mains-du-hamas\/","title":{"rendered":"Guerre Isra\u00ebl-Hamas : plus de 700 morts c\u00f4t\u00e9 isra\u00e9lien, au moins 100 prisonniers aux mains du Hamas"},"content":{"rendered":"<p><strong>NETTALI.COM - Le Premier ministre isra\u00e9lien Benyamin Netanyahu a promis, samedi 7 octobre, de venger cette \u00ab <em>journ\u00e9e noire<\/em>\u00a0\u00bb pour Isra\u00ebl, la plus sanglante depuis le d\u00e9but de la guerre du Kippour il y a 50 ans, qui a co\u00fbt\u00e9 la vie \u00e0 plus de 700 Isra\u00e9liens, selon les derniers d\u00e9comptes du minist\u00e8re isra\u00e9lien de la Sant\u00e9 dans la nuit du dimanche 8 au lundi 9 octobre. Le gouvernement pr\u00e9cise qu'il y a\u00a0\u00ab\u00a0<em>plus de 100<\/em>\u00a0\u00bb prisonniers aux mains du Hamas.\u00a0\u00c0 Gaza, le dernier bilan fait \u00e9tat de 413 morts.<\/strong><\/p>\n<p>Isra\u00ebl a multipli\u00e9 ce dimanche les frappes a\u00e9riennes sur la bande de Gaza, au lendemain de l'assaut du Hamas sur son territoire. Une offensive qui a co\u00fbt\u00e9 la vie\u00a0\u00e0 \u00ab\u00a0<em>plus de 700<\/em>\u00a0\u00bb Isra\u00e9liens, selon les derniers d\u00e9comptes du minist\u00e8re isra\u00e9lien de la Sant\u00e9 dans la nuit du 8 au 9 octobre.\u00a0\u00ab\u00a0<em>Plus de 100 prisonniers<\/em>\u00a0\u00bb isra\u00e9liens sont \u00e9galement aux mains des hommes du Hamas. Un responsable du Bureau de presse du gouvernement ajoute \u00e0 l'AFP que le nombre de morts\u00a0\u00ab\u00a0<em>n'est pas d\u00e9finitif<\/em>\u00a0\u00bb et qu'on d\u00e9nombre 2 150 bless\u00e9s.<\/p>\n<p>Du c\u00f4t\u00e9 palestinien, les autorit\u00e9s ont annonc\u00e9, dans la soir\u00e9e de dimanche, que 413 Palestiniens, dont 78 enfants et 41 femmes, sont morts, et qu'on d\u00e9nombre 2 300 bless\u00e9s. Ces bilans vont sans doute encore s'alourdir car les combats continuent dans le sud d'Isra\u00ebl, o\u00f9 ils ont m\u00eame gagn\u00e9 en intensit\u00e9.<\/p>\n<p>En fin d'apr\u00e8s-midi dimanche, le minist\u00e8re des Affaires \u00e9trang\u00e8res fran\u00e7ais a annonc\u00e9 la mort d'une Fran\u00e7aise dans l'offensive du Hamas,\u00a0\u00ab\u00a0<em>dans le contexte des attaques terroristes<\/em>\u00a0\u00bb, selon les morts de la porte-parole du Quai d'Orsay, Anne-Claire Legendre. Cette derni\u00e8re r\u00e9it\u00e8re les\u00a0\u00ab\u00a0<em>consignes de stricte vigilance<\/em>\u00a0\u00bb aux Fran\u00e7ais r\u00e9sidents ou de passage en Isra\u00ebl, et pr\u00e9cise que plusieurs ressortissants n'ont pu encore \u00eatre localis\u00e9s.<\/p>\n<p>Le minist\u00e8re des Affaires \u00e9trang\u00e8res allemand a lui indiqu\u00e9 que plusieurs Allemands se trouvent parmi les personnes enlev\u00e9es par le Hamas.\u00a0\u00ab\u00a0<em>\u00c0 notre connaissance, il s'agit de personnes qui ont toutes la nationalit\u00e9 isra\u00e9lienne en plus de la nationalit\u00e9 allemande<\/em> \u00bb, selon le minist\u00e8re, qui n'a pas pr\u00e9cis\u00e9 le nombre de ressortissants concern\u00e9s.<\/p>\n<p>L'ambassade du N\u00e9pal \u00e0 Tel-Aviv a elle indiqu\u00e9 que\u00a0\u00ab\u00a0<em>dix N\u00e9palais\u00a0sont morts tragiquement dans une attaque du mouvement palestinien Hamas contre le kibboutz Alumim<\/em>\u00a0\u00bb, pr\u00e8s de la fronti\u00e8re avec la bande de Gaza.<\/p>\n<h2>Les combats se poursuivent,\u00a0\u00ab\u00a0<em>l'ennemi est encore sur le terrain<\/em>\u00a0\u00bb<\/h2>\n<p>Au cours de la nuit, les raids a\u00e9riens des forces isra\u00e9liennes ont vis\u00e9 des immeubles, des tunnels, une mosqu\u00e9e et les domiciles de responsables du Hamas dans la bande de Gaza. Dans le sud d'Isra\u00ebl, 24 heures apr\u00e8s\u00a0le d\u00e9clenchement de l'offensive surprise du Hamas, des combattants du groupe islamiste palestinien continuent d'affronter les forces de s\u00e9curit\u00e9 isra\u00e9liennes. D'apr\u00e8s le porte-parole de l'organisation, des renforts seraient arriv\u00e9s ces derni\u00e8res heures.<\/p>\n<p>L'arm\u00e9e isra\u00e9lienne a dit avoir repris le contr\u00f4le de la plupart des points d'infiltration par lesquels des centaines d'hommes arm\u00e9s avaient p\u00e9n\u00e9tr\u00e9 la veille dans l'\u00c9tat h\u00e9breu. Tsahal a ajout\u00e9 avoir tu\u00e9 des centaines d'assaillants et fait des dizaines de prisonniers.<\/p>\n<p>Vers 18h30 heure locale (15h30 en temps universel), le g\u00e9n\u00e9ral isra\u00e9lien Daniel Hagari a d\u00e9clar\u00e9 que\u00a0\u00ab\u00a0<em>l'ennemi est encore sur le terrain<\/em>\u00a0\u00bb.\u00a0\u00ab\u00a0<em>Nous renfor\u00e7ons nos forces surtout pr\u00e8s de Gaza et nettoyons la zone<\/em>\u00a0\u00bb, a-t-il ajout\u00e9, promettant au passage de traquer\u00a0\u00ab\u00a0<em>les terroristes partout o\u00f9 ils seront<\/em>\u00a0\u00bb.\u00a0\u00ab\u00a0<em>Nous agissons pour d\u00e9truite l'ennemi<\/em>\u00a0\u00bb, a martel\u00e9 le porte-parole de l'arm\u00e9e isra\u00e9lienne.<\/p>\n<h2>\u00c0 Gaza, des appels \u00e0 l'\u00e9tablissement d'un corridor humanitaire<\/h2>\n<p>Isra\u00ebl se pr\u00e9pare \u00e0 une action militaire d'envergure contre Gaza. Les \u00e9vacuations s'acc\u00e9l\u00e8rent aux abords de l'enclave. Le Premier ministre isra\u00e9lien, Benyamin Netanyahu, a intim\u00e9 samedi aux habitants de Gaza de partir, mais prisonniers du territoire sous blocus depuis 2007, ils n'ont nulle part o\u00f9 aller. Le pire est redout\u00e9, et des organisations sur place lancent un appel pour mettre en place un corridor humanitaire.<\/p>\n<p>L'attaque de samedi constitue la plus vaste et sanglante incursion en Isra\u00ebl depuis l'assaut surprise lanc\u00e9 par les forces syriennes et \u00e9gyptiennes au d\u00e9but de la\u00a0guerre isra\u00e9lo-arabe d'octobre 1973.<\/p>\n<p class=\"a-read-more\">\n<div class='share-to-whatsapp-wrapper'><div class='share-on-whsp'>PARTAGER SUR : <\/div><a data-text='Guerre Isra\u00ebl-Hamas : plus de 700 morts c\u00f4t\u00e9 isra\u00e9lien, au moins 100 prisonniers aux mains du Hamas' data-link='https:\/\/www.nettali.com\/2023\/10\/09\/guerre-israel-hamas-plus-de-700-morts-cote-israelien-au-moins-100-prisonniers-aux-mains-du-hamas\/' class='whatsapp-button whatsapp-share'>WhatsApp<\/a><div class='clear '><\/div><\/div>","protected":false},"excerpt":{"rendered":"<p>NETTALI.COM - Le Premier ministre isra\u00e9lien Benyamin Netanyahu a promis, samedi 7 octobre, de venger cette \u00ab journ\u00e9e noire\u00a0\u00bb pour Isra\u00ebl, la plus sanglante depuis le d\u00e9but de la guerre du Kippour il y a 50 ans, qui a co\u00fbt\u00e9 la vie \u00e0 plus de 700 Isra\u00e9liens, selon les derniers d\u00e9comptes du minist\u00e8re isra\u00e9lien de [&hellip;]<\/p>\n","protected":false},"author":4,"featured_media":119723,"comment_status":"open","ping_status":"open","sticky":false,"template":"","format":"standard","meta":{"_et_pb_use_builder":"","_et_pb_old_content":""},"categories":[8],"tags":[],"yoast_head":"<!-- This site is optimized with the Yoast SEO Premium plugin v17.8 (Yoast SEO v17.8) - https:\/\/yoast.com\/wordpress\/plugins\/seo\/ -->\n<title>Guerre Isra\u00ebl-Hamas : plus de 700 morts c\u00f4t\u00e9 isra\u00e9lien, au moins 100 prisonniers aux mains du Hamas | Nettali.com<\/title>\n<meta name=\"robots\" content=\"index, follow, max-snippet:-1, max-image-preview:large, max-video-preview:-1\" \/>\n<link rel=\"canonical\" href=\"https:\/\/www.nettali.com\/2023\/10\/09\/guerre-israel-hamas-plus-de-700-morts-cote-israelien-au-moins-100-prisonniers-aux-mains-du-hamas\/\" \/>\n<meta property=\"og:locale\" content=\"fr_FR\" \/>\n<meta property=\"og:type\" content=\"article\" \/>\n<meta property=\"og:title\" content=\"Guerre Isra\u00ebl-Hamas : plus de 700 morts c\u00f4t\u00e9 isra\u00e9lien, au moins 100 prisonniers aux mains du Hamas\" \/>\n<meta property=\"og:description\" content=\"NETTALI.COM - Le Premier ministre isra\u00e9lien Benyamin Netanyahu a promis, samedi 7 octobre, de venger cette \u00ab journ\u00e9e noire\u00a0\u00bb pour Isra\u00ebl, la plus sanglante depuis le d\u00e9but de la guerre du Kippour il y a 50 ans, qui a co\u00fbt\u00e9 la vie \u00e0 plus de 700 Isra\u00e9liens, selon les derniers d\u00e9comptes du minist\u00e8re isra\u00e9lien de [&hellip;]\" \/>\n<meta property=\"og:url\" content=\"https:\/\/www.nettali.com\/2023\/10\/09\/guerre-israel-hamas-plus-de-700-morts-cote-israelien-au-moins-100-prisonniers-aux-mains-du-hamas\/\" \/>\n<meta property=\"og:site_name\" content=\"Nettali.com\" \/>\n<meta property=\"article:publisher\" content=\"https:\/\/www.facebook.com\/nettalicom\" \/>\n<meta property=\"article:published_time\" content=\"2023-10-09T07:06:12+00:00\" \/>\n<meta property=\"og:image\" content=\"https:\/\/www.nettali.com\/wp-content\/uploads\/2023\/10\/Capture-de\u0301cran-2023-10-09-a\u0300-07.04.02.png\" \/>\n\t<meta property=\"og:image:width\" content=\"974\" \/>\n\t<meta property=\"og:image:height\" content=\"497\" \/>\n<meta name=\"twitter:card\" content=\"summary_large_image\" \/>\n<meta name=\"twitter:label1\" content=\"\u00c9crit par\" \/>\n\t<meta name=\"twitter:data1\" content=\"Daouda\" \/>\n\t<meta name=\"twitter:label2\" content=\"Dur\u00e9e de lecture estim\u00e9e\" \/>\n\t<meta name=\"twitter:data2\" content=\"4 minutes\" \/>\n<script type=\"application\/ld+json\" class=\"yoast-schema-graph\">{\"@context\":\"https:\/\/schema.org\",\"@graph\":[{\"@type\":\"WebSite\",\"@id\":\"https:\/\/www.nettali.com\/#website\",\"url\":\"https:\/\/www.nettali.com\/\",\"name\":\"Nettali.com\",\"description\":\"Le rendez-vous critique du Net\",\"potentialAction\":[{\"@type\":\"SearchAction\",\"target\":{\"@type\":\"EntryPoint\",\"urlTemplate\":\"https:\/\/www.nettali.com\/?s={search_term_string}\"},\"query-input\":\"required name=search_term_string\"}],\"inLanguage\":\"fr-FR\"},{\"@type\":\"ImageObject\",\"@id\":\"https:\/\/www.nettali.com\/2023\/10\/09\/guerre-israel-hamas-plus-de-700-morts-cote-israelien-au-moins-100-prisonniers-aux-mains-du-hamas\/#primaryimage\",\"inLanguage\":\"fr-FR\",\"url\":\"https:\/\/www.nettali.com\/wp-content\/uploads\/2023\/10\/Capture-de\\u0301cran-2023-10-09-a\\u0300-07.04.02.png\",\"contentUrl\":\"https:\/\/www.nettali.com\/wp-content\/uploads\/2023\/10\/Capture-de\\u0301cran-2023-10-09-a\\u0300-07.04.02.png\",\"width\":974,\"height\":497},{\"@type\":\"WebPage\",\"@id\":\"https:\/\/www.nettali.com\/2023\/10\/09\/guerre-israel-hamas-plus-de-700-morts-cote-israelien-au-moins-100-prisonniers-aux-mains-du-hamas\/#webpage\",\"url\":\"https:\/\/www.nettali.com\/2023\/10\/09\/guerre-israel-hamas-plus-de-700-morts-cote-israelien-au-moins-100-prisonniers-aux-mains-du-hamas\/\",\"name\":\"Guerre Isra\\u00ebl-Hamas : plus de 700 morts c\\u00f4t\\u00e9 isra\\u00e9lien, au moins 100 prisonniers aux mains du Hamas | Nettali.com\",\"isPartOf\":{\"@id\":\"https:\/\/www.nettali.com\/#website\"},\"primaryImageOfPage\":{\"@id\":\"https:\/\/www.nettali.com\/2023\/10\/09\/guerre-israel-hamas-plus-de-700-morts-cote-israelien-au-moins-100-prisonniers-aux-mains-du-hamas\/#primaryimage\"},\"datePublished\":\"2023-10-09T07:06:12+00:00\",\"dateModified\":\"2023-10-09T07:06:12+00:00\",\"author\":{\"@id\":\"https:\/\/www.nettali.com\/#\/schema\/person\/3317e0bb3aa1da309fbf7b2780901bf4\"},\"breadcrumb\":{\"@id\":\"https:\/\/www.nettali.com\/2023\/10\/09\/guerre-israel-hamas-plus-de-700-morts-cote-israelien-au-moins-100-prisonniers-aux-mains-du-hamas\/#breadcrumb\"},\"inLanguage\":\"fr-FR\",\"potentialAction\":[{\"@type\":\"ReadAction\",\"target\":[\"https:\/\/www.nettali.com\/2023\/10\/09\/guerre-israel-hamas-plus-de-700-morts-cote-israelien-au-moins-100-prisonniers-aux-mains-du-hamas\/\"]}]},{\"@type\":\"BreadcrumbList\",\"@id\":\"https:\/\/www.nettali.com\/2023\/10\/09\/guerre-israel-hamas-plus-de-700-morts-cote-israelien-au-moins-100-prisonniers-aux-mains-du-hamas\/#breadcrumb\",\"itemListElement\":[{\"@type\":\"ListItem\",\"position\":1,\"name\":\"Accueil\",\"item\":\"https:\/\/www.nettali.com\/\"},{\"@type\":\"ListItem\",\"position\":2,\"name\":\"Guerre Isra\\u00ebl-Hamas : plus de 700 morts c\\u00f4t\\u00e9 isra\\u00e9lien, au moins 100 prisonniers aux mains du Hamas\"}]},{\"@type\":\"Person\",\"@id\":\"https:\/\/www.nettali.com\/#\/schema\/person\/3317e0bb3aa1da309fbf7b2780901bf4\",\"name\":\"Daouda\",\"image\":{\"@type\":\"ImageObject\",\"@id\":\"https:\/\/www.nettali.com\/#personlogo\",\"inLanguage\":\"fr-FR\",\"url\":\"https:\/\/secure.gravatar.com\/avatar\/8d143b5a49345098ddcfee1c49c2f47c?s=96&d=mm&r=g\",\"contentUrl\":\"https:\/\/secure.gravatar.com\/avatar\/8d143b5a49345098ddcfee1c49c2f47c?s=96&d=mm&r=g\",\"caption\":\"Daouda\"},\"sameAs\":[\"https:\/\/www.nettali.com\"]}]}<\/script>\n<!-- \/ Yoast SEO Premium plugin. -->","yoast_head_json":{"title":"Guerre Isra\u00ebl-Hamas : plus de 700 morts c\u00f4t\u00e9 isra\u00e9lien, au moins 100 prisonniers aux mains du Hamas | Nettali.com","robots":{"index":"index","follow":"follow","max-snippet":"max-snippet:-1","max-image-preview":"max-image-preview:large","max-video-preview":"max-video-preview:-1"},"canonical":"https:\/\/www.nettali.com\/2023\/10\/09\/guerre-israel-hamas-plus-de-700-morts-cote-israelien-au-moins-100-prisonniers-aux-mains-du-hamas\/","og_locale":"fr_FR","og_type":"article","og_title":"Guerre Isra\u00ebl-Hamas : plus de 700 morts c\u00f4t\u00e9 isra\u00e9lien, au moins 100 prisonniers aux mains du Hamas","og_description":"NETTALI.COM - Le Premier ministre isra\u00e9lien Benyamin Netanyahu a promis, samedi 7 octobre, de venger cette \u00ab journ\u00e9e noire\u00a0\u00bb pour Isra\u00ebl, la plus sanglante depuis le d\u00e9but de la guerre du Kippour il y a 50 ans, qui a co\u00fbt\u00e9 la vie \u00e0 plus de 700 Isra\u00e9liens, selon les derniers d\u00e9comptes du minist\u00e8re isra\u00e9lien de [&hellip;]","og_url":"https:\/\/www.nettali.com\/2023\/10\/09\/guerre-israel-hamas-plus-de-700-morts-cote-israelien-au-moins-100-prisonniers-aux-mains-du-hamas\/","og_site_name":"Nettali.com","article_publisher":"https:\/\/www.facebook.com\/nettalicom","article_published_time":"2023-10-09T07:06:12+00:00","og_image":[{"width":974,"height":497,"url":"https:\/\/www.nettali.com\/wp-content\/uploads\/2023\/10\/Capture-de\u0301cran-2023-10-09-a\u0300-07.04.02.png","type":"image\/png"}],"twitter_card":"summary_large_image","twitter_misc":{"\u00c9crit par":"Daouda","Dur\u00e9e de lecture estim\u00e9e":"4 minutes"},"schema":{"@context":"https:\/\/schema.org","@graph":[{"@type":"WebSite","@id":"https:\/\/www.nettali.com\/#website","url":"https:\/\/www.nettali.com\/","name":"Nettali.com","description":"Le rendez-vous critique du Net","potentialAction":[{"@type":"SearchAction","target":{"@type":"EntryPoint","urlTemplate":"https:\/\/www.nettali.com\/?s={search_term_string}"},"query-input":"required name=search_term_string"}],"inLanguage":"fr-FR"},{"@type":"ImageObject","@id":"https:\/\/www.nettali.com\/2023\/10\/09\/guerre-israel-hamas-plus-de-700-morts-cote-israelien-au-moins-100-prisonniers-aux-mains-du-hamas\/#primaryimage","inLanguage":"fr-FR","url":"https:\/\/www.nettali.com\/wp-content\/uploads\/2023\/10\/Capture-de\u0301cran-2023-10-09-a\u0300-07.04.02.png","contentUrl":"https:\/\/www.nettali.com\/wp-content\/uploads\/2023\/10\/Capture-de\u0301cran-2023-10-09-a\u0300-07.04.02.png","width":974,"height":497},{"@type":"WebPage","@id":"https:\/\/www.nettali.com\/2023\/10\/09\/guerre-israel-hamas-plus-de-700-morts-cote-israelien-au-moins-100-prisonniers-aux-mains-du-hamas\/#webpage","url":"https:\/\/www.nettali.com\/2023\/10\/09\/guerre-israel-hamas-plus-de-700-morts-cote-israelien-au-moins-100-prisonniers-aux-mains-du-hamas\/","name":"Guerre Isra\u00ebl-Hamas : plus de 700 morts c\u00f4t\u00e9 isra\u00e9lien, au moins 100 prisonniers aux mains du Hamas | Nettali.com","isPartOf":{"@id":"https:\/\/www.nettali.com\/#website"},"primaryImageOfPage":{"@id":"https:\/\/www.nettali.com\/2023\/10\/09\/guerre-israel-hamas-plus-de-700-morts-cote-israelien-au-moins-100-prisonniers-aux-mains-du-hamas\/#primaryimage"},"datePublished":"2023-10-09T07:06:12+00:00","dateModified":"2023-10-09T07:06:12+00:00","author":{"@id":"https:\/\/www.nettali.com\/#\/schema\/person\/3317e0bb3aa1da309fbf7b2780901bf4"},"breadcrumb":{"@id":"https:\/\/www.nettali.com\/2023\/10\/09\/guerre-israel-hamas-plus-de-700-morts-cote-israelien-au-moins-100-prisonniers-aux-mains-du-hamas\/#breadcrumb"},"inLanguage":"fr-FR","potentialAction":[{"@type":"ReadAction","target":["https:\/\/www.nettali.com\/2023\/10\/09\/guerre-israel-hamas-plus-de-700-morts-cote-israelien-au-moins-100-prisonniers-aux-mains-du-hamas\/"]}]},{"@type":"BreadcrumbList","@id":"https:\/\/www.nettali.com\/2023\/10\/09\/guerre-israel-hamas-plus-de-700-morts-cote-israelien-au-moins-100-prisonniers-aux-mains-du-hamas\/#breadcrumb","itemListElement":[{"@type":"ListItem","position":1,"name":"Accueil","item":"https:\/\/www.nettali.com\/"},{"@type":"ListItem","position":2,"name":"Guerre Isra\u00ebl-Hamas : plus de 700 morts c\u00f4t\u00e9 isra\u00e9lien, au moins 100 prisonniers aux mains du Hamas"}]},{"@type":"Person","@id":"https:\/\/www.nettali.com\/#\/schema\/person\/3317e0bb3aa1da309fbf7b2780901bf4","name":"Daouda","image":{"@type":"ImageObject","@id":"https:\/\/www.nettali.com\/#personlogo","inLanguage":"fr-FR","url":"https:\/\/secure.gravatar.com\/avatar\/8d143b5a49345098ddcfee1c49c2f47c?s=96&d=mm&r=g","contentUrl":"https:\/\/secure.gravatar.com\/avatar\/8d143b5a49345098ddcfee1c49c2f47c?s=96&d=mm&r=g","caption":"Daouda"},"sameAs":["https:\/\/www.nettali.com"]}]}},"_links":{"self":[{"href":"https:\/\/www.nettali.com\/rest\/wp\/v2\/posts\/119722"}],"collection":[{"href":"https:\/\/www.nettali.com\/rest\/wp\/v2\/posts"}],"about":[{"href":"https:\/\/www.nettali.com\/rest\/wp\/v2\/types\/post"}],"author":[{"embeddable":true,"href":"https:\/\/www.nettali.com\/rest\/wp\/v2\/users\/4"}],"replies":[{"embeddable":true,"href":"https:\/\/www.nettali.com\/rest\/wp\/v2\/comments?post=119722"}],"version-history":[{"count":1,"href":"https:\/\/www.nettali.com\/rest\/wp\/v2\/posts\/119722\/revisions"}],"predecessor-version":[{"id":119724,"href":"https:\/\/www.nettali.com\/rest\/wp\/v2\/posts\/119722\/revisions\/119724"}],"wp:featuredmedia":[{"embeddable":true,"href":"https:\/\/www.nettali.com\/rest\/wp\/v2\/media\/119723"}],"wp:attachment":[{"href":"https:\/\/www.nettali.com\/rest\/wp\/v2\/media?parent=119722"}],"wp:term":[{"taxonomy":"category","embeddable":true,"href":"https:\/\/www.nettali.com\/rest\/wp\/v2\/categories?post=119722"},{"taxonomy":"post_tag","embeddable":true,"href":"https:\/\/www.nettali.com\/rest\/wp\/v2\/tags?post=119722"}],"curies":[{"name":"wp","href":"https:\/\/api.w.org\/{rel}","templated":true}]}}