{"id":119709,"date":"2023-10-09T05:06:47","date_gmt":"2023-10-09T05:06:47","guid":{"rendered":"https:\/\/www.nettali.com\/?p=119709"},"modified":"2023-10-09T11:32:04","modified_gmt":"2023-10-09T11:32:04","slug":"lamb-ada-fass-reconduit-zoss-a-la-retraite","status":"publish","type":"post","link":"https:\/\/www.nettali.com\/2023\/10\/09\/lamb-ada-fass-reconduit-zoss-a-la-retraite\/","title":{"rendered":"LAMB - Ada Fass renvoie Zoss \u00e0 la retraite"},"content":{"rendered":"<p><strong>NETTALI.COM - Le combat dont les amateurs craignaient la tenue, suite \u00e0 l'accident de Zoss, n'aura dur\u00e9 que quelques minutes. Ada Fass s\u2019est offert le Parcellois qu\u2019il a terrass\u00e9 d'une belle prise \u00e0 l\u2019ar\u00e8ne nationale, ce dimanche 8 octobre.<\/strong><\/p>\n<p>Battu par Zarco en plus de ses d\u00e9boires avec la justice, Ada Fass a v\u00e9cu des moments difficiles, ces derniers temps. Son combat avec Zoss \u00e9tait donc l\u2019occasion parfaite pour renouer avec ses supporters. Le pensionnaire de l\u2019\u00e9curie Fass Benno a ainsi saisi sa chance.<\/p>\n<p>Une d\u00e9faite toutefois de trop pour Zoss qui avait d\u00e9j\u00e0 annonc\u00e9 sa retraite en 2018.<\/p>\n<p>Autant dire que le leader de l'\u00e9curie \"<em>Door Doorat<\/em>\" a compl\u00e8tement rat\u00e9 son come-back dans l'ar\u00e8ne s\u00e9n\u00e9galaise.<\/p>\n<div class='share-to-whatsapp-wrapper'><div class='share-on-whsp'>PARTAGER SUR : <\/div><a data-text='LAMB - Ada Fass renvoie Zoss \u00e0 la retraite' data-link='https:\/\/www.nettali.com\/2023\/10\/09\/lamb-ada-fass-reconduit-zoss-a-la-retraite\/' class='whatsapp-button whatsapp-share'>WhatsApp<\/a><div class='clear '><\/div><\/div>","protected":false},"excerpt":{"rendered":"<p>NETTALI.COM - Le combat dont les amateurs craignaient la tenue, suite \u00e0 l'accident de Zoss, n'aura dur\u00e9 que quelques minutes. Ada Fass s\u2019est offert le Parcellois qu\u2019il a terrass\u00e9 d'une belle prise \u00e0 l\u2019ar\u00e8ne nationale, ce dimanche 8 octobre. Battu par Zarco en plus de ses d\u00e9boires avec la justice, Ada Fass a v\u00e9cu des [&hellip;]<\/p>\n","protected":false},"author":5,"featured_media":119710,"comment_status":"open","ping_status":"open","sticky":false,"template":"","format":"standard","meta":{"_et_pb_use_builder":"","_et_pb_old_content":""},"categories":[6],"tags":[],"yoast_head":"<!-- This site is optimized with the Yoast SEO Premium plugin v17.8 (Yoast SEO v17.8) - https:\/\/yoast.com\/wordpress\/plugins\/seo\/ -->\n<title>LAMB - Ada Fass renvoie Zoss \u00e0 la retraite | Nettali.com<\/title>\n<meta name=\"robots\" content=\"index, follow, max-snippet:-1, max-image-preview:large, max-video-preview:-1\" \/>\n<link rel=\"canonical\" href=\"https:\/\/www.nettali.com\/2023\/10\/09\/lamb-ada-fass-reconduit-zoss-a-la-retraite\/\" \/>\n<meta property=\"og:locale\" content=\"fr_FR\" \/>\n<meta property=\"og:type\" content=\"article\" \/>\n<meta property=\"og:title\" content=\"LAMB - Ada Fass renvoie Zoss \u00e0 la retraite\" \/>\n<meta property=\"og:description\" content=\"NETTALI.COM - Le combat dont les amateurs craignaient la tenue, suite \u00e0 l&#039;accident de Zoss, n&#039;aura dur\u00e9 que quelques minutes. Ada Fass s\u2019est offert le Parcellois qu\u2019il a terrass\u00e9 d&#039;une belle prise \u00e0 l\u2019ar\u00e8ne nationale, ce dimanche 8 octobre. Battu par Zarco en plus de ses d\u00e9boires avec la justice, Ada Fass a v\u00e9cu des [&hellip;]\" \/>\n<meta property=\"og:url\" content=\"https:\/\/www.nettali.com\/2023\/10\/09\/lamb-ada-fass-reconduit-zoss-a-la-retraite\/\" \/>\n<meta property=\"og:site_name\" content=\"Nettali.com\" \/>\n<meta property=\"article:publisher\" content=\"https:\/\/www.facebook.com\/nettalicom\" \/>\n<meta property=\"article:published_time\" content=\"2023-10-09T05:06:47+00:00\" \/>\n<meta property=\"article:modified_time\" content=\"2023-10-09T11:32:04+00:00\" \/>\n<meta property=\"og:image\" content=\"https:\/\/www.nettali.com\/wp-content\/uploads\/2023\/10\/inbound3142950872440497926.jpg\" \/>\n\t<meta property=\"og:image:width\" content=\"775\" \/>\n\t<meta property=\"og:image:height\" content=\"488\" \/>\n<meta name=\"twitter:card\" content=\"summary_large_image\" \/>\n<meta name=\"twitter:label1\" content=\"\u00c9crit par\" \/>\n\t<meta name=\"twitter:data1\" content=\"Ibrahima\" \/>\n\t<meta name=\"twitter:label2\" content=\"Dur\u00e9e de lecture estim\u00e9e\" \/>\n\t<meta name=\"twitter:data2\" content=\"1 minute\" \/>\n<script type=\"application\/ld+json\" class=\"yoast-schema-graph\">{\"@context\":\"https:\/\/schema.org\",\"@graph\":[{\"@type\":\"WebSite\",\"@id\":\"https:\/\/www.nettali.com\/#website\",\"url\":\"https:\/\/www.nettali.com\/\",\"name\":\"Nettali.com\",\"description\":\"Le rendez-vous critique du Net\",\"potentialAction\":[{\"@type\":\"SearchAction\",\"target\":{\"@type\":\"EntryPoint\",\"urlTemplate\":\"https:\/\/www.nettali.com\/?s={search_term_string}\"},\"query-input\":\"required name=search_term_string\"}],\"inLanguage\":\"fr-FR\"},{\"@type\":\"ImageObject\",\"@id\":\"https:\/\/www.nettali.com\/2023\/10\/09\/lamb-ada-fass-reconduit-zoss-a-la-retraite\/#primaryimage\",\"inLanguage\":\"fr-FR\",\"url\":\"https:\/\/www.nettali.com\/wp-content\/uploads\/2023\/10\/inbound3142950872440497926.jpg\",\"contentUrl\":\"https:\/\/www.nettali.com\/wp-content\/uploads\/2023\/10\/inbound3142950872440497926.jpg\",\"width\":775,\"height\":488},{\"@type\":\"WebPage\",\"@id\":\"https:\/\/www.nettali.com\/2023\/10\/09\/lamb-ada-fass-reconduit-zoss-a-la-retraite\/#webpage\",\"url\":\"https:\/\/www.nettali.com\/2023\/10\/09\/lamb-ada-fass-reconduit-zoss-a-la-retraite\/\",\"name\":\"LAMB - Ada Fass renvoie Zoss \\u00e0 la retraite | Nettali.com\",\"isPartOf\":{\"@id\":\"https:\/\/www.nettali.com\/#website\"},\"primaryImageOfPage\":{\"@id\":\"https:\/\/www.nettali.com\/2023\/10\/09\/lamb-ada-fass-reconduit-zoss-a-la-retraite\/#primaryimage\"},\"datePublished\":\"2023-10-09T05:06:47+00:00\",\"dateModified\":\"2023-10-09T11:32:04+00:00\",\"author\":{\"@id\":\"https:\/\/www.nettali.com\/#\/schema\/person\/bb147657c2986240405a608162b9bb23\"},\"breadcrumb\":{\"@id\":\"https:\/\/www.nettali.com\/2023\/10\/09\/lamb-ada-fass-reconduit-zoss-a-la-retraite\/#breadcrumb\"},\"inLanguage\":\"fr-FR\",\"potentialAction\":[{\"@type\":\"ReadAction\",\"target\":[\"https:\/\/www.nettali.com\/2023\/10\/09\/lamb-ada-fass-reconduit-zoss-a-la-retraite\/\"]}]},{\"@type\":\"BreadcrumbList\",\"@id\":\"https:\/\/www.nettali.com\/2023\/10\/09\/lamb-ada-fass-reconduit-zoss-a-la-retraite\/#breadcrumb\",\"itemListElement\":[{\"@type\":\"ListItem\",\"position\":1,\"name\":\"Accueil\",\"item\":\"https:\/\/www.nettali.com\/\"},{\"@type\":\"ListItem\",\"position\":2,\"name\":\"LAMB - Ada Fass renvoie Zoss \\u00e0 la retraite\"}]},{\"@type\":\"Person\",\"@id\":\"https:\/\/www.nettali.com\/#\/schema\/person\/bb147657c2986240405a608162b9bb23\",\"name\":\"Ibrahima\",\"image\":{\"@type\":\"ImageObject\",\"@id\":\"https:\/\/www.nettali.com\/#personlogo\",\"inLanguage\":\"fr-FR\",\"url\":\"https:\/\/secure.gravatar.com\/avatar\/26a8a81f09f0dd7624c9d5c36c9ba3a2?s=96&d=mm&r=g\",\"contentUrl\":\"https:\/\/secure.gravatar.com\/avatar\/26a8a81f09f0dd7624c9d5c36c9ba3a2?s=96&d=mm&r=g\",\"caption\":\"Ibrahima\"},\"sameAs\":[\"https:\/\/www.nettali.com\"]}]}<\/script>\n<!-- \/ Yoast SEO Premium plugin. -->","yoast_head_json":{"title":"LAMB - Ada Fass renvoie Zoss \u00e0 la retraite | Nettali.com","robots":{"index":"index","follow":"follow","max-snippet":"max-snippet:-1","max-image-preview":"max-image-preview:large","max-video-preview":"max-video-preview:-1"},"canonical":"https:\/\/www.nettali.com\/2023\/10\/09\/lamb-ada-fass-reconduit-zoss-a-la-retraite\/","og_locale":"fr_FR","og_type":"article","og_title":"LAMB - Ada Fass renvoie Zoss \u00e0 la retraite","og_description":"NETTALI.COM - Le combat dont les amateurs craignaient la tenue, suite \u00e0 l'accident de Zoss, n'aura dur\u00e9 que quelques minutes. Ada Fass s\u2019est offert le Parcellois qu\u2019il a terrass\u00e9 d'une belle prise \u00e0 l\u2019ar\u00e8ne nationale, ce dimanche 8 octobre. Battu par Zarco en plus de ses d\u00e9boires avec la justice, Ada Fass a v\u00e9cu des [&hellip;]","og_url":"https:\/\/www.nettali.com\/2023\/10\/09\/lamb-ada-fass-reconduit-zoss-a-la-retraite\/","og_site_name":"Nettali.com","article_publisher":"https:\/\/www.facebook.com\/nettalicom","article_published_time":"2023-10-09T05:06:47+00:00","article_modified_time":"2023-10-09T11:32:04+00:00","og_image":[{"width":775,"height":488,"url":"https:\/\/www.nettali.com\/wp-content\/uploads\/2023\/10\/inbound3142950872440497926.jpg","type":"image\/jpeg"}],"twitter_card":"summary_large_image","twitter_misc":{"\u00c9crit par":"Ibrahima","Dur\u00e9e de lecture estim\u00e9e":"1 minute"},"schema":{"@context":"https:\/\/schema.org","@graph":[{"@type":"WebSite","@id":"https:\/\/www.nettali.com\/#website","url":"https:\/\/www.nettali.com\/","name":"Nettali.com","description":"Le rendez-vous critique du Net","potentialAction":[{"@type":"SearchAction","target":{"@type":"EntryPoint","urlTemplate":"https:\/\/www.nettali.com\/?s={search_term_string}"},"query-input":"required name=search_term_string"}],"inLanguage":"fr-FR"},{"@type":"ImageObject","@id":"https:\/\/www.nettali.com\/2023\/10\/09\/lamb-ada-fass-reconduit-zoss-a-la-retraite\/#primaryimage","inLanguage":"fr-FR","url":"https:\/\/www.nettali.com\/wp-content\/uploads\/2023\/10\/inbound3142950872440497926.jpg","contentUrl":"https:\/\/www.nettali.com\/wp-content\/uploads\/2023\/10\/inbound3142950872440497926.jpg","width":775,"height":488},{"@type":"WebPage","@id":"https:\/\/www.nettali.com\/2023\/10\/09\/lamb-ada-fass-reconduit-zoss-a-la-retraite\/#webpage","url":"https:\/\/www.nettali.com\/2023\/10\/09\/lamb-ada-fass-reconduit-zoss-a-la-retraite\/","name":"LAMB - Ada Fass renvoie Zoss \u00e0 la retraite | Nettali.com","isPartOf":{"@id":"https:\/\/www.nettali.com\/#website"},"primaryImageOfPage":{"@id":"https:\/\/www.nettali.com\/2023\/10\/09\/lamb-ada-fass-reconduit-zoss-a-la-retraite\/#primaryimage"},"datePublished":"2023-10-09T05:06:47+00:00","dateModified":"2023-10-09T11:32:04+00:00","author":{"@id":"https:\/\/www.nettali.com\/#\/schema\/person\/bb147657c2986240405a608162b9bb23"},"breadcrumb":{"@id":"https:\/\/www.nettali.com\/2023\/10\/09\/lamb-ada-fass-reconduit-zoss-a-la-retraite\/#breadcrumb"},"inLanguage":"fr-FR","potentialAction":[{"@type":"ReadAction","target":["https:\/\/www.nettali.com\/2023\/10\/09\/lamb-ada-fass-reconduit-zoss-a-la-retraite\/"]}]},{"@type":"BreadcrumbList","@id":"https:\/\/www.nettali.com\/2023\/10\/09\/lamb-ada-fass-reconduit-zoss-a-la-retraite\/#breadcrumb","itemListElement":[{"@type":"ListItem","position":1,"name":"Accueil","item":"https:\/\/www.nettali.com\/"},{"@type":"ListItem","position":2,"name":"LAMB - Ada Fass renvoie Zoss \u00e0 la retraite"}]},{"@type":"Person","@id":"https:\/\/www.nettali.com\/#\/schema\/person\/bb147657c2986240405a608162b9bb23","name":"Ibrahima","image":{"@type":"ImageObject","@id":"https:\/\/www.nettali.com\/#personlogo","inLanguage":"fr-FR","url":"https:\/\/secure.gravatar.com\/avatar\/26a8a81f09f0dd7624c9d5c36c9ba3a2?s=96&d=mm&r=g","contentUrl":"https:\/\/secure.gravatar.com\/avatar\/26a8a81f09f0dd7624c9d5c36c9ba3a2?s=96&d=mm&r=g","caption":"Ibrahima"},"sameAs":["https:\/\/www.nettali.com"]}]}},"_links":{"self":[{"href":"https:\/\/www.nettali.com\/rest\/wp\/v2\/posts\/119709"}],"collection":[{"href":"https:\/\/www.nettali.com\/rest\/wp\/v2\/posts"}],"about":[{"href":"https:\/\/www.nettali.com\/rest\/wp\/v2\/types\/post"}],"author":[{"embeddable":true,"href":"https:\/\/www.nettali.com\/rest\/wp\/v2\/users\/5"}],"replies":[{"embeddable":true,"href":"https:\/\/www.nettali.com\/rest\/wp\/v2\/comments?post=119709"}],"version-history":[{"count":4,"href":"https:\/\/www.nettali.com\/rest\/wp\/v2\/posts\/119709\/revisions"}],"predecessor-version":[{"id":119731,"href":"https:\/\/www.nettali.com\/rest\/wp\/v2\/posts\/119709\/revisions\/119731"}],"wp:featuredmedia":[{"embeddable":true,"href":"https:\/\/www.nettali.com\/rest\/wp\/v2\/media\/119710"}],"wp:attachment":[{"href":"https:\/\/www.nettali.com\/rest\/wp\/v2\/media?parent=119709"}],"wp:term":[{"taxonomy":"category","embeddable":true,"href":"https:\/\/www.nettali.com\/rest\/wp\/v2\/categories?post=119709"},{"taxonomy":"post_tag","embeddable":true,"href":"https:\/\/www.nettali.com\/rest\/wp\/v2\/tags?post=119709"}],"curies":[{"name":"wp","href":"https:\/\/api.w.org\/{rel}","templated":true}]}}