{"id":119660,"date":"2023-10-08T11:38:03","date_gmt":"2023-10-08T11:38:03","guid":{"rendered":"https:\/\/www.nettali.com\/?p=119660"},"modified":"2023-10-09T07:20:42","modified_gmt":"2023-10-09T07:20:42","slug":"aly-ngouille-ndiaye-il-y-a-dans-notre-pays-beaucoup-de-souffrances-dinjustices-et-de-divisions","status":"publish","type":"post","link":"https:\/\/www.nettali.com\/2023\/10\/08\/aly-ngouille-ndiaye-il-y-a-dans-notre-pays-beaucoup-de-souffrances-dinjustices-et-de-divisions\/","title":{"rendered":"ALY NGOUILLE NDIAYE - \"il y a, dans notre pays, beaucoup de souffrances, d\u2019injustices et de divisions\""},"content":{"rendered":"<p><strong>NETTALI.COM - L\u2019ex-ministre de l\u2019Agriculture, de l\u2019\u00c9quipement rural et de la Souverainet\u00e9 alimentaire, Aly Ngouille Ndiaye, a fait une d\u00e9claration de candidature \u00e0 l\u2019\u00e9lection pr\u00e9sidentielle du 25 f\u00e9vrier prochain, samedi, \u00e0 Dakar, en exprimant le souhait d\u2019\u2018\u2019\u00eatre le pr\u00e9sident d\u2019un S\u00e9n\u00e9gal r\u00e9concili\u00e9\u2019\u2019 avec lui-m\u00eame.<\/strong><\/p>\n<p><em>\"J\u2019ai d\u00e9cid\u00e9, s\u2019il plait au Tout-Puissant, avec humilit\u00e9 et d\u00e9termination, d\u2019\u00eatre candidat \u00e0 l\u2019\u00e9lection pr\u00e9sidentielle du 25 f\u00e9vrier 2024\u2019\u2019<\/em>, a d\u00e9clar\u00e9 M. Ndiaye devant de nombreux militants et sympathisants.<\/p>\n<p>Le dissident du parti au pouvoir, l\u2019Alliance pour la R\u00e9publique, et de Benno Bokk Yaakaar (BBY), la coalition de partis politiques de la majorit\u00e9 pr\u00e9sidentielle, reconna\u00eet qu\u2019\"il y a, dans notre pays, beaucoup de souffrances, d\u2019injustices et de divisions\u2019\u2019.<\/p>\n<p><em>\"En ces temps graves et porteurs d\u2019inqui\u00e9tudes multiformes, je veux \u00eatre le pr\u00e9sident d\u2019un S\u00e9n\u00e9gal r\u00e9concili\u00e9\u2019\u2019<\/em> avec lui-m\u00eame, a-t-il ajout\u00e9.<\/p>\n<p>Compagnon du pr\u00e9sident de la R\u00e9publique, Macky Sall, depuis l\u2019accession de ce dernier au pouvoir en 2012, Aly Ngouille Ndiaye a exerc\u00e9 d\u2019importantes fonctions minist\u00e9rielles \u00e0 ses c\u00f4t\u00e9s.<\/p>\n<p>Il a dirig\u00e9 le minist\u00e8re de l\u2019Int\u00e9rieur avant d\u2019\u00eatre nomm\u00e9 \u00e0 la t\u00eate de celui de l\u2019Agriculture, de l\u2019\u00c9quipement rural et de la S\u00e9curit\u00e9 alimentaire, le 17 septembre 2022.<\/p>\n<p><em>\"Les fonctions que j\u2019ai successivement exerc\u00e9es m\u2019ont permis tr\u00e8s t\u00f4t d\u2019identifier et de cibler les priorit\u00e9s des S\u00e9n\u00e9galais, \u00e0 la t\u00eate desquelles se trouve le besoin de s\u00e9curit\u00e9 \u00e0 toutes les \u00e9chelles de leur vie\u2019\u2019<\/em>, a soulign\u00e9 M. Ndiaye.<\/p>\n<p>Il a \u00e9t\u00e9 investi candidat par une coalition, <em>\"Aly Ngouille 2024\u2019\u2019<\/em>. Le maire de Lingu\u00e8re (nord), \u00e2g\u00e9 de 59 ans, dit placer sa candidature <em>\"au-dessus des partis politiques et des clivages de toute nature\u2019\u2019.<\/em><\/p>\n<p>L\u2019emploi, l\u2019autosuffisance alimentaire et la r\u00e9forme des institutions judiciaires font partie de ses priorit\u00e9s, a-t-il dit.<\/p>\n<p>Aly Ngouille Ndiaye a fait aussi la promesse de <em>\"renforcer l\u2019ind\u00e9pendance de la justice et d\u2019\u00e9tablir une r\u00e9elle s\u00e9paration des pouvoirs\u2019\u2019,<\/em> notamment <em>\"entre l\u2019ex\u00e9cutif et le judiciaire\u2019\u2019.<\/em><\/p>\n<p>Sa d\u00e9claration de candidature a eu lieu en pr\u00e9sence de repr\u00e9sentants de l\u2019ancien Premier ministre et candidat d\u00e9clar\u00e9 \u00e0 l\u2019\u00e9lection pr\u00e9sidentielle Mahammed Dionne.<\/p>\n<p>M. Ndiaye a d\u00e9missionn\u00e9 du gouvernement lorsque Macky Sall, pr\u00e9sident de Benno Bokk Yaakaar, a choisi Amadou Ba, le Premier ministre, comme candidat de ladite coalition.<\/p>\n<p>L\u2019ancien ministre, ing\u00e9nieur en g\u00e9nie civil dipl\u00f4m\u00e9 de l\u2019\u00c9cole polytechnique de Thi\u00e8s (ouest), expert financier et ancien directeur du cr\u00e9dit \u00e0 la Banque de l\u2019habitat du S\u00e9n\u00e9gal, \u00e9tait candidat \u00e0 la candidature de BBY.<\/p>\n<div class='share-to-whatsapp-wrapper'><div class='share-on-whsp'>PARTAGER SUR : <\/div><a data-text='ALY NGOUILLE NDIAYE - \"il y a, dans notre pays, beaucoup de souffrances, d\u2019injustices et de divisions\"' data-link='https:\/\/www.nettali.com\/2023\/10\/08\/aly-ngouille-ndiaye-il-y-a-dans-notre-pays-beaucoup-de-souffrances-dinjustices-et-de-divisions\/' class='whatsapp-button whatsapp-share'>WhatsApp<\/a><div class='clear '><\/div><\/div>","protected":false},"excerpt":{"rendered":"<p>NETTALI.COM - L\u2019ex-ministre de l\u2019Agriculture, de l\u2019\u00c9quipement rural et de la Souverainet\u00e9 alimentaire, Aly Ngouille Ndiaye, a fait une d\u00e9claration de candidature \u00e0 l\u2019\u00e9lection pr\u00e9sidentielle du 25 f\u00e9vrier prochain, samedi, \u00e0 Dakar, en exprimant le souhait d\u2019\u2018\u2019\u00eatre le pr\u00e9sident d\u2019un S\u00e9n\u00e9gal r\u00e9concili\u00e9\u2019\u2019 avec lui-m\u00eame. \"J\u2019ai d\u00e9cid\u00e9, s\u2019il plait au Tout-Puissant, avec humilit\u00e9 et d\u00e9termination, d\u2019\u00eatre [&hellip;]<\/p>\n","protected":false},"author":4,"featured_media":8709,"comment_status":"open","ping_status":"open","sticky":false,"template":"","format":"standard","meta":{"_et_pb_use_builder":"","_et_pb_old_content":""},"categories":[2],"tags":[],"yoast_head":"<!-- This site is optimized with the Yoast SEO Premium plugin v17.8 (Yoast SEO v17.8) - https:\/\/yoast.com\/wordpress\/plugins\/seo\/ -->\n<title>ALY NGOUILLE NDIAYE - &quot;il y a, dans notre pays, beaucoup de souffrances, d\u2019injustices et de divisions&quot; | Nettali.com<\/title>\n<meta name=\"robots\" content=\"index, follow, max-snippet:-1, max-image-preview:large, max-video-preview:-1\" \/>\n<link rel=\"canonical\" href=\"https:\/\/www.nettali.com\/2023\/10\/08\/aly-ngouille-ndiaye-il-y-a-dans-notre-pays-beaucoup-de-souffrances-dinjustices-et-de-divisions\/\" \/>\n<meta property=\"og:locale\" content=\"fr_FR\" \/>\n<meta property=\"og:type\" content=\"article\" \/>\n<meta property=\"og:title\" content=\"ALY NGOUILLE NDIAYE - &quot;il y a, dans notre pays, beaucoup de souffrances, d\u2019injustices et de divisions&quot;\" \/>\n<meta property=\"og:description\" content=\"NETTALI.COM - L\u2019ex-ministre de l\u2019Agriculture, de l\u2019\u00c9quipement rural et de la Souverainet\u00e9 alimentaire, Aly Ngouille Ndiaye, a fait une d\u00e9claration de candidature \u00e0 l\u2019\u00e9lection pr\u00e9sidentielle du 25 f\u00e9vrier prochain, samedi, \u00e0 Dakar, en exprimant le souhait d\u2019\u2018\u2019\u00eatre le pr\u00e9sident d\u2019un S\u00e9n\u00e9gal r\u00e9concili\u00e9\u2019\u2019 avec lui-m\u00eame. &quot;J\u2019ai d\u00e9cid\u00e9, s\u2019il plait au Tout-Puissant, avec humilit\u00e9 et d\u00e9termination, d\u2019\u00eatre [&hellip;]\" \/>\n<meta property=\"og:url\" content=\"https:\/\/www.nettali.com\/2023\/10\/08\/aly-ngouille-ndiaye-il-y-a-dans-notre-pays-beaucoup-de-souffrances-dinjustices-et-de-divisions\/\" \/>\n<meta property=\"og:site_name\" content=\"Nettali.com\" \/>\n<meta property=\"article:publisher\" content=\"https:\/\/www.facebook.com\/nettalicom\" \/>\n<meta property=\"article:published_time\" content=\"2023-10-08T11:38:03+00:00\" \/>\n<meta property=\"article:modified_time\" content=\"2023-10-09T07:20:42+00:00\" \/>\n<meta property=\"og:image\" content=\"https:\/\/www.nettali.com\/wp-content\/uploads\/2019\/05\/Aly-Ngouille-Ndiay.jpg\" \/>\n\t<meta property=\"og:image:width\" content=\"672\" \/>\n\t<meta property=\"og:image:height\" content=\"448\" \/>\n<meta name=\"twitter:card\" content=\"summary_large_image\" \/>\n<meta name=\"twitter:label1\" content=\"\u00c9crit par\" \/>\n\t<meta name=\"twitter:data1\" content=\"Daouda\" \/>\n\t<meta name=\"twitter:label2\" content=\"Dur\u00e9e de lecture estim\u00e9e\" \/>\n\t<meta name=\"twitter:data2\" content=\"2 minutes\" \/>\n<script type=\"application\/ld+json\" class=\"yoast-schema-graph\">{\"@context\":\"https:\/\/schema.org\",\"@graph\":[{\"@type\":\"WebSite\",\"@id\":\"https:\/\/www.nettali.com\/#website\",\"url\":\"https:\/\/www.nettali.com\/\",\"name\":\"Nettali.com\",\"description\":\"Le rendez-vous critique du Net\",\"potentialAction\":[{\"@type\":\"SearchAction\",\"target\":{\"@type\":\"EntryPoint\",\"urlTemplate\":\"https:\/\/www.nettali.com\/?s={search_term_string}\"},\"query-input\":\"required name=search_term_string\"}],\"inLanguage\":\"fr-FR\"},{\"@type\":\"ImageObject\",\"@id\":\"https:\/\/www.nettali.com\/2023\/10\/08\/aly-ngouille-ndiaye-il-y-a-dans-notre-pays-beaucoup-de-souffrances-dinjustices-et-de-divisions\/#primaryimage\",\"inLanguage\":\"fr-FR\",\"url\":\"https:\/\/www.nettali.com\/wp-content\/uploads\/2019\/05\/Aly-Ngouille-Ndiay.jpg\",\"contentUrl\":\"https:\/\/www.nettali.com\/wp-content\/uploads\/2019\/05\/Aly-Ngouille-Ndiay.jpg\",\"width\":672,\"height\":448},{\"@type\":\"WebPage\",\"@id\":\"https:\/\/www.nettali.com\/2023\/10\/08\/aly-ngouille-ndiaye-il-y-a-dans-notre-pays-beaucoup-de-souffrances-dinjustices-et-de-divisions\/#webpage\",\"url\":\"https:\/\/www.nettali.com\/2023\/10\/08\/aly-ngouille-ndiaye-il-y-a-dans-notre-pays-beaucoup-de-souffrances-dinjustices-et-de-divisions\/\",\"name\":\"ALY NGOUILLE NDIAYE - \\\"il y a, dans notre pays, beaucoup de souffrances, d\\u2019injustices et de divisions\\\" | Nettali.com\",\"isPartOf\":{\"@id\":\"https:\/\/www.nettali.com\/#website\"},\"primaryImageOfPage\":{\"@id\":\"https:\/\/www.nettali.com\/2023\/10\/08\/aly-ngouille-ndiaye-il-y-a-dans-notre-pays-beaucoup-de-souffrances-dinjustices-et-de-divisions\/#primaryimage\"},\"datePublished\":\"2023-10-08T11:38:03+00:00\",\"dateModified\":\"2023-10-09T07:20:42+00:00\",\"author\":{\"@id\":\"https:\/\/www.nettali.com\/#\/schema\/person\/3317e0bb3aa1da309fbf7b2780901bf4\"},\"breadcrumb\":{\"@id\":\"https:\/\/www.nettali.com\/2023\/10\/08\/aly-ngouille-ndiaye-il-y-a-dans-notre-pays-beaucoup-de-souffrances-dinjustices-et-de-divisions\/#breadcrumb\"},\"inLanguage\":\"fr-FR\",\"potentialAction\":[{\"@type\":\"ReadAction\",\"target\":[\"https:\/\/www.nettali.com\/2023\/10\/08\/aly-ngouille-ndiaye-il-y-a-dans-notre-pays-beaucoup-de-souffrances-dinjustices-et-de-divisions\/\"]}]},{\"@type\":\"BreadcrumbList\",\"@id\":\"https:\/\/www.nettali.com\/2023\/10\/08\/aly-ngouille-ndiaye-il-y-a-dans-notre-pays-beaucoup-de-souffrances-dinjustices-et-de-divisions\/#breadcrumb\",\"itemListElement\":[{\"@type\":\"ListItem\",\"position\":1,\"name\":\"Accueil\",\"item\":\"https:\/\/www.nettali.com\/\"},{\"@type\":\"ListItem\",\"position\":2,\"name\":\"ALY NGOUILLE NDIAYE - \\\"il y a, dans notre pays, beaucoup de souffrances, d\\u2019injustices et de divisions\\\"\"}]},{\"@type\":\"Person\",\"@id\":\"https:\/\/www.nettali.com\/#\/schema\/person\/3317e0bb3aa1da309fbf7b2780901bf4\",\"name\":\"Daouda\",\"image\":{\"@type\":\"ImageObject\",\"@id\":\"https:\/\/www.nettali.com\/#personlogo\",\"inLanguage\":\"fr-FR\",\"url\":\"https:\/\/secure.gravatar.com\/avatar\/8d143b5a49345098ddcfee1c49c2f47c?s=96&d=mm&r=g\",\"contentUrl\":\"https:\/\/secure.gravatar.com\/avatar\/8d143b5a49345098ddcfee1c49c2f47c?s=96&d=mm&r=g\",\"caption\":\"Daouda\"},\"sameAs\":[\"https:\/\/www.nettali.com\"]}]}<\/script>\n<!-- \/ Yoast SEO Premium plugin. -->","yoast_head_json":{"title":"ALY NGOUILLE NDIAYE - \"il y a, dans notre pays, beaucoup de souffrances, d\u2019injustices et de divisions\" | Nettali.com","robots":{"index":"index","follow":"follow","max-snippet":"max-snippet:-1","max-image-preview":"max-image-preview:large","max-video-preview":"max-video-preview:-1"},"canonical":"https:\/\/www.nettali.com\/2023\/10\/08\/aly-ngouille-ndiaye-il-y-a-dans-notre-pays-beaucoup-de-souffrances-dinjustices-et-de-divisions\/","og_locale":"fr_FR","og_type":"article","og_title":"ALY NGOUILLE NDIAYE - \"il y a, dans notre pays, beaucoup de souffrances, d\u2019injustices et de divisions\"","og_description":"NETTALI.COM - L\u2019ex-ministre de l\u2019Agriculture, de l\u2019\u00c9quipement rural et de la Souverainet\u00e9 alimentaire, Aly Ngouille Ndiaye, a fait une d\u00e9claration de candidature \u00e0 l\u2019\u00e9lection pr\u00e9sidentielle du 25 f\u00e9vrier prochain, samedi, \u00e0 Dakar, en exprimant le souhait d\u2019\u2018\u2019\u00eatre le pr\u00e9sident d\u2019un S\u00e9n\u00e9gal r\u00e9concili\u00e9\u2019\u2019 avec lui-m\u00eame. \"J\u2019ai d\u00e9cid\u00e9, s\u2019il plait au Tout-Puissant, avec humilit\u00e9 et d\u00e9termination, d\u2019\u00eatre [&hellip;]","og_url":"https:\/\/www.nettali.com\/2023\/10\/08\/aly-ngouille-ndiaye-il-y-a-dans-notre-pays-beaucoup-de-souffrances-dinjustices-et-de-divisions\/","og_site_name":"Nettali.com","article_publisher":"https:\/\/www.facebook.com\/nettalicom","article_published_time":"2023-10-08T11:38:03+00:00","article_modified_time":"2023-10-09T07:20:42+00:00","og_image":[{"width":672,"height":448,"url":"https:\/\/www.nettali.com\/wp-content\/uploads\/2019\/05\/Aly-Ngouille-Ndiay.jpg","type":"image\/jpeg"}],"twitter_card":"summary_large_image","twitter_misc":{"\u00c9crit par":"Daouda","Dur\u00e9e de lecture estim\u00e9e":"2 minutes"},"schema":{"@context":"https:\/\/schema.org","@graph":[{"@type":"WebSite","@id":"https:\/\/www.nettali.com\/#website","url":"https:\/\/www.nettali.com\/","name":"Nettali.com","description":"Le rendez-vous critique du Net","potentialAction":[{"@type":"SearchAction","target":{"@type":"EntryPoint","urlTemplate":"https:\/\/www.nettali.com\/?s={search_term_string}"},"query-input":"required name=search_term_string"}],"inLanguage":"fr-FR"},{"@type":"ImageObject","@id":"https:\/\/www.nettali.com\/2023\/10\/08\/aly-ngouille-ndiaye-il-y-a-dans-notre-pays-beaucoup-de-souffrances-dinjustices-et-de-divisions\/#primaryimage","inLanguage":"fr-FR","url":"https:\/\/www.nettali.com\/wp-content\/uploads\/2019\/05\/Aly-Ngouille-Ndiay.jpg","contentUrl":"https:\/\/www.nettali.com\/wp-content\/uploads\/2019\/05\/Aly-Ngouille-Ndiay.jpg","width":672,"height":448},{"@type":"WebPage","@id":"https:\/\/www.nettali.com\/2023\/10\/08\/aly-ngouille-ndiaye-il-y-a-dans-notre-pays-beaucoup-de-souffrances-dinjustices-et-de-divisions\/#webpage","url":"https:\/\/www.nettali.com\/2023\/10\/08\/aly-ngouille-ndiaye-il-y-a-dans-notre-pays-beaucoup-de-souffrances-dinjustices-et-de-divisions\/","name":"ALY NGOUILLE NDIAYE - \"il y a, dans notre pays, beaucoup de souffrances, d\u2019injustices et de divisions\" | Nettali.com","isPartOf":{"@id":"https:\/\/www.nettali.com\/#website"},"primaryImageOfPage":{"@id":"https:\/\/www.nettali.com\/2023\/10\/08\/aly-ngouille-ndiaye-il-y-a-dans-notre-pays-beaucoup-de-souffrances-dinjustices-et-de-divisions\/#primaryimage"},"datePublished":"2023-10-08T11:38:03+00:00","dateModified":"2023-10-09T07:20:42+00:00","author":{"@id":"https:\/\/www.nettali.com\/#\/schema\/person\/3317e0bb3aa1da309fbf7b2780901bf4"},"breadcrumb":{"@id":"https:\/\/www.nettali.com\/2023\/10\/08\/aly-ngouille-ndiaye-il-y-a-dans-notre-pays-beaucoup-de-souffrances-dinjustices-et-de-divisions\/#breadcrumb"},"inLanguage":"fr-FR","potentialAction":[{"@type":"ReadAction","target":["https:\/\/www.nettali.com\/2023\/10\/08\/aly-ngouille-ndiaye-il-y-a-dans-notre-pays-beaucoup-de-souffrances-dinjustices-et-de-divisions\/"]}]},{"@type":"BreadcrumbList","@id":"https:\/\/www.nettali.com\/2023\/10\/08\/aly-ngouille-ndiaye-il-y-a-dans-notre-pays-beaucoup-de-souffrances-dinjustices-et-de-divisions\/#breadcrumb","itemListElement":[{"@type":"ListItem","position":1,"name":"Accueil","item":"https:\/\/www.nettali.com\/"},{"@type":"ListItem","position":2,"name":"ALY NGOUILLE NDIAYE - \"il y a, dans notre pays, beaucoup de souffrances, d\u2019injustices et de divisions\""}]},{"@type":"Person","@id":"https:\/\/www.nettali.com\/#\/schema\/person\/3317e0bb3aa1da309fbf7b2780901bf4","name":"Daouda","image":{"@type":"ImageObject","@id":"https:\/\/www.nettali.com\/#personlogo","inLanguage":"fr-FR","url":"https:\/\/secure.gravatar.com\/avatar\/8d143b5a49345098ddcfee1c49c2f47c?s=96&d=mm&r=g","contentUrl":"https:\/\/secure.gravatar.com\/avatar\/8d143b5a49345098ddcfee1c49c2f47c?s=96&d=mm&r=g","caption":"Daouda"},"sameAs":["https:\/\/www.nettali.com"]}]}},"_links":{"self":[{"href":"https:\/\/www.nettali.com\/rest\/wp\/v2\/posts\/119660"}],"collection":[{"href":"https:\/\/www.nettali.com\/rest\/wp\/v2\/posts"}],"about":[{"href":"https:\/\/www.nettali.com\/rest\/wp\/v2\/types\/post"}],"author":[{"embeddable":true,"href":"https:\/\/www.nettali.com\/rest\/wp\/v2\/users\/4"}],"replies":[{"embeddable":true,"href":"https:\/\/www.nettali.com\/rest\/wp\/v2\/comments?post=119660"}],"version-history":[{"count":1,"href":"https:\/\/www.nettali.com\/rest\/wp\/v2\/posts\/119660\/revisions"}],"predecessor-version":[{"id":119661,"href":"https:\/\/www.nettali.com\/rest\/wp\/v2\/posts\/119660\/revisions\/119661"}],"wp:featuredmedia":[{"embeddable":true,"href":"https:\/\/www.nettali.com\/rest\/wp\/v2\/media\/8709"}],"wp:attachment":[{"href":"https:\/\/www.nettali.com\/rest\/wp\/v2\/media?parent=119660"}],"wp:term":[{"taxonomy":"category","embeddable":true,"href":"https:\/\/www.nettali.com\/rest\/wp\/v2\/categories?post=119660"},{"taxonomy":"post_tag","embeddable":true,"href":"https:\/\/www.nettali.com\/rest\/wp\/v2\/tags?post=119660"}],"curies":[{"name":"wp","href":"https:\/\/api.w.org\/{rel}","templated":true}]}}