{"id":119656,"date":"2023-10-08T11:31:50","date_gmt":"2023-10-08T11:31:50","guid":{"rendered":"https:\/\/www.nettali.com\/?p=119656"},"modified":"2023-10-08T11:31:50","modified_gmt":"2023-10-08T11:31:50","slug":"malika-zoss-victime-dun-accident-de-la-route-a-la-veille-de-son-combat-avec-ada-fass","status":"publish","type":"post","link":"https:\/\/www.nettali.com\/2023\/10\/08\/malika-zoss-victime-dun-accident-de-la-route-a-la-veille-de-son-combat-avec-ada-fass\/","title":{"rendered":"MALIKA - Zoss victime d'un accident de la route \u00e0 la veille de son combat avec Ada Fass"},"content":{"rendered":"<p><strong>NETTALI.COM - Le combat Zoss vs Ada Fass aura-t-il? En effet, \u00e0 quelques heures de son combat, le leader de l'\u00e9curie \"<em>Door<\/em> <em>Doraat<\/em>\" a subit un accident routier ce samedi soir.<\/strong><\/p>\n<p>\u00c9norme tuile pour Zoss qui a \u00e9t\u00e9 victime d\u2019un accident de la route dans la soir\u00e9e de ce samedi 7 octobre \u00e0 Malibou (Malika plage).<\/p>\n<p>Zoss, le leader de l\u2019\u00e9curie \"<em>Door Doorat<\/em>\", \u00e9tait sur le point de faire son retour dans l\u2019ar\u00e8ne ce dimanche 8 octobre, apr\u00e8s plusieurs ann\u00e9es d\u2019absence dans le monde de la lutte. En ao\u00fbt 2018, il avait pris sa retraite de la lutte en raison de son malaise face aux pratiques mystiques qui s\u00e9vissaient dans le monde de la lutte.<\/p>\n<p>Sur des images publi\u00e9es sur le net, on y voit Zoss transport\u00e9 sur civi\u00e8re par une ambulance alors qu\u2019il doit en d\u00e9coudre avec Ada Fass ce dimanche 8 octobre. Cet \u00e9v\u00e9nement inattendu met ainsi le doute sur la tenu du choc interg\u00e9n\u00e9rationnel ficel\u00e9 par le promoteur Mansour Ba de Jambaar Productions.<\/p>\n<div class='share-to-whatsapp-wrapper'><div class='share-on-whsp'>PARTAGER SUR : <\/div><a data-text='MALIKA - Zoss victime d'un accident de la route \u00e0 la veille de son combat avec Ada Fass' data-link='https:\/\/www.nettali.com\/2023\/10\/08\/malika-zoss-victime-dun-accident-de-la-route-a-la-veille-de-son-combat-avec-ada-fass\/' class='whatsapp-button whatsapp-share'>WhatsApp<\/a><div class='clear '><\/div><\/div>","protected":false},"excerpt":{"rendered":"<p>NETTALI.COM - Le combat Zoss vs Ada Fass aura-t-il? En effet, \u00e0 quelques heures de son combat, le leader de l'\u00e9curie \"Door Doraat\" a subit un accident routier ce samedi soir. \u00c9norme tuile pour Zoss qui a \u00e9t\u00e9 victime d\u2019un accident de la route dans la soir\u00e9e de ce samedi 7 octobre \u00e0 Malibou (Malika [&hellip;]<\/p>\n","protected":false},"author":5,"featured_media":119657,"comment_status":"open","ping_status":"open","sticky":false,"template":"","format":"standard","meta":{"_et_pb_use_builder":"","_et_pb_old_content":""},"categories":[6],"tags":[],"yoast_head":"<!-- This site is optimized with the Yoast SEO Premium plugin v17.8 (Yoast SEO v17.8) - https:\/\/yoast.com\/wordpress\/plugins\/seo\/ -->\n<title>MALIKA - Zoss victime d&#039;un accident de la route \u00e0 la veille de son combat avec Ada Fass | Nettali.com<\/title>\n<meta name=\"robots\" content=\"index, follow, max-snippet:-1, max-image-preview:large, max-video-preview:-1\" \/>\n<link rel=\"canonical\" href=\"https:\/\/www.nettali.com\/2023\/10\/08\/malika-zoss-victime-dun-accident-de-la-route-a-la-veille-de-son-combat-avec-ada-fass\/\" \/>\n<meta property=\"og:locale\" content=\"fr_FR\" \/>\n<meta property=\"og:type\" content=\"article\" \/>\n<meta property=\"og:title\" content=\"MALIKA - Zoss victime d&#039;un accident de la route \u00e0 la veille de son combat avec Ada Fass\" \/>\n<meta property=\"og:description\" content=\"NETTALI.COM - Le combat Zoss vs Ada Fass aura-t-il? En effet, \u00e0 quelques heures de son combat, le leader de l&#039;\u00e9curie &quot;Door Doraat&quot; a subit un accident routier ce samedi soir. \u00c9norme tuile pour Zoss qui a \u00e9t\u00e9 victime d\u2019un accident de la route dans la soir\u00e9e de ce samedi 7 octobre \u00e0 Malibou (Malika [&hellip;]\" \/>\n<meta property=\"og:url\" content=\"https:\/\/www.nettali.com\/2023\/10\/08\/malika-zoss-victime-dun-accident-de-la-route-a-la-veille-de-son-combat-avec-ada-fass\/\" \/>\n<meta property=\"og:site_name\" content=\"Nettali.com\" \/>\n<meta property=\"article:publisher\" content=\"https:\/\/www.facebook.com\/nettalicom\" \/>\n<meta property=\"article:published_time\" content=\"2023-10-08T11:31:50+00:00\" \/>\n<meta property=\"og:image\" content=\"https:\/\/www.nettali.com\/wp-content\/uploads\/2023\/10\/5386860-8036122.jpg\" \/>\n\t<meta property=\"og:image:width\" content=\"464\" \/>\n\t<meta property=\"og:image:height\" content=\"334\" \/>\n<meta name=\"twitter:card\" content=\"summary_large_image\" \/>\n<meta name=\"twitter:label1\" content=\"\u00c9crit par\" \/>\n\t<meta name=\"twitter:data1\" content=\"Ibrahima\" \/>\n\t<meta name=\"twitter:label2\" content=\"Dur\u00e9e de lecture estim\u00e9e\" \/>\n\t<meta name=\"twitter:data2\" content=\"1 minute\" \/>\n<script type=\"application\/ld+json\" class=\"yoast-schema-graph\">{\"@context\":\"https:\/\/schema.org\",\"@graph\":[{\"@type\":\"WebSite\",\"@id\":\"https:\/\/www.nettali.com\/#website\",\"url\":\"https:\/\/www.nettali.com\/\",\"name\":\"Nettali.com\",\"description\":\"Le rendez-vous critique du Net\",\"potentialAction\":[{\"@type\":\"SearchAction\",\"target\":{\"@type\":\"EntryPoint\",\"urlTemplate\":\"https:\/\/www.nettali.com\/?s={search_term_string}\"},\"query-input\":\"required name=search_term_string\"}],\"inLanguage\":\"fr-FR\"},{\"@type\":\"ImageObject\",\"@id\":\"https:\/\/www.nettali.com\/2023\/10\/08\/malika-zoss-victime-dun-accident-de-la-route-a-la-veille-de-son-combat-avec-ada-fass\/#primaryimage\",\"inLanguage\":\"fr-FR\",\"url\":\"https:\/\/www.nettali.com\/wp-content\/uploads\/2023\/10\/5386860-8036122.jpg\",\"contentUrl\":\"https:\/\/www.nettali.com\/wp-content\/uploads\/2023\/10\/5386860-8036122.jpg\",\"width\":464,\"height\":334},{\"@type\":\"WebPage\",\"@id\":\"https:\/\/www.nettali.com\/2023\/10\/08\/malika-zoss-victime-dun-accident-de-la-route-a-la-veille-de-son-combat-avec-ada-fass\/#webpage\",\"url\":\"https:\/\/www.nettali.com\/2023\/10\/08\/malika-zoss-victime-dun-accident-de-la-route-a-la-veille-de-son-combat-avec-ada-fass\/\",\"name\":\"MALIKA - Zoss victime d'un accident de la route \\u00e0 la veille de son combat avec Ada Fass | Nettali.com\",\"isPartOf\":{\"@id\":\"https:\/\/www.nettali.com\/#website\"},\"primaryImageOfPage\":{\"@id\":\"https:\/\/www.nettali.com\/2023\/10\/08\/malika-zoss-victime-dun-accident-de-la-route-a-la-veille-de-son-combat-avec-ada-fass\/#primaryimage\"},\"datePublished\":\"2023-10-08T11:31:50+00:00\",\"dateModified\":\"2023-10-08T11:31:50+00:00\",\"author\":{\"@id\":\"https:\/\/www.nettali.com\/#\/schema\/person\/bb147657c2986240405a608162b9bb23\"},\"breadcrumb\":{\"@id\":\"https:\/\/www.nettali.com\/2023\/10\/08\/malika-zoss-victime-dun-accident-de-la-route-a-la-veille-de-son-combat-avec-ada-fass\/#breadcrumb\"},\"inLanguage\":\"fr-FR\",\"potentialAction\":[{\"@type\":\"ReadAction\",\"target\":[\"https:\/\/www.nettali.com\/2023\/10\/08\/malika-zoss-victime-dun-accident-de-la-route-a-la-veille-de-son-combat-avec-ada-fass\/\"]}]},{\"@type\":\"BreadcrumbList\",\"@id\":\"https:\/\/www.nettali.com\/2023\/10\/08\/malika-zoss-victime-dun-accident-de-la-route-a-la-veille-de-son-combat-avec-ada-fass\/#breadcrumb\",\"itemListElement\":[{\"@type\":\"ListItem\",\"position\":1,\"name\":\"Accueil\",\"item\":\"https:\/\/www.nettali.com\/\"},{\"@type\":\"ListItem\",\"position\":2,\"name\":\"MALIKA - Zoss victime d'un accident de la route \\u00e0 la veille de son combat avec Ada Fass\"}]},{\"@type\":\"Person\",\"@id\":\"https:\/\/www.nettali.com\/#\/schema\/person\/bb147657c2986240405a608162b9bb23\",\"name\":\"Ibrahima\",\"image\":{\"@type\":\"ImageObject\",\"@id\":\"https:\/\/www.nettali.com\/#personlogo\",\"inLanguage\":\"fr-FR\",\"url\":\"https:\/\/secure.gravatar.com\/avatar\/26a8a81f09f0dd7624c9d5c36c9ba3a2?s=96&d=mm&r=g\",\"contentUrl\":\"https:\/\/secure.gravatar.com\/avatar\/26a8a81f09f0dd7624c9d5c36c9ba3a2?s=96&d=mm&r=g\",\"caption\":\"Ibrahima\"},\"sameAs\":[\"https:\/\/www.nettali.com\"]}]}<\/script>\n<!-- \/ Yoast SEO Premium plugin. -->","yoast_head_json":{"title":"MALIKA - Zoss victime d'un accident de la route \u00e0 la veille de son combat avec Ada Fass | Nettali.com","robots":{"index":"index","follow":"follow","max-snippet":"max-snippet:-1","max-image-preview":"max-image-preview:large","max-video-preview":"max-video-preview:-1"},"canonical":"https:\/\/www.nettali.com\/2023\/10\/08\/malika-zoss-victime-dun-accident-de-la-route-a-la-veille-de-son-combat-avec-ada-fass\/","og_locale":"fr_FR","og_type":"article","og_title":"MALIKA - Zoss victime d'un accident de la route \u00e0 la veille de son combat avec Ada Fass","og_description":"NETTALI.COM - Le combat Zoss vs Ada Fass aura-t-il? En effet, \u00e0 quelques heures de son combat, le leader de l'\u00e9curie \"Door Doraat\" a subit un accident routier ce samedi soir. \u00c9norme tuile pour Zoss qui a \u00e9t\u00e9 victime d\u2019un accident de la route dans la soir\u00e9e de ce samedi 7 octobre \u00e0 Malibou (Malika [&hellip;]","og_url":"https:\/\/www.nettali.com\/2023\/10\/08\/malika-zoss-victime-dun-accident-de-la-route-a-la-veille-de-son-combat-avec-ada-fass\/","og_site_name":"Nettali.com","article_publisher":"https:\/\/www.facebook.com\/nettalicom","article_published_time":"2023-10-08T11:31:50+00:00","og_image":[{"width":464,"height":334,"url":"https:\/\/www.nettali.com\/wp-content\/uploads\/2023\/10\/5386860-8036122.jpg","type":"image\/jpeg"}],"twitter_card":"summary_large_image","twitter_misc":{"\u00c9crit par":"Ibrahima","Dur\u00e9e de lecture estim\u00e9e":"1 minute"},"schema":{"@context":"https:\/\/schema.org","@graph":[{"@type":"WebSite","@id":"https:\/\/www.nettali.com\/#website","url":"https:\/\/www.nettali.com\/","name":"Nettali.com","description":"Le rendez-vous critique du Net","potentialAction":[{"@type":"SearchAction","target":{"@type":"EntryPoint","urlTemplate":"https:\/\/www.nettali.com\/?s={search_term_string}"},"query-input":"required name=search_term_string"}],"inLanguage":"fr-FR"},{"@type":"ImageObject","@id":"https:\/\/www.nettali.com\/2023\/10\/08\/malika-zoss-victime-dun-accident-de-la-route-a-la-veille-de-son-combat-avec-ada-fass\/#primaryimage","inLanguage":"fr-FR","url":"https:\/\/www.nettali.com\/wp-content\/uploads\/2023\/10\/5386860-8036122.jpg","contentUrl":"https:\/\/www.nettali.com\/wp-content\/uploads\/2023\/10\/5386860-8036122.jpg","width":464,"height":334},{"@type":"WebPage","@id":"https:\/\/www.nettali.com\/2023\/10\/08\/malika-zoss-victime-dun-accident-de-la-route-a-la-veille-de-son-combat-avec-ada-fass\/#webpage","url":"https:\/\/www.nettali.com\/2023\/10\/08\/malika-zoss-victime-dun-accident-de-la-route-a-la-veille-de-son-combat-avec-ada-fass\/","name":"MALIKA - Zoss victime d'un accident de la route \u00e0 la veille de son combat avec Ada Fass | Nettali.com","isPartOf":{"@id":"https:\/\/www.nettali.com\/#website"},"primaryImageOfPage":{"@id":"https:\/\/www.nettali.com\/2023\/10\/08\/malika-zoss-victime-dun-accident-de-la-route-a-la-veille-de-son-combat-avec-ada-fass\/#primaryimage"},"datePublished":"2023-10-08T11:31:50+00:00","dateModified":"2023-10-08T11:31:50+00:00","author":{"@id":"https:\/\/www.nettali.com\/#\/schema\/person\/bb147657c2986240405a608162b9bb23"},"breadcrumb":{"@id":"https:\/\/www.nettali.com\/2023\/10\/08\/malika-zoss-victime-dun-accident-de-la-route-a-la-veille-de-son-combat-avec-ada-fass\/#breadcrumb"},"inLanguage":"fr-FR","potentialAction":[{"@type":"ReadAction","target":["https:\/\/www.nettali.com\/2023\/10\/08\/malika-zoss-victime-dun-accident-de-la-route-a-la-veille-de-son-combat-avec-ada-fass\/"]}]},{"@type":"BreadcrumbList","@id":"https:\/\/www.nettali.com\/2023\/10\/08\/malika-zoss-victime-dun-accident-de-la-route-a-la-veille-de-son-combat-avec-ada-fass\/#breadcrumb","itemListElement":[{"@type":"ListItem","position":1,"name":"Accueil","item":"https:\/\/www.nettali.com\/"},{"@type":"ListItem","position":2,"name":"MALIKA - Zoss victime d'un accident de la route \u00e0 la veille de son combat avec Ada Fass"}]},{"@type":"Person","@id":"https:\/\/www.nettali.com\/#\/schema\/person\/bb147657c2986240405a608162b9bb23","name":"Ibrahima","image":{"@type":"ImageObject","@id":"https:\/\/www.nettali.com\/#personlogo","inLanguage":"fr-FR","url":"https:\/\/secure.gravatar.com\/avatar\/26a8a81f09f0dd7624c9d5c36c9ba3a2?s=96&d=mm&r=g","contentUrl":"https:\/\/secure.gravatar.com\/avatar\/26a8a81f09f0dd7624c9d5c36c9ba3a2?s=96&d=mm&r=g","caption":"Ibrahima"},"sameAs":["https:\/\/www.nettali.com"]}]}},"_links":{"self":[{"href":"https:\/\/www.nettali.com\/rest\/wp\/v2\/posts\/119656"}],"collection":[{"href":"https:\/\/www.nettali.com\/rest\/wp\/v2\/posts"}],"about":[{"href":"https:\/\/www.nettali.com\/rest\/wp\/v2\/types\/post"}],"author":[{"embeddable":true,"href":"https:\/\/www.nettali.com\/rest\/wp\/v2\/users\/5"}],"replies":[{"embeddable":true,"href":"https:\/\/www.nettali.com\/rest\/wp\/v2\/comments?post=119656"}],"version-history":[{"count":2,"href":"https:\/\/www.nettali.com\/rest\/wp\/v2\/posts\/119656\/revisions"}],"predecessor-version":[{"id":119659,"href":"https:\/\/www.nettali.com\/rest\/wp\/v2\/posts\/119656\/revisions\/119659"}],"wp:featuredmedia":[{"embeddable":true,"href":"https:\/\/www.nettali.com\/rest\/wp\/v2\/media\/119657"}],"wp:attachment":[{"href":"https:\/\/www.nettali.com\/rest\/wp\/v2\/media?parent=119656"}],"wp:term":[{"taxonomy":"category","embeddable":true,"href":"https:\/\/www.nettali.com\/rest\/wp\/v2\/categories?post=119656"},{"taxonomy":"post_tag","embeddable":true,"href":"https:\/\/www.nettali.com\/rest\/wp\/v2\/tags?post=119656"}],"curies":[{"name":"wp","href":"https:\/\/api.w.org\/{rel}","templated":true}]}}