{"id":119520,"date":"2023-10-05T20:19:46","date_gmt":"2023-10-05T20:19:46","guid":{"rendered":"https:\/\/www.nettali.com\/?p=119520"},"modified":"2023-10-06T09:45:44","modified_gmt":"2023-10-06T09:45:44","slug":"aliou-sane-arrete-par-la-surete-urbaine-sur-ordre-du-procureur","status":"publish","type":"post","link":"https:\/\/www.nettali.com\/2023\/10\/05\/aliou-sane-arrete-par-la-surete-urbaine-sur-ordre-du-procureur\/","title":{"rendered":"MANDAT DE D\u00c9P\u00d4T - Aliou San\u00e9 arr\u00eat\u00e9 par la S\u00fbret\u00e9 urbaine sur ordre du Procureur"},"content":{"rendered":"<p><strong>NETTALI.COM - Aliou San\u00e9, coordonnateur du Mouvement \" Y en \u00e0 marre\", va aller en prison. Il a \u00e9t\u00e9 arr\u00eat\u00e9 ce jeudi sur instruction du Procureur de la R\u00e9publique. Il risque de se retrouver en prison dans les prochaines heures.<\/strong><\/p>\n<p>Mauvaise nouvelle pour Aliou San\u00e9, membre du mouvement F24. Il a \u00e9t\u00e9 arr\u00eat\u00e9 ce jeudi suite \u00e0 la d\u00e9cision prise par la chambre d\u2019accusation de la Cour d\u2019appel de Dakar. La juridiction avait infirm\u00e9 l\u2019ordonnance de refus de placement sous mandat de d\u00e9p\u00f4t du coordonnateur du mouvement Y\u2019en a marre. En clair, un mandat de d\u00e9p\u00f4t a \u00e9t\u00e9 d\u00e9cern\u00e9 contre lui par la chambre d\u2019accusation. D\u00e9cision qui n\u2019avait pas \u00e9t\u00e9 ex\u00e9cut\u00e9e depuis.<\/p>\n<p>Aliou San\u00e9\u00a0 avait \u00e9t\u00e9 arr\u00eat\u00e9 \u00e0 la Cit\u00e9 Keur Gorgui au moment o\u00f9 la maison de Sonko et ses alentours \u00e9taient barricad\u00e9s. Il \u00e9tait poursuivi pour participation \u00e0 une manifestation non d\u00e9clar\u00e9e et trouble \u00e0 l\u2019ordre public.<\/p>\n<p>Il avait \u00e9t\u00e9 plac\u00e9 sous contr\u00f4le judiciaire le 2 juin par le juge d\u2019instruction du 2\u00e8me cabinet. Le procureur de la R\u00e9publique, qui avait requis le mandat de d\u00e9p\u00f4t, avait saisi la Chambre d\u2019accusation du tribunal de grande instance de Dakar pour annuler la d\u00e9cision de mise en libert\u00e9 provisoire d\u2019Aliou San\u00e9.<\/p>\n<p>&nbsp;<\/p>\n<div class='share-to-whatsapp-wrapper'><div class='share-on-whsp'>PARTAGER SUR : <\/div><a data-text='MANDAT DE D\u00c9P\u00d4T - Aliou San\u00e9 arr\u00eat\u00e9 par la S\u00fbret\u00e9 urbaine sur ordre du Procureur' data-link='https:\/\/www.nettali.com\/2023\/10\/05\/aliou-sane-arrete-par-la-surete-urbaine-sur-ordre-du-procureur\/' class='whatsapp-button whatsapp-share'>WhatsApp<\/a><div class='clear '><\/div><\/div>","protected":false},"excerpt":{"rendered":"<p>NETTALI.COM - Aliou San\u00e9, coordonnateur du Mouvement \" Y en \u00e0 marre\", va aller en prison. Il a \u00e9t\u00e9 arr\u00eat\u00e9 ce jeudi sur instruction du Procureur de la R\u00e9publique. Il risque de se retrouver en prison dans les prochaines heures. Mauvaise nouvelle pour Aliou San\u00e9, membre du mouvement F24. Il a \u00e9t\u00e9 arr\u00eat\u00e9 ce jeudi [&hellip;]<\/p>\n","protected":false},"author":4,"featured_media":45208,"comment_status":"open","ping_status":"open","sticky":false,"template":"","format":"standard","meta":{"_et_pb_use_builder":"","_et_pb_old_content":""},"categories":[3],"tags":[],"yoast_head":"<!-- This site is optimized with the Yoast SEO Premium plugin v17.8 (Yoast SEO v17.8) - https:\/\/yoast.com\/wordpress\/plugins\/seo\/ -->\n<title>MANDAT DE D\u00c9P\u00d4T - Aliou San\u00e9 arr\u00eat\u00e9 par la S\u00fbret\u00e9 urbaine sur ordre du Procureur | Nettali.com<\/title>\n<meta name=\"robots\" content=\"index, follow, max-snippet:-1, max-image-preview:large, max-video-preview:-1\" \/>\n<link rel=\"canonical\" href=\"https:\/\/www.nettali.com\/2023\/10\/05\/aliou-sane-arrete-par-la-surete-urbaine-sur-ordre-du-procureur\/\" \/>\n<meta property=\"og:locale\" content=\"fr_FR\" \/>\n<meta property=\"og:type\" content=\"article\" \/>\n<meta property=\"og:title\" content=\"MANDAT DE D\u00c9P\u00d4T - Aliou San\u00e9 arr\u00eat\u00e9 par la S\u00fbret\u00e9 urbaine sur ordre du Procureur\" \/>\n<meta property=\"og:description\" content=\"NETTALI.COM - Aliou San\u00e9, coordonnateur du Mouvement &quot; Y en \u00e0 marre&quot;, va aller en prison. Il a \u00e9t\u00e9 arr\u00eat\u00e9 ce jeudi sur instruction du Procureur de la R\u00e9publique. Il risque de se retrouver en prison dans les prochaines heures. Mauvaise nouvelle pour Aliou San\u00e9, membre du mouvement F24. Il a \u00e9t\u00e9 arr\u00eat\u00e9 ce jeudi [&hellip;]\" \/>\n<meta property=\"og:url\" content=\"https:\/\/www.nettali.com\/2023\/10\/05\/aliou-sane-arrete-par-la-surete-urbaine-sur-ordre-du-procureur\/\" \/>\n<meta property=\"og:site_name\" content=\"Nettali.com\" \/>\n<meta property=\"article:publisher\" content=\"https:\/\/www.facebook.com\/nettalicom\" \/>\n<meta property=\"article:published_time\" content=\"2023-10-05T20:19:46+00:00\" \/>\n<meta property=\"article:modified_time\" content=\"2023-10-06T09:45:44+00:00\" \/>\n<meta property=\"og:image\" content=\"https:\/\/www.nettali.com\/wp-content\/uploads\/2020\/09\/aliou-sane-cie-arretes-1.jpg\" \/>\n\t<meta property=\"og:image:width\" content=\"650\" \/>\n\t<meta property=\"og:image:height\" content=\"488\" \/>\n<meta name=\"twitter:card\" content=\"summary_large_image\" \/>\n<meta name=\"twitter:label1\" content=\"\u00c9crit par\" \/>\n\t<meta name=\"twitter:data1\" content=\"Daouda\" \/>\n\t<meta name=\"twitter:label2\" content=\"Dur\u00e9e de lecture estim\u00e9e\" \/>\n\t<meta name=\"twitter:data2\" content=\"2 minutes\" \/>\n<script type=\"application\/ld+json\" class=\"yoast-schema-graph\">{\"@context\":\"https:\/\/schema.org\",\"@graph\":[{\"@type\":\"WebSite\",\"@id\":\"https:\/\/www.nettali.com\/#website\",\"url\":\"https:\/\/www.nettali.com\/\",\"name\":\"Nettali.com\",\"description\":\"Le rendez-vous critique du Net\",\"potentialAction\":[{\"@type\":\"SearchAction\",\"target\":{\"@type\":\"EntryPoint\",\"urlTemplate\":\"https:\/\/www.nettali.com\/?s={search_term_string}\"},\"query-input\":\"required name=search_term_string\"}],\"inLanguage\":\"fr-FR\"},{\"@type\":\"ImageObject\",\"@id\":\"https:\/\/www.nettali.com\/2023\/10\/05\/aliou-sane-arrete-par-la-surete-urbaine-sur-ordre-du-procureur\/#primaryimage\",\"inLanguage\":\"fr-FR\",\"url\":\"https:\/\/www.nettali.com\/wp-content\/uploads\/2020\/09\/aliou-sane-cie-arretes-1.jpg\",\"contentUrl\":\"https:\/\/www.nettali.com\/wp-content\/uploads\/2020\/09\/aliou-sane-cie-arretes-1.jpg\",\"width\":650,\"height\":488},{\"@type\":\"WebPage\",\"@id\":\"https:\/\/www.nettali.com\/2023\/10\/05\/aliou-sane-arrete-par-la-surete-urbaine-sur-ordre-du-procureur\/#webpage\",\"url\":\"https:\/\/www.nettali.com\/2023\/10\/05\/aliou-sane-arrete-par-la-surete-urbaine-sur-ordre-du-procureur\/\",\"name\":\"MANDAT DE D\\u00c9P\\u00d4T - Aliou San\\u00e9 arr\\u00eat\\u00e9 par la S\\u00fbret\\u00e9 urbaine sur ordre du Procureur | Nettali.com\",\"isPartOf\":{\"@id\":\"https:\/\/www.nettali.com\/#website\"},\"primaryImageOfPage\":{\"@id\":\"https:\/\/www.nettali.com\/2023\/10\/05\/aliou-sane-arrete-par-la-surete-urbaine-sur-ordre-du-procureur\/#primaryimage\"},\"datePublished\":\"2023-10-05T20:19:46+00:00\",\"dateModified\":\"2023-10-06T09:45:44+00:00\",\"author\":{\"@id\":\"https:\/\/www.nettali.com\/#\/schema\/person\/3317e0bb3aa1da309fbf7b2780901bf4\"},\"breadcrumb\":{\"@id\":\"https:\/\/www.nettali.com\/2023\/10\/05\/aliou-sane-arrete-par-la-surete-urbaine-sur-ordre-du-procureur\/#breadcrumb\"},\"inLanguage\":\"fr-FR\",\"potentialAction\":[{\"@type\":\"ReadAction\",\"target\":[\"https:\/\/www.nettali.com\/2023\/10\/05\/aliou-sane-arrete-par-la-surete-urbaine-sur-ordre-du-procureur\/\"]}]},{\"@type\":\"BreadcrumbList\",\"@id\":\"https:\/\/www.nettali.com\/2023\/10\/05\/aliou-sane-arrete-par-la-surete-urbaine-sur-ordre-du-procureur\/#breadcrumb\",\"itemListElement\":[{\"@type\":\"ListItem\",\"position\":1,\"name\":\"Accueil\",\"item\":\"https:\/\/www.nettali.com\/\"},{\"@type\":\"ListItem\",\"position\":2,\"name\":\"MANDAT DE D\\u00c9P\\u00d4T - Aliou San\\u00e9 arr\\u00eat\\u00e9 par la S\\u00fbret\\u00e9 urbaine sur ordre du Procureur\"}]},{\"@type\":\"Person\",\"@id\":\"https:\/\/www.nettali.com\/#\/schema\/person\/3317e0bb3aa1da309fbf7b2780901bf4\",\"name\":\"Daouda\",\"image\":{\"@type\":\"ImageObject\",\"@id\":\"https:\/\/www.nettali.com\/#personlogo\",\"inLanguage\":\"fr-FR\",\"url\":\"https:\/\/secure.gravatar.com\/avatar\/8d143b5a49345098ddcfee1c49c2f47c?s=96&d=mm&r=g\",\"contentUrl\":\"https:\/\/secure.gravatar.com\/avatar\/8d143b5a49345098ddcfee1c49c2f47c?s=96&d=mm&r=g\",\"caption\":\"Daouda\"},\"sameAs\":[\"https:\/\/www.nettali.com\"]}]}<\/script>\n<!-- \/ Yoast SEO Premium plugin. -->","yoast_head_json":{"title":"MANDAT DE D\u00c9P\u00d4T - Aliou San\u00e9 arr\u00eat\u00e9 par la S\u00fbret\u00e9 urbaine sur ordre du Procureur | Nettali.com","robots":{"index":"index","follow":"follow","max-snippet":"max-snippet:-1","max-image-preview":"max-image-preview:large","max-video-preview":"max-video-preview:-1"},"canonical":"https:\/\/www.nettali.com\/2023\/10\/05\/aliou-sane-arrete-par-la-surete-urbaine-sur-ordre-du-procureur\/","og_locale":"fr_FR","og_type":"article","og_title":"MANDAT DE D\u00c9P\u00d4T - Aliou San\u00e9 arr\u00eat\u00e9 par la S\u00fbret\u00e9 urbaine sur ordre du Procureur","og_description":"NETTALI.COM - Aliou San\u00e9, coordonnateur du Mouvement \" Y en \u00e0 marre\", va aller en prison. Il a \u00e9t\u00e9 arr\u00eat\u00e9 ce jeudi sur instruction du Procureur de la R\u00e9publique. Il risque de se retrouver en prison dans les prochaines heures. Mauvaise nouvelle pour Aliou San\u00e9, membre du mouvement F24. Il a \u00e9t\u00e9 arr\u00eat\u00e9 ce jeudi [&hellip;]","og_url":"https:\/\/www.nettali.com\/2023\/10\/05\/aliou-sane-arrete-par-la-surete-urbaine-sur-ordre-du-procureur\/","og_site_name":"Nettali.com","article_publisher":"https:\/\/www.facebook.com\/nettalicom","article_published_time":"2023-10-05T20:19:46+00:00","article_modified_time":"2023-10-06T09:45:44+00:00","og_image":[{"width":650,"height":488,"url":"https:\/\/www.nettali.com\/wp-content\/uploads\/2020\/09\/aliou-sane-cie-arretes-1.jpg","type":"image\/jpeg"}],"twitter_card":"summary_large_image","twitter_misc":{"\u00c9crit par":"Daouda","Dur\u00e9e de lecture estim\u00e9e":"2 minutes"},"schema":{"@context":"https:\/\/schema.org","@graph":[{"@type":"WebSite","@id":"https:\/\/www.nettali.com\/#website","url":"https:\/\/www.nettali.com\/","name":"Nettali.com","description":"Le rendez-vous critique du Net","potentialAction":[{"@type":"SearchAction","target":{"@type":"EntryPoint","urlTemplate":"https:\/\/www.nettali.com\/?s={search_term_string}"},"query-input":"required name=search_term_string"}],"inLanguage":"fr-FR"},{"@type":"ImageObject","@id":"https:\/\/www.nettali.com\/2023\/10\/05\/aliou-sane-arrete-par-la-surete-urbaine-sur-ordre-du-procureur\/#primaryimage","inLanguage":"fr-FR","url":"https:\/\/www.nettali.com\/wp-content\/uploads\/2020\/09\/aliou-sane-cie-arretes-1.jpg","contentUrl":"https:\/\/www.nettali.com\/wp-content\/uploads\/2020\/09\/aliou-sane-cie-arretes-1.jpg","width":650,"height":488},{"@type":"WebPage","@id":"https:\/\/www.nettali.com\/2023\/10\/05\/aliou-sane-arrete-par-la-surete-urbaine-sur-ordre-du-procureur\/#webpage","url":"https:\/\/www.nettali.com\/2023\/10\/05\/aliou-sane-arrete-par-la-surete-urbaine-sur-ordre-du-procureur\/","name":"MANDAT DE D\u00c9P\u00d4T - Aliou San\u00e9 arr\u00eat\u00e9 par la S\u00fbret\u00e9 urbaine sur ordre du Procureur | Nettali.com","isPartOf":{"@id":"https:\/\/www.nettali.com\/#website"},"primaryImageOfPage":{"@id":"https:\/\/www.nettali.com\/2023\/10\/05\/aliou-sane-arrete-par-la-surete-urbaine-sur-ordre-du-procureur\/#primaryimage"},"datePublished":"2023-10-05T20:19:46+00:00","dateModified":"2023-10-06T09:45:44+00:00","author":{"@id":"https:\/\/www.nettali.com\/#\/schema\/person\/3317e0bb3aa1da309fbf7b2780901bf4"},"breadcrumb":{"@id":"https:\/\/www.nettali.com\/2023\/10\/05\/aliou-sane-arrete-par-la-surete-urbaine-sur-ordre-du-procureur\/#breadcrumb"},"inLanguage":"fr-FR","potentialAction":[{"@type":"ReadAction","target":["https:\/\/www.nettali.com\/2023\/10\/05\/aliou-sane-arrete-par-la-surete-urbaine-sur-ordre-du-procureur\/"]}]},{"@type":"BreadcrumbList","@id":"https:\/\/www.nettali.com\/2023\/10\/05\/aliou-sane-arrete-par-la-surete-urbaine-sur-ordre-du-procureur\/#breadcrumb","itemListElement":[{"@type":"ListItem","position":1,"name":"Accueil","item":"https:\/\/www.nettali.com\/"},{"@type":"ListItem","position":2,"name":"MANDAT DE D\u00c9P\u00d4T - Aliou San\u00e9 arr\u00eat\u00e9 par la S\u00fbret\u00e9 urbaine sur ordre du Procureur"}]},{"@type":"Person","@id":"https:\/\/www.nettali.com\/#\/schema\/person\/3317e0bb3aa1da309fbf7b2780901bf4","name":"Daouda","image":{"@type":"ImageObject","@id":"https:\/\/www.nettali.com\/#personlogo","inLanguage":"fr-FR","url":"https:\/\/secure.gravatar.com\/avatar\/8d143b5a49345098ddcfee1c49c2f47c?s=96&d=mm&r=g","contentUrl":"https:\/\/secure.gravatar.com\/avatar\/8d143b5a49345098ddcfee1c49c2f47c?s=96&d=mm&r=g","caption":"Daouda"},"sameAs":["https:\/\/www.nettali.com"]}]}},"_links":{"self":[{"href":"https:\/\/www.nettali.com\/rest\/wp\/v2\/posts\/119520"}],"collection":[{"href":"https:\/\/www.nettali.com\/rest\/wp\/v2\/posts"}],"about":[{"href":"https:\/\/www.nettali.com\/rest\/wp\/v2\/types\/post"}],"author":[{"embeddable":true,"href":"https:\/\/www.nettali.com\/rest\/wp\/v2\/users\/4"}],"replies":[{"embeddable":true,"href":"https:\/\/www.nettali.com\/rest\/wp\/v2\/comments?post=119520"}],"version-history":[{"count":3,"href":"https:\/\/www.nettali.com\/rest\/wp\/v2\/posts\/119520\/revisions"}],"predecessor-version":[{"id":119523,"href":"https:\/\/www.nettali.com\/rest\/wp\/v2\/posts\/119520\/revisions\/119523"}],"wp:featuredmedia":[{"embeddable":true,"href":"https:\/\/www.nettali.com\/rest\/wp\/v2\/media\/45208"}],"wp:attachment":[{"href":"https:\/\/www.nettali.com\/rest\/wp\/v2\/media?parent=119520"}],"wp:term":[{"taxonomy":"category","embeddable":true,"href":"https:\/\/www.nettali.com\/rest\/wp\/v2\/categories?post=119520"},{"taxonomy":"post_tag","embeddable":true,"href":"https:\/\/www.nettali.com\/rest\/wp\/v2\/tags?post=119520"}],"curies":[{"name":"wp","href":"https:\/\/api.w.org\/{rel}","templated":true}]}}