{"id":119430,"date":"2023-10-04T12:22:08","date_gmt":"2023-10-04T12:22:08","guid":{"rendered":"https:\/\/www.nettali.com\/?p=119430"},"modified":"2023-10-04T12:22:08","modified_gmt":"2023-10-04T12:22:08","slug":"france-le-gouvernement-dissout-le-mouvement-catholique-integriste-civitas","status":"publish","type":"post","link":"https:\/\/www.nettali.com\/2023\/10\/04\/france-le-gouvernement-dissout-le-mouvement-catholique-integriste-civitas\/","title":{"rendered":"FRANCE - Le gouvernement dissout le mouvement catholique int\u00e9griste Civitas"},"content":{"rendered":"<p><strong class=\"chapo\">NETTALI.COM - Le porte-parole du gouvernement a annonc\u00e9 que la dissolution du mouvement catholique Civitas a \u00e9t\u00e9 act\u00e9e en Conseil des ministres ce mercredi. Civitas est accus\u00e9 notamment d'appeler \u00e0 \"entrer en guerre contre la R\u00e9publique\", y compris en recourant \"\u00e0 la force\".<\/strong><\/p>\n<div>\n<p>Le Conseil des ministres a act\u00e9 la dissolution du\u00a0mouvement catholique int\u00e9griste\u00a0Civitas, accus\u00e9 notamment d'appeler \u00e0 \"entrer en guerre contre la R\u00e9publique\", y compris en recourant \"\u00e0 la force\", a annonc\u00e9 mercredi le porte-parole du gouvernement Olivier V\u00e9ran.<\/p>\n<p>\"Civitas\u00a0consid\u00e8re les droits de l'Homme comme des outils de destruction de la civilisation chr\u00e9tienne,\u00a0Civitas\u00a0a organis\u00e9 des rassemblements en hommage \u00e0 des personnalit\u00e9s embl\u00e9matiques de la collaboration,\u00a0Civitas\u00a0assure la promotion d'une hi\u00e9rarchie entre les citoyens fran\u00e7ais avec des th\u00e8ses clairement antis\u00e9mites et islamophobes\", a \u00e9num\u00e9r\u00e9 le ministre lors de son compte-rendu du Conseil des ministres.\u00a0Il a \u00e9galement critiqu\u00e9 sa vision des LGBT+ comme \"une communaut\u00e9 n\u00e9faste\".<\/p>\n<div class=\"dom-inject-block\" data-position=\"2\" data-path=\"p\" data-conditions=\"has-min-content\" data-min-content=\"3\">\n<div id=\"links_slot5\" class=\"visible-md visible-lg\">\n<div id=\"div_utif_links_slot5\">\n<div id=\"ptm9b745f1080a5db68dd7e80c16c759b32\"><\/div>\n<\/div>\n<\/div>\n<\/div>\n<h2>Un mouvement proche de l'extr\u00eame droite qui flirte avec la th\u00e9orie du complot<\/h2>\n<p>Cette dissolution de l'organisation catholique int\u00e9griste, tr\u00e8s pr\u00e9sente sur les r\u00e9seaux sociaux et dont l'id\u00e9ologie proche de l'extr\u00eame droite flirte parfois avec la th\u00e9orie du complot, a \u00e9t\u00e9 propos\u00e9e et d\u00e9fendue par le ministre de l'Int\u00e9rieur\u00a0G\u00e9rald Darmanin.<\/p>\n<p>Fond\u00e9 en 1999, l'\"Institut\u00a0Civitas\" s'inscrit alors dans une lign\u00e9e traditionaliste, proche de la Fraternit\u00e9 sacerdotale Saint-Pie X (fond\u00e9e par l'\u00e9v\u00eaque fran\u00e7ais Marcel Lefebvre).\u00a0Le mouvement sort de l'ombre en 2011 avec des actions spectaculaires contre plusieurs manifestations culturelles, notamment la pi\u00e8ce Golgotha Picnic de Rodrigo Garcia, qu'il juge \"christianophobe\".\u00a0En 2012,\u00a0Civitas\u00a0se mobilise activement contre le mariage pour tous, en d\u00e9non\u00e7ant l'\"homofolie\".\u00a0En 2021, le mouvement participe \u00e0 des manifestations contre le pass sanitaire.<\/p>\n<div class=\"dom-inject-block\" data-position=\"penultimate\" data-path=\"p\" data-conditions=\"has-min-content\" data-min-content=\"2\">\n<div class=\"BeOpVSlot\">Mais c'est l'antis\u00e9mitisme qui a marqu\u00e9 son dernier fait d'arme et provoqu\u00e9 le lancement de la proc\u00e9dure de dissolution, lorsque l'essayiste controvers\u00e9 Pierre Hillard a sugg\u00e9r\u00e9 de revenir \u00e0 \"la situation d'avant 1789\" lorsqu'un Juif \"ne pouvait pas devenir fran\u00e7ais\".<\/div>\n<\/div>\n<\/div>\n<div class='share-to-whatsapp-wrapper'><div class='share-on-whsp'>PARTAGER SUR : <\/div><a data-text='FRANCE - Le gouvernement dissout le mouvement catholique int\u00e9griste Civitas' data-link='https:\/\/www.nettali.com\/2023\/10\/04\/france-le-gouvernement-dissout-le-mouvement-catholique-integriste-civitas\/' class='whatsapp-button whatsapp-share'>WhatsApp<\/a><div class='clear '><\/div><\/div>","protected":false},"excerpt":{"rendered":"<p>NETTALI.COM - Le porte-parole du gouvernement a annonc\u00e9 que la dissolution du mouvement catholique Civitas a \u00e9t\u00e9 act\u00e9e en Conseil des ministres ce mercredi. Civitas est accus\u00e9 notamment d'appeler \u00e0 \"entrer en guerre contre la R\u00e9publique\", y compris en recourant \"\u00e0 la force\". Le Conseil des ministres a act\u00e9 la dissolution du\u00a0mouvement catholique int\u00e9griste\u00a0Civitas, accus\u00e9 [&hellip;]<\/p>\n","protected":false},"author":4,"featured_media":119435,"comment_status":"open","ping_status":"open","sticky":false,"template":"","format":"standard","meta":{"_et_pb_use_builder":"","_et_pb_old_content":""},"categories":[8],"tags":[],"yoast_head":"<!-- This site is optimized with the Yoast SEO Premium plugin v17.8 (Yoast SEO v17.8) - https:\/\/yoast.com\/wordpress\/plugins\/seo\/ -->\n<title>FRANCE - Le gouvernement dissout le mouvement catholique int\u00e9griste Civitas | Nettali.com<\/title>\n<meta name=\"robots\" content=\"index, follow, max-snippet:-1, max-image-preview:large, max-video-preview:-1\" \/>\n<link rel=\"canonical\" href=\"https:\/\/www.nettali.com\/2023\/10\/04\/france-le-gouvernement-dissout-le-mouvement-catholique-integriste-civitas\/\" \/>\n<meta property=\"og:locale\" content=\"fr_FR\" \/>\n<meta property=\"og:type\" content=\"article\" \/>\n<meta property=\"og:title\" content=\"FRANCE - Le gouvernement dissout le mouvement catholique int\u00e9griste Civitas\" \/>\n<meta property=\"og:description\" content=\"NETTALI.COM - Le porte-parole du gouvernement a annonc\u00e9 que la dissolution du mouvement catholique Civitas a \u00e9t\u00e9 act\u00e9e en Conseil des ministres ce mercredi. Civitas est accus\u00e9 notamment d&#039;appeler \u00e0 &quot;entrer en guerre contre la R\u00e9publique&quot;, y compris en recourant &quot;\u00e0 la force&quot;. Le Conseil des ministres a act\u00e9 la dissolution du\u00a0mouvement catholique int\u00e9griste\u00a0Civitas, accus\u00e9 [&hellip;]\" \/>\n<meta property=\"og:url\" content=\"https:\/\/www.nettali.com\/2023\/10\/04\/france-le-gouvernement-dissout-le-mouvement-catholique-integriste-civitas\/\" \/>\n<meta property=\"og:site_name\" content=\"Nettali.com\" \/>\n<meta property=\"article:publisher\" content=\"https:\/\/www.facebook.com\/nettalicom\" \/>\n<meta property=\"article:published_time\" content=\"2023-10-04T12:22:08+00:00\" \/>\n<meta property=\"og:image\" content=\"https:\/\/www.nettali.com\/wp-content\/uploads\/2023\/10\/cavitas.jpeg\" \/>\n\t<meta property=\"og:image:width\" content=\"1200\" \/>\n\t<meta property=\"og:image:height\" content=\"675\" \/>\n<meta name=\"twitter:card\" content=\"summary_large_image\" \/>\n<meta name=\"twitter:label1\" content=\"\u00c9crit par\" \/>\n\t<meta name=\"twitter:data1\" content=\"Daouda\" \/>\n\t<meta name=\"twitter:label2\" content=\"Dur\u00e9e de lecture estim\u00e9e\" \/>\n\t<meta name=\"twitter:data2\" content=\"2 minutes\" \/>\n<script type=\"application\/ld+json\" class=\"yoast-schema-graph\">{\"@context\":\"https:\/\/schema.org\",\"@graph\":[{\"@type\":\"WebSite\",\"@id\":\"https:\/\/www.nettali.com\/#website\",\"url\":\"https:\/\/www.nettali.com\/\",\"name\":\"Nettali.com\",\"description\":\"Le rendez-vous critique du Net\",\"potentialAction\":[{\"@type\":\"SearchAction\",\"target\":{\"@type\":\"EntryPoint\",\"urlTemplate\":\"https:\/\/www.nettali.com\/?s={search_term_string}\"},\"query-input\":\"required name=search_term_string\"}],\"inLanguage\":\"fr-FR\"},{\"@type\":\"ImageObject\",\"@id\":\"https:\/\/www.nettali.com\/2023\/10\/04\/france-le-gouvernement-dissout-le-mouvement-catholique-integriste-civitas\/#primaryimage\",\"inLanguage\":\"fr-FR\",\"url\":\"https:\/\/www.nettali.com\/wp-content\/uploads\/2023\/10\/cavitas.jpeg\",\"contentUrl\":\"https:\/\/www.nettali.com\/wp-content\/uploads\/2023\/10\/cavitas.jpeg\",\"width\":1200,\"height\":675},{\"@type\":\"WebPage\",\"@id\":\"https:\/\/www.nettali.com\/2023\/10\/04\/france-le-gouvernement-dissout-le-mouvement-catholique-integriste-civitas\/#webpage\",\"url\":\"https:\/\/www.nettali.com\/2023\/10\/04\/france-le-gouvernement-dissout-le-mouvement-catholique-integriste-civitas\/\",\"name\":\"FRANCE - Le gouvernement dissout le mouvement catholique int\\u00e9griste Civitas | Nettali.com\",\"isPartOf\":{\"@id\":\"https:\/\/www.nettali.com\/#website\"},\"primaryImageOfPage\":{\"@id\":\"https:\/\/www.nettali.com\/2023\/10\/04\/france-le-gouvernement-dissout-le-mouvement-catholique-integriste-civitas\/#primaryimage\"},\"datePublished\":\"2023-10-04T12:22:08+00:00\",\"dateModified\":\"2023-10-04T12:22:08+00:00\",\"author\":{\"@id\":\"https:\/\/www.nettali.com\/#\/schema\/person\/3317e0bb3aa1da309fbf7b2780901bf4\"},\"breadcrumb\":{\"@id\":\"https:\/\/www.nettali.com\/2023\/10\/04\/france-le-gouvernement-dissout-le-mouvement-catholique-integriste-civitas\/#breadcrumb\"},\"inLanguage\":\"fr-FR\",\"potentialAction\":[{\"@type\":\"ReadAction\",\"target\":[\"https:\/\/www.nettali.com\/2023\/10\/04\/france-le-gouvernement-dissout-le-mouvement-catholique-integriste-civitas\/\"]}]},{\"@type\":\"BreadcrumbList\",\"@id\":\"https:\/\/www.nettali.com\/2023\/10\/04\/france-le-gouvernement-dissout-le-mouvement-catholique-integriste-civitas\/#breadcrumb\",\"itemListElement\":[{\"@type\":\"ListItem\",\"position\":1,\"name\":\"Accueil\",\"item\":\"https:\/\/www.nettali.com\/\"},{\"@type\":\"ListItem\",\"position\":2,\"name\":\"FRANCE - Le gouvernement dissout le mouvement catholique int\\u00e9griste Civitas\"}]},{\"@type\":\"Person\",\"@id\":\"https:\/\/www.nettali.com\/#\/schema\/person\/3317e0bb3aa1da309fbf7b2780901bf4\",\"name\":\"Daouda\",\"image\":{\"@type\":\"ImageObject\",\"@id\":\"https:\/\/www.nettali.com\/#personlogo\",\"inLanguage\":\"fr-FR\",\"url\":\"https:\/\/secure.gravatar.com\/avatar\/8d143b5a49345098ddcfee1c49c2f47c?s=96&d=mm&r=g\",\"contentUrl\":\"https:\/\/secure.gravatar.com\/avatar\/8d143b5a49345098ddcfee1c49c2f47c?s=96&d=mm&r=g\",\"caption\":\"Daouda\"},\"sameAs\":[\"https:\/\/www.nettali.com\"]}]}<\/script>\n<!-- \/ Yoast SEO Premium plugin. -->","yoast_head_json":{"title":"FRANCE - Le gouvernement dissout le mouvement catholique int\u00e9griste Civitas | Nettali.com","robots":{"index":"index","follow":"follow","max-snippet":"max-snippet:-1","max-image-preview":"max-image-preview:large","max-video-preview":"max-video-preview:-1"},"canonical":"https:\/\/www.nettali.com\/2023\/10\/04\/france-le-gouvernement-dissout-le-mouvement-catholique-integriste-civitas\/","og_locale":"fr_FR","og_type":"article","og_title":"FRANCE - Le gouvernement dissout le mouvement catholique int\u00e9griste Civitas","og_description":"NETTALI.COM - Le porte-parole du gouvernement a annonc\u00e9 que la dissolution du mouvement catholique Civitas a \u00e9t\u00e9 act\u00e9e en Conseil des ministres ce mercredi. Civitas est accus\u00e9 notamment d'appeler \u00e0 \"entrer en guerre contre la R\u00e9publique\", y compris en recourant \"\u00e0 la force\". Le Conseil des ministres a act\u00e9 la dissolution du\u00a0mouvement catholique int\u00e9griste\u00a0Civitas, accus\u00e9 [&hellip;]","og_url":"https:\/\/www.nettali.com\/2023\/10\/04\/france-le-gouvernement-dissout-le-mouvement-catholique-integriste-civitas\/","og_site_name":"Nettali.com","article_publisher":"https:\/\/www.facebook.com\/nettalicom","article_published_time":"2023-10-04T12:22:08+00:00","og_image":[{"width":1200,"height":675,"url":"https:\/\/www.nettali.com\/wp-content\/uploads\/2023\/10\/cavitas.jpeg","type":"image\/jpeg"}],"twitter_card":"summary_large_image","twitter_misc":{"\u00c9crit par":"Daouda","Dur\u00e9e de lecture estim\u00e9e":"2 minutes"},"schema":{"@context":"https:\/\/schema.org","@graph":[{"@type":"WebSite","@id":"https:\/\/www.nettali.com\/#website","url":"https:\/\/www.nettali.com\/","name":"Nettali.com","description":"Le rendez-vous critique du Net","potentialAction":[{"@type":"SearchAction","target":{"@type":"EntryPoint","urlTemplate":"https:\/\/www.nettali.com\/?s={search_term_string}"},"query-input":"required name=search_term_string"}],"inLanguage":"fr-FR"},{"@type":"ImageObject","@id":"https:\/\/www.nettali.com\/2023\/10\/04\/france-le-gouvernement-dissout-le-mouvement-catholique-integriste-civitas\/#primaryimage","inLanguage":"fr-FR","url":"https:\/\/www.nettali.com\/wp-content\/uploads\/2023\/10\/cavitas.jpeg","contentUrl":"https:\/\/www.nettali.com\/wp-content\/uploads\/2023\/10\/cavitas.jpeg","width":1200,"height":675},{"@type":"WebPage","@id":"https:\/\/www.nettali.com\/2023\/10\/04\/france-le-gouvernement-dissout-le-mouvement-catholique-integriste-civitas\/#webpage","url":"https:\/\/www.nettali.com\/2023\/10\/04\/france-le-gouvernement-dissout-le-mouvement-catholique-integriste-civitas\/","name":"FRANCE - Le gouvernement dissout le mouvement catholique int\u00e9griste Civitas | Nettali.com","isPartOf":{"@id":"https:\/\/www.nettali.com\/#website"},"primaryImageOfPage":{"@id":"https:\/\/www.nettali.com\/2023\/10\/04\/france-le-gouvernement-dissout-le-mouvement-catholique-integriste-civitas\/#primaryimage"},"datePublished":"2023-10-04T12:22:08+00:00","dateModified":"2023-10-04T12:22:08+00:00","author":{"@id":"https:\/\/www.nettali.com\/#\/schema\/person\/3317e0bb3aa1da309fbf7b2780901bf4"},"breadcrumb":{"@id":"https:\/\/www.nettali.com\/2023\/10\/04\/france-le-gouvernement-dissout-le-mouvement-catholique-integriste-civitas\/#breadcrumb"},"inLanguage":"fr-FR","potentialAction":[{"@type":"ReadAction","target":["https:\/\/www.nettali.com\/2023\/10\/04\/france-le-gouvernement-dissout-le-mouvement-catholique-integriste-civitas\/"]}]},{"@type":"BreadcrumbList","@id":"https:\/\/www.nettali.com\/2023\/10\/04\/france-le-gouvernement-dissout-le-mouvement-catholique-integriste-civitas\/#breadcrumb","itemListElement":[{"@type":"ListItem","position":1,"name":"Accueil","item":"https:\/\/www.nettali.com\/"},{"@type":"ListItem","position":2,"name":"FRANCE - Le gouvernement dissout le mouvement catholique int\u00e9griste Civitas"}]},{"@type":"Person","@id":"https:\/\/www.nettali.com\/#\/schema\/person\/3317e0bb3aa1da309fbf7b2780901bf4","name":"Daouda","image":{"@type":"ImageObject","@id":"https:\/\/www.nettali.com\/#personlogo","inLanguage":"fr-FR","url":"https:\/\/secure.gravatar.com\/avatar\/8d143b5a49345098ddcfee1c49c2f47c?s=96&d=mm&r=g","contentUrl":"https:\/\/secure.gravatar.com\/avatar\/8d143b5a49345098ddcfee1c49c2f47c?s=96&d=mm&r=g","caption":"Daouda"},"sameAs":["https:\/\/www.nettali.com"]}]}},"_links":{"self":[{"href":"https:\/\/www.nettali.com\/rest\/wp\/v2\/posts\/119430"}],"collection":[{"href":"https:\/\/www.nettali.com\/rest\/wp\/v2\/posts"}],"about":[{"href":"https:\/\/www.nettali.com\/rest\/wp\/v2\/types\/post"}],"author":[{"embeddable":true,"href":"https:\/\/www.nettali.com\/rest\/wp\/v2\/users\/4"}],"replies":[{"embeddable":true,"href":"https:\/\/www.nettali.com\/rest\/wp\/v2\/comments?post=119430"}],"version-history":[{"count":1,"href":"https:\/\/www.nettali.com\/rest\/wp\/v2\/posts\/119430\/revisions"}],"predecessor-version":[{"id":119436,"href":"https:\/\/www.nettali.com\/rest\/wp\/v2\/posts\/119430\/revisions\/119436"}],"wp:featuredmedia":[{"embeddable":true,"href":"https:\/\/www.nettali.com\/rest\/wp\/v2\/media\/119435"}],"wp:attachment":[{"href":"https:\/\/www.nettali.com\/rest\/wp\/v2\/media?parent=119430"}],"wp:term":[{"taxonomy":"category","embeddable":true,"href":"https:\/\/www.nettali.com\/rest\/wp\/v2\/categories?post=119430"},{"taxonomy":"post_tag","embeddable":true,"href":"https:\/\/www.nettali.com\/rest\/wp\/v2\/tags?post=119430"}],"curies":[{"name":"wp","href":"https:\/\/api.w.org\/{rel}","templated":true}]}}